{"id":230827,"date":"2021-02-16T10:27:54","date_gmt":"2021-02-16T13:27:54","guid":{"rendered":"https:\/\/franciscanos.org.br\/noticias\/?p=230827"},"modified":"2021-02-16T10:27:54","modified_gmt":"2021-02-16T13:27:54","slug":"falece-frei-felipe-g-alves-aos-88-anos","status":"publish","type":"post","link":"https:\/\/franciscanos.org.br\/noticias\/falece-frei-felipe-g-alves-aos-88-anos.html","title":{"rendered":"Falece Frei Felipe G. Alves aos 88 anos"},"content":{"rendered":"<p><img loading=\"lazy\" class=\"alignnone wp-image-230828 size-full\" src=\"https:\/\/franciscanos.org.br\/noticias\/wp-content\/uploads\/2021\/02\/felipe_16_1.jpg\" alt=\"\" width=\"1280\" height=\"845\" srcset=\"https:\/\/franciscanos.org.br\/noticias\/wp-content\/uploads\/2021\/02\/felipe_16_1.jpg 1280w, https:\/\/franciscanos.org.br\/noticias\/wp-content\/uploads\/2021\/02\/felipe_16_1-450x297.jpg 450w, https:\/\/franciscanos.org.br\/noticias\/wp-content\/uploads\/2021\/02\/felipe_16_1-1024x676.jpg 1024w, https:\/\/franciscanos.org.br\/noticias\/wp-content\/uploads\/2021\/02\/felipe_16_1-768x507.jpg 768w, https:\/\/franciscanos.org.br\/noticias\/wp-content\/uploads\/2021\/02\/felipe_16_1-150x99.jpg 150w\" sizes=\"(max-width: 1280px) 100vw, 1280px\" \/><\/p>\n<h3>*29\/04\/1932 +16\/02\/2021<\/h3>\n<p>Faleceu, na manh\u00e3 desta ter\u00e7a-feira, dia 16 de fevereiro de 2021, no Hospital Policl\u00ednica, em Pato Branco, PR, Frei Felipe Gabriel Alves, carinhosamente conhecido como \u201cFrei Felipinho\u201d, aos 88 anos, v\u00edtima de complica\u00e7\u00f5es da Covid 19. De acordo com relato do guardi\u00e3o da Fraternidade S\u00e3o Pedro Ap\u00f3stolo, Frei Neuri Francisco Reinisch, na manh\u00e3 do dia 12, Frei Felipe come\u00e7ou a apresentar baixa satura\u00e7\u00e3o de oxig\u00eanio no sangue e, ao meio dia, tamb\u00e9m passou a ter febre. Diante dos sintomas, com recomenda\u00e7\u00e3o m\u00e9dica, os frades e colaboradores mais pr\u00f3ximos fizeram o teste para detec\u00e7\u00e3o do novo coronav\u00edrus e passaram a ficar isolados. Na Fraternidade, testaram positivo Frei Neuri e Frei Felipe. Por conta da idade avan\u00e7ada e por outras fragilidades na sa\u00fade, Frei Felipe foi internado na Policl\u00ednica para suplementa\u00e7\u00e3o de oxig\u00eanio, administra\u00e7\u00e3o de medicamentos e acompanhamento m\u00e9dico. De acordo com a equipe m\u00e9dica, embora clinicamente evolu\u00edsse bem, mantendo-se l\u00facido, responsivo e se alimentando bem, uma tomografia realizada ontem, dia 15, durante o dia, revelou importante avan\u00e7o da infec\u00e7\u00e3o, tomando j\u00e1 quase 70% de ambos os pulm\u00f5es, o que inspirava cuidados e grande preocupa\u00e7\u00e3o. Durante a noite, teve duas paradas cardiorrespirat\u00f3rias e, com o agravamento do quadro, Frei Felipe n\u00e3o resistiu, vindo a falecer no in\u00edcio da manh\u00e3 de hoje.<\/p>\n<p>Estava h\u00e1 mais de 17 anos em Pato Branco, onde serviu com alegria \u00e0 causa do Evangelho, especialmente atrav\u00e9s de suas participa\u00e7\u00f5es no R\u00e1dio e na TV. Sempre entusiasmado e alegre, abra\u00e7ava com amor e dedica\u00e7\u00e3o cada tarefa a ele dedicada. Tinha especial aten\u00e7\u00e3o pelas crian\u00e7as \u2013 em todos os programas tinha um recado especial para elas &#8211; e era correspondido por elas com carinho e afeto. Que o Senhor o acolha na alegria da eternidade, que Frei Felipinho, mesmo com suas lutas e limita\u00e7\u00f5es, procurou testemunhar com a pr\u00f3pria vida.<\/p>\n<p>Por conta de restri\u00e7\u00f5es sanit\u00e1rias, n\u00e3o haver\u00e1 vel\u00f3rio, mas a celebra\u00e7\u00e3o de uma missa sem p\u00fablico e transmitida pela TV e pelas redes, hoje, \u00e0s 10h, seguida pelo sepultamento, no Jazigo dos Frades, em Pato Branco, PR.<\/p>\n<p><strong>Dados pessoais, forma\u00e7\u00e3o e atividades<\/strong><br \/>\n29\/04\/1932 \u2013 Nascimento em Santa Rita de Caldas, MG (88 anos).<br \/>\n1944-1947 \u2013 Ingresso e estudos no Semin\u00e1rio de Guaratinguet\u00e1, SP.<br \/>\n1948-1949 \u2013 Semin\u00e1rio S\u00e3o Lu\u00eds de Tolosa, Rio Negro, PR.<br \/>\n1950-1952 \u2013 Semin\u00e1rio Santo Ant\u00f4nio, Agudos, SP.<br \/>\n04\/01\/1953 \u2013 Ingresso no Noviciado Franciscano em Rodeio, SC.<br \/>\n05\/01\/1954 \u2013 Primeira Profiss\u00e3o na Ordem dos Frades Menores (67 anos de Vida Religiosa).<br \/>\n1954-1955 \u2013 Estudos de Filosofia, em Curitiba, PR.<br \/>\n1956-1959 \u2013 Estudos de Teologia, em Petr\u00f3polis, PR.<br \/>\n05\/01\/1957 \u2013 Profiss\u00e3o Solene.<br \/>\n16\/12\/1957 \u2013 Ordena\u00e7\u00e3o Diaconal.<br \/>\n03\/01\/1959 \u2013 Ordena\u00e7\u00e3o Presbiteral (62 anos de Sacerd\u00f3cio).<br \/>\n01\/02\/1960 &#8211; Fraternidade Santo Ant\u00f4nio, Rio de Janeiro, RJ \u2013 Curso de Pastoral.<\/p>\n<p><strong>Atividades na Evangeliza\u00e7\u00e3o<\/strong><br \/>\n27\/11\/1960 \u2013 S\u00e3o Louren\u00e7o, MG.<br \/>\n15\/01\/1965 \u2013 Cabo Frio, RJ.<br \/>\n21\/12\/1968 \u2013 Santo Ant\u00f4nio do Pari, S\u00e3o Paulo, SP.<br \/>\n31\/12\/1969 \u2013 Brooklin, S\u00e3o Paulo, SP (Pequena Comunidade Experimental).<br \/>\n06\/05\/1971 \u2013 S\u00e3o Louren\u00e7o, MG, Coadjutor.<br \/>\n03\/02\/1976 \u2013 Petr\u00f3polis, RJ, Cooperador.<br \/>\n20\/12\/1976 \u2013 Lajes, SC, Cooperador e atendente conventual.<br \/>\n08\/10\/1987 \u2013 Santos, SP, Atendente conventual.<br \/>\n23\/05\/1989 \u2013 Convento S\u00e3o Francisco, S\u00e3o Paulo, SP, Vig\u00e1rio Paroquial.<br \/>\n07\/11\/2003 \u2013 Pato Branco, PR, Vig\u00e1rio paroquial e a servi\u00e7o da Comunica\u00e7\u00e3o.<\/p>\n<h3><strong>O frade menor<\/strong><\/h3>\n<p>Nascido a 29 de abril de 1932, em Santa Rita da Caldas, no Sul de Minas Gerais, foi o pen\u00faltimo filho de uma fam\u00edlia de 15 irm\u00e3os (uma irm\u00e3 faleceu antes de seu nascimento). Criado em ber\u00e7o cat\u00f3lico, manteve durante toda a sua vida verdadeira venera\u00e7\u00e3o pelo Servo de Deus Padre Alder\u00edgi Maria Torriani, de quem foi coroinha em sua terra natal. Era apaixonado divulgador da vida e das virtudes deste sacerdote, sobre quem escreveu tr\u00eas livros. Por cento tempo, prestou importante servi\u00e7o \u00e0 Renova\u00e7\u00e3o Carism\u00e1tica Cat\u00f3lica.<\/p>\n<p>De personalidade forte e expansiva, Frei Felipinho era muito comunicativo e tinha o dom da escrita e da palavra, e, por muitos anos, participou de programas em diferentes emissoras de r\u00e1dio e TV no Brasil. S\u00f3 no Programa do J\u00f4 Soares, foi entrevistado por sete vezes. Desde 2003 em Pato Branco, tamb\u00e9m se empenhou com carinho e alegria na produ\u00e7\u00e3o de conte\u00fado para as emissoras de r\u00e1dio e TV da Funda\u00e7\u00e3o Cultural Celinauta. Era inquieto e perfeccionista, sempre interessado em aprender. Tamb\u00e9m se destacou na confec\u00e7\u00e3o de novenas, foram 15, ao todo, para as mais variadas causas, entre elas: \u201cNovena para superar todo e qualquer medo\u201d, \u201cNovena para quem procura um lindo casamento\u201d, \u201cNovena para se livrar da ins\u00f4nia\u201d etc.<\/p>\n<p>A seguir, algumas palavras do pr\u00f3prio Frei Felipe, retiradas de sua ficha autobiogr\u00e1fica preenchida em 2014:<\/p>\n<p><strong>Autorretrato<\/strong><\/p>\n<p>\u201cFui educado com muito carinho e amor, cercado todo dia por sete mulheres: minha m\u00e3e e mais seis irm\u00e3s (n\u00e3o sete irm\u00e3s, pois uma j\u00e1 tinha falecido antes de eu nascer). Ningu\u00e9m podia brigar comigo, pois j\u00e1 apareciam seis para me defender. N\u00e3o s\u00f3 minha m\u00e3e, mas meu pai tamb\u00e9m soube me encher de ternura, indo al\u00e9m de minhas expectativas. Meus irm\u00e3os que vieram antes de mim me influenciaram pouco, pois viviam cuidando das planta\u00e7\u00f5es e do gado. Tudo isso fez com que eu crescesse com um bom cora\u00e7\u00e3o, pronto para amar e fazer os outros felizes. Fez com que eu me tornasse algu\u00e9m de grande sensibilidade, capaz de sintonizar-me com a dor e a felicidade dos que me cercam. Mais ainda, fez com que eu, na linha da comunica\u00e7\u00e3o, soubesse me sintonizar intensamente com toda a assembleia. Sinto-me feliz em ter um g\u00eanio alegre e comunicativo. Tudo isso me abre caminho para levar adiante os meus ideais\u201d.<\/p>\n<p><strong>Brincadeiras na inf\u00e2ncia<\/strong><br \/>\n\u201cUma das brincadeiras prediletas de minhas irm\u00e3s era fazer prociss\u00e3o em nosso quintal. Sabe qual era o santo que ia no andor? O Felipinho, de carne e osso, dentro de um cesto todo enfeitado\u201d.<\/p>\n<p><strong>Voca\u00e7\u00e3o e primeira rea\u00e7\u00e3o do pai<\/strong><br \/>\n\u201cPapai n\u00e3o queria de jeito nenhum que eu fosse para o semin\u00e1rio. \u2018Prefiro ver meu filho morto a ser padre\u2019. Mas, no fim, deixou-me ir embora, muito a contragosto. Mais tarde, ele se entusiasmou com os fatos e o mais bonito foi que as Bodas de Ouro de Casamento de meus pais coincidiu com as minhas prim\u00edcias [Primeira Missa] , estando ent\u00e3o presentes todos os filhos, entre eles duas freiras e um irm\u00e3o leigo redentorista\u201d.<\/p>\n<p><strong>O amor de Deus<\/strong><br \/>\n\u201cA certeza de que o amor de Deus \u00e9 t\u00e3o grande que chegou a sacrificar seu pr\u00f3prio Filho, para que eu fosse salvo. Ora, se Deus cuida at\u00e9 dos passarinhos, tudo vai dar certo em minha vida, pois Ele \u00e9 meu Pai e Ele me ama\u201d.<\/p>\n<p><strong>R.I.P<\/strong><\/p>\n<p><em>Da Secretaria Provincial<\/em><\/p>\n","protected":false},"excerpt":{"rendered":"<p>Prov\u00edncia de luto<\/p>\n","protected":false},"author":3,"featured_media":230829,"comment_status":"open","ping_status":"open","sticky":false,"template":"","format":"standard","meta":[],"categories":[1],"tags":[1160],"acf":[],"yoast_head":"<!-- This site is optimized with the Yoast SEO plugin v19.2 - https:\/\/yoast.com\/wordpress\/plugins\/seo\/ -->\n<title>Falece Frei Felipe G. Alves aos 88 anos - Not\u00edcias - Franciscanos<\/title>\n<meta name=\"robots\" content=\"index, follow, max-snippet:-1, max-image-preview:large, max-video-preview:-1\" \/>\n<link rel=\"canonical\" href=\"https:\/\/franciscanos.org.br\/noticias\/falece-frei-felipe-g-alves-aos-88-anos.html\" \/>\n<meta property=\"og:locale\" content=\"pt_BR\" \/>\n<meta property=\"og:type\" content=\"article\" \/>\n<meta property=\"og:title\" content=\"Falece Frei Felipe G. Alves aos 88 anos - Not\u00edcias - Franciscanos\" \/>\n<meta property=\"og:description\" content=\"Prov\u00edncia de luto\" \/>\n<meta property=\"og:url\" content=\"https:\/\/franciscanos.org.br\/noticias\/falece-frei-felipe-g-alves-aos-88-anos.html\" \/>\n<meta property=\"og:site_name\" content=\"Not\u00edcias - Franciscanos\" \/>\n<meta property=\"article:published_time\" content=\"2021-02-16T13:27:54+00:00\" \/>\n<meta property=\"og:image\" content=\"https:\/\/franciscanos.org.br\/noticias\/wp-content\/uploads\/2021\/02\/felipe_d.jpg\" \/>\n\t<meta property=\"og:image:width\" content=\"800\" \/>\n\t<meta property=\"og:image:height\" content=\"600\" \/>\n\t<meta property=\"og:image:type\" content=\"image\/jpeg\" \/>\n<meta name=\"author\" content=\"moacir\" \/>\n<meta name=\"twitter:card\" content=\"summary_large_image\" \/>\n<meta name=\"twitter:label1\" content=\"Escrito por\" \/>\n\t<meta name=\"twitter:data1\" content=\"moacir\" \/>\n\t<meta name=\"twitter:label2\" content=\"Est. tempo de leitura\" \/>\n\t<meta name=\"twitter:data2\" content=\"6 minutos\" \/>\n<script type=\"application\/ld+json\" class=\"yoast-schema-graph\">{\"@context\":\"https:\/\/schema.org\",\"@graph\":[{\"@type\":\"WebSite\",\"@id\":\"https:\/\/franciscanos.org.br\/noticias\/#website\",\"url\":\"https:\/\/franciscanos.org.br\/noticias\/\",\"name\":\"Not\u00edcias - Franciscanos\",\"description\":\"Prov\u00edncia Franciscana da Imaculada Concei\u00e7\u00e3o do Brasil - Ordem dos Frades Menores - OFM\",\"potentialAction\":[{\"@type\":\"SearchAction\",\"target\":{\"@type\":\"EntryPoint\",\"urlTemplate\":\"https:\/\/franciscanos.org.br\/noticias\/?s={search_term_string}\"},\"query-input\":\"required name=search_term_string\"}],\"inLanguage\":\"pt-BR\"},{\"@type\":\"ImageObject\",\"inLanguage\":\"pt-BR\",\"@id\":\"https:\/\/franciscanos.org.br\/noticias\/falece-frei-felipe-g-alves-aos-88-anos.html#primaryimage\",\"url\":\"https:\/\/franciscanos.org.br\/noticias\/wp-content\/uploads\/2021\/02\/felipe_d.jpg\",\"contentUrl\":\"https:\/\/franciscanos.org.br\/noticias\/wp-content\/uploads\/2021\/02\/felipe_d.jpg\",\"width\":800,\"height\":600},{\"@type\":\"WebPage\",\"@id\":\"https:\/\/franciscanos.org.br\/noticias\/falece-frei-felipe-g-alves-aos-88-anos.html#webpage\",\"url\":\"https:\/\/franciscanos.org.br\/noticias\/falece-frei-felipe-g-alves-aos-88-anos.html\",\"name\":\"Falece Frei Felipe G. Alves aos 88 anos - Not\u00edcias - Franciscanos\",\"isPartOf\":{\"@id\":\"https:\/\/franciscanos.org.br\/noticias\/#website\"},\"primaryImageOfPage\":{\"@id\":\"https:\/\/franciscanos.org.br\/noticias\/falece-frei-felipe-g-alves-aos-88-anos.html#primaryimage\"},\"datePublished\":\"2021-02-16T13:27:54+00:00\",\"dateModified\":\"2021-02-16T13:27:54+00:00\",\"author\":{\"@id\":\"https:\/\/franciscanos.org.br\/noticias\/#\/schema\/person\/b5c8cba458c330ccff548b056e95a5d4\"},\"breadcrumb\":{\"@id\":\"https:\/\/franciscanos.org.br\/noticias\/falece-frei-felipe-g-alves-aos-88-anos.html#breadcrumb\"},\"inLanguage\":\"pt-BR\",\"potentialAction\":[{\"@type\":\"ReadAction\",\"target\":[\"https:\/\/franciscanos.org.br\/noticias\/falece-frei-felipe-g-alves-aos-88-anos.html\"]}]},{\"@type\":\"BreadcrumbList\",\"@id\":\"https:\/\/franciscanos.org.br\/noticias\/falece-frei-felipe-g-alves-aos-88-anos.html#breadcrumb\",\"itemListElement\":[{\"@type\":\"ListItem\",\"position\":1,\"name\":\"Home\",\"item\":\"https:\/\/franciscanos.org.br\/noticias\"},{\"@type\":\"ListItem\",\"position\":2,\"name\":\"Falece Frei Felipe G. Alves aos 88 anos\"}]},{\"@type\":\"Person\",\"@id\":\"https:\/\/franciscanos.org.br\/noticias\/#\/schema\/person\/b5c8cba458c330ccff548b056e95a5d4\",\"name\":\"moacir\",\"image\":{\"@type\":\"ImageObject\",\"inLanguage\":\"pt-BR\",\"@id\":\"https:\/\/franciscanos.org.br\/noticias\/#\/schema\/person\/image\/\",\"url\":\"https:\/\/secure.gravatar.com\/avatar\/d08aa2ce4c8dd416d4479aa8536fcf64?s=96&d=mm&r=g\",\"contentUrl\":\"https:\/\/secure.gravatar.com\/avatar\/d08aa2ce4c8dd416d4479aa8536fcf64?s=96&d=mm&r=g\",\"caption\":\"moacir\"},\"url\":\"https:\/\/franciscanos.org.br\/noticias\/author\/moacir\"}]}<\/script>\n<!-- \/ Yoast SEO plugin. -->","yoast_head_json":{"title":"Falece Frei Felipe G. Alves aos 88 anos - Not\u00edcias - Franciscanos","robots":{"index":"index","follow":"follow","max-snippet":"max-snippet:-1","max-image-preview":"max-image-preview:large","max-video-preview":"max-video-preview:-1"},"canonical":"https:\/\/franciscanos.org.br\/noticias\/falece-frei-felipe-g-alves-aos-88-anos.html","og_locale":"pt_BR","og_type":"article","og_title":"Falece Frei Felipe G. Alves aos 88 anos - Not\u00edcias - Franciscanos","og_description":"Prov\u00edncia de luto","og_url":"https:\/\/franciscanos.org.br\/noticias\/falece-frei-felipe-g-alves-aos-88-anos.html","og_site_name":"Not\u00edcias - Franciscanos","article_published_time":"2021-02-16T13:27:54+00:00","og_image":[{"width":800,"height":600,"url":"https:\/\/franciscanos.org.br\/noticias\/wp-content\/uploads\/2021\/02\/felipe_d.jpg","type":"image\/jpeg"}],"author":"moacir","twitter_card":"summary_large_image","twitter_misc":{"Escrito por":"moacir","Est. tempo de leitura":"6 minutos"},"schema":{"@context":"https:\/\/schema.org","@graph":[{"@type":"WebSite","@id":"https:\/\/franciscanos.org.br\/noticias\/#website","url":"https:\/\/franciscanos.org.br\/noticias\/","name":"Not\u00edcias - Franciscanos","description":"Prov\u00edncia Franciscana da Imaculada Concei\u00e7\u00e3o do Brasil - Ordem dos Frades Menores - OFM","potentialAction":[{"@type":"SearchAction","target":{"@type":"EntryPoint","urlTemplate":"https:\/\/franciscanos.org.br\/noticias\/?s={search_term_string}"},"query-input":"required name=search_term_string"}],"inLanguage":"pt-BR"},{"@type":"ImageObject","inLanguage":"pt-BR","@id":"https:\/\/franciscanos.org.br\/noticias\/falece-frei-felipe-g-alves-aos-88-anos.html#primaryimage","url":"https:\/\/franciscanos.org.br\/noticias\/wp-content\/uploads\/2021\/02\/felipe_d.jpg","contentUrl":"https:\/\/franciscanos.org.br\/noticias\/wp-content\/uploads\/2021\/02\/felipe_d.jpg","width":800,"height":600},{"@type":"WebPage","@id":"https:\/\/franciscanos.org.br\/noticias\/falece-frei-felipe-g-alves-aos-88-anos.html#webpage","url":"https:\/\/franciscanos.org.br\/noticias\/falece-frei-felipe-g-alves-aos-88-anos.html","name":"Falece Frei Felipe G. Alves aos 88 anos - Not\u00edcias - Franciscanos","isPartOf":{"@id":"https:\/\/franciscanos.org.br\/noticias\/#website"},"primaryImageOfPage":{"@id":"https:\/\/franciscanos.org.br\/noticias\/falece-frei-felipe-g-alves-aos-88-anos.html#primaryimage"},"datePublished":"2021-02-16T13:27:54+00:00","dateModified":"2021-02-16T13:27:54+00:00","author":{"@id":"https:\/\/franciscanos.org.br\/noticias\/#\/schema\/person\/b5c8cba458c330ccff548b056e95a5d4"},"breadcrumb":{"@id":"https:\/\/franciscanos.org.br\/noticias\/falece-frei-felipe-g-alves-aos-88-anos.html#breadcrumb"},"inLanguage":"pt-BR","potentialAction":[{"@type":"ReadAction","target":["https:\/\/franciscanos.org.br\/noticias\/falece-frei-felipe-g-alves-aos-88-anos.html"]}]},{"@type":"BreadcrumbList","@id":"https:\/\/franciscanos.org.br\/noticias\/falece-frei-felipe-g-alves-aos-88-anos.html#breadcrumb","itemListElement":[{"@type":"ListItem","position":1,"name":"Home","item":"https:\/\/franciscanos.org.br\/noticias"},{"@type":"ListItem","position":2,"name":"Falece Frei Felipe G. Alves aos 88 anos"}]},{"@type":"Person","@id":"https:\/\/franciscanos.org.br\/noticias\/#\/schema\/person\/b5c8cba458c330ccff548b056e95a5d4","name":"moacir","image":{"@type":"ImageObject","inLanguage":"pt-BR","@id":"https:\/\/franciscanos.org.br\/noticias\/#\/schema\/person\/image\/","url":"https:\/\/secure.gravatar.com\/avatar\/d08aa2ce4c8dd416d4479aa8536fcf64?s=96&d=mm&r=g","contentUrl":"https:\/\/secure.gravatar.com\/avatar\/d08aa2ce4c8dd416d4479aa8536fcf64?s=96&d=mm&r=g","caption":"moacir"},"url":"https:\/\/franciscanos.org.br\/noticias\/author\/moacir"}]}},"_links":{"self":[{"href":"https:\/\/franciscanos.org.br\/noticias\/wp-json\/wp\/v2\/posts\/230827"}],"collection":[{"href":"https:\/\/franciscanos.org.br\/noticias\/wp-json\/wp\/v2\/posts"}],"about":[{"href":"https:\/\/franciscanos.org.br\/noticias\/wp-json\/wp\/v2\/types\/post"}],"author":[{"embeddable":true,"href":"https:\/\/franciscanos.org.br\/noticias\/wp-json\/wp\/v2\/users\/3"}],"replies":[{"embeddable":true,"href":"https:\/\/franciscanos.org.br\/noticias\/wp-json\/wp\/v2\/comments?post=230827"}],"version-history":[{"count":1,"href":"https:\/\/franciscanos.org.br\/noticias\/wp-json\/wp\/v2\/posts\/230827\/revisions"}],"predecessor-version":[{"id":230830,"href":"https:\/\/franciscanos.org.br\/noticias\/wp-json\/wp\/v2\/posts\/230827\/revisions\/230830"}],"wp:featuredmedia":[{"embeddable":true,"href":"https:\/\/franciscanos.org.br\/noticias\/wp-json\/wp\/v2\/media\/230829"}],"wp:attachment":[{"href":"https:\/\/franciscanos.org.br\/noticias\/wp-json\/wp\/v2\/media?parent=230827"}],"wp:term":[{"taxonomy":"category","embeddable":true,"href":"https:\/\/franciscanos.org.br\/noticias\/wp-json\/wp\/v2\/categories?post=230827"},{"taxonomy":"post_tag","embeddable":true,"href":"https:\/\/franciscanos.org.br\/noticias\/wp-json\/wp\/v2\/tags?post=230827"}],"curies":[{"name":"wp","href":"https:\/\/api.w.org\/{rel}","templated":true}]}}