{"id":230810,"date":"2021-02-14T19:19:52","date_gmt":"2021-02-14T22:19:52","guid":{"rendered":"https:\/\/franciscanos.org.br\/noticias\/?p=230810"},"modified":"2021-02-15T09:33:28","modified_gmt":"2021-02-15T12:33:28","slug":"falece-frei-ernesto-kramer-aos-89-anos","status":"publish","type":"post","link":"https:\/\/franciscanos.org.br\/noticias\/falece-frei-ernesto-kramer-aos-89-anos.html","title":{"rendered":"Falece Frei Ernesto Kramer aos 89 anos"},"content":{"rendered":"<h3><img loading=\"lazy\" class=\" wp-image-230811 alignright\" src=\"https:\/\/franciscanos.org.br\/noticias\/wp-content\/uploads\/2021\/02\/ernesto_01-337x450.png\" alt=\"\" width=\"419\" height=\"559\" srcset=\"https:\/\/franciscanos.org.br\/noticias\/wp-content\/uploads\/2021\/02\/ernesto_01-337x450.png 337w, https:\/\/franciscanos.org.br\/noticias\/wp-content\/uploads\/2021\/02\/ernesto_01-150x200.png 150w, https:\/\/franciscanos.org.br\/noticias\/wp-content\/uploads\/2021\/02\/ernesto_01.png 659w\" sizes=\"(max-width: 419px) 100vw, 419px\" \/>*05\/07\/1931 +14\/02\/2021<\/h3>\n<p>Faleceu, no in\u00edcio da tarde de hoje, 14 de fevereiro de 2021, no Hospital Universit\u00e1rio S\u00e3o Francisco na Provid\u00eancia de Deus, em Bragan\u00e7a Paulista, SP, Frei Ernesto Kramer, OFM. Na \u00faltima quarta-feira, dia 10, Frei Ernesto havia recebido alta ap\u00f3s passar por cirurgia por conta de fratura no f\u00eamur ocorrida num tombo sofrido em casa no dia 05 de fevereiro \u00e0 noite. Ele estava bem e deveria passar por um longo per\u00edodo de recupera\u00e7\u00e3o.<\/p>\n<p>No entanto, na noite deste s\u00e1bado, 13 de fevereiro, foi constatada uma hemorragia interna e o confrade foi levado novamente ao pronto-socorro. Estava com a press\u00e3o e a satura\u00e7\u00e3o de oxig\u00eanio no sangue muito baixas. Diante da urg\u00eancia do caso, Frei Ernesto foi entubado e veio a falecer pelas 14h de hoje. Como todos os confrades em Bragan\u00e7a, Frei Ernesto tamb\u00e9m tomou as doses da vacina contra Covid 19 e seu falecimento n\u00e3o foi por conta de infec\u00e7\u00e3o com o coronav\u00edrus. Como os m\u00e9dicos desejam ainda esclarecer o motivo das poss\u00edveis complica\u00e7\u00f5es p\u00f3s-cir\u00fargicas que o levaram a \u00f3bito, o corpo ainda n\u00e3o foi liberado. Assim que houver mais informa\u00e7\u00f5es sobre os hor\u00e1rios do sepultamento, ser\u00e3o divulgadas.<\/p>\n<p>O corpo de Frei Ernesto deve ser liberado a partir do in\u00edcio da tarde de hoje, dia 15 de fevereiro. Depois de uma celebra\u00e7\u00e3o de despedida na Fraternidade de Bragan\u00e7a, segue para S\u00e3o Paulo, onde ser\u00e1 sepultado no Jazigo dos Frades, no Cemit\u00e9rio do Sant\u00edssimo Sacramento, \u00e0s 17h. Contamos com as ora\u00e7\u00f5es de todos.<\/p>\n<p><strong>Dados pessoais, forma\u00e7\u00e3o e atividades<\/strong><\/p>\n<p>05\/07\/1931\u00a0\u2013 Nascimento em Duisburg, Alemanha (89 anos).<br \/>\n05\/1933\u00a0\u2013 Ingresso no Semin\u00e1rio de Garnstock, B\u00e9lgica.<br \/>\n25\/01\/1957\u00a0\u2013 Chegada ao Brasil \/ Estudos no Semin\u00e1rio Santo Ant\u00f4nio, em Agudos, SP.<br \/>\n19\/12\/1957\u00a0\u2013 Vesti\u00e7\u00e3o e Admiss\u00e3o ao Noviciado Franciscano, em Rodeio, SC.<br \/>\n20\/12\/1958\u00a0\u2013 Primeira Profiss\u00e3o, em Rodeio, SC (62 anos de Vida Religiosa).<br \/>\n1959-1960\u00a0\u2013 Estudos de Filosofia, em Curitiba, PR.<br \/>\n1961-1964\u00a0\u2013 Estudos de Teologia, em Petr\u00f3polis, RJ.<br \/>\n02\/02\/1962\u00a0\u2013 Profiss\u00e3o Solene, em Petr\u00f3polis, RJ.<br \/>\n15\/12\/1962\u00a0\u2013 Ordena\u00e7\u00e3o Diaconal.<br \/>\n14\/12\/1963\u00a0\u2013 Ordena\u00e7\u00e3o Presbiteral (57 anos de minist\u00e9rio sacerdotal).<\/p>\n<p><strong>Atividades na Evangeliza\u00e7\u00e3o<\/strong><\/p>\n<p>1965\u00a0\u2013 Convento S\u00e3o Francisco, em S\u00e3o Paulo, SP \u2013 Est\u00e1gio pastoral e estudo de japon\u00eas.<br \/>\n1966-1973\u00a0\u2013 Par\u00f3quia S\u00e3o Francisco de Assis, Vila Clementino, em S\u00e3o Paulo \u2013 Vig\u00e1rio Paroquial e Mission\u00e1rio dos japoneses.<br \/>\n1971\u00a0\u2013 Curso de Espiritualidade do CEFEPAL, em Petr\u00f3polis, RJ.<br \/>\n1974-1977\u00a0\u2013 Par\u00f3quia S\u00e3o Paulo Ap\u00f3stolo, em Agudos, SP \u2013 P\u00e1roco.<br \/>\n1978-1979\u00a0\u2013 Par\u00f3quia Senhor Bom Jesus, em Curitiba, PR \u2013 Vig\u00e1rio Paroquial.<br \/>\n1980-1987\u00a0\u2013 Par\u00f3quia Nossa Senhora das Gra\u00e7as, em Londrina, PR \u2013 Guardi\u00e3o e P\u00e1roco.<br \/>\n1988\u00a0\u2013 Par\u00f3quia Sagrado Cora\u00e7\u00e3o de Jesus, em Forquilhinha, SC \u2013 Vig\u00e1rio Paroquial.<br \/>\n18\/08\/1988\u00a0\u2013 Par\u00f3quia Nossa Senhora do Desterro, Quissam\u00e3, RJ \u2013 Vig\u00e1rio Paroquial.<br \/>\n1989-1994\u00a0\u2013 Guardi\u00e3o e P\u00e1roco.<br \/>\n1995\u00a0\u2013 Convento Franciscano de Kelkheim, Alemanha \u2013 Atendimento Conventual.<br \/>\n25\/09\/1996\u00a0\u2013 Par\u00f3quia do Sagrado Cora\u00e7\u00e3o de Jesus, em Petr\u00f3polis, RJ \u2013 Vig\u00e1rio Paroquial.<br \/>\n29\/11\/1997\u00a0\u2013 Par\u00f3quia Nossa Senhora da Concei\u00e7\u00e3o, em Paty do Alferes, RJ \u2013 Vig\u00e1rio da Casa e Vig\u00e1rio Paroquial.<br \/>\n12\/08\/1999\u00a0\u2013 Convento S\u00e3o Francisco, em S\u00e3o Paulo, SP \u2013 Atendente Conventual.<br \/>\n07\/03\/2002\u00a0\u2013 Convento do Sagrado Cora\u00e7\u00e3o de Jesus, em Petr\u00f3polis, RJ \u2013 Atendente Conventual.<br \/>\n07\/11\/2003\u00a0\u2013 Convento Bom Jesus dos Perd\u00f5es, em Curitiba, PR \u2013 Atendente Conventual.<br \/>\n30\/08\/2013\u00a0\u2013 Fraternidade S\u00e3o Francisco de Assis, Bragan\u00e7a Paulista, SP \u2013 Tratamento de Sa\u00fade.<\/p>\n<p><strong>O Frade Menor<\/strong><\/p>\n<p>Nasceu em Duisburg, Alemanha, em 05 de julho de 1931. Filho de Bernhard Friedrich Kramer e Anna Maria Saenger. Foi o terceiro de quatro filhos, dois homens e duas mulheres. Ingressou no Semin\u00e1rio Franciscano de Garnstock, na B\u00e9lgica, em maio de 1953. No dia 25 de janeiro de 1957, chegou ao Brasil para dar prosseguimento \u00e0 sua caminhada formativa em nossa Prov\u00edncia. Como frade e sacerdote, dedicou quase toda sua vida aos trabalhos paroquiais e ao atendimento conventual em diversas fraternidades da Prov\u00edncia. Dos lugares por onde passou, expressava especial carinho pela Par\u00f3quia S\u00e3o Paulo Ap\u00f3stolo, em Agudos, SP, onde foi p\u00e1roco entre 1974 e 1977, e pela Par\u00f3quia Nossa Senhora do Desterro, em Quissam\u00e3, RJ, onde serviu como guardi\u00e3o e p\u00e1roco entre 1989 e 1994.<\/p>\n<p>Frei Ernesto era um homem corpulento e bastante eloquente em seus gestos e palavras. Tamb\u00e9m se manifestava espont\u00e2neo ao emitir suas ideias e opini\u00f5es. Desde agosto de 2013, estava em Bragan\u00e7a Paulista para cuidados de sa\u00fade. Participava com fidelidade e alegria dos momentos de ora\u00e7\u00e3o e dos encontros fraternos. Certamente vai deixar saudade junto \u00e0 Fraternidade de Bragan\u00e7a Paulista, assim como entre os cuidadores e demais trabalhadores daquela casa. Que o Senhor o acolha em sua morada definitiva, para o descanso eterno junto \u00c0quele que, em vida, Frei Ernesto Kramer procurou servir.<\/p>\n<p><strong>RIP<\/strong><\/p>\n<p><em>Da Secretaria Provincial<\/em><\/p>\n","protected":false},"excerpt":{"rendered":"<p>Prov\u00edncia de luto<\/p>\n","protected":false},"author":3,"featured_media":230812,"comment_status":"open","ping_status":"open","sticky":false,"template":"","format":"standard","meta":[],"categories":[1],"tags":[1160],"acf":[],"yoast_head":"<!-- This site is optimized with the Yoast SEO plugin v19.2 - https:\/\/yoast.com\/wordpress\/plugins\/seo\/ -->\n<title>Falece Frei Ernesto Kramer aos 89 anos - Not\u00edcias - Franciscanos<\/title>\n<meta name=\"robots\" content=\"index, follow, max-snippet:-1, max-image-preview:large, max-video-preview:-1\" \/>\n<link rel=\"canonical\" href=\"https:\/\/franciscanos.org.br\/noticias\/falece-frei-ernesto-kramer-aos-89-anos.html\" \/>\n<meta property=\"og:locale\" content=\"pt_BR\" \/>\n<meta property=\"og:type\" content=\"article\" \/>\n<meta property=\"og:title\" content=\"Falece Frei Ernesto Kramer aos 89 anos - Not\u00edcias - Franciscanos\" \/>\n<meta property=\"og:description\" content=\"Prov\u00edncia de luto\" \/>\n<meta property=\"og:url\" content=\"https:\/\/franciscanos.org.br\/noticias\/falece-frei-ernesto-kramer-aos-89-anos.html\" \/>\n<meta property=\"og:site_name\" content=\"Not\u00edcias - Franciscanos\" \/>\n<meta property=\"article:published_time\" content=\"2021-02-14T22:19:52+00:00\" \/>\n<meta property=\"article:modified_time\" content=\"2021-02-15T12:33:28+00:00\" \/>\n<meta property=\"og:image\" content=\"https:\/\/franciscanos.org.br\/noticias\/wp-content\/uploads\/2021\/02\/ernesto_d.png\" \/>\n\t<meta property=\"og:image:width\" content=\"800\" \/>\n\t<meta property=\"og:image:height\" content=\"601\" \/>\n\t<meta property=\"og:image:type\" content=\"image\/png\" \/>\n<meta name=\"author\" content=\"moacir\" \/>\n<meta name=\"twitter:card\" content=\"summary_large_image\" \/>\n<meta name=\"twitter:label1\" content=\"Escrito por\" \/>\n\t<meta name=\"twitter:data1\" content=\"moacir\" \/>\n\t<meta name=\"twitter:label2\" content=\"Est. tempo de leitura\" \/>\n\t<meta name=\"twitter:data2\" content=\"4 minutos\" \/>\n<script type=\"application\/ld+json\" class=\"yoast-schema-graph\">{\"@context\":\"https:\/\/schema.org\",\"@graph\":[{\"@type\":\"WebSite\",\"@id\":\"https:\/\/franciscanos.org.br\/noticias\/#website\",\"url\":\"https:\/\/franciscanos.org.br\/noticias\/\",\"name\":\"Not\u00edcias - Franciscanos\",\"description\":\"Prov\u00edncia Franciscana da Imaculada Concei\u00e7\u00e3o do Brasil - Ordem dos Frades Menores - OFM\",\"potentialAction\":[{\"@type\":\"SearchAction\",\"target\":{\"@type\":\"EntryPoint\",\"urlTemplate\":\"https:\/\/franciscanos.org.br\/noticias\/?s={search_term_string}\"},\"query-input\":\"required name=search_term_string\"}],\"inLanguage\":\"pt-BR\"},{\"@type\":\"ImageObject\",\"inLanguage\":\"pt-BR\",\"@id\":\"https:\/\/franciscanos.org.br\/noticias\/falece-frei-ernesto-kramer-aos-89-anos.html#primaryimage\",\"url\":\"https:\/\/franciscanos.org.br\/noticias\/wp-content\/uploads\/2021\/02\/ernesto_d.png\",\"contentUrl\":\"https:\/\/franciscanos.org.br\/noticias\/wp-content\/uploads\/2021\/02\/ernesto_d.png\",\"width\":800,\"height\":601},{\"@type\":\"WebPage\",\"@id\":\"https:\/\/franciscanos.org.br\/noticias\/falece-frei-ernesto-kramer-aos-89-anos.html#webpage\",\"url\":\"https:\/\/franciscanos.org.br\/noticias\/falece-frei-ernesto-kramer-aos-89-anos.html\",\"name\":\"Falece Frei Ernesto Kramer aos 89 anos - Not\u00edcias - Franciscanos\",\"isPartOf\":{\"@id\":\"https:\/\/franciscanos.org.br\/noticias\/#website\"},\"primaryImageOfPage\":{\"@id\":\"https:\/\/franciscanos.org.br\/noticias\/falece-frei-ernesto-kramer-aos-89-anos.html#primaryimage\"},\"datePublished\":\"2021-02-14T22:19:52+00:00\",\"dateModified\":\"2021-02-15T12:33:28+00:00\",\"author\":{\"@id\":\"https:\/\/franciscanos.org.br\/noticias\/#\/schema\/person\/b5c8cba458c330ccff548b056e95a5d4\"},\"breadcrumb\":{\"@id\":\"https:\/\/franciscanos.org.br\/noticias\/falece-frei-ernesto-kramer-aos-89-anos.html#breadcrumb\"},\"inLanguage\":\"pt-BR\",\"potentialAction\":[{\"@type\":\"ReadAction\",\"target\":[\"https:\/\/franciscanos.org.br\/noticias\/falece-frei-ernesto-kramer-aos-89-anos.html\"]}]},{\"@type\":\"BreadcrumbList\",\"@id\":\"https:\/\/franciscanos.org.br\/noticias\/falece-frei-ernesto-kramer-aos-89-anos.html#breadcrumb\",\"itemListElement\":[{\"@type\":\"ListItem\",\"position\":1,\"name\":\"Home\",\"item\":\"https:\/\/franciscanos.org.br\/noticias\"},{\"@type\":\"ListItem\",\"position\":2,\"name\":\"Falece Frei Ernesto Kramer aos 89 anos\"}]},{\"@type\":\"Person\",\"@id\":\"https:\/\/franciscanos.org.br\/noticias\/#\/schema\/person\/b5c8cba458c330ccff548b056e95a5d4\",\"name\":\"moacir\",\"image\":{\"@type\":\"ImageObject\",\"inLanguage\":\"pt-BR\",\"@id\":\"https:\/\/franciscanos.org.br\/noticias\/#\/schema\/person\/image\/\",\"url\":\"https:\/\/secure.gravatar.com\/avatar\/d08aa2ce4c8dd416d4479aa8536fcf64?s=96&d=mm&r=g\",\"contentUrl\":\"https:\/\/secure.gravatar.com\/avatar\/d08aa2ce4c8dd416d4479aa8536fcf64?s=96&d=mm&r=g\",\"caption\":\"moacir\"},\"url\":\"https:\/\/franciscanos.org.br\/noticias\/author\/moacir\"}]}<\/script>\n<!-- \/ Yoast SEO plugin. -->","yoast_head_json":{"title":"Falece Frei Ernesto Kramer aos 89 anos - Not\u00edcias - Franciscanos","robots":{"index":"index","follow":"follow","max-snippet":"max-snippet:-1","max-image-preview":"max-image-preview:large","max-video-preview":"max-video-preview:-1"},"canonical":"https:\/\/franciscanos.org.br\/noticias\/falece-frei-ernesto-kramer-aos-89-anos.html","og_locale":"pt_BR","og_type":"article","og_title":"Falece Frei Ernesto Kramer aos 89 anos - Not\u00edcias - Franciscanos","og_description":"Prov\u00edncia de luto","og_url":"https:\/\/franciscanos.org.br\/noticias\/falece-frei-ernesto-kramer-aos-89-anos.html","og_site_name":"Not\u00edcias - Franciscanos","article_published_time":"2021-02-14T22:19:52+00:00","article_modified_time":"2021-02-15T12:33:28+00:00","og_image":[{"width":800,"height":601,"url":"https:\/\/franciscanos.org.br\/noticias\/wp-content\/uploads\/2021\/02\/ernesto_d.png","type":"image\/png"}],"author":"moacir","twitter_card":"summary_large_image","twitter_misc":{"Escrito por":"moacir","Est. tempo de leitura":"4 minutos"},"schema":{"@context":"https:\/\/schema.org","@graph":[{"@type":"WebSite","@id":"https:\/\/franciscanos.org.br\/noticias\/#website","url":"https:\/\/franciscanos.org.br\/noticias\/","name":"Not\u00edcias - Franciscanos","description":"Prov\u00edncia Franciscana da Imaculada Concei\u00e7\u00e3o do Brasil - Ordem dos Frades Menores - OFM","potentialAction":[{"@type":"SearchAction","target":{"@type":"EntryPoint","urlTemplate":"https:\/\/franciscanos.org.br\/noticias\/?s={search_term_string}"},"query-input":"required name=search_term_string"}],"inLanguage":"pt-BR"},{"@type":"ImageObject","inLanguage":"pt-BR","@id":"https:\/\/franciscanos.org.br\/noticias\/falece-frei-ernesto-kramer-aos-89-anos.html#primaryimage","url":"https:\/\/franciscanos.org.br\/noticias\/wp-content\/uploads\/2021\/02\/ernesto_d.png","contentUrl":"https:\/\/franciscanos.org.br\/noticias\/wp-content\/uploads\/2021\/02\/ernesto_d.png","width":800,"height":601},{"@type":"WebPage","@id":"https:\/\/franciscanos.org.br\/noticias\/falece-frei-ernesto-kramer-aos-89-anos.html#webpage","url":"https:\/\/franciscanos.org.br\/noticias\/falece-frei-ernesto-kramer-aos-89-anos.html","name":"Falece Frei Ernesto Kramer aos 89 anos - Not\u00edcias - Franciscanos","isPartOf":{"@id":"https:\/\/franciscanos.org.br\/noticias\/#website"},"primaryImageOfPage":{"@id":"https:\/\/franciscanos.org.br\/noticias\/falece-frei-ernesto-kramer-aos-89-anos.html#primaryimage"},"datePublished":"2021-02-14T22:19:52+00:00","dateModified":"2021-02-15T12:33:28+00:00","author":{"@id":"https:\/\/franciscanos.org.br\/noticias\/#\/schema\/person\/b5c8cba458c330ccff548b056e95a5d4"},"breadcrumb":{"@id":"https:\/\/franciscanos.org.br\/noticias\/falece-frei-ernesto-kramer-aos-89-anos.html#breadcrumb"},"inLanguage":"pt-BR","potentialAction":[{"@type":"ReadAction","target":["https:\/\/franciscanos.org.br\/noticias\/falece-frei-ernesto-kramer-aos-89-anos.html"]}]},{"@type":"BreadcrumbList","@id":"https:\/\/franciscanos.org.br\/noticias\/falece-frei-ernesto-kramer-aos-89-anos.html#breadcrumb","itemListElement":[{"@type":"ListItem","position":1,"name":"Home","item":"https:\/\/franciscanos.org.br\/noticias"},{"@type":"ListItem","position":2,"name":"Falece Frei Ernesto Kramer aos 89 anos"}]},{"@type":"Person","@id":"https:\/\/franciscanos.org.br\/noticias\/#\/schema\/person\/b5c8cba458c330ccff548b056e95a5d4","name":"moacir","image":{"@type":"ImageObject","inLanguage":"pt-BR","@id":"https:\/\/franciscanos.org.br\/noticias\/#\/schema\/person\/image\/","url":"https:\/\/secure.gravatar.com\/avatar\/d08aa2ce4c8dd416d4479aa8536fcf64?s=96&d=mm&r=g","contentUrl":"https:\/\/secure.gravatar.com\/avatar\/d08aa2ce4c8dd416d4479aa8536fcf64?s=96&d=mm&r=g","caption":"moacir"},"url":"https:\/\/franciscanos.org.br\/noticias\/author\/moacir"}]}},"_links":{"self":[{"href":"https:\/\/franciscanos.org.br\/noticias\/wp-json\/wp\/v2\/posts\/230810"}],"collection":[{"href":"https:\/\/franciscanos.org.br\/noticias\/wp-json\/wp\/v2\/posts"}],"about":[{"href":"https:\/\/franciscanos.org.br\/noticias\/wp-json\/wp\/v2\/types\/post"}],"author":[{"embeddable":true,"href":"https:\/\/franciscanos.org.br\/noticias\/wp-json\/wp\/v2\/users\/3"}],"replies":[{"embeddable":true,"href":"https:\/\/franciscanos.org.br\/noticias\/wp-json\/wp\/v2\/comments?post=230810"}],"version-history":[{"count":4,"href":"https:\/\/franciscanos.org.br\/noticias\/wp-json\/wp\/v2\/posts\/230810\/revisions"}],"predecessor-version":[{"id":230816,"href":"https:\/\/franciscanos.org.br\/noticias\/wp-json\/wp\/v2\/posts\/230810\/revisions\/230816"}],"wp:featuredmedia":[{"embeddable":true,"href":"https:\/\/franciscanos.org.br\/noticias\/wp-json\/wp\/v2\/media\/230812"}],"wp:attachment":[{"href":"https:\/\/franciscanos.org.br\/noticias\/wp-json\/wp\/v2\/media?parent=230810"}],"wp:term":[{"taxonomy":"category","embeddable":true,"href":"https:\/\/franciscanos.org.br\/noticias\/wp-json\/wp\/v2\/categories?post=230810"},{"taxonomy":"post_tag","embeddable":true,"href":"https:\/\/franciscanos.org.br\/noticias\/wp-json\/wp\/v2\/tags?post=230810"}],"curies":[{"name":"wp","href":"https:\/\/api.w.org\/{rel}","templated":true}]}}