{"id":230804,"date":"2021-02-14T08:56:18","date_gmt":"2021-02-14T11:56:18","guid":{"rendered":"https:\/\/franciscanos.org.br\/noticias\/?p=230804"},"modified":"2021-02-14T08:56:18","modified_gmt":"2021-02-14T11:56:18","slug":"papa-como-jesus-ter-a-coragem-de-transgredir-por-amor","status":"publish","type":"post","link":"https:\/\/franciscanos.org.br\/noticias\/papa-como-jesus-ter-a-coragem-de-transgredir-por-amor.html","title":{"rendered":"Papa: como Jesus, ter a coragem de &#8220;transgredir&#8221; por amor"},"content":{"rendered":"<div id=\"attachment_230806\" style=\"width: 1290px\" class=\"wp-caption alignnone\"><img aria-describedby=\"caption-attachment-230806\" loading=\"lazy\" class=\"wp-image-230806 size-full\" src=\"https:\/\/franciscanos.org.br\/noticias\/wp-content\/uploads\/2021\/02\/angelus_1402.jpg\" alt=\"\" width=\"1280\" height=\"720\" srcset=\"https:\/\/franciscanos.org.br\/noticias\/wp-content\/uploads\/2021\/02\/angelus_1402.jpg 1280w, https:\/\/franciscanos.org.br\/noticias\/wp-content\/uploads\/2021\/02\/angelus_1402-450x253.jpg 450w, https:\/\/franciscanos.org.br\/noticias\/wp-content\/uploads\/2021\/02\/angelus_1402-1024x576.jpg 1024w, https:\/\/franciscanos.org.br\/noticias\/wp-content\/uploads\/2021\/02\/angelus_1402-768x432.jpg 768w, https:\/\/franciscanos.org.br\/noticias\/wp-content\/uploads\/2021\/02\/angelus_1402-150x84.jpg 150w\" sizes=\"(max-width: 1280px) 100vw, 1280px\" \/><p id=\"caption-attachment-230806\" class=\"wp-caption-text\">\u00a0 \u00a0 \u00a0 \u00a0 \u00a0 \u00a0 \u00a0 \u00a0 \u00a0 \u00a0 \u00a0 \u00a0 \u00a0 \u00a0 \u00a0 \u00a0 \u00a0 \u00a0 \u00a0 \u00a0 \u00a0 \u00a0 \u00a0 \u00a0 \u00a0 \u00a0 \u00a0 \u00a0 \u00a0 \u00a0 \u00a0 \u00a0 \u00a0 \u00a0 \u00a0 \u00a0 \u00a0 \u00a0 \u00a0 \u00a0 \u00a0 \u00a0 \u00a0 \u00a0 \u00a0 \u00a0 \u00a0 \u00a0 \u00a0 \u00a0 \u00a0 \u00a0 \u00a0 \u00a0 \u00a0 \u00a0 \u00a0 \u00a0 \u00a0 \u00a0 \u00a0 \u00a0 \u00a0 \u00a0 \u00a0 \u00a0 <em>\u00a0 \u00a0 \u00a0 \u00a0 \u00a0 \u00a0 \u00a0 \u00a0Imagem: Vatican Media<\/em><\/p><\/div>\n<p>Com os fi\u00e9is na Pra\u00e7a S\u00e3o Pedro pelo segundo domingo consecutivo, o Papa Francisco rezou o Angelus num domingo de sol e muito frio em Roma. Antes da ora\u00e7\u00e3o mariana, o Pont\u00edfice comentou o Evangelho deste VI Domingo do Tempo Comum, que narra a cura de Jesus a um leproso. Neste epis\u00f3dio contido em Marcos, Francisco identificou duas \u201ctransgress\u00f5es\u201d: o leproso que se aproxima de Jesus e Jesus que, movido por compaix\u00e3o, o toca para cur\u00e1-lo.<\/p>\n<p>A primeira transgress\u00e3o \u00e9 a do leproso: naquele tempo, eram considerados impuros e eram exclu\u00eddos da vida social, n\u00e3o podiam por exemplo entrar na sinagoga. A doen\u00e7a era considerada um castigo divino, mas, em Jesus, ele pode ver outra face de Deus: n\u00e3o o Deus que castiga, mas o Pai da compaix\u00e3o e do amor, que nos liberta do pecado e jamais nos exclui da sua miseric\u00f3rdia. \u201cA atitude de Jesus o atrai, o leva a sair de si mesmo e a confiar a Ele a sua hist\u00f3ria dolorosa\u201d, comentou Francisco.<\/p>\n<p><strong>Um aplauso aos confessores misericordiosos<\/strong><br \/>\n\u201cPermitam-me aqui um pensamento a muitos bons sacerdotes confessores que t\u00eam esta atitude: atrair as pessoas que se sentem aniquiladas pelos seus pecados, mas com ternura a compaix\u00e3o&#8230; Confessores que n\u00e3o est\u00e3o com o chicote nas m\u00e3os, mas recebem, ouvem e dizem que Deus \u00e9 bom, que Deus perdoa sempre, que jamais se cansa de perdoar.\u201d<\/p>\n<p>Ao dizer estas palavras, o Pont\u00edfice pediu um aplauso &#8211; tamb\u00e9m ele aplaudindo &#8211; por todos os confessores misericordiosos.<\/p>\n<p>A segunda transgress\u00e3o \u00e9 a de Jesus: enquanto a Lei proibia de tocar os leprosos, Ele se comove, estende a m\u00e3o e o toca para cur\u00e1-lo. N\u00e3o se limita \u00e0s palavras, mas o toca. Tocar com amor significa estabelecer uma rela\u00e7\u00e3o, entrar em comunh\u00e3o, envolver-se na vida do outro a ponto de compartilhar inclusive as suas feridas. Com este gesto, Jesus mostra que Deus n\u00e3o \u00e9 indiferente, n\u00e3o mant\u00e9m a \u201cdist\u00e2ncia de seguran\u00e7a\u201d; pelo contr\u00e1rio, se aproxima com compaix\u00e3o e toca a nossa vida para cur\u00e1-la.<\/p>\n<p>\u201c\u00c9 o estilo de Deus: proximidade, compaix\u00e3o e ternura. A transgress\u00e3o de Deus: \u00e9 um grande transgressor neste sentido.\u201d<\/p>\n<p>Hoje, lamentou o Papa, muitas pessoas ainda sofrem com esta doen\u00e7a e outras que v\u00eam acompanhadas de preconceitos sociais e at\u00e9 mesmo religiosos. Mas ningu\u00e9m est\u00e1 imune de experimentar feridas, fal\u00eancias, sofrimentos, ego\u00edsmos que nos fecham a Deus e aos outros.<\/p>\n<p><strong>Deus se &#8220;contamina com nossa humanidade ferida<\/strong><br \/>\nDiante de tudo isso, destaca Francisco, Jesus anuncia que Deus n\u00e3o \u00e9 uma ideia ou uma doutrina abstrata, mas Aquele que se \u201ccontamina\u201d com a nossa humanidade ferida e n\u00e3o tem medo de entrar em contato com as nossas chagas.<\/p>\n<p>\u201cMas padre, o que est\u00e1 dizendo? Que Deus se contamina? N\u00e3o o digo eu, mas S\u00e3o Paulo: fez-se pecado. Ele que n\u00e3o \u00e9 pecador, que n\u00e3o pode pecar, fez-se pecado. Veja como Deus se contaminou para se aproximar de n\u00f3s, para ter compaix\u00e3o e para fazer compreender a sua ternura. Proximidade, compaix\u00e3o e ternura\u201d.<\/p>\n<p>Costumes sociais, reputa\u00e7\u00e3o e ego\u00edsmos nos levam muitas vezes a disfar\u00e7ar a nossa dor e impedir de nos envolver nos sofrimentos alheios.<\/p>\n<p>Ao inv\u00e9s, Francisco convidou os fi\u00e9is a pedirem ao Senhor a gra\u00e7a de viver essas duas \u201ctransgress\u00f5es\u201d do Evangelho.<\/p>\n<p>\u201cAquela do leproso, para que tenhamos a coragem de sair do nosso isolamento e, ao inv\u00e9s de permanecer ali com pena de n\u00f3s mesmos ou chorando nossas fal\u00eancias, ir at\u00e9 Jesus assim como somos. E depois a transgress\u00e3o de Jesus: um amor que leva a ir al\u00e9m das conven\u00e7\u00f5es, que faz superar os preconceitos e o medo de nos envolver na vida do outro. Aprendemos a ser transgressores como estes dois: como o leproso e como Jesus.&#8221;<\/p>\n<hr \/>\n<p><em>Fonte: Vatican News (texto de Bianca Fraccalvieri)<\/em><\/p>\n","protected":false},"excerpt":{"rendered":"<p>Angelus<\/p>\n","protected":false},"author":3,"featured_media":230805,"comment_status":"open","ping_status":"open","sticky":false,"template":"","format":"standard","meta":[],"categories":[1428],"tags":[403],"acf":[],"yoast_head":"<!-- This site is optimized with the Yoast SEO plugin v19.2 - https:\/\/yoast.com\/wordpress\/plugins\/seo\/ -->\n<title>Papa: como Jesus, ter a coragem de &quot;transgredir&quot; por amor - Not\u00edcias - Franciscanos<\/title>\n<meta name=\"robots\" content=\"index, follow, max-snippet:-1, max-image-preview:large, max-video-preview:-1\" \/>\n<link rel=\"canonical\" href=\"https:\/\/franciscanos.org.br\/noticias\/papa-como-jesus-ter-a-coragem-de-transgredir-por-amor.html\" \/>\n<meta property=\"og:locale\" content=\"pt_BR\" \/>\n<meta property=\"og:type\" content=\"article\" \/>\n<meta property=\"og:title\" content=\"Papa: como Jesus, ter a coragem de &quot;transgredir&quot; por amor - Not\u00edcias - Franciscanos\" \/>\n<meta property=\"og:description\" content=\"Angelus\" \/>\n<meta property=\"og:url\" content=\"https:\/\/franciscanos.org.br\/noticias\/papa-como-jesus-ter-a-coragem-de-transgredir-por-amor.html\" \/>\n<meta property=\"og:site_name\" content=\"Not\u00edcias - Franciscanos\" \/>\n<meta property=\"article:published_time\" content=\"2021-02-14T11:56:18+00:00\" \/>\n<meta property=\"og:image\" content=\"https:\/\/franciscanos.org.br\/noticias\/wp-content\/uploads\/2021\/02\/angelus_1402d.jpg\" \/>\n\t<meta property=\"og:image:width\" content=\"800\" \/>\n\t<meta property=\"og:image:height\" content=\"600\" \/>\n\t<meta property=\"og:image:type\" content=\"image\/jpeg\" \/>\n<meta name=\"author\" content=\"moacir\" \/>\n<meta name=\"twitter:card\" content=\"summary_large_image\" \/>\n<meta name=\"twitter:label1\" content=\"Escrito por\" \/>\n\t<meta name=\"twitter:data1\" content=\"moacir\" \/>\n\t<meta name=\"twitter:label2\" content=\"Est. tempo de leitura\" \/>\n\t<meta name=\"twitter:data2\" content=\"3 minutos\" \/>\n<script type=\"application\/ld+json\" class=\"yoast-schema-graph\">{\"@context\":\"https:\/\/schema.org\",\"@graph\":[{\"@type\":\"WebSite\",\"@id\":\"https:\/\/franciscanos.org.br\/noticias\/#website\",\"url\":\"https:\/\/franciscanos.org.br\/noticias\/\",\"name\":\"Not\u00edcias - Franciscanos\",\"description\":\"Prov\u00edncia Franciscana da Imaculada Concei\u00e7\u00e3o do Brasil - Ordem dos Frades Menores - OFM\",\"potentialAction\":[{\"@type\":\"SearchAction\",\"target\":{\"@type\":\"EntryPoint\",\"urlTemplate\":\"https:\/\/franciscanos.org.br\/noticias\/?s={search_term_string}\"},\"query-input\":\"required name=search_term_string\"}],\"inLanguage\":\"pt-BR\"},{\"@type\":\"ImageObject\",\"inLanguage\":\"pt-BR\",\"@id\":\"https:\/\/franciscanos.org.br\/noticias\/papa-como-jesus-ter-a-coragem-de-transgredir-por-amor.html#primaryimage\",\"url\":\"https:\/\/franciscanos.org.br\/noticias\/wp-content\/uploads\/2021\/02\/angelus_1402d.jpg\",\"contentUrl\":\"https:\/\/franciscanos.org.br\/noticias\/wp-content\/uploads\/2021\/02\/angelus_1402d.jpg\",\"width\":800,\"height\":600},{\"@type\":\"WebPage\",\"@id\":\"https:\/\/franciscanos.org.br\/noticias\/papa-como-jesus-ter-a-coragem-de-transgredir-por-amor.html#webpage\",\"url\":\"https:\/\/franciscanos.org.br\/noticias\/papa-como-jesus-ter-a-coragem-de-transgredir-por-amor.html\",\"name\":\"Papa: como Jesus, ter a coragem de \\\"transgredir\\\" por amor - Not\u00edcias - Franciscanos\",\"isPartOf\":{\"@id\":\"https:\/\/franciscanos.org.br\/noticias\/#website\"},\"primaryImageOfPage\":{\"@id\":\"https:\/\/franciscanos.org.br\/noticias\/papa-como-jesus-ter-a-coragem-de-transgredir-por-amor.html#primaryimage\"},\"datePublished\":\"2021-02-14T11:56:18+00:00\",\"dateModified\":\"2021-02-14T11:56:18+00:00\",\"author\":{\"@id\":\"https:\/\/franciscanos.org.br\/noticias\/#\/schema\/person\/b5c8cba458c330ccff548b056e95a5d4\"},\"breadcrumb\":{\"@id\":\"https:\/\/franciscanos.org.br\/noticias\/papa-como-jesus-ter-a-coragem-de-transgredir-por-amor.html#breadcrumb\"},\"inLanguage\":\"pt-BR\",\"potentialAction\":[{\"@type\":\"ReadAction\",\"target\":[\"https:\/\/franciscanos.org.br\/noticias\/papa-como-jesus-ter-a-coragem-de-transgredir-por-amor.html\"]}]},{\"@type\":\"BreadcrumbList\",\"@id\":\"https:\/\/franciscanos.org.br\/noticias\/papa-como-jesus-ter-a-coragem-de-transgredir-por-amor.html#breadcrumb\",\"itemListElement\":[{\"@type\":\"ListItem\",\"position\":1,\"name\":\"Home\",\"item\":\"https:\/\/franciscanos.org.br\/noticias\"},{\"@type\":\"ListItem\",\"position\":2,\"name\":\"Papa: como Jesus, ter a coragem de &#8220;transgredir&#8221; por amor\"}]},{\"@type\":\"Person\",\"@id\":\"https:\/\/franciscanos.org.br\/noticias\/#\/schema\/person\/b5c8cba458c330ccff548b056e95a5d4\",\"name\":\"moacir\",\"image\":{\"@type\":\"ImageObject\",\"inLanguage\":\"pt-BR\",\"@id\":\"https:\/\/franciscanos.org.br\/noticias\/#\/schema\/person\/image\/\",\"url\":\"https:\/\/secure.gravatar.com\/avatar\/d08aa2ce4c8dd416d4479aa8536fcf64?s=96&d=mm&r=g\",\"contentUrl\":\"https:\/\/secure.gravatar.com\/avatar\/d08aa2ce4c8dd416d4479aa8536fcf64?s=96&d=mm&r=g\",\"caption\":\"moacir\"},\"url\":\"https:\/\/franciscanos.org.br\/noticias\/author\/moacir\"}]}<\/script>\n<!-- \/ Yoast SEO plugin. -->","yoast_head_json":{"title":"Papa: como Jesus, ter a coragem de \"transgredir\" por amor - Not\u00edcias - Franciscanos","robots":{"index":"index","follow":"follow","max-snippet":"max-snippet:-1","max-image-preview":"max-image-preview:large","max-video-preview":"max-video-preview:-1"},"canonical":"https:\/\/franciscanos.org.br\/noticias\/papa-como-jesus-ter-a-coragem-de-transgredir-por-amor.html","og_locale":"pt_BR","og_type":"article","og_title":"Papa: como Jesus, ter a coragem de \"transgredir\" por amor - Not\u00edcias - Franciscanos","og_description":"Angelus","og_url":"https:\/\/franciscanos.org.br\/noticias\/papa-como-jesus-ter-a-coragem-de-transgredir-por-amor.html","og_site_name":"Not\u00edcias - Franciscanos","article_published_time":"2021-02-14T11:56:18+00:00","og_image":[{"width":800,"height":600,"url":"https:\/\/franciscanos.org.br\/noticias\/wp-content\/uploads\/2021\/02\/angelus_1402d.jpg","type":"image\/jpeg"}],"author":"moacir","twitter_card":"summary_large_image","twitter_misc":{"Escrito por":"moacir","Est. tempo de leitura":"3 minutos"},"schema":{"@context":"https:\/\/schema.org","@graph":[{"@type":"WebSite","@id":"https:\/\/franciscanos.org.br\/noticias\/#website","url":"https:\/\/franciscanos.org.br\/noticias\/","name":"Not\u00edcias - Franciscanos","description":"Prov\u00edncia Franciscana da Imaculada Concei\u00e7\u00e3o do Brasil - Ordem dos Frades Menores - OFM","potentialAction":[{"@type":"SearchAction","target":{"@type":"EntryPoint","urlTemplate":"https:\/\/franciscanos.org.br\/noticias\/?s={search_term_string}"},"query-input":"required name=search_term_string"}],"inLanguage":"pt-BR"},{"@type":"ImageObject","inLanguage":"pt-BR","@id":"https:\/\/franciscanos.org.br\/noticias\/papa-como-jesus-ter-a-coragem-de-transgredir-por-amor.html#primaryimage","url":"https:\/\/franciscanos.org.br\/noticias\/wp-content\/uploads\/2021\/02\/angelus_1402d.jpg","contentUrl":"https:\/\/franciscanos.org.br\/noticias\/wp-content\/uploads\/2021\/02\/angelus_1402d.jpg","width":800,"height":600},{"@type":"WebPage","@id":"https:\/\/franciscanos.org.br\/noticias\/papa-como-jesus-ter-a-coragem-de-transgredir-por-amor.html#webpage","url":"https:\/\/franciscanos.org.br\/noticias\/papa-como-jesus-ter-a-coragem-de-transgredir-por-amor.html","name":"Papa: como Jesus, ter a coragem de \"transgredir\" por amor - Not\u00edcias - Franciscanos","isPartOf":{"@id":"https:\/\/franciscanos.org.br\/noticias\/#website"},"primaryImageOfPage":{"@id":"https:\/\/franciscanos.org.br\/noticias\/papa-como-jesus-ter-a-coragem-de-transgredir-por-amor.html#primaryimage"},"datePublished":"2021-02-14T11:56:18+00:00","dateModified":"2021-02-14T11:56:18+00:00","author":{"@id":"https:\/\/franciscanos.org.br\/noticias\/#\/schema\/person\/b5c8cba458c330ccff548b056e95a5d4"},"breadcrumb":{"@id":"https:\/\/franciscanos.org.br\/noticias\/papa-como-jesus-ter-a-coragem-de-transgredir-por-amor.html#breadcrumb"},"inLanguage":"pt-BR","potentialAction":[{"@type":"ReadAction","target":["https:\/\/franciscanos.org.br\/noticias\/papa-como-jesus-ter-a-coragem-de-transgredir-por-amor.html"]}]},{"@type":"BreadcrumbList","@id":"https:\/\/franciscanos.org.br\/noticias\/papa-como-jesus-ter-a-coragem-de-transgredir-por-amor.html#breadcrumb","itemListElement":[{"@type":"ListItem","position":1,"name":"Home","item":"https:\/\/franciscanos.org.br\/noticias"},{"@type":"ListItem","position":2,"name":"Papa: como Jesus, ter a coragem de &#8220;transgredir&#8221; por amor"}]},{"@type":"Person","@id":"https:\/\/franciscanos.org.br\/noticias\/#\/schema\/person\/b5c8cba458c330ccff548b056e95a5d4","name":"moacir","image":{"@type":"ImageObject","inLanguage":"pt-BR","@id":"https:\/\/franciscanos.org.br\/noticias\/#\/schema\/person\/image\/","url":"https:\/\/secure.gravatar.com\/avatar\/d08aa2ce4c8dd416d4479aa8536fcf64?s=96&d=mm&r=g","contentUrl":"https:\/\/secure.gravatar.com\/avatar\/d08aa2ce4c8dd416d4479aa8536fcf64?s=96&d=mm&r=g","caption":"moacir"},"url":"https:\/\/franciscanos.org.br\/noticias\/author\/moacir"}]}},"_links":{"self":[{"href":"https:\/\/franciscanos.org.br\/noticias\/wp-json\/wp\/v2\/posts\/230804"}],"collection":[{"href":"https:\/\/franciscanos.org.br\/noticias\/wp-json\/wp\/v2\/posts"}],"about":[{"href":"https:\/\/franciscanos.org.br\/noticias\/wp-json\/wp\/v2\/types\/post"}],"author":[{"embeddable":true,"href":"https:\/\/franciscanos.org.br\/noticias\/wp-json\/wp\/v2\/users\/3"}],"replies":[{"embeddable":true,"href":"https:\/\/franciscanos.org.br\/noticias\/wp-json\/wp\/v2\/comments?post=230804"}],"version-history":[{"count":1,"href":"https:\/\/franciscanos.org.br\/noticias\/wp-json\/wp\/v2\/posts\/230804\/revisions"}],"predecessor-version":[{"id":230807,"href":"https:\/\/franciscanos.org.br\/noticias\/wp-json\/wp\/v2\/posts\/230804\/revisions\/230807"}],"wp:featuredmedia":[{"embeddable":true,"href":"https:\/\/franciscanos.org.br\/noticias\/wp-json\/wp\/v2\/media\/230805"}],"wp:attachment":[{"href":"https:\/\/franciscanos.org.br\/noticias\/wp-json\/wp\/v2\/media?parent=230804"}],"wp:term":[{"taxonomy":"category","embeddable":true,"href":"https:\/\/franciscanos.org.br\/noticias\/wp-json\/wp\/v2\/categories?post=230804"},{"taxonomy":"post_tag","embeddable":true,"href":"https:\/\/franciscanos.org.br\/noticias\/wp-json\/wp\/v2\/tags?post=230804"}],"curies":[{"name":"wp","href":"https:\/\/api.w.org\/{rel}","templated":true}]}}