{"id":230795,"date":"2021-02-14T07:34:45","date_gmt":"2021-02-14T10:34:45","guid":{"rendered":"https:\/\/franciscanos.org.br\/noticias\/?p=230795"},"modified":"2021-02-14T07:35:53","modified_gmt":"2021-02-14T10:35:53","slug":"frei-carlos-e-ordenado-bispo-em-sao-paulo","status":"publish","type":"post","link":"https:\/\/franciscanos.org.br\/noticias\/frei-carlos-e-ordenado-bispo-em-sao-paulo.html","title":{"rendered":"Frei Carlos \u00e9 ordenado bispo em S\u00e3o Paulo"},"content":{"rendered":"<div id=\"attachment_230796\" style=\"width: 1290px\" class=\"wp-caption alignnone\"><img aria-describedby=\"caption-attachment-230796\" loading=\"lazy\" class=\"wp-image-230796 size-full\" src=\"https:\/\/franciscanos.org.br\/noticias\/wp-content\/uploads\/2021\/02\/carlos_01.jpg\" alt=\"\" width=\"1280\" height=\"720\" srcset=\"https:\/\/franciscanos.org.br\/noticias\/wp-content\/uploads\/2021\/02\/carlos_01.jpg 1280w, https:\/\/franciscanos.org.br\/noticias\/wp-content\/uploads\/2021\/02\/carlos_01-450x253.jpg 450w, https:\/\/franciscanos.org.br\/noticias\/wp-content\/uploads\/2021\/02\/carlos_01-1024x576.jpg 1024w, https:\/\/franciscanos.org.br\/noticias\/wp-content\/uploads\/2021\/02\/carlos_01-768x432.jpg 768w, https:\/\/franciscanos.org.br\/noticias\/wp-content\/uploads\/2021\/02\/carlos_01-150x84.jpg 150w\" sizes=\"(max-width: 1280px) 100vw, 1280px\" \/><p id=\"caption-attachment-230796\" class=\"wp-caption-text\">\u00a0 \u00a0 \u00a0 \u00a0 \u00a0 \u00a0 \u00a0 \u00a0 \u00a0 \u00a0 \u00a0 \u00a0 \u00a0 \u00a0 \u00a0 \u00a0 \u00a0 \u00a0 \u00a0 \u00a0 \u00a0 \u00a0 \u00a0 \u00a0 \u00a0 \u00a0 \u00a0 \u00a0 \u00a0 \u00a0 \u00a0 \u00a0 \u00a0 \u00a0 \u00a0 \u00a0 \u00a0 \u00a0 \u00a0 \u00a0 \u00a0 \u00a0 \u00a0 \u00a0 \u00a0 \u00a0 \u00a0 <em>\u00a0Imagens: captura de tela da transmiss\u00e3o da Arquidiocese<\/em><\/p><\/div>\n<p>Frei Carlos Silva, de 58 anos, foi ordenado Bispo Auxiliar de S\u00e3o Paulo, durante a Celebra\u00e7\u00e3o Eucar\u00edstica neste s\u00e1bado (13\/2), \u00e0s 15 horas, na Catedral da S\u00e9. O seu lema de ordena\u00e7\u00e3o episcopal escolhido \u00e9: &#8220;Pertencemos ao Senhor&#8221; (Rm 14,8).<\/p>\n<p>Frei Carlos foi ordenado bispo pela imposi\u00e7\u00e3o das m\u00e3os do Cardeal Odilo Pedro Scherer, Arcebispo Metropolitano de S\u00e3o Paulo \u2013 ordenante principal \u2013 e de Dom Jos\u00e9 Soares Filho, OFMCap, Bispo Em\u00e9rito de Carolina (MA) e Dom Manoel Delson Pedreira da Cruz, OFMCap, Arcebispo da Para\u00edba, tamb\u00e9m bispos ordenantes. Frei Carlos Silva foi nomeado Bispo Auxiliar da Arquidiocese de S\u00e3o Paulo pelo Papa Francisco em 16 de dezembro. O Ministro Provincial Frei C\u00e9sar K\u00fclkamp, OFM, participou da celebra\u00e7\u00e3o.<\/p>\n<p>Seguindo as normas sanit\u00e1rias, um bom n\u00famero de fi\u00e9is participou da celebra\u00e7\u00e3o para ver o novo Vig\u00e1rio Episcopal da Regi\u00e3o Brasil\u00e2ndia.<\/p>\n<p>Dom Odilo agradeceu ao Papa Francisco a nomea\u00e7\u00e3o e especialmente a Frei Carlos por ter aceito esta miss\u00e3o, deixando o servico de Conselheiro na C\u00faria Geral dos Capuchinhos em Roma.<\/p>\n<p><img loading=\"lazy\" class=\"alignnone wp-image-230797 size-full\" src=\"https:\/\/franciscanos.org.br\/noticias\/wp-content\/uploads\/2021\/02\/carlos_03.jpg\" alt=\"\" width=\"1280\" height=\"720\" srcset=\"https:\/\/franciscanos.org.br\/noticias\/wp-content\/uploads\/2021\/02\/carlos_03.jpg 1280w, https:\/\/franciscanos.org.br\/noticias\/wp-content\/uploads\/2021\/02\/carlos_03-450x253.jpg 450w, https:\/\/franciscanos.org.br\/noticias\/wp-content\/uploads\/2021\/02\/carlos_03-1024x576.jpg 1024w, https:\/\/franciscanos.org.br\/noticias\/wp-content\/uploads\/2021\/02\/carlos_03-768x432.jpg 768w, https:\/\/franciscanos.org.br\/noticias\/wp-content\/uploads\/2021\/02\/carlos_03-150x84.jpg 150w\" sizes=\"(max-width: 1280px) 100vw, 1280px\" \/><\/p>\n<p>O Cardeal partiu do lema de Frei Carlos para fazer a sua reflex\u00e3o: &#8220;Esta \u00e9 uma bel\u00edssima express\u00e3o daquilo que \u00e9 nossa condi\u00e7\u00e3o como crist\u00e3os. Petencemos a Deus, uma vez que acolhemos a gra\u00e7a da f\u00e9, da reden\u00e7\u00e3o e do infinito amor de Deus que nos amou por primeiro, quando ainda \u00e9ramos pecadores&#8221;, disse.<\/p>\n<p>Segundo o Arcebispo, este lema poderia ser o lema de todos os crist\u00e3os. &#8220;E pensar que somos de Deus traz uma leveza para a vida que n\u00e3o tem igual. Voc\u00ea n\u00e3o precisa pensar que carrega sozinho o peso da vida, das responsabilidades, das miss\u00f5es, das responsabilidades pessoais e p\u00fablicas. Deus est\u00e1 conosco, Deus nos d\u00e1 for\u00e7a. Somos de deus. Pensar nisso nos traz uma imensa paz&#8221;, acrescentou.<\/p>\n<p>Dom Odilo disse que pertencer ao Senhor \u00e9 a paz franciscana: &#8220;Com essa mesma experi\u00eancia S\u00e3o Francisco podia dizer: &#8216;Meu Deus e Meu Tudo&#8217;. Abandonar tudo e viver a santa pobreza, a santa fraternidade. Viver inteiramente para o Evangelho, viver inteiramente para os irm\u00e3os. E ele podia exclamar: &#8216;Alt\u00edssimo e glorioso Deus, ilumina as trevas do meu cora\u00e7\u00e3o, d\u00e1-me f\u00e9 reta, esperan\u00e7a segura e caridade perfeita, bom senso, discernimento para cumprir vossa santa vontade&#8221;.<\/p>\n<p><img loading=\"lazy\" class=\"alignnone wp-image-230798 size-full\" src=\"https:\/\/franciscanos.org.br\/noticias\/wp-content\/uploads\/2021\/02\/carlos_02.jpg\" alt=\"\" width=\"1280\" height=\"720\" srcset=\"https:\/\/franciscanos.org.br\/noticias\/wp-content\/uploads\/2021\/02\/carlos_02.jpg 1280w, https:\/\/franciscanos.org.br\/noticias\/wp-content\/uploads\/2021\/02\/carlos_02-450x253.jpg 450w, https:\/\/franciscanos.org.br\/noticias\/wp-content\/uploads\/2021\/02\/carlos_02-1024x576.jpg 1024w, https:\/\/franciscanos.org.br\/noticias\/wp-content\/uploads\/2021\/02\/carlos_02-768x432.jpg 768w, https:\/\/franciscanos.org.br\/noticias\/wp-content\/uploads\/2021\/02\/carlos_02-150x84.jpg 150w\" sizes=\"(max-width: 1280px) 100vw, 1280px\" \/><\/p>\n<p>No rito de ordena\u00e7\u00e3o episcopal, ap\u00f3s a proclama\u00e7\u00e3o do Evangelho, foi feita a apresenta\u00e7\u00e3o do eleito para o episcopado e lido o mandato apost\u00f3lico pelo qual o Papa Francisco o nomeou Bispo da Igreja. Ap\u00f3s a homilia, Frei Carlos foi interrogado diante do povo quanto a sua futura miss\u00e3o, manifestando os seus prop\u00f3sitos, como desempenhar a miss\u00e3o at\u00e9 a morte, anunciar o Evangelho com fidelidade, conservar a tradi\u00e7\u00e3o recebida dos ap\u00f3stolos, comunh\u00e3o com o col\u00e9gio episcopal e obedi\u00eancia ao Papa.<\/p>\n<p>Depois, ele se prostrou diante do altar, como sinal de entrega, enquanto foi invocada por toda a assembleia a intercess\u00e3o dos santos. Na sequ\u00eancia, ocorreu o momento central da ordena\u00e7\u00e3o, com a imposi\u00e7\u00e3o das m\u00e3os dos bispos ordenantes sobre a cabe\u00e7a de Frei Carlos, seguido dos demais bispos.<\/p>\n<p>O novo Bispo ainda foi ungido com o \u00f3leo do Crisma, recebeu o Livro dos Evangelhos e as ins\u00edgnias episcopais: o anel (s\u00edmbolo da fidelidade do bispo com a Igreja), a mitra (para a incessante procura da santidade) e o b\u00e1culo pastoral (s\u00edmbolo do servi\u00e7o pastoral).<\/p>\n<p><img loading=\"lazy\" class=\"alignnone wp-image-230799 size-full\" src=\"https:\/\/franciscanos.org.br\/noticias\/wp-content\/uploads\/2021\/02\/carlos_05.jpg\" alt=\"\" width=\"1280\" height=\"720\" srcset=\"https:\/\/franciscanos.org.br\/noticias\/wp-content\/uploads\/2021\/02\/carlos_05.jpg 1280w, https:\/\/franciscanos.org.br\/noticias\/wp-content\/uploads\/2021\/02\/carlos_05-450x253.jpg 450w, https:\/\/franciscanos.org.br\/noticias\/wp-content\/uploads\/2021\/02\/carlos_05-1024x576.jpg 1024w, https:\/\/franciscanos.org.br\/noticias\/wp-content\/uploads\/2021\/02\/carlos_05-768x432.jpg 768w, https:\/\/franciscanos.org.br\/noticias\/wp-content\/uploads\/2021\/02\/carlos_05-150x84.jpg 150w\" sizes=\"(max-width: 1280px) 100vw, 1280px\" \/><\/p>\n<p>Ap\u00f3s a comunh\u00e3o, Dom Carlos aben\u00e7oou a todos como bispo pela primeira vez, percorrendo o corredor central da Catedral da S\u00e9.<\/p>\n<div id=\"attachment_230800\" style=\"width: 460px\" class=\"wp-caption alignright\"><img aria-describedby=\"caption-attachment-230800\" loading=\"lazy\" class=\"wp-image-230800 size-full\" src=\"https:\/\/franciscanos.org.br\/noticias\/wp-content\/uploads\/2021\/02\/carlos_04.jpg\" alt=\"\" width=\"450\" height=\"413\" srcset=\"https:\/\/franciscanos.org.br\/noticias\/wp-content\/uploads\/2021\/02\/carlos_04.jpg 450w, https:\/\/franciscanos.org.br\/noticias\/wp-content\/uploads\/2021\/02\/carlos_04-150x138.jpg 150w\" sizes=\"(max-width: 450px) 100vw, 450px\" \/><p id=\"caption-attachment-230800\" class=\"wp-caption-text\">Frei C\u00e9sar e Dom Carlos<\/p><\/div>\n<p>Depois, Dom Odilo entregou novamente a Dom Carlos o b\u00e1culo pastoral, dando-lhe, assim, posse do of\u00edcio de Bispo Auxiliar da Arquidiocese.<\/p>\n<p>Frei Carlos disse que o momento era de gratid\u00e3o. Primeiro agradeceu a Deus pelo batismo e pela voca\u00e7\u00e3o. Depois ao Papa Francisco &#8220;por ter confiado esse minist\u00e9rio de apascentar o rebanho&#8221;. Agradeceu a D. Odilo: &#8220;Estaremos juntos nesse minist\u00e9rio!&#8221;. Agradeceu a todos presb\u00edteros e aos fi\u00e9is, \u00e0 fam\u00edlia de sangue e \u00e0 fam\u00edlia religiosa dos Capuchinhos.<\/p>\n<p>Frei Carlos foi Ministro Provincial em S\u00e3o Paulo por dois mandatos (2013 a 2018) e Presidente da Confer\u00eancia dos Capuchinhos do Brasil (CCB). Em setembro de 2018 foi eleito Conselheiro Geral da Ordem dos Frades Menores Capuchinhos, fun\u00e7\u00e3o que exercia at\u00e9 ser nomeado Bispo Auxiliar de S\u00e3o Paulo, em dezembro de 2020.<\/p>\n","protected":false},"excerpt":{"rendered":"<p>Ordena\u00e7\u00e3o episcopal<\/p>\n","protected":false},"author":3,"featured_media":0,"comment_status":"open","ping_status":"open","sticky":false,"template":"","format":"standard","meta":[],"categories":[1],"tags":[1812],"acf":[],"yoast_head":"<!-- This site is optimized with the Yoast SEO plugin v19.2 - https:\/\/yoast.com\/wordpress\/plugins\/seo\/ -->\n<title>Frei Carlos \u00e9 ordenado bispo em S\u00e3o Paulo - Not\u00edcias - Franciscanos<\/title>\n<meta name=\"robots\" content=\"index, follow, max-snippet:-1, max-image-preview:large, max-video-preview:-1\" \/>\n<link rel=\"canonical\" href=\"https:\/\/franciscanos.org.br\/noticias\/frei-carlos-e-ordenado-bispo-em-sao-paulo.html\" \/>\n<meta property=\"og:locale\" content=\"pt_BR\" \/>\n<meta property=\"og:type\" content=\"article\" \/>\n<meta property=\"og:title\" content=\"Frei Carlos \u00e9 ordenado bispo em S\u00e3o Paulo - Not\u00edcias - Franciscanos\" \/>\n<meta property=\"og:description\" content=\"Ordena\u00e7\u00e3o episcopal\" \/>\n<meta property=\"og:url\" content=\"https:\/\/franciscanos.org.br\/noticias\/frei-carlos-e-ordenado-bispo-em-sao-paulo.html\" \/>\n<meta property=\"og:site_name\" content=\"Not\u00edcias - Franciscanos\" \/>\n<meta property=\"article:published_time\" content=\"2021-02-14T10:34:45+00:00\" \/>\n<meta property=\"article:modified_time\" content=\"2021-02-14T10:35:53+00:00\" \/>\n<meta property=\"og:image\" content=\"https:\/\/franciscanos.org.br\/noticias\/wp-content\/uploads\/2021\/02\/carlos_01.jpg\" \/>\n<meta name=\"author\" content=\"moacir\" \/>\n<meta name=\"twitter:card\" content=\"summary_large_image\" \/>\n<meta name=\"twitter:label1\" content=\"Escrito por\" \/>\n\t<meta name=\"twitter:data1\" content=\"moacir\" \/>\n\t<meta name=\"twitter:label2\" content=\"Est. tempo de leitura\" \/>\n\t<meta name=\"twitter:data2\" content=\"4 minutos\" \/>\n<script type=\"application\/ld+json\" class=\"yoast-schema-graph\">{\"@context\":\"https:\/\/schema.org\",\"@graph\":[{\"@type\":\"WebSite\",\"@id\":\"https:\/\/franciscanos.org.br\/noticias\/#website\",\"url\":\"https:\/\/franciscanos.org.br\/noticias\/\",\"name\":\"Not\u00edcias - Franciscanos\",\"description\":\"Prov\u00edncia Franciscana da Imaculada Concei\u00e7\u00e3o do Brasil - Ordem dos Frades Menores - OFM\",\"potentialAction\":[{\"@type\":\"SearchAction\",\"target\":{\"@type\":\"EntryPoint\",\"urlTemplate\":\"https:\/\/franciscanos.org.br\/noticias\/?s={search_term_string}\"},\"query-input\":\"required name=search_term_string\"}],\"inLanguage\":\"pt-BR\"},{\"@type\":\"ImageObject\",\"inLanguage\":\"pt-BR\",\"@id\":\"https:\/\/franciscanos.org.br\/noticias\/frei-carlos-e-ordenado-bispo-em-sao-paulo.html#primaryimage\",\"url\":\"https:\/\/franciscanos.org.br\/noticias\/wp-content\/uploads\/2021\/02\/carlos_01.jpg\",\"contentUrl\":\"https:\/\/franciscanos.org.br\/noticias\/wp-content\/uploads\/2021\/02\/carlos_01.jpg\",\"width\":1280,\"height\":720},{\"@type\":\"WebPage\",\"@id\":\"https:\/\/franciscanos.org.br\/noticias\/frei-carlos-e-ordenado-bispo-em-sao-paulo.html#webpage\",\"url\":\"https:\/\/franciscanos.org.br\/noticias\/frei-carlos-e-ordenado-bispo-em-sao-paulo.html\",\"name\":\"Frei Carlos \u00e9 ordenado bispo em S\u00e3o Paulo - Not\u00edcias - Franciscanos\",\"isPartOf\":{\"@id\":\"https:\/\/franciscanos.org.br\/noticias\/#website\"},\"primaryImageOfPage\":{\"@id\":\"https:\/\/franciscanos.org.br\/noticias\/frei-carlos-e-ordenado-bispo-em-sao-paulo.html#primaryimage\"},\"datePublished\":\"2021-02-14T10:34:45+00:00\",\"dateModified\":\"2021-02-14T10:35:53+00:00\",\"author\":{\"@id\":\"https:\/\/franciscanos.org.br\/noticias\/#\/schema\/person\/b5c8cba458c330ccff548b056e95a5d4\"},\"breadcrumb\":{\"@id\":\"https:\/\/franciscanos.org.br\/noticias\/frei-carlos-e-ordenado-bispo-em-sao-paulo.html#breadcrumb\"},\"inLanguage\":\"pt-BR\",\"potentialAction\":[{\"@type\":\"ReadAction\",\"target\":[\"https:\/\/franciscanos.org.br\/noticias\/frei-carlos-e-ordenado-bispo-em-sao-paulo.html\"]}]},{\"@type\":\"BreadcrumbList\",\"@id\":\"https:\/\/franciscanos.org.br\/noticias\/frei-carlos-e-ordenado-bispo-em-sao-paulo.html#breadcrumb\",\"itemListElement\":[{\"@type\":\"ListItem\",\"position\":1,\"name\":\"Home\",\"item\":\"https:\/\/franciscanos.org.br\/noticias\"},{\"@type\":\"ListItem\",\"position\":2,\"name\":\"Frei Carlos \u00e9 ordenado bispo em S\u00e3o Paulo\"}]},{\"@type\":\"Person\",\"@id\":\"https:\/\/franciscanos.org.br\/noticias\/#\/schema\/person\/b5c8cba458c330ccff548b056e95a5d4\",\"name\":\"moacir\",\"image\":{\"@type\":\"ImageObject\",\"inLanguage\":\"pt-BR\",\"@id\":\"https:\/\/franciscanos.org.br\/noticias\/#\/schema\/person\/image\/\",\"url\":\"https:\/\/secure.gravatar.com\/avatar\/d08aa2ce4c8dd416d4479aa8536fcf64?s=96&d=mm&r=g\",\"contentUrl\":\"https:\/\/secure.gravatar.com\/avatar\/d08aa2ce4c8dd416d4479aa8536fcf64?s=96&d=mm&r=g\",\"caption\":\"moacir\"},\"url\":\"https:\/\/franciscanos.org.br\/noticias\/author\/moacir\"}]}<\/script>\n<!-- \/ Yoast SEO plugin. -->","yoast_head_json":{"title":"Frei Carlos \u00e9 ordenado bispo em S\u00e3o Paulo - Not\u00edcias - Franciscanos","robots":{"index":"index","follow":"follow","max-snippet":"max-snippet:-1","max-image-preview":"max-image-preview:large","max-video-preview":"max-video-preview:-1"},"canonical":"https:\/\/franciscanos.org.br\/noticias\/frei-carlos-e-ordenado-bispo-em-sao-paulo.html","og_locale":"pt_BR","og_type":"article","og_title":"Frei Carlos \u00e9 ordenado bispo em S\u00e3o Paulo - Not\u00edcias - Franciscanos","og_description":"Ordena\u00e7\u00e3o episcopal","og_url":"https:\/\/franciscanos.org.br\/noticias\/frei-carlos-e-ordenado-bispo-em-sao-paulo.html","og_site_name":"Not\u00edcias - Franciscanos","article_published_time":"2021-02-14T10:34:45+00:00","article_modified_time":"2021-02-14T10:35:53+00:00","og_image":[{"url":"https:\/\/franciscanos.org.br\/noticias\/wp-content\/uploads\/2021\/02\/carlos_01.jpg"}],"author":"moacir","twitter_card":"summary_large_image","twitter_misc":{"Escrito por":"moacir","Est. tempo de leitura":"4 minutos"},"schema":{"@context":"https:\/\/schema.org","@graph":[{"@type":"WebSite","@id":"https:\/\/franciscanos.org.br\/noticias\/#website","url":"https:\/\/franciscanos.org.br\/noticias\/","name":"Not\u00edcias - Franciscanos","description":"Prov\u00edncia Franciscana da Imaculada Concei\u00e7\u00e3o do Brasil - Ordem dos Frades Menores - OFM","potentialAction":[{"@type":"SearchAction","target":{"@type":"EntryPoint","urlTemplate":"https:\/\/franciscanos.org.br\/noticias\/?s={search_term_string}"},"query-input":"required name=search_term_string"}],"inLanguage":"pt-BR"},{"@type":"ImageObject","inLanguage":"pt-BR","@id":"https:\/\/franciscanos.org.br\/noticias\/frei-carlos-e-ordenado-bispo-em-sao-paulo.html#primaryimage","url":"https:\/\/franciscanos.org.br\/noticias\/wp-content\/uploads\/2021\/02\/carlos_01.jpg","contentUrl":"https:\/\/franciscanos.org.br\/noticias\/wp-content\/uploads\/2021\/02\/carlos_01.jpg","width":1280,"height":720},{"@type":"WebPage","@id":"https:\/\/franciscanos.org.br\/noticias\/frei-carlos-e-ordenado-bispo-em-sao-paulo.html#webpage","url":"https:\/\/franciscanos.org.br\/noticias\/frei-carlos-e-ordenado-bispo-em-sao-paulo.html","name":"Frei Carlos \u00e9 ordenado bispo em S\u00e3o Paulo - Not\u00edcias - Franciscanos","isPartOf":{"@id":"https:\/\/franciscanos.org.br\/noticias\/#website"},"primaryImageOfPage":{"@id":"https:\/\/franciscanos.org.br\/noticias\/frei-carlos-e-ordenado-bispo-em-sao-paulo.html#primaryimage"},"datePublished":"2021-02-14T10:34:45+00:00","dateModified":"2021-02-14T10:35:53+00:00","author":{"@id":"https:\/\/franciscanos.org.br\/noticias\/#\/schema\/person\/b5c8cba458c330ccff548b056e95a5d4"},"breadcrumb":{"@id":"https:\/\/franciscanos.org.br\/noticias\/frei-carlos-e-ordenado-bispo-em-sao-paulo.html#breadcrumb"},"inLanguage":"pt-BR","potentialAction":[{"@type":"ReadAction","target":["https:\/\/franciscanos.org.br\/noticias\/frei-carlos-e-ordenado-bispo-em-sao-paulo.html"]}]},{"@type":"BreadcrumbList","@id":"https:\/\/franciscanos.org.br\/noticias\/frei-carlos-e-ordenado-bispo-em-sao-paulo.html#breadcrumb","itemListElement":[{"@type":"ListItem","position":1,"name":"Home","item":"https:\/\/franciscanos.org.br\/noticias"},{"@type":"ListItem","position":2,"name":"Frei Carlos \u00e9 ordenado bispo em S\u00e3o Paulo"}]},{"@type":"Person","@id":"https:\/\/franciscanos.org.br\/noticias\/#\/schema\/person\/b5c8cba458c330ccff548b056e95a5d4","name":"moacir","image":{"@type":"ImageObject","inLanguage":"pt-BR","@id":"https:\/\/franciscanos.org.br\/noticias\/#\/schema\/person\/image\/","url":"https:\/\/secure.gravatar.com\/avatar\/d08aa2ce4c8dd416d4479aa8536fcf64?s=96&d=mm&r=g","contentUrl":"https:\/\/secure.gravatar.com\/avatar\/d08aa2ce4c8dd416d4479aa8536fcf64?s=96&d=mm&r=g","caption":"moacir"},"url":"https:\/\/franciscanos.org.br\/noticias\/author\/moacir"}]}},"_links":{"self":[{"href":"https:\/\/franciscanos.org.br\/noticias\/wp-json\/wp\/v2\/posts\/230795"}],"collection":[{"href":"https:\/\/franciscanos.org.br\/noticias\/wp-json\/wp\/v2\/posts"}],"about":[{"href":"https:\/\/franciscanos.org.br\/noticias\/wp-json\/wp\/v2\/types\/post"}],"author":[{"embeddable":true,"href":"https:\/\/franciscanos.org.br\/noticias\/wp-json\/wp\/v2\/users\/3"}],"replies":[{"embeddable":true,"href":"https:\/\/franciscanos.org.br\/noticias\/wp-json\/wp\/v2\/comments?post=230795"}],"version-history":[{"count":3,"href":"https:\/\/franciscanos.org.br\/noticias\/wp-json\/wp\/v2\/posts\/230795\/revisions"}],"predecessor-version":[{"id":230803,"href":"https:\/\/franciscanos.org.br\/noticias\/wp-json\/wp\/v2\/posts\/230795\/revisions\/230803"}],"wp:attachment":[{"href":"https:\/\/franciscanos.org.br\/noticias\/wp-json\/wp\/v2\/media?parent=230795"}],"wp:term":[{"taxonomy":"category","embeddable":true,"href":"https:\/\/franciscanos.org.br\/noticias\/wp-json\/wp\/v2\/categories?post=230795"},{"taxonomy":"post_tag","embeddable":true,"href":"https:\/\/franciscanos.org.br\/noticias\/wp-json\/wp\/v2\/tags?post=230795"}],"curies":[{"name":"wp","href":"https:\/\/api.w.org\/{rel}","templated":true}]}}