{"id":230788,"date":"2021-02-13T06:35:43","date_gmt":"2021-02-13T09:35:43","guid":{"rendered":"https:\/\/franciscanos.org.br\/noticias\/?p=230788"},"modified":"2021-02-13T06:40:43","modified_gmt":"2021-02-13T09:40:43","slug":"papa-aos-comissarios-da-terra-santa-sejam-sementes-de-fraternidade","status":"publish","type":"post","link":"https:\/\/franciscanos.org.br\/noticias\/papa-aos-comissarios-da-terra-santa-sejam-sementes-de-fraternidade.html","title":{"rendered":"Papa aos Comiss\u00e1rios da Terra Santa: sejam sementes de fraternidade"},"content":{"rendered":"<div id=\"attachment_230789\" style=\"width: 1290px\" class=\"wp-caption alignleft\"><img aria-describedby=\"caption-attachment-230789\" loading=\"lazy\" class=\"wp-image-230789 size-full\" src=\"https:\/\/franciscanos.org.br\/noticias\/wp-content\/uploads\/2021\/02\/terrasanta_01.jpg\" alt=\"\" width=\"1280\" height=\"720\" srcset=\"https:\/\/franciscanos.org.br\/noticias\/wp-content\/uploads\/2021\/02\/terrasanta_01.jpg 1280w, https:\/\/franciscanos.org.br\/noticias\/wp-content\/uploads\/2021\/02\/terrasanta_01-450x253.jpg 450w, https:\/\/franciscanos.org.br\/noticias\/wp-content\/uploads\/2021\/02\/terrasanta_01-1024x576.jpg 1024w, https:\/\/franciscanos.org.br\/noticias\/wp-content\/uploads\/2021\/02\/terrasanta_01-768x432.jpg 768w, https:\/\/franciscanos.org.br\/noticias\/wp-content\/uploads\/2021\/02\/terrasanta_01-150x84.jpg 150w\" sizes=\"(max-width: 1280px) 100vw, 1280px\" \/><p id=\"caption-attachment-230789\" class=\"wp-caption-text\"><em>\u00a0 \u00a0 \u00a0 \u00a0 \u00a0 \u00a0 \u00a0 \u00a0 \u00a0 \u00a0 \u00a0 \u00a0 \u00a0 \u00a0 \u00a0 \u00a0 \u00a0 \u00a0 \u00a0 \u00a0 \u00a0 \u00a0 \u00a0 \u00a0 \u00a0 \u00a0 \u00a0 \u00a0 \u00a0 \u00a0 \u00a0 \u00a0 \u00a0 \u00a0 \u00a0 \u00a0 \u00a0 \u00a0 \u00a0 \u00a0 \u00a0 \u00a0 \u00a0 \u00a0 \u00a0 \u00a0 \u00a0 \u00a0 \u00a0 \u00a0 Imagem: Vatican Media<\/em><\/p><\/div>\n<p>O Papa Francisco escreveu uma carta de agradecimento ao Cust\u00f3dio da Terra Santa o Fr. Francesco Patton, OFM por ocasi\u00e3o dos 600 anos da institui\u00e7\u00e3o dos Comiss\u00e1rios da Terra Santa por parte do Papa Martinho V.<\/p>\n<p>\u201cQuerido irm\u00e3o\u201d, inicia o Papa, \u201cno pr\u00f3ximo dia 14 de fevereiro ser\u00e3o completados os 600 anos da institui\u00e7\u00e3o dos Comiss\u00e1rios da Terra Santa pelo Papa Martinho V. Depois de todos esses s\u00e9culos \u2013 continua o Papa Francisco &#8211; a miss\u00e3o dos Comiss\u00e1rios ainda \u00e9 relevante: apoiar, promover e valorizar a miss\u00e3o da Cust\u00f3dia da Terra Santa, tornando poss\u00edvel uma rede de rela\u00e7\u00f5es eclesiais, espirituais e caritativas que t\u00eam como foco central a terra onde Jesus viveu\u201d.<\/p>\n<p><strong>Semente de fraternidade<\/strong><br \/>\nFrancisco conclui sua carta recordando: \u201cApoio e aben\u00e7oo este precioso servi\u00e7o e espero que seja cada vez mais uma semente de fraternidade. Aben\u00e7oo a todos de cora\u00e7\u00e3o e por favor n\u00e3o se esque\u00e7am de rezar por mim&#8221;.<\/p>\n<p><strong>Agradecimento do Cust\u00f3dio<\/strong><br \/>\nFrei Francesco Patton, OFM, atual Cust\u00f3dio da Terra Santa enviou um agradecimento ao Papa Francisco no qual recordou que na manh\u00e3 de 15 de fevereiro, \u00e0s 6h30, hor\u00e1rio de Jerusal\u00e9m, ser\u00e1 celebrada a Eucaristia de agradecimento pelos 600 anos de servi\u00e7o dos Comiss\u00e1rios da Terra Santa recordando todos os benfeitores na ed\u00edcula do Santo Sepulcro. \u201cNa ocasi\u00e3o \u2013 continua Patton \u2013 ser\u00e1 lida a sua mensagem e ser\u00e3o feitas ora\u00e7\u00f5es especiais para o senhor e pelo seu minist\u00e9rio para que o Senhor Ressuscitado torne fecunda a sua miss\u00e3o pela unidade e a fraternidade entre os povos, entre os fi\u00e9is das v\u00e1rias religi\u00f5es, entre os crist\u00e3os das v\u00e1rias confiss\u00f5es, e cada pessoa individualmente. \u00c9 precisamente do mist\u00e9rio Pascal que este an\u00fancio e este minist\u00e9rio extraem sua origem e fecundidade\u201d.<\/p>\n<p><strong>Pontes para ligar os crist\u00e3os<\/strong><br \/>\nOs Comiss\u00e1rios da Terra Santa s\u00e3o pontes, embaixadores entre a Terra Santa e as igrejas locais e as igrejas de todo o mundo, que ligam os crist\u00e3os de cada parte do mundo \u00e0 Cust\u00f3dia da Terra Santa. Foram institu\u00eddos em 1421 pelo Papa Martinho V, enquanto, em tempos mais recentes, a reconfirmar o seu papel, foi o Papa Paulo VI. Hoje, os Comissariados da Terra Santa s\u00e3o 84, presentes em 44 pa\u00edses. S\u00e3o chamados a quatro grandes compromissos: tornar a Terra Santa conhecida, promover de forma criativa os lugares santos, tamb\u00e9m ajudar na supera\u00e7\u00e3o dos dramas vividos nesta terra; criar iniciativas de ora\u00e7\u00e3o e conscientiza\u00e7\u00e3o da paz, acompanhar as peregrina\u00e7\u00f5es e promover a Coleta Pontif\u00edcia Pr\u00f3 Terra Santa.<\/p>\n<hr \/>\n<p><em>Fonte: Vatican News (texto de Jane Nogara)<\/em><\/p>\n<hr \/>\n<h3>Veja mais em: <a href=\"http:\/\/www.comissariadoterrasanta.com.br\/\">http:\/\/www.comissariadoterrasanta.com.br\/<\/a><\/h3>\n","protected":false},"excerpt":{"rendered":"<p>Comissariado da Terra Santa<\/p>\n","protected":false},"author":3,"featured_media":230790,"comment_status":"open","ping_status":"open","sticky":false,"template":"","format":"standard","meta":[],"categories":[1],"tags":[1605],"acf":[],"yoast_head":"<!-- This site is optimized with the Yoast SEO plugin v19.2 - https:\/\/yoast.com\/wordpress\/plugins\/seo\/ -->\n<title>Papa aos Comiss\u00e1rios da Terra Santa: sejam sementes de fraternidade - Not\u00edcias - Franciscanos<\/title>\n<meta name=\"robots\" content=\"index, follow, max-snippet:-1, max-image-preview:large, max-video-preview:-1\" \/>\n<link rel=\"canonical\" href=\"https:\/\/franciscanos.org.br\/noticias\/papa-aos-comissarios-da-terra-santa-sejam-sementes-de-fraternidade.html\" \/>\n<meta property=\"og:locale\" content=\"pt_BR\" \/>\n<meta property=\"og:type\" content=\"article\" \/>\n<meta property=\"og:title\" content=\"Papa aos Comiss\u00e1rios da Terra Santa: sejam sementes de fraternidade - Not\u00edcias - Franciscanos\" \/>\n<meta property=\"og:description\" content=\"Comissariado da Terra Santa\" \/>\n<meta property=\"og:url\" content=\"https:\/\/franciscanos.org.br\/noticias\/papa-aos-comissarios-da-terra-santa-sejam-sementes-de-fraternidade.html\" \/>\n<meta property=\"og:site_name\" content=\"Not\u00edcias - Franciscanos\" \/>\n<meta property=\"article:published_time\" content=\"2021-02-13T09:35:43+00:00\" \/>\n<meta property=\"article:modified_time\" content=\"2021-02-13T09:40:43+00:00\" \/>\n<meta property=\"og:image\" content=\"https:\/\/franciscanos.org.br\/noticias\/wp-content\/uploads\/2021\/02\/terrasanta_01d.jpg\" \/>\n\t<meta property=\"og:image:width\" content=\"800\" \/>\n\t<meta property=\"og:image:height\" content=\"600\" \/>\n\t<meta property=\"og:image:type\" content=\"image\/jpeg\" \/>\n<meta name=\"author\" content=\"moacir\" \/>\n<meta name=\"twitter:card\" content=\"summary_large_image\" \/>\n<meta name=\"twitter:label1\" content=\"Escrito por\" \/>\n\t<meta name=\"twitter:data1\" content=\"moacir\" \/>\n\t<meta name=\"twitter:label2\" content=\"Est. tempo de leitura\" \/>\n\t<meta name=\"twitter:data2\" content=\"2 minutos\" \/>\n<script type=\"application\/ld+json\" class=\"yoast-schema-graph\">{\"@context\":\"https:\/\/schema.org\",\"@graph\":[{\"@type\":\"WebSite\",\"@id\":\"https:\/\/franciscanos.org.br\/noticias\/#website\",\"url\":\"https:\/\/franciscanos.org.br\/noticias\/\",\"name\":\"Not\u00edcias - Franciscanos\",\"description\":\"Prov\u00edncia Franciscana da Imaculada Concei\u00e7\u00e3o do Brasil - Ordem dos Frades Menores - OFM\",\"potentialAction\":[{\"@type\":\"SearchAction\",\"target\":{\"@type\":\"EntryPoint\",\"urlTemplate\":\"https:\/\/franciscanos.org.br\/noticias\/?s={search_term_string}\"},\"query-input\":\"required name=search_term_string\"}],\"inLanguage\":\"pt-BR\"},{\"@type\":\"ImageObject\",\"inLanguage\":\"pt-BR\",\"@id\":\"https:\/\/franciscanos.org.br\/noticias\/papa-aos-comissarios-da-terra-santa-sejam-sementes-de-fraternidade.html#primaryimage\",\"url\":\"https:\/\/franciscanos.org.br\/noticias\/wp-content\/uploads\/2021\/02\/terrasanta_01d.jpg\",\"contentUrl\":\"https:\/\/franciscanos.org.br\/noticias\/wp-content\/uploads\/2021\/02\/terrasanta_01d.jpg\",\"width\":800,\"height\":600},{\"@type\":\"WebPage\",\"@id\":\"https:\/\/franciscanos.org.br\/noticias\/papa-aos-comissarios-da-terra-santa-sejam-sementes-de-fraternidade.html#webpage\",\"url\":\"https:\/\/franciscanos.org.br\/noticias\/papa-aos-comissarios-da-terra-santa-sejam-sementes-de-fraternidade.html\",\"name\":\"Papa aos Comiss\u00e1rios da Terra Santa: sejam sementes de fraternidade - Not\u00edcias - Franciscanos\",\"isPartOf\":{\"@id\":\"https:\/\/franciscanos.org.br\/noticias\/#website\"},\"primaryImageOfPage\":{\"@id\":\"https:\/\/franciscanos.org.br\/noticias\/papa-aos-comissarios-da-terra-santa-sejam-sementes-de-fraternidade.html#primaryimage\"},\"datePublished\":\"2021-02-13T09:35:43+00:00\",\"dateModified\":\"2021-02-13T09:40:43+00:00\",\"author\":{\"@id\":\"https:\/\/franciscanos.org.br\/noticias\/#\/schema\/person\/b5c8cba458c330ccff548b056e95a5d4\"},\"breadcrumb\":{\"@id\":\"https:\/\/franciscanos.org.br\/noticias\/papa-aos-comissarios-da-terra-santa-sejam-sementes-de-fraternidade.html#breadcrumb\"},\"inLanguage\":\"pt-BR\",\"potentialAction\":[{\"@type\":\"ReadAction\",\"target\":[\"https:\/\/franciscanos.org.br\/noticias\/papa-aos-comissarios-da-terra-santa-sejam-sementes-de-fraternidade.html\"]}]},{\"@type\":\"BreadcrumbList\",\"@id\":\"https:\/\/franciscanos.org.br\/noticias\/papa-aos-comissarios-da-terra-santa-sejam-sementes-de-fraternidade.html#breadcrumb\",\"itemListElement\":[{\"@type\":\"ListItem\",\"position\":1,\"name\":\"Home\",\"item\":\"https:\/\/franciscanos.org.br\/noticias\"},{\"@type\":\"ListItem\",\"position\":2,\"name\":\"Papa aos Comiss\u00e1rios da Terra Santa: sejam sementes de fraternidade\"}]},{\"@type\":\"Person\",\"@id\":\"https:\/\/franciscanos.org.br\/noticias\/#\/schema\/person\/b5c8cba458c330ccff548b056e95a5d4\",\"name\":\"moacir\",\"image\":{\"@type\":\"ImageObject\",\"inLanguage\":\"pt-BR\",\"@id\":\"https:\/\/franciscanos.org.br\/noticias\/#\/schema\/person\/image\/\",\"url\":\"https:\/\/secure.gravatar.com\/avatar\/d08aa2ce4c8dd416d4479aa8536fcf64?s=96&d=mm&r=g\",\"contentUrl\":\"https:\/\/secure.gravatar.com\/avatar\/d08aa2ce4c8dd416d4479aa8536fcf64?s=96&d=mm&r=g\",\"caption\":\"moacir\"},\"url\":\"https:\/\/franciscanos.org.br\/noticias\/author\/moacir\"}]}<\/script>\n<!-- \/ Yoast SEO plugin. -->","yoast_head_json":{"title":"Papa aos Comiss\u00e1rios da Terra Santa: sejam sementes de fraternidade - Not\u00edcias - Franciscanos","robots":{"index":"index","follow":"follow","max-snippet":"max-snippet:-1","max-image-preview":"max-image-preview:large","max-video-preview":"max-video-preview:-1"},"canonical":"https:\/\/franciscanos.org.br\/noticias\/papa-aos-comissarios-da-terra-santa-sejam-sementes-de-fraternidade.html","og_locale":"pt_BR","og_type":"article","og_title":"Papa aos Comiss\u00e1rios da Terra Santa: sejam sementes de fraternidade - Not\u00edcias - Franciscanos","og_description":"Comissariado da Terra Santa","og_url":"https:\/\/franciscanos.org.br\/noticias\/papa-aos-comissarios-da-terra-santa-sejam-sementes-de-fraternidade.html","og_site_name":"Not\u00edcias - Franciscanos","article_published_time":"2021-02-13T09:35:43+00:00","article_modified_time":"2021-02-13T09:40:43+00:00","og_image":[{"width":800,"height":600,"url":"https:\/\/franciscanos.org.br\/noticias\/wp-content\/uploads\/2021\/02\/terrasanta_01d.jpg","type":"image\/jpeg"}],"author":"moacir","twitter_card":"summary_large_image","twitter_misc":{"Escrito por":"moacir","Est. tempo de leitura":"2 minutos"},"schema":{"@context":"https:\/\/schema.org","@graph":[{"@type":"WebSite","@id":"https:\/\/franciscanos.org.br\/noticias\/#website","url":"https:\/\/franciscanos.org.br\/noticias\/","name":"Not\u00edcias - Franciscanos","description":"Prov\u00edncia Franciscana da Imaculada Concei\u00e7\u00e3o do Brasil - Ordem dos Frades Menores - OFM","potentialAction":[{"@type":"SearchAction","target":{"@type":"EntryPoint","urlTemplate":"https:\/\/franciscanos.org.br\/noticias\/?s={search_term_string}"},"query-input":"required name=search_term_string"}],"inLanguage":"pt-BR"},{"@type":"ImageObject","inLanguage":"pt-BR","@id":"https:\/\/franciscanos.org.br\/noticias\/papa-aos-comissarios-da-terra-santa-sejam-sementes-de-fraternidade.html#primaryimage","url":"https:\/\/franciscanos.org.br\/noticias\/wp-content\/uploads\/2021\/02\/terrasanta_01d.jpg","contentUrl":"https:\/\/franciscanos.org.br\/noticias\/wp-content\/uploads\/2021\/02\/terrasanta_01d.jpg","width":800,"height":600},{"@type":"WebPage","@id":"https:\/\/franciscanos.org.br\/noticias\/papa-aos-comissarios-da-terra-santa-sejam-sementes-de-fraternidade.html#webpage","url":"https:\/\/franciscanos.org.br\/noticias\/papa-aos-comissarios-da-terra-santa-sejam-sementes-de-fraternidade.html","name":"Papa aos Comiss\u00e1rios da Terra Santa: sejam sementes de fraternidade - Not\u00edcias - Franciscanos","isPartOf":{"@id":"https:\/\/franciscanos.org.br\/noticias\/#website"},"primaryImageOfPage":{"@id":"https:\/\/franciscanos.org.br\/noticias\/papa-aos-comissarios-da-terra-santa-sejam-sementes-de-fraternidade.html#primaryimage"},"datePublished":"2021-02-13T09:35:43+00:00","dateModified":"2021-02-13T09:40:43+00:00","author":{"@id":"https:\/\/franciscanos.org.br\/noticias\/#\/schema\/person\/b5c8cba458c330ccff548b056e95a5d4"},"breadcrumb":{"@id":"https:\/\/franciscanos.org.br\/noticias\/papa-aos-comissarios-da-terra-santa-sejam-sementes-de-fraternidade.html#breadcrumb"},"inLanguage":"pt-BR","potentialAction":[{"@type":"ReadAction","target":["https:\/\/franciscanos.org.br\/noticias\/papa-aos-comissarios-da-terra-santa-sejam-sementes-de-fraternidade.html"]}]},{"@type":"BreadcrumbList","@id":"https:\/\/franciscanos.org.br\/noticias\/papa-aos-comissarios-da-terra-santa-sejam-sementes-de-fraternidade.html#breadcrumb","itemListElement":[{"@type":"ListItem","position":1,"name":"Home","item":"https:\/\/franciscanos.org.br\/noticias"},{"@type":"ListItem","position":2,"name":"Papa aos Comiss\u00e1rios da Terra Santa: sejam sementes de fraternidade"}]},{"@type":"Person","@id":"https:\/\/franciscanos.org.br\/noticias\/#\/schema\/person\/b5c8cba458c330ccff548b056e95a5d4","name":"moacir","image":{"@type":"ImageObject","inLanguage":"pt-BR","@id":"https:\/\/franciscanos.org.br\/noticias\/#\/schema\/person\/image\/","url":"https:\/\/secure.gravatar.com\/avatar\/d08aa2ce4c8dd416d4479aa8536fcf64?s=96&d=mm&r=g","contentUrl":"https:\/\/secure.gravatar.com\/avatar\/d08aa2ce4c8dd416d4479aa8536fcf64?s=96&d=mm&r=g","caption":"moacir"},"url":"https:\/\/franciscanos.org.br\/noticias\/author\/moacir"}]}},"_links":{"self":[{"href":"https:\/\/franciscanos.org.br\/noticias\/wp-json\/wp\/v2\/posts\/230788"}],"collection":[{"href":"https:\/\/franciscanos.org.br\/noticias\/wp-json\/wp\/v2\/posts"}],"about":[{"href":"https:\/\/franciscanos.org.br\/noticias\/wp-json\/wp\/v2\/types\/post"}],"author":[{"embeddable":true,"href":"https:\/\/franciscanos.org.br\/noticias\/wp-json\/wp\/v2\/users\/3"}],"replies":[{"embeddable":true,"href":"https:\/\/franciscanos.org.br\/noticias\/wp-json\/wp\/v2\/comments?post=230788"}],"version-history":[{"count":4,"href":"https:\/\/franciscanos.org.br\/noticias\/wp-json\/wp\/v2\/posts\/230788\/revisions"}],"predecessor-version":[{"id":230794,"href":"https:\/\/franciscanos.org.br\/noticias\/wp-json\/wp\/v2\/posts\/230788\/revisions\/230794"}],"wp:featuredmedia":[{"embeddable":true,"href":"https:\/\/franciscanos.org.br\/noticias\/wp-json\/wp\/v2\/media\/230790"}],"wp:attachment":[{"href":"https:\/\/franciscanos.org.br\/noticias\/wp-json\/wp\/v2\/media?parent=230788"}],"wp:term":[{"taxonomy":"category","embeddable":true,"href":"https:\/\/franciscanos.org.br\/noticias\/wp-json\/wp\/v2\/categories?post=230788"},{"taxonomy":"post_tag","embeddable":true,"href":"https:\/\/franciscanos.org.br\/noticias\/wp-json\/wp\/v2\/tags?post=230788"}],"curies":[{"name":"wp","href":"https:\/\/api.w.org\/{rel}","templated":true}]}}