{"id":230775,"date":"2021-02-11T20:06:21","date_gmt":"2021-02-11T23:06:21","guid":{"rendered":"https:\/\/franciscanos.org.br\/noticias\/?p=230775"},"modified":"2021-02-11T20:13:53","modified_gmt":"2021-02-11T23:13:53","slug":"completo","status":"publish","type":"post","link":"https:\/\/franciscanos.org.br\/noticias\/completo.html","title":{"rendered":"O Postulantado da Prov\u00edncia est\u00e1 completo"},"content":{"rendered":"<p><img loading=\"lazy\" class=\"alignnone wp-image-230776 size-full\" src=\"https:\/\/franciscanos.org.br\/noticias\/wp-content\/uploads\/2021\/02\/angola_11.jpg\" alt=\"\" width=\"1280\" height=\"720\" srcset=\"https:\/\/franciscanos.org.br\/noticias\/wp-content\/uploads\/2021\/02\/angola_11.jpg 1280w, https:\/\/franciscanos.org.br\/noticias\/wp-content\/uploads\/2021\/02\/angola_11-450x253.jpg 450w, https:\/\/franciscanos.org.br\/noticias\/wp-content\/uploads\/2021\/02\/angola_11-1024x576.jpg 1024w, https:\/\/franciscanos.org.br\/noticias\/wp-content\/uploads\/2021\/02\/angola_11-768x432.jpg 768w, https:\/\/franciscanos.org.br\/noticias\/wp-content\/uploads\/2021\/02\/angola_11-150x84.jpg 150w\" sizes=\"(max-width: 1280px) 100vw, 1280px\" \/><\/p>\n<p><strong>Viana (Angola)<\/strong> \u2013 Come\u00e7ou nesta quinta-feira, 11 de fevereiro, a etapa do Postulantado na Funda\u00e7\u00e3o Imaculada M\u00e3e de Deus de Angola (FIMDA). Oito jovens &#8211; <em>Daniel Bungwe Soma, Dion\u00edsio Katenque Chingui, Eduardo C\u00e9sar Himi, Emanuel Francisco Franco Mununga, Jos\u00e9 Matias Victor Flaviano, Lu\u00eds Manuel Mugiba, Pedro Caiombe Samuco e Pedro Luis Manuel Mgiba<\/em> &#8211; foram acolhidos pelo presidente da FIMDA, Frei Ant\u00f3nio B. Zovo Baza, representando o Ministro Provincial, Frei C\u00e9sar K\u00fclkamp.<\/p>\n<p><img loading=\"lazy\" class=\"alignleft wp-image-230777\" src=\"https:\/\/franciscanos.org.br\/noticias\/wp-content\/uploads\/2021\/02\/angola_11_3-450x416.jpg\" alt=\"\" width=\"290\" height=\"268\" srcset=\"https:\/\/franciscanos.org.br\/noticias\/wp-content\/uploads\/2021\/02\/angola_11_3-450x416.jpg 450w, https:\/\/franciscanos.org.br\/noticias\/wp-content\/uploads\/2021\/02\/angola_11_3-150x139.jpg 150w, https:\/\/franciscanos.org.br\/noticias\/wp-content\/uploads\/2021\/02\/angola_11_3.jpg 600w\" sizes=\"(max-width: 290px) 100vw, 290px\" \/><img loading=\"lazy\" class=\"wp-image-230778 alignright\" src=\"https:\/\/franciscanos.org.br\/noticias\/wp-content\/uploads\/2021\/02\/angola_11_4-450x447.jpg\" alt=\"\" width=\"272\" height=\"271\" srcset=\"https:\/\/franciscanos.org.br\/noticias\/wp-content\/uploads\/2021\/02\/angola_11_4-450x447.jpg 450w, https:\/\/franciscanos.org.br\/noticias\/wp-content\/uploads\/2021\/02\/angola_11_4-300x300.jpg 300w, https:\/\/franciscanos.org.br\/noticias\/wp-content\/uploads\/2021\/02\/angola_11_4-150x149.jpg 150w, https:\/\/franciscanos.org.br\/noticias\/wp-content\/uploads\/2021\/02\/angola_11_4-100x100.jpg 100w, https:\/\/franciscanos.org.br\/noticias\/wp-content\/uploads\/2021\/02\/angola_11_4.jpg 600w\" sizes=\"(max-width: 272px) 100vw, 272px\" \/>Este momento se deu durante a Celebra\u00e7\u00e3o Eucar\u00edstica, \u00e0s 9 horas, na capela da Fraternidade Franciscana da Porci\u00fancula, no munic\u00edpio de Viana. Durante um ano, eles ser\u00e3o acompanhados pelo Mestre Frei Laurindo Lauro da Silva J\u00fanior e pela Fraternidade. Nesse tempo, os formadores ter\u00e3o a miss\u00e3o de ajudar o candidato a conhecer a si mesmo, completar sua primeira forma\u00e7\u00e3o crist\u00e3, se for necess\u00e1rio, analisar as motiva\u00e7\u00f5es de sua pr\u00f3pria voca\u00e7\u00e3o e adquirir gradual conhecimento e experi\u00eancia da vida franciscana.<\/p>\n<p>Em mensagem, o Ministro Provincial, Frei C\u00e9sar K\u00fclkamp, pediu todas as b\u00ean\u00e7\u00e3os de Deus para a viv\u00eancia desta bela etapa formativa!:<\/p>\n<p style=\"padding-left: 40px;\"><em>Na manh\u00e3 deste dia 11 de fevereiro, o Postulantado da Prov\u00edncia Franciscana da Imaculada Concei\u00e7\u00e3o do Brasil ficou completo. No \u00faltimo dia 27 de janeiro foram 15 jovens recebidos em Guaratinguet\u00e1. Hoje foi a vez de mais oito a serem recebidos na casa de forma\u00e7\u00e3o junto \u00e0 Fraternidade da Porci\u00fancula, em Viana, Angola.<\/em><\/p>\n<p style=\"padding-left: 40px;\"><em>O Postulantado \u00e9 uma etapa formativa sempre mais valorizada pela nossa Ordem. \u00c9 o in\u00edcio do tempo privilegiado da Forma\u00e7\u00e3o Inicial, onde os jovens \u201cs\u00e3o iniciados no seguimento de Cristo, segundo a forma de S\u00e3o Francisco e a s\u00e3 tradi\u00e7\u00e3o da Ordem, assumindo e integrando progressivamente seus particulares dons pessoais com os valores aut\u00eanticos e caracter\u00edsticos da voca\u00e7\u00e3o evang\u00e9lica do Frade menor.\u201d (RFF 173).<\/em><\/p>\n<p style=\"padding-left: 40px;\"><em>Neste per\u00edodo espec\u00edfico, \u201co postulante confirma a pr\u00f3pria determina\u00e7\u00e3o de converter-se atrav\u00e9s de uma progressiva passagem da vida secular para a forma de vida franciscana.\u201d (RFF 179).<\/em><\/p>\n<p style=\"padding-left: 40px;\"><em>S\u00e3o desafios ousados e para pessoas corajosas. No entanto, n\u00e3o est\u00e3o sozinhos. Contam com o acompanhamento de boas fraternidades formativas e com o apoio e as preces de toda a Prov\u00edncia.<\/em><\/p>\n<p style=\"padding-left: 40px;\"><em>Aos nossos novos postulantes, em Angola, envio o meu abra\u00e7o e o pedido de todas as b\u00ean\u00e7\u00e3os de Deus para a viv\u00eancia desta bela etapa formativa!<\/em><\/p>\n<p style=\"padding-left: 40px;\"><em>Parab\u00e9ns \u00e0 fraternidade de Viana, da FIMDA e de toda a Prov\u00edncia!<\/em><\/p>\n<p style=\"padding-left: 40px;\"><em>Paz e Bem!<\/em><\/p>\n<p><img loading=\"lazy\" class=\"alignleft wp-image-230780 size-full\" src=\"https:\/\/franciscanos.org.br\/noticias\/wp-content\/uploads\/2021\/02\/angola_11_2.jpg\" alt=\"\" width=\"1280\" height=\"757\" srcset=\"https:\/\/franciscanos.org.br\/noticias\/wp-content\/uploads\/2021\/02\/angola_11_2.jpg 1280w, https:\/\/franciscanos.org.br\/noticias\/wp-content\/uploads\/2021\/02\/angola_11_2-450x266.jpg 450w, https:\/\/franciscanos.org.br\/noticias\/wp-content\/uploads\/2021\/02\/angola_11_2-1024x606.jpg 1024w, https:\/\/franciscanos.org.br\/noticias\/wp-content\/uploads\/2021\/02\/angola_11_2-768x454.jpg 768w, https:\/\/franciscanos.org.br\/noticias\/wp-content\/uploads\/2021\/02\/angola_11_2-150x89.jpg 150w\" sizes=\"(max-width: 1280px) 100vw, 1280px\" \/><\/p>\n<p>No rito de admiss\u00e3o, os oito foram chamados para se apresentarem diante do presidente da FIMDA. Interrogados por Frei Ant\u00f3nio, eles fizeram o pedido para ingressarem neste tempo da forma\u00e7\u00e3o e ouviram esta resposta: \u201cCom as palavras de Jesus vos recebo, dizendo \u2018Vinde e vede\u2019! De bom grado vos acolhemos nesta casa de forma\u00e7\u00e3o para o tempo do Postulantado. Aqui podereis discernir com clareza a vossa voca\u00e7\u00e3o e fazer a experi\u00eancia da nossa vida de fraternidade e de minoridade a servi\u00e7o da Igreja\u201d. Depois, eles receberam como s\u00edmbolo deste momento o Tau de S\u00e3o Francisco. Passando esta etapa, no Noviciado, esses jovens ir\u00e3o receber o h\u00e1bito franciscano, que tem o formato de Tau tamb\u00e9m.<\/p>\n<p>A Fraternidade Franciscana da Porci\u00fancula tem como guardi\u00e3o Frei Laurindo; Frei Jo\u00e3o Batista Canjenjenga, vig\u00e1rio da casa e p\u00e1roco; e Frei Jefferson Max Maciel, vice-mestre e a servi\u00e7o da evangeliza\u00e7\u00e3o.<\/p>\n","protected":false},"excerpt":{"rendered":"<p>Forma\u00e7\u00e3o e Estudos<\/p>\n","protected":false},"author":3,"featured_media":230779,"comment_status":"open","ping_status":"open","sticky":false,"template":"","format":"standard","meta":[],"categories":[1],"tags":[360],"acf":[],"yoast_head":"<!-- This site is optimized with the Yoast SEO plugin v19.2 - https:\/\/yoast.com\/wordpress\/plugins\/seo\/ -->\n<title>O Postulantado da Prov\u00edncia est\u00e1 completo - Not\u00edcias - Franciscanos<\/title>\n<meta name=\"robots\" content=\"index, follow, max-snippet:-1, max-image-preview:large, max-video-preview:-1\" \/>\n<link rel=\"canonical\" href=\"https:\/\/franciscanos.org.br\/noticias\/completo.html\" \/>\n<meta property=\"og:locale\" content=\"pt_BR\" \/>\n<meta property=\"og:type\" content=\"article\" \/>\n<meta property=\"og:title\" content=\"O Postulantado da Prov\u00edncia est\u00e1 completo - Not\u00edcias - Franciscanos\" \/>\n<meta property=\"og:description\" content=\"Forma\u00e7\u00e3o e Estudos\" \/>\n<meta property=\"og:url\" content=\"https:\/\/franciscanos.org.br\/noticias\/completo.html\" \/>\n<meta property=\"og:site_name\" content=\"Not\u00edcias - Franciscanos\" \/>\n<meta property=\"article:published_time\" content=\"2021-02-11T23:06:21+00:00\" \/>\n<meta property=\"article:modified_time\" content=\"2021-02-11T23:13:53+00:00\" \/>\n<meta property=\"og:image\" content=\"https:\/\/franciscanos.org.br\/noticias\/wp-content\/uploads\/2021\/02\/angola_11d.jpg\" \/>\n\t<meta property=\"og:image:width\" content=\"800\" \/>\n\t<meta property=\"og:image:height\" content=\"600\" \/>\n\t<meta property=\"og:image:type\" content=\"image\/jpeg\" \/>\n<meta name=\"author\" content=\"moacir\" \/>\n<meta name=\"twitter:card\" content=\"summary_large_image\" \/>\n<meta name=\"twitter:label1\" content=\"Escrito por\" \/>\n\t<meta name=\"twitter:data1\" content=\"moacir\" \/>\n\t<meta name=\"twitter:label2\" content=\"Est. tempo de leitura\" \/>\n\t<meta name=\"twitter:data2\" content=\"3 minutos\" \/>\n<script type=\"application\/ld+json\" class=\"yoast-schema-graph\">{\"@context\":\"https:\/\/schema.org\",\"@graph\":[{\"@type\":\"WebSite\",\"@id\":\"https:\/\/franciscanos.org.br\/noticias\/#website\",\"url\":\"https:\/\/franciscanos.org.br\/noticias\/\",\"name\":\"Not\u00edcias - Franciscanos\",\"description\":\"Prov\u00edncia Franciscana da Imaculada Concei\u00e7\u00e3o do Brasil - Ordem dos Frades Menores - OFM\",\"potentialAction\":[{\"@type\":\"SearchAction\",\"target\":{\"@type\":\"EntryPoint\",\"urlTemplate\":\"https:\/\/franciscanos.org.br\/noticias\/?s={search_term_string}\"},\"query-input\":\"required name=search_term_string\"}],\"inLanguage\":\"pt-BR\"},{\"@type\":\"ImageObject\",\"inLanguage\":\"pt-BR\",\"@id\":\"https:\/\/franciscanos.org.br\/noticias\/completo.html#primaryimage\",\"url\":\"https:\/\/franciscanos.org.br\/noticias\/wp-content\/uploads\/2021\/02\/angola_11d.jpg\",\"contentUrl\":\"https:\/\/franciscanos.org.br\/noticias\/wp-content\/uploads\/2021\/02\/angola_11d.jpg\",\"width\":800,\"height\":600},{\"@type\":\"WebPage\",\"@id\":\"https:\/\/franciscanos.org.br\/noticias\/completo.html#webpage\",\"url\":\"https:\/\/franciscanos.org.br\/noticias\/completo.html\",\"name\":\"O Postulantado da Prov\u00edncia est\u00e1 completo - Not\u00edcias - Franciscanos\",\"isPartOf\":{\"@id\":\"https:\/\/franciscanos.org.br\/noticias\/#website\"},\"primaryImageOfPage\":{\"@id\":\"https:\/\/franciscanos.org.br\/noticias\/completo.html#primaryimage\"},\"datePublished\":\"2021-02-11T23:06:21+00:00\",\"dateModified\":\"2021-02-11T23:13:53+00:00\",\"author\":{\"@id\":\"https:\/\/franciscanos.org.br\/noticias\/#\/schema\/person\/b5c8cba458c330ccff548b056e95a5d4\"},\"breadcrumb\":{\"@id\":\"https:\/\/franciscanos.org.br\/noticias\/completo.html#breadcrumb\"},\"inLanguage\":\"pt-BR\",\"potentialAction\":[{\"@type\":\"ReadAction\",\"target\":[\"https:\/\/franciscanos.org.br\/noticias\/completo.html\"]}]},{\"@type\":\"BreadcrumbList\",\"@id\":\"https:\/\/franciscanos.org.br\/noticias\/completo.html#breadcrumb\",\"itemListElement\":[{\"@type\":\"ListItem\",\"position\":1,\"name\":\"Home\",\"item\":\"https:\/\/franciscanos.org.br\/noticias\"},{\"@type\":\"ListItem\",\"position\":2,\"name\":\"O Postulantado da Prov\u00edncia est\u00e1 completo\"}]},{\"@type\":\"Person\",\"@id\":\"https:\/\/franciscanos.org.br\/noticias\/#\/schema\/person\/b5c8cba458c330ccff548b056e95a5d4\",\"name\":\"moacir\",\"image\":{\"@type\":\"ImageObject\",\"inLanguage\":\"pt-BR\",\"@id\":\"https:\/\/franciscanos.org.br\/noticias\/#\/schema\/person\/image\/\",\"url\":\"https:\/\/secure.gravatar.com\/avatar\/d08aa2ce4c8dd416d4479aa8536fcf64?s=96&d=mm&r=g\",\"contentUrl\":\"https:\/\/secure.gravatar.com\/avatar\/d08aa2ce4c8dd416d4479aa8536fcf64?s=96&d=mm&r=g\",\"caption\":\"moacir\"},\"url\":\"https:\/\/franciscanos.org.br\/noticias\/author\/moacir\"}]}<\/script>\n<!-- \/ Yoast SEO plugin. -->","yoast_head_json":{"title":"O Postulantado da Prov\u00edncia est\u00e1 completo - Not\u00edcias - Franciscanos","robots":{"index":"index","follow":"follow","max-snippet":"max-snippet:-1","max-image-preview":"max-image-preview:large","max-video-preview":"max-video-preview:-1"},"canonical":"https:\/\/franciscanos.org.br\/noticias\/completo.html","og_locale":"pt_BR","og_type":"article","og_title":"O Postulantado da Prov\u00edncia est\u00e1 completo - Not\u00edcias - Franciscanos","og_description":"Forma\u00e7\u00e3o e Estudos","og_url":"https:\/\/franciscanos.org.br\/noticias\/completo.html","og_site_name":"Not\u00edcias - Franciscanos","article_published_time":"2021-02-11T23:06:21+00:00","article_modified_time":"2021-02-11T23:13:53+00:00","og_image":[{"width":800,"height":600,"url":"https:\/\/franciscanos.org.br\/noticias\/wp-content\/uploads\/2021\/02\/angola_11d.jpg","type":"image\/jpeg"}],"author":"moacir","twitter_card":"summary_large_image","twitter_misc":{"Escrito por":"moacir","Est. tempo de leitura":"3 minutos"},"schema":{"@context":"https:\/\/schema.org","@graph":[{"@type":"WebSite","@id":"https:\/\/franciscanos.org.br\/noticias\/#website","url":"https:\/\/franciscanos.org.br\/noticias\/","name":"Not\u00edcias - Franciscanos","description":"Prov\u00edncia Franciscana da Imaculada Concei\u00e7\u00e3o do Brasil - Ordem dos Frades Menores - OFM","potentialAction":[{"@type":"SearchAction","target":{"@type":"EntryPoint","urlTemplate":"https:\/\/franciscanos.org.br\/noticias\/?s={search_term_string}"},"query-input":"required name=search_term_string"}],"inLanguage":"pt-BR"},{"@type":"ImageObject","inLanguage":"pt-BR","@id":"https:\/\/franciscanos.org.br\/noticias\/completo.html#primaryimage","url":"https:\/\/franciscanos.org.br\/noticias\/wp-content\/uploads\/2021\/02\/angola_11d.jpg","contentUrl":"https:\/\/franciscanos.org.br\/noticias\/wp-content\/uploads\/2021\/02\/angola_11d.jpg","width":800,"height":600},{"@type":"WebPage","@id":"https:\/\/franciscanos.org.br\/noticias\/completo.html#webpage","url":"https:\/\/franciscanos.org.br\/noticias\/completo.html","name":"O Postulantado da Prov\u00edncia est\u00e1 completo - Not\u00edcias - Franciscanos","isPartOf":{"@id":"https:\/\/franciscanos.org.br\/noticias\/#website"},"primaryImageOfPage":{"@id":"https:\/\/franciscanos.org.br\/noticias\/completo.html#primaryimage"},"datePublished":"2021-02-11T23:06:21+00:00","dateModified":"2021-02-11T23:13:53+00:00","author":{"@id":"https:\/\/franciscanos.org.br\/noticias\/#\/schema\/person\/b5c8cba458c330ccff548b056e95a5d4"},"breadcrumb":{"@id":"https:\/\/franciscanos.org.br\/noticias\/completo.html#breadcrumb"},"inLanguage":"pt-BR","potentialAction":[{"@type":"ReadAction","target":["https:\/\/franciscanos.org.br\/noticias\/completo.html"]}]},{"@type":"BreadcrumbList","@id":"https:\/\/franciscanos.org.br\/noticias\/completo.html#breadcrumb","itemListElement":[{"@type":"ListItem","position":1,"name":"Home","item":"https:\/\/franciscanos.org.br\/noticias"},{"@type":"ListItem","position":2,"name":"O Postulantado da Prov\u00edncia est\u00e1 completo"}]},{"@type":"Person","@id":"https:\/\/franciscanos.org.br\/noticias\/#\/schema\/person\/b5c8cba458c330ccff548b056e95a5d4","name":"moacir","image":{"@type":"ImageObject","inLanguage":"pt-BR","@id":"https:\/\/franciscanos.org.br\/noticias\/#\/schema\/person\/image\/","url":"https:\/\/secure.gravatar.com\/avatar\/d08aa2ce4c8dd416d4479aa8536fcf64?s=96&d=mm&r=g","contentUrl":"https:\/\/secure.gravatar.com\/avatar\/d08aa2ce4c8dd416d4479aa8536fcf64?s=96&d=mm&r=g","caption":"moacir"},"url":"https:\/\/franciscanos.org.br\/noticias\/author\/moacir"}]}},"_links":{"self":[{"href":"https:\/\/franciscanos.org.br\/noticias\/wp-json\/wp\/v2\/posts\/230775"}],"collection":[{"href":"https:\/\/franciscanos.org.br\/noticias\/wp-json\/wp\/v2\/posts"}],"about":[{"href":"https:\/\/franciscanos.org.br\/noticias\/wp-json\/wp\/v2\/types\/post"}],"author":[{"embeddable":true,"href":"https:\/\/franciscanos.org.br\/noticias\/wp-json\/wp\/v2\/users\/3"}],"replies":[{"embeddable":true,"href":"https:\/\/franciscanos.org.br\/noticias\/wp-json\/wp\/v2\/comments?post=230775"}],"version-history":[{"count":3,"href":"https:\/\/franciscanos.org.br\/noticias\/wp-json\/wp\/v2\/posts\/230775\/revisions"}],"predecessor-version":[{"id":230783,"href":"https:\/\/franciscanos.org.br\/noticias\/wp-json\/wp\/v2\/posts\/230775\/revisions\/230783"}],"wp:featuredmedia":[{"embeddable":true,"href":"https:\/\/franciscanos.org.br\/noticias\/wp-json\/wp\/v2\/media\/230779"}],"wp:attachment":[{"href":"https:\/\/franciscanos.org.br\/noticias\/wp-json\/wp\/v2\/media?parent=230775"}],"wp:term":[{"taxonomy":"category","embeddable":true,"href":"https:\/\/franciscanos.org.br\/noticias\/wp-json\/wp\/v2\/categories?post=230775"},{"taxonomy":"post_tag","embeddable":true,"href":"https:\/\/franciscanos.org.br\/noticias\/wp-json\/wp\/v2\/tags?post=230775"}],"curies":[{"name":"wp","href":"https:\/\/api.w.org\/{rel}","templated":true}]}}