{"id":230770,"date":"2021-02-11T09:14:59","date_gmt":"2021-02-11T12:14:59","guid":{"rendered":"https:\/\/franciscanos.org.br\/noticias\/?p=230770"},"modified":"2021-07-05T20:07:14","modified_gmt":"2021-07-05T23:07:14","slug":"aprendizes-dos-canarinhos-abertas-as-inscricoes","status":"publish","type":"post","link":"https:\/\/franciscanos.org.br\/noticias\/aprendizes-dos-canarinhos-abertas-as-inscricoes.html","title":{"rendered":"Aprendizes dos Canarinhos: Abertas as inscri\u00e7\u00f5es"},"content":{"rendered":"<p><img loading=\"lazy\" class=\"alignnone wp-image-230771 size-full\" src=\"https:\/\/franciscanos.org.br\/noticias\/wp-content\/uploads\/2021\/02\/aprendizes_01.jpg\" alt=\"\" width=\"1280\" height=\"720\" srcset=\"https:\/\/franciscanos.org.br\/noticias\/wp-content\/uploads\/2021\/02\/aprendizes_01.jpg 1280w, https:\/\/franciscanos.org.br\/noticias\/wp-content\/uploads\/2021\/02\/aprendizes_01-450x253.jpg 450w, https:\/\/franciscanos.org.br\/noticias\/wp-content\/uploads\/2021\/02\/aprendizes_01-1024x576.jpg 1024w, https:\/\/franciscanos.org.br\/noticias\/wp-content\/uploads\/2021\/02\/aprendizes_01-768x432.jpg 768w, https:\/\/franciscanos.org.br\/noticias\/wp-content\/uploads\/2021\/02\/aprendizes_01-150x84.jpg 150w\" sizes=\"(max-width: 1280px) 100vw, 1280px\" \/><\/p>\n<p>Est\u00e3o abertas as inscri\u00e7\u00f5es para o Curso de Aprendizes do Instituto dos Meninos Cantores de Petr\u00f3polis. Inteiramente gratuito, o curso, que \u00e9 parte do projeto \u2018Ponto de Cultura Aprendiz de Canarinho&#8217;, tem um ano de dura\u00e7\u00e3o e \u00e9 destinado a meninos e meninas entre 9 e 10 anos que sonham em crescer em contato com a m\u00fasica nos corais do Instituto. As inscri\u00e7\u00f5es podem ser feitas at\u00e9 o dia 26 de fevereiro.<\/p>\n<p>Contemplado por um dos editais da Lei Aldir Blanc em 2020, o Instituto dos Meninos Cantores de Petr\u00f3polis, com apoio do Governo Federal, do Governo do Estado do Rio de Janeiro, e da Secretaria de Estado de Cultura e Economia Criativa do Rio de Janeiro, vai promover a sele\u00e7\u00e3o e a forma\u00e7\u00e3o de novos aprendizes de maneira virtual sem que haja interrup\u00e7\u00e3o do projeto ou risco de contamina\u00e7\u00e3o.<\/p>\n<p>Com dura\u00e7\u00e3o de um ano, o curso &#8211; que oferece aulas de canto coral art\u00edstico, teoria musical, flauta doce, solfejo, t\u00e9cnica vocal e almo\u00e7o (quando o ensino \u00e9 presencial) &#8211; \u00e9 porta de entrada para os corais do Instituto dos Meninos Cantores de Petr\u00f3polis. Para participar, os meninos e meninas de 9 e 10 anos devem estar cursando o 4\u00ba ano do ensino fundamental em escolas p\u00fablicas ou privadas.<\/p>\n<p>Por conta da pandemia, as aulas acontecem on-line \u00e0s ter\u00e7as e quintas-feiras, das 07h40 \u00e0s 11 horas. De acordo com a gestora Rose de Mello, al\u00e9m dos ensaios e da forma\u00e7\u00e3o musical, ser\u00e3o oferecidos pelo Instituto, tamb\u00e9m via Lei Aldir Blanc, dois concertos virtuais &#8211; sendo um deles com participa\u00e7\u00e3o dos aprendizes, e uma<em> live<\/em> sobre \u201cA Import\u00e2ncia do Canto Coral na Forma\u00e7\u00e3o Humana&#8221;.<\/p>\n<p>\u201cNesta<em> live<\/em> haver\u00e1 a inser\u00e7\u00e3o de depoimentos de ex-coralistas que, quando crian\u00e7as, fizeram parte do Coral dos Canarinhos e a diferen\u00e7a que isto fez e continua fazendo em suas vidas\u201d, explica. A sele\u00e7\u00e3o dos novos meninos e meninas, com base na an\u00e1lise da emiss\u00e3o sonora, disciplina, ritmo e afina\u00e7\u00e3o dos candidatos, ser\u00e1 feita na plataforma mais acess\u00edvel \u00e0s fam\u00edlias, podendo ela ser Zoom, WhatsApp ou Google Meet.<\/p>\n<hr \/>\n<p><strong>As inscri\u00e7\u00f5es podem ser feitas pelo site<a href=\"http:\/\/www.canarinhos.com.br\"> www.canarinhos.com.br <\/a>ou pelo celular (24) 99926-1820.<\/strong><\/p>\n","protected":false},"excerpt":{"rendered":"<p>Instituto dos Meninos Cantores de Petr\u00f3polis<\/p>\n","protected":false},"author":3,"featured_media":230772,"comment_status":"open","ping_status":"open","sticky":false,"template":"","format":"standard","meta":[],"categories":[1],"tags":[1378],"acf":[],"yoast_head":"<!-- This site is optimized with the Yoast SEO plugin v19.2 - https:\/\/yoast.com\/wordpress\/plugins\/seo\/ -->\n<title>Aprendizes dos Canarinhos: Abertas as inscri\u00e7\u00f5es - Not\u00edcias - Franciscanos<\/title>\n<meta name=\"robots\" content=\"index, follow, max-snippet:-1, max-image-preview:large, max-video-preview:-1\" \/>\n<link rel=\"canonical\" href=\"https:\/\/franciscanos.org.br\/noticias\/aprendizes-dos-canarinhos-abertas-as-inscricoes.html\" \/>\n<meta property=\"og:locale\" content=\"pt_BR\" \/>\n<meta property=\"og:type\" content=\"article\" \/>\n<meta property=\"og:title\" content=\"Aprendizes dos Canarinhos: Abertas as inscri\u00e7\u00f5es - Not\u00edcias - Franciscanos\" \/>\n<meta property=\"og:description\" content=\"Instituto dos Meninos Cantores de Petr\u00f3polis\" \/>\n<meta property=\"og:url\" content=\"https:\/\/franciscanos.org.br\/noticias\/aprendizes-dos-canarinhos-abertas-as-inscricoes.html\" \/>\n<meta property=\"og:site_name\" content=\"Not\u00edcias - Franciscanos\" \/>\n<meta property=\"article:published_time\" content=\"2021-02-11T12:14:59+00:00\" \/>\n<meta property=\"article:modified_time\" content=\"2021-07-05T23:07:14+00:00\" \/>\n<meta property=\"og:image\" content=\"https:\/\/franciscanos.org.br\/noticias\/wp-content\/uploads\/2021\/02\/aprendizes_d.jpg\" \/>\n\t<meta property=\"og:image:width\" content=\"800\" \/>\n\t<meta property=\"og:image:height\" content=\"600\" \/>\n\t<meta property=\"og:image:type\" content=\"image\/jpeg\" \/>\n<meta name=\"author\" content=\"moacir\" \/>\n<meta name=\"twitter:card\" content=\"summary_large_image\" \/>\n<meta name=\"twitter:label1\" content=\"Escrito por\" \/>\n\t<meta name=\"twitter:data1\" content=\"moacir\" \/>\n\t<meta name=\"twitter:label2\" content=\"Est. tempo de leitura\" \/>\n\t<meta name=\"twitter:data2\" content=\"2 minutos\" \/>\n<script type=\"application\/ld+json\" class=\"yoast-schema-graph\">{\"@context\":\"https:\/\/schema.org\",\"@graph\":[{\"@type\":\"WebSite\",\"@id\":\"https:\/\/franciscanos.org.br\/noticias\/#website\",\"url\":\"https:\/\/franciscanos.org.br\/noticias\/\",\"name\":\"Not\u00edcias - Franciscanos\",\"description\":\"Prov\u00edncia Franciscana da Imaculada Concei\u00e7\u00e3o do Brasil - Ordem dos Frades Menores - OFM\",\"potentialAction\":[{\"@type\":\"SearchAction\",\"target\":{\"@type\":\"EntryPoint\",\"urlTemplate\":\"https:\/\/franciscanos.org.br\/noticias\/?s={search_term_string}\"},\"query-input\":\"required name=search_term_string\"}],\"inLanguage\":\"pt-BR\"},{\"@type\":\"ImageObject\",\"inLanguage\":\"pt-BR\",\"@id\":\"https:\/\/franciscanos.org.br\/noticias\/aprendizes-dos-canarinhos-abertas-as-inscricoes.html#primaryimage\",\"url\":\"https:\/\/franciscanos.org.br\/noticias\/wp-content\/uploads\/2021\/02\/aprendizes_d.jpg\",\"contentUrl\":\"https:\/\/franciscanos.org.br\/noticias\/wp-content\/uploads\/2021\/02\/aprendizes_d.jpg\",\"width\":800,\"height\":600},{\"@type\":\"WebPage\",\"@id\":\"https:\/\/franciscanos.org.br\/noticias\/aprendizes-dos-canarinhos-abertas-as-inscricoes.html#webpage\",\"url\":\"https:\/\/franciscanos.org.br\/noticias\/aprendizes-dos-canarinhos-abertas-as-inscricoes.html\",\"name\":\"Aprendizes dos Canarinhos: Abertas as inscri\u00e7\u00f5es - Not\u00edcias - Franciscanos\",\"isPartOf\":{\"@id\":\"https:\/\/franciscanos.org.br\/noticias\/#website\"},\"primaryImageOfPage\":{\"@id\":\"https:\/\/franciscanos.org.br\/noticias\/aprendizes-dos-canarinhos-abertas-as-inscricoes.html#primaryimage\"},\"datePublished\":\"2021-02-11T12:14:59+00:00\",\"dateModified\":\"2021-07-05T23:07:14+00:00\",\"author\":{\"@id\":\"https:\/\/franciscanos.org.br\/noticias\/#\/schema\/person\/b5c8cba458c330ccff548b056e95a5d4\"},\"breadcrumb\":{\"@id\":\"https:\/\/franciscanos.org.br\/noticias\/aprendizes-dos-canarinhos-abertas-as-inscricoes.html#breadcrumb\"},\"inLanguage\":\"pt-BR\",\"potentialAction\":[{\"@type\":\"ReadAction\",\"target\":[\"https:\/\/franciscanos.org.br\/noticias\/aprendizes-dos-canarinhos-abertas-as-inscricoes.html\"]}]},{\"@type\":\"BreadcrumbList\",\"@id\":\"https:\/\/franciscanos.org.br\/noticias\/aprendizes-dos-canarinhos-abertas-as-inscricoes.html#breadcrumb\",\"itemListElement\":[{\"@type\":\"ListItem\",\"position\":1,\"name\":\"Home\",\"item\":\"https:\/\/franciscanos.org.br\/noticias\"},{\"@type\":\"ListItem\",\"position\":2,\"name\":\"Aprendizes dos Canarinhos: Abertas as inscri\u00e7\u00f5es\"}]},{\"@type\":\"Person\",\"@id\":\"https:\/\/franciscanos.org.br\/noticias\/#\/schema\/person\/b5c8cba458c330ccff548b056e95a5d4\",\"name\":\"moacir\",\"image\":{\"@type\":\"ImageObject\",\"inLanguage\":\"pt-BR\",\"@id\":\"https:\/\/franciscanos.org.br\/noticias\/#\/schema\/person\/image\/\",\"url\":\"https:\/\/secure.gravatar.com\/avatar\/d08aa2ce4c8dd416d4479aa8536fcf64?s=96&d=mm&r=g\",\"contentUrl\":\"https:\/\/secure.gravatar.com\/avatar\/d08aa2ce4c8dd416d4479aa8536fcf64?s=96&d=mm&r=g\",\"caption\":\"moacir\"},\"url\":\"https:\/\/franciscanos.org.br\/noticias\/author\/moacir\"}]}<\/script>\n<!-- \/ Yoast SEO plugin. -->","yoast_head_json":{"title":"Aprendizes dos Canarinhos: Abertas as inscri\u00e7\u00f5es - Not\u00edcias - Franciscanos","robots":{"index":"index","follow":"follow","max-snippet":"max-snippet:-1","max-image-preview":"max-image-preview:large","max-video-preview":"max-video-preview:-1"},"canonical":"https:\/\/franciscanos.org.br\/noticias\/aprendizes-dos-canarinhos-abertas-as-inscricoes.html","og_locale":"pt_BR","og_type":"article","og_title":"Aprendizes dos Canarinhos: Abertas as inscri\u00e7\u00f5es - Not\u00edcias - Franciscanos","og_description":"Instituto dos Meninos Cantores de Petr\u00f3polis","og_url":"https:\/\/franciscanos.org.br\/noticias\/aprendizes-dos-canarinhos-abertas-as-inscricoes.html","og_site_name":"Not\u00edcias - Franciscanos","article_published_time":"2021-02-11T12:14:59+00:00","article_modified_time":"2021-07-05T23:07:14+00:00","og_image":[{"width":800,"height":600,"url":"https:\/\/franciscanos.org.br\/noticias\/wp-content\/uploads\/2021\/02\/aprendizes_d.jpg","type":"image\/jpeg"}],"author":"moacir","twitter_card":"summary_large_image","twitter_misc":{"Escrito por":"moacir","Est. tempo de leitura":"2 minutos"},"schema":{"@context":"https:\/\/schema.org","@graph":[{"@type":"WebSite","@id":"https:\/\/franciscanos.org.br\/noticias\/#website","url":"https:\/\/franciscanos.org.br\/noticias\/","name":"Not\u00edcias - Franciscanos","description":"Prov\u00edncia Franciscana da Imaculada Concei\u00e7\u00e3o do Brasil - Ordem dos Frades Menores - OFM","potentialAction":[{"@type":"SearchAction","target":{"@type":"EntryPoint","urlTemplate":"https:\/\/franciscanos.org.br\/noticias\/?s={search_term_string}"},"query-input":"required name=search_term_string"}],"inLanguage":"pt-BR"},{"@type":"ImageObject","inLanguage":"pt-BR","@id":"https:\/\/franciscanos.org.br\/noticias\/aprendizes-dos-canarinhos-abertas-as-inscricoes.html#primaryimage","url":"https:\/\/franciscanos.org.br\/noticias\/wp-content\/uploads\/2021\/02\/aprendizes_d.jpg","contentUrl":"https:\/\/franciscanos.org.br\/noticias\/wp-content\/uploads\/2021\/02\/aprendizes_d.jpg","width":800,"height":600},{"@type":"WebPage","@id":"https:\/\/franciscanos.org.br\/noticias\/aprendizes-dos-canarinhos-abertas-as-inscricoes.html#webpage","url":"https:\/\/franciscanos.org.br\/noticias\/aprendizes-dos-canarinhos-abertas-as-inscricoes.html","name":"Aprendizes dos Canarinhos: Abertas as inscri\u00e7\u00f5es - Not\u00edcias - Franciscanos","isPartOf":{"@id":"https:\/\/franciscanos.org.br\/noticias\/#website"},"primaryImageOfPage":{"@id":"https:\/\/franciscanos.org.br\/noticias\/aprendizes-dos-canarinhos-abertas-as-inscricoes.html#primaryimage"},"datePublished":"2021-02-11T12:14:59+00:00","dateModified":"2021-07-05T23:07:14+00:00","author":{"@id":"https:\/\/franciscanos.org.br\/noticias\/#\/schema\/person\/b5c8cba458c330ccff548b056e95a5d4"},"breadcrumb":{"@id":"https:\/\/franciscanos.org.br\/noticias\/aprendizes-dos-canarinhos-abertas-as-inscricoes.html#breadcrumb"},"inLanguage":"pt-BR","potentialAction":[{"@type":"ReadAction","target":["https:\/\/franciscanos.org.br\/noticias\/aprendizes-dos-canarinhos-abertas-as-inscricoes.html"]}]},{"@type":"BreadcrumbList","@id":"https:\/\/franciscanos.org.br\/noticias\/aprendizes-dos-canarinhos-abertas-as-inscricoes.html#breadcrumb","itemListElement":[{"@type":"ListItem","position":1,"name":"Home","item":"https:\/\/franciscanos.org.br\/noticias"},{"@type":"ListItem","position":2,"name":"Aprendizes dos Canarinhos: Abertas as inscri\u00e7\u00f5es"}]},{"@type":"Person","@id":"https:\/\/franciscanos.org.br\/noticias\/#\/schema\/person\/b5c8cba458c330ccff548b056e95a5d4","name":"moacir","image":{"@type":"ImageObject","inLanguage":"pt-BR","@id":"https:\/\/franciscanos.org.br\/noticias\/#\/schema\/person\/image\/","url":"https:\/\/secure.gravatar.com\/avatar\/d08aa2ce4c8dd416d4479aa8536fcf64?s=96&d=mm&r=g","contentUrl":"https:\/\/secure.gravatar.com\/avatar\/d08aa2ce4c8dd416d4479aa8536fcf64?s=96&d=mm&r=g","caption":"moacir"},"url":"https:\/\/franciscanos.org.br\/noticias\/author\/moacir"}]}},"_links":{"self":[{"href":"https:\/\/franciscanos.org.br\/noticias\/wp-json\/wp\/v2\/posts\/230770"}],"collection":[{"href":"https:\/\/franciscanos.org.br\/noticias\/wp-json\/wp\/v2\/posts"}],"about":[{"href":"https:\/\/franciscanos.org.br\/noticias\/wp-json\/wp\/v2\/types\/post"}],"author":[{"embeddable":true,"href":"https:\/\/franciscanos.org.br\/noticias\/wp-json\/wp\/v2\/users\/3"}],"replies":[{"embeddable":true,"href":"https:\/\/franciscanos.org.br\/noticias\/wp-json\/wp\/v2\/comments?post=230770"}],"version-history":[{"count":2,"href":"https:\/\/franciscanos.org.br\/noticias\/wp-json\/wp\/v2\/posts\/230770\/revisions"}],"predecessor-version":[{"id":230774,"href":"https:\/\/franciscanos.org.br\/noticias\/wp-json\/wp\/v2\/posts\/230770\/revisions\/230774"}],"wp:featuredmedia":[{"embeddable":true,"href":"https:\/\/franciscanos.org.br\/noticias\/wp-json\/wp\/v2\/media\/230772"}],"wp:attachment":[{"href":"https:\/\/franciscanos.org.br\/noticias\/wp-json\/wp\/v2\/media?parent=230770"}],"wp:term":[{"taxonomy":"category","embeddable":true,"href":"https:\/\/franciscanos.org.br\/noticias\/wp-json\/wp\/v2\/categories?post=230770"},{"taxonomy":"post_tag","embeddable":true,"href":"https:\/\/franciscanos.org.br\/noticias\/wp-json\/wp\/v2\/tags?post=230770"}],"curies":[{"name":"wp","href":"https:\/\/api.w.org\/{rel}","templated":true}]}}