{"id":230743,"date":"2021-02-09T20:34:52","date_gmt":"2021-02-09T23:34:52","guid":{"rendered":"https:\/\/franciscanos.org.br\/noticias\/?p=230743"},"modified":"2021-02-09T21:28:08","modified_gmt":"2021-02-10T00:28:08","slug":"paroquia-do-sagrado-celebra-jubileu-de-75-anos-em-125-anos-de-presenca-franciscana-em-petropolis","status":"publish","type":"post","link":"https:\/\/franciscanos.org.br\/noticias\/paroquia-do-sagrado-celebra-jubileu-de-75-anos-em-125-anos-de-presenca-franciscana-em-petropolis.html","title":{"rendered":"Par\u00f3quia do Sagrado celebra jubileu de 75 anos em 125 anos de presen\u00e7a franciscana em Petr\u00f3polis"},"content":{"rendered":"<p><img loading=\"lazy\" class=\"alignnone size-full wp-image-230744\" src=\"https:\/\/franciscanos.org.br\/noticias\/wp-content\/uploads\/2021\/02\/petropolis_01.jpg\" alt=\"\" width=\"1280\" height=\"720\" srcset=\"https:\/\/franciscanos.org.br\/noticias\/wp-content\/uploads\/2021\/02\/petropolis_01.jpg 1280w, https:\/\/franciscanos.org.br\/noticias\/wp-content\/uploads\/2021\/02\/petropolis_01-450x253.jpg 450w, https:\/\/franciscanos.org.br\/noticias\/wp-content\/uploads\/2021\/02\/petropolis_01-1024x576.jpg 1024w, https:\/\/franciscanos.org.br\/noticias\/wp-content\/uploads\/2021\/02\/petropolis_01-768x432.jpg 768w, https:\/\/franciscanos.org.br\/noticias\/wp-content\/uploads\/2021\/02\/petropolis_01-150x84.jpg 150w\" sizes=\"(max-width: 1280px) 100vw, 1280px\" \/><\/p>\n<p><strong>Petr\u00f3polis (RJ) \u2013 <\/strong>\u201cCelebrar o jubileu \u00e9 uma oportunidade de voltar \u00e0s origens, voltar \u00e0quilo que \u00e9 essencial, fazer a experi\u00eancia da liberta\u00e7\u00e3o de Deus e de invocar a sua miseric\u00f3rdia\u201d. Foi com essas palavras que o guardi\u00e3o e p\u00e1roco, Frei Jorge Paulo Schiavini, declarou aberta as celebra\u00e7\u00f5es do Jubileu de 75 anos de cria\u00e7\u00e3o da Par\u00f3quia do Sagrado Cora\u00e7\u00e3o de Jesus e dos 125 anos da chegada dos primeiros frades franciscanos a Petr\u00f3polis (RJ). A Celebra\u00e7\u00e3o Eucar\u00edstica, presidida por Frei Jorge, foi concelebrada pelo mestre do Tempo da Teologia, Frei Marcos Andrade, e pelo vig\u00e1rio paroquial, Frei Jos\u00e9 Ariovaldo da Silva, nesta ter\u00e7a-feira (9\/02), \u00e0s 18 horas. O ano jubilar vai se estender at\u00e9 9 de fevereiro de 2022.<\/p>\n<p>Obedecendo as normas sanit\u00e1rias, a Santa Missa foi transmitida ao vivo pelo\u00a0<em>Faceboo<\/em>k\u00a0da Par\u00f3quia do Sagrado e contou tamb\u00e9m com a presen\u00e7a de fi\u00e9is, paroquianos, lideran\u00e7as de movimentos e pastorais que lotaram a Igreja do Sagrado.<\/p>\n<p>Frei Jorge iniciou sua homilia explicando que a experi\u00eancia de se celebrar um jubileu\u00a0tem suas origens na Sagrada Escritura, sobretudo no livro do Lev\u00edtico, onde se l\u00ea que a cada 50 anos, \u2018no dia da expia\u00e7\u00e3o\u2019(Lv\u00a025,9), quando a miseric\u00f3rdia do Senhor era invocada sobre todo o povo, o som da trombeta anunciava um grande acontecimento de liberta\u00e7\u00e3o:\u00a0\u2018Ser\u00e1 para voc\u00eas um ano de j\u00fabilo\u2019 (Lv 25,10), citou o celebrante.<\/p>\n<p><img loading=\"lazy\" class=\"alignnone wp-image-230745 size-full\" src=\"https:\/\/franciscanos.org.br\/noticias\/wp-content\/uploads\/2021\/02\/petropolis_02.jpg\" alt=\"\" width=\"1280\" height=\"853\" srcset=\"https:\/\/franciscanos.org.br\/noticias\/wp-content\/uploads\/2021\/02\/petropolis_02.jpg 1280w, https:\/\/franciscanos.org.br\/noticias\/wp-content\/uploads\/2021\/02\/petropolis_02-450x300.jpg 450w, https:\/\/franciscanos.org.br\/noticias\/wp-content\/uploads\/2021\/02\/petropolis_02-1024x682.jpg 1024w, https:\/\/franciscanos.org.br\/noticias\/wp-content\/uploads\/2021\/02\/petropolis_02-768x512.jpg 768w, https:\/\/franciscanos.org.br\/noticias\/wp-content\/uploads\/2021\/02\/petropolis_02-150x100.jpg 150w\" sizes=\"(max-width: 1280px) 100vw, 1280px\" \/><\/p>\n<p>Segundo o frade, o ano jubilar \u00e9 um tempo forte na f\u00e9. \u201cCelebraremos alguns momentos fortes para render gra\u00e7as a Deus pelo caminho de f\u00e9 j\u00e1 trilhado e para nos dispormos mais uma vez \u00e0 inspira\u00e7\u00e3o divina na miss\u00e3o atual da Par\u00f3quia do Sagrado Cora\u00e7\u00e3o de Jesus, no estilo de S\u00e3o Francisco de Assis\u201d, explicou.<\/p>\n<p>Frei Jorge fez ent\u00e3o um resgate hist\u00f3rico e lembrou da celebra\u00e7\u00e3o do cinquenten\u00e1rio da chegada dos franciscanos a Petr\u00f3polis. Recordou que, na ocasi\u00e3o, realizou-se uma campanha durante o m\u00eas de janeiro de \u201ccinquenta mil comunh\u00f5es\u201d, para que um grande n\u00famero de pessoas participasse da eucaristia. \u201cN\u00f3s planejamos uma programa\u00e7\u00e3o espiritual um pouco diferente, mas com um objetivo parecido: mensalmente, na primeira sexta-feira do m\u00eas, celebraremos a \u2018Missa de A\u00e7\u00e3o de Gra\u00e7as pelo Jubileu\u2019\u201d, adiantou.<\/p>\n<p>O p\u00e1roco anunciou tamb\u00e9m que ser\u00e3o celebradas todas as festas dos padroeiros das cinco comunidades da Par\u00f3quia. \u201cA solene liturgia da festa do Sagrado Cora\u00e7\u00e3o de Jesus, celebremos no dia da Dedica\u00e7\u00e3o da Igreja do Sagrado e no dia da instala\u00e7\u00e3o da Par\u00f3quia do Sagrado, em 19 de maio\u201d, acrescentou.<\/p>\n<p><img loading=\"lazy\" class=\"alignnone wp-image-230747 size-full\" src=\"https:\/\/franciscanos.org.br\/noticias\/wp-content\/uploads\/2021\/02\/petropolis_06.jpg\" alt=\"\" width=\"1280\" height=\"1865\" srcset=\"https:\/\/franciscanos.org.br\/noticias\/wp-content\/uploads\/2021\/02\/petropolis_06.jpg 1280w, https:\/\/franciscanos.org.br\/noticias\/wp-content\/uploads\/2021\/02\/petropolis_06-309x450.jpg 309w, https:\/\/franciscanos.org.br\/noticias\/wp-content\/uploads\/2021\/02\/petropolis_06-703x1024.jpg 703w, https:\/\/franciscanos.org.br\/noticias\/wp-content\/uploads\/2021\/02\/petropolis_06-768x1119.jpg 768w, https:\/\/franciscanos.org.br\/noticias\/wp-content\/uploads\/2021\/02\/petropolis_06-1054x1536.jpg 1054w, https:\/\/franciscanos.org.br\/noticias\/wp-content\/uploads\/2021\/02\/petropolis_06-150x219.jpg 150w\" sizes=\"(max-width: 1280px) 100vw, 1280px\" \/><\/p>\n<p>\u201cQue o exemplo de f\u00e9 e desapego dos mission\u00e1rios franciscanos, que deixaram sua terra Natal para servir o povo de Petr\u00f3polis, possa fortalecer nossa f\u00e9 e aumentar nossa disposi\u00e7\u00e3o de servir a Deus e aos irm\u00e3os com generosidade de cora\u00e7\u00e3o! Rendamos gra\u00e7as a Deus pelos 125 anos de presen\u00e7a dos filhos de S\u00e3o Francisco nesta acolhedora cidade de Petr\u00f3polis, que nos tem acompanhado durante tanto tempo e nos deu a gra\u00e7a de aqui colhermos tantos frutos\u201d, disse. \u201cDentre os mais variados benef\u00edcios que recebemos, contamos com a confian\u00e7a e a amizade de tantas pessoas e fam\u00edlias que conosco vivem a f\u00e9 neste lugar aben\u00e7oado que \u00e9 a cidade de Petr\u00f3polis\u201d, destacou.<\/p>\n<p>Para Frei Jorge, ao rememorar a hist\u00f3ria do in\u00edcio da Par\u00f3quia do Sagrado, recorda-se a a\u00e7\u00e3o de Deus na vida de tantas pessoas que sonharam e trabalharam pelo Reino de Deus: \u201cQue neste ano possamos recordar a hist\u00f3ria dos Franciscanos em Petr\u00f3polis e da Par\u00f3quia do Sagrado Cora\u00e7\u00e3o de Jesus nas v\u00e1rias atividades programadas e em nossas conversas com muitos que fazem parte dessa hist\u00f3ria e continuam a escrev\u00ea-la nos dias de hoje. Rendamos gra\u00e7as a Deus por tantos homens e mulheres que foram pedras vivas do edif\u00edcio espiritual que \u00e9 a Igreja, constru\u00edda sobre o fundamento que \u00e9 o pr\u00f3prio Jesus Cristo\u201d.<\/p>\n<p><img loading=\"lazy\" class=\"alignnone wp-image-230748 size-full\" src=\"https:\/\/franciscanos.org.br\/noticias\/wp-content\/uploads\/2021\/02\/petropolis_04.jpg\" alt=\"\" width=\"1280\" height=\"853\" srcset=\"https:\/\/franciscanos.org.br\/noticias\/wp-content\/uploads\/2021\/02\/petropolis_04.jpg 1280w, https:\/\/franciscanos.org.br\/noticias\/wp-content\/uploads\/2021\/02\/petropolis_04-450x300.jpg 450w, https:\/\/franciscanos.org.br\/noticias\/wp-content\/uploads\/2021\/02\/petropolis_04-1024x682.jpg 1024w, https:\/\/franciscanos.org.br\/noticias\/wp-content\/uploads\/2021\/02\/petropolis_04-768x512.jpg 768w, https:\/\/franciscanos.org.br\/noticias\/wp-content\/uploads\/2021\/02\/petropolis_04-150x100.jpg 150w\" sizes=\"(max-width: 1280px) 100vw, 1280px\" \/><\/p>\n<p>\u201cNeste Eucaristia rendamos gra\u00e7as a Deus por tudo de bom que Deus realizou na vida dessa Par\u00f3quia e na vida dos Franciscanos e que o Senhor nos d\u00ea a gra\u00e7a de viver e anunciar o Evangelho de Nosso Senhor Jesus Cristo com intensidade e alegria\u201d, finalizou.<\/p>\n<p>Ap\u00f3s a homilia, a celebra\u00e7\u00e3o teve continuidade com a liturgia eucar\u00edstica. No final, como tradicionalmente acontece em todas as ter\u00e7as-feiras e em muitas Igrejas do mundo, Frei Jorge rezou a ora\u00e7\u00e3o e b\u00ean\u00e7\u00e3o de Santo Ant\u00f4nio e aben\u00e7oou o p\u00e3o dos pobres.<\/p>\n<p><strong>UM POUCO DE HIST\u00d3RIA <\/strong><\/p>\n<p>O guardi\u00e3o e p\u00e1roco do Sagrado, como popularmente \u00e9 conhecido, pautou-se na hist\u00f3ria e fez uma bonita mem\u00f3ria da cria\u00e7\u00e3o da Par\u00f3quia do Sagrado Cora\u00e7\u00e3o de Jesus e da chegada dos franciscanos em Petr\u00f3polis.<\/p>\n<p>No dia 16 de Janeiro de 1896, chegou a Petr\u00f3polis o primeiro grupo de franciscanos vindo da Alemanha, a convite de monsenhor Guidi, para assist\u00eancia espiritual dos emigrantes alem\u00e3es de Petr\u00f3polis (<a href=\"https:\/\/www.youtube.com\/watch?v=rRCmo0Wt1Tc&amp;feature=emb_title\">Veja v\u00eddeo<\/a>). Frei Bas\u00edlio Roewer, assim descreve: \u201cMonsenhor Guidi alugou uma casa nos fundos da igreja, mandou prov\u00ea-la de todo o necess\u00e1rio pelas prestimosas irm\u00e3s do Asilo do Amparo e fixou a inaugura\u00e7\u00e3o da comunidade para depois da chegada da Europa do Arcebispo do Rio de Janeiro, devendo este desembarcar no dia 15 de janeiro de 1896. Monsenhor Guidi fez chamar por telegrama os religiosos que formariam a comunidade. Subiram estes no dia 16 de janeiro e no mesmo dia foi-lhes entregue pelo monsenhor Guidi a casa e assim foi estabelecida a 1\u00aa comunidade dos franciscanos de Petr\u00f3polis. Os primeiros religiosos foram Frei Cir\u00edaco Hielscher, Frei Zeno Walboroehl e o irm\u00e3o leigo Frei Mariano Feldmann\u201d. Frei Cir\u00edaco foi o primeiro guardi\u00e3o <strong>(foto abaixo)<\/strong>.<\/p>\n<p><img loading=\"lazy\" class=\"alignnone wp-image-230749 size-full\" src=\"https:\/\/franciscanos.org.br\/noticias\/wp-content\/uploads\/2021\/02\/Frei-C\u00edriaco-o-primeiro-guarid\u00e3o..jpg\" alt=\"\" width=\"1280\" height=\"756\" srcset=\"https:\/\/franciscanos.org.br\/noticias\/wp-content\/uploads\/2021\/02\/Frei-C\u00edriaco-o-primeiro-guarid\u00e3o..jpg 1280w, https:\/\/franciscanos.org.br\/noticias\/wp-content\/uploads\/2021\/02\/Frei-C\u00edriaco-o-primeiro-guarid\u00e3o.-450x266.jpg 450w, https:\/\/franciscanos.org.br\/noticias\/wp-content\/uploads\/2021\/02\/Frei-C\u00edriaco-o-primeiro-guarid\u00e3o.-1024x605.jpg 1024w, https:\/\/franciscanos.org.br\/noticias\/wp-content\/uploads\/2021\/02\/Frei-C\u00edriaco-o-primeiro-guarid\u00e3o.-768x454.jpg 768w, https:\/\/franciscanos.org.br\/noticias\/wp-content\/uploads\/2021\/02\/Frei-C\u00edriaco-o-primeiro-guarid\u00e3o.-150x89.jpg 150w\" sizes=\"(max-width: 1280px) 100vw, 1280px\" \/><\/p>\n<p>No dia 9 de fevereiro de 1946 foi assinado o decreto de cria\u00e7\u00e3o da Par\u00f3quia do Sagrado Cora\u00e7\u00e3o de Jesus. Na carta do monsenhor Francisco Gentil Costa, endere\u00e7ada ao bispo de Niter\u00f3i, apresentou-se os limites da cria\u00e7\u00e3o da nova par\u00f3quia: \u201cTendo ocorrido em 16 de janeiro deste ano de 1946 o cinquenten\u00e1rio do Convento do Sagrado Cora\u00e7\u00e3o de Jesus dos Padres Franciscanos que no decurso de meio s\u00e9culo tanto trabalharam pela vida espiritual e pela prosperidade de Petr\u00f3polis, [&#8230;] constituem ocorr\u00eancias de ordem hist\u00f3ria motivo ponder\u00e1vel para vossa Excel\u00eancia Reverend\u00edssima, haja por bem, neste ano de 1946, decretar a cria\u00e7\u00e3o da Par\u00f3quia Sagrado Cora\u00e7\u00e3o de Jesus de Petr\u00f3polis\u201d.<\/p>\n<p>No Decreto da cria\u00e7\u00e3o da Par\u00f3quia do Sagrado Cora\u00e7\u00e3o de Jesus, v\u00ea-se Dom Jos\u00e9, bispo diocesano de Niter\u00f3i, atendendo ao pedido de\u00a0 do monsenhor Francisco Gentil Costa. \u201cFaremos saber que atendendo \u00e0s necessidades espirituais dos fi\u00e9is residentes na Par\u00f3quia de S. Pedro de Alc\u00e2ntara de Petr\u00f3polis, cuja popula\u00e7\u00e3o nestes \u00faltimos anos muito tem aumentado e considerando o maior bem espiritual da mesma cumprindo as determina\u00e7\u00f5es eclesi\u00e1sticas, [&#8230;] havemos por bem, pelo presente Nosso Decreto criar, erigir e canonicamente instituir na forma do Direito Can\u00f4nico e costumes leg\u00edtimos da Igreja do Brasil, a nova Par\u00f3quia do Sagrado Cora\u00e7\u00e3o de Jesus de Petr\u00f3polis [&#8230;]. Dado e passado em nossa C\u00faria Episcopal nesta cidade e bispado de Niter\u00f3i, sob nosso sinal e selo da Nossa Chancelaria aos 9 de fevereiro de 1946.<\/p>\n<p><img loading=\"lazy\" class=\"alignnone wp-image-230751 size-full\" src=\"https:\/\/franciscanos.org.br\/noticias\/wp-content\/uploads\/2021\/02\/petropolis_03.jpg\" alt=\"\" width=\"1280\" height=\"853\" srcset=\"https:\/\/franciscanos.org.br\/noticias\/wp-content\/uploads\/2021\/02\/petropolis_03.jpg 1280w, https:\/\/franciscanos.org.br\/noticias\/wp-content\/uploads\/2021\/02\/petropolis_03-450x300.jpg 450w, https:\/\/franciscanos.org.br\/noticias\/wp-content\/uploads\/2021\/02\/petropolis_03-1024x682.jpg 1024w, https:\/\/franciscanos.org.br\/noticias\/wp-content\/uploads\/2021\/02\/petropolis_03-768x512.jpg 768w, https:\/\/franciscanos.org.br\/noticias\/wp-content\/uploads\/2021\/02\/petropolis_03-150x100.jpg 150w\" sizes=\"(max-width: 1280px) 100vw, 1280px\" \/><\/p>\n<p>&nbsp;<\/p>\n<p>Mais tarde, em 10 de maio de 1946, Dom Jos\u00e9, assina a provis\u00e3o de Vig\u00e1rio da Igreja do Sagrado Cora\u00e7\u00e3o de Jesus. \u201cFaremos saber que atendendo n\u00f3s ao bem espiritual dos fi\u00e9is confiado \u00e0 nossa pastoral solicitude e querendo que os fi\u00e9is da Par\u00f3quia do Sagrado Cora\u00e7\u00e3o em Petr\u00f3polis n\u00e3o fiquem por mais tempo privados de pastor que zele por sua eterna salva\u00e7\u00e3o, havemos por bem nomear Vig\u00e1rio da dita Par\u00f3quia o reverendo Frei \u00c1tico Eyng, uma vez que na sua pessoa concorrem letras e qualidades pr\u00f3prias de um guia espiritual e pastor\u201d.<\/p>\n<p>No livro do Tombo da Par\u00f3quia, encontram-se tamb\u00e9m ricos registros escritos pelo monsenhor Gentil sobre a atividade do 1\u00ba Vig\u00e1rio da Par\u00f3quia do Sagrado, atualmente denominado como p\u00e1roco: \u201cA campanha em favor da santifica\u00e7\u00e3o dos domingos e da assist\u00eancia da Santa Missa era a ocupa\u00e7\u00e3o sincera e constante do novo pastor. Reunia as crian\u00e7as da Par\u00f3quia na missa das 8h na matriz fazendo uma pr\u00e1tica adaptada ao audit\u00f3rio. Chegou ao ponto de declarar que 1.500 crian\u00e7as da Par\u00f3quia participaram da missa dominical\u201d.<\/p>\n<p><img loading=\"lazy\" class=\"alignnone wp-image-230750 size-full\" src=\"https:\/\/franciscanos.org.br\/noticias\/wp-content\/uploads\/2021\/02\/petropolis_05.jpg\" alt=\"\" width=\"1280\" height=\"853\" srcset=\"https:\/\/franciscanos.org.br\/noticias\/wp-content\/uploads\/2021\/02\/petropolis_05.jpg 1280w, https:\/\/franciscanos.org.br\/noticias\/wp-content\/uploads\/2021\/02\/petropolis_05-450x300.jpg 450w, https:\/\/franciscanos.org.br\/noticias\/wp-content\/uploads\/2021\/02\/petropolis_05-1024x682.jpg 1024w, https:\/\/franciscanos.org.br\/noticias\/wp-content\/uploads\/2021\/02\/petropolis_05-768x512.jpg 768w, https:\/\/franciscanos.org.br\/noticias\/wp-content\/uploads\/2021\/02\/petropolis_05-150x100.jpg 150w\" sizes=\"(max-width: 1280px) 100vw, 1280px\" \/><\/p>\n<p>Desde 2019, Frei Jorge Paulo Schiavini \u00e9 o 18\u00ba p\u00e1roco da centen\u00e1ria Igreja do Sagrado. Frei \u00c1tico Francisco Eyng foi o primeiro no per\u00edodo de 1946 a 1948. O segundo foi Frei Luiz Gonzaga Costa, de 1948 a1949. Depois vieram:\u00a03\u00ba) Frei Lauro Ostermann (1949-1956); 4\u00ba) Frei Aniceto Krocker (1956-1967); 5\u00ba) Frei Jose Bertoldi (1967-1969); 6\u00ba) Frei Faustino Tomelin (1969-1979); 7\u00ba) Frei Clar\u00eancio Neotti (1980-1982); 8\u00ba) Frei Jos\u00e9 Aussems (1983-1986); 9\u00ba) Frei Luis Dalmago (1986-1989); 10\u00ba) Frei Augusto Koenig (1989-1992); 11\u00ba) Frei Geraldo Freiberg (1992-1995); 12\u00ba) Frei Vitalino Turcato (1995-2000); 13\u00ba) Frei Vitalino Piaia (2000-2007); 14\u00ba) Frei Adriano Freixo Pinto (2007-2012); 15\u00ba) Frei Angelo Jos\u00e9 Luiz (2013-2016); 16\u00ba) Frei C\u00e9sar K\u00fclkamp (2016), atual Ministro Provincial. O antecessor de Frei Jorge foi Frei James Luiz Girardi (17\u00ba), que atuou como p\u00e1roco entre os anos de 2016 a 2018.<\/p>\n<p><strong>PROGRAMA\u00c7\u00c3O<\/strong><\/p>\n<p>V\u00e1rias atividades est\u00e3o previstas para a celebra\u00e7\u00e3o destas duas datas comemorativas. Mensalmente, sempre na 1\u00aa sexta-feira do m\u00eas uma missa de A\u00e7\u00e3o de Gra\u00e7as marcar\u00e1 este tempo forte na f\u00e9. Prev\u00ea-se tamb\u00e9m a realiza\u00e7\u00e3o da \u201cExposi\u00e7\u00e3o Virtual de fotos de Batismos, Ordena\u00e7\u00f5es e de Casamentos\u201d, realizados na Igreja do Sagrado. Al\u00e9m disso, o cronograma prev\u00ea a produ\u00e7\u00e3o de v\u00eddeos sobre a hist\u00f3ria da Par\u00f3quia e da presen\u00e7a franciscana em Petr\u00f3polis; \u00a0o resgate da hist\u00f3ria das comunidades, pastorais, movimentos e servi\u00e7os por meio de texto e imagens e o resgate de acontecimentos hist\u00f3ricos e personalidades que fizeram parte dessa hist\u00f3ria.<\/p>\n<p>\u201cCelebremos no Ano Jubilar a hist\u00f3ria de f\u00e9 dos que nos antecederam, para que com a gra\u00e7a de Deus possamos viver e anunciar o Evangelho de Nosso Senhor Jesus Cristo com intensidade e alegria\u201d, declarou Frei Jorge!<\/p>\n<hr \/>\n<p><em>Frei Augusto Luiz Gabriel<\/em><\/p>\n<hr \/>\n<p>VEJA MAIS IMAGENS DA CELEBRA\u00c7\u00c3O EUCAR\u00cdSTICA<\/p>\n\n\t\t<style type=\"text\/css\">\n\t\t\t#gallery-1 {\n\t\t\t\tmargin: auto;\n\t\t\t}\n\t\t\t#gallery-1 .gallery-item {\n\t\t\t\tfloat: left;\n\t\t\t\tmargin-top: 10px;\n\t\t\t\ttext-align: center;\n\t\t\t\twidth: 20%;\n\t\t\t}\n\t\t\t#gallery-1 img {\n\t\t\t\tborder: 2px solid #cfcfcf;\n\t\t\t}\n\t\t\t#gallery-1 .gallery-caption {\n\t\t\t\tmargin-left: 0;\n\t\t\t}\n\t\t\t\/* see gallery_shortcode() in wp-includes\/media.php *\/\n\t\t<\/style>\n\t\t<div id='gallery-1' class='gallery galleryid-230743 gallery-columns-5 gallery-size-thumbnail'><dl class='gallery-item'>\n\t\t\t<dt class='gallery-icon landscape'>\n\t\t\t\t<a href='https:\/\/franciscanos.org.br\/noticias\/wp-content\/uploads\/2021\/02\/jubileu.jpg'><img width=\"300\" height=\"300\" src=\"https:\/\/franciscanos.org.br\/noticias\/wp-content\/uploads\/2021\/02\/jubileu-300x300.jpg\" class=\"attachment-thumbnail size-thumbnail\" alt=\"\" loading=\"lazy\" srcset=\"https:\/\/franciscanos.org.br\/noticias\/wp-content\/uploads\/2021\/02\/jubileu-300x300.jpg 300w, https:\/\/franciscanos.org.br\/noticias\/wp-content\/uploads\/2021\/02\/jubileu-100x100.jpg 100w\" sizes=\"(max-width: 300px) 100vw, 300px\" \/><\/a>\n\t\t\t<\/dt><\/dl><dl class='gallery-item'>\n\t\t\t<dt class='gallery-icon landscape'>\n\t\t\t\t<a href='https:\/\/franciscanos.org.br\/noticias\/wp-content\/uploads\/2021\/02\/jubileu-2.jpg'><img width=\"300\" height=\"300\" src=\"https:\/\/franciscanos.org.br\/noticias\/wp-content\/uploads\/2021\/02\/jubileu-2-300x300.jpg\" class=\"attachment-thumbnail size-thumbnail\" alt=\"\" loading=\"lazy\" srcset=\"https:\/\/franciscanos.org.br\/noticias\/wp-content\/uploads\/2021\/02\/jubileu-2-300x300.jpg 300w, https:\/\/franciscanos.org.br\/noticias\/wp-content\/uploads\/2021\/02\/jubileu-2-100x100.jpg 100w\" sizes=\"(max-width: 300px) 100vw, 300px\" \/><\/a>\n\t\t\t<\/dt><\/dl><dl class='gallery-item'>\n\t\t\t<dt class='gallery-icon landscape'>\n\t\t\t\t<a href='https:\/\/franciscanos.org.br\/noticias\/wp-content\/uploads\/2021\/02\/jubileu-3.jpg'><img width=\"300\" height=\"300\" src=\"https:\/\/franciscanos.org.br\/noticias\/wp-content\/uploads\/2021\/02\/jubileu-3-300x300.jpg\" class=\"attachment-thumbnail size-thumbnail\" alt=\"\" loading=\"lazy\" srcset=\"https:\/\/franciscanos.org.br\/noticias\/wp-content\/uploads\/2021\/02\/jubileu-3-300x300.jpg 300w, https:\/\/franciscanos.org.br\/noticias\/wp-content\/uploads\/2021\/02\/jubileu-3-100x100.jpg 100w\" sizes=\"(max-width: 300px) 100vw, 300px\" \/><\/a>\n\t\t\t<\/dt><\/dl><dl class='gallery-item'>\n\t\t\t<dt class='gallery-icon landscape'>\n\t\t\t\t<a href='https:\/\/franciscanos.org.br\/noticias\/wp-content\/uploads\/2021\/02\/jubileu-4.jpg'><img width=\"300\" height=\"300\" src=\"https:\/\/franciscanos.org.br\/noticias\/wp-content\/uploads\/2021\/02\/jubileu-4-300x300.jpg\" class=\"attachment-thumbnail size-thumbnail\" alt=\"\" loading=\"lazy\" srcset=\"https:\/\/franciscanos.org.br\/noticias\/wp-content\/uploads\/2021\/02\/jubileu-4-300x300.jpg 300w, https:\/\/franciscanos.org.br\/noticias\/wp-content\/uploads\/2021\/02\/jubileu-4-100x100.jpg 100w\" sizes=\"(max-width: 300px) 100vw, 300px\" \/><\/a>\n\t\t\t<\/dt><\/dl><dl class='gallery-item'>\n\t\t\t<dt class='gallery-icon landscape'>\n\t\t\t\t<a href='https:\/\/franciscanos.org.br\/noticias\/wp-content\/uploads\/2021\/02\/jubileu-5.jpg'><img width=\"300\" height=\"300\" src=\"https:\/\/franciscanos.org.br\/noticias\/wp-content\/uploads\/2021\/02\/jubileu-5-300x300.jpg\" class=\"attachment-thumbnail size-thumbnail\" alt=\"\" loading=\"lazy\" srcset=\"https:\/\/franciscanos.org.br\/noticias\/wp-content\/uploads\/2021\/02\/jubileu-5-300x300.jpg 300w, https:\/\/franciscanos.org.br\/noticias\/wp-content\/uploads\/2021\/02\/jubileu-5-100x100.jpg 100w\" sizes=\"(max-width: 300px) 100vw, 300px\" \/><\/a>\n\t\t\t<\/dt><\/dl><br style=\"clear: both\" \/><dl class='gallery-item'>\n\t\t\t<dt class='gallery-icon landscape'>\n\t\t\t\t<a href='https:\/\/franciscanos.org.br\/noticias\/wp-content\/uploads\/2021\/02\/jubileu-6.jpg'><img width=\"300\" height=\"300\" src=\"https:\/\/franciscanos.org.br\/noticias\/wp-content\/uploads\/2021\/02\/jubileu-6-300x300.jpg\" class=\"attachment-thumbnail size-thumbnail\" alt=\"\" loading=\"lazy\" srcset=\"https:\/\/franciscanos.org.br\/noticias\/wp-content\/uploads\/2021\/02\/jubileu-6-300x300.jpg 300w, https:\/\/franciscanos.org.br\/noticias\/wp-content\/uploads\/2021\/02\/jubileu-6-100x100.jpg 100w\" sizes=\"(max-width: 300px) 100vw, 300px\" \/><\/a>\n\t\t\t<\/dt><\/dl><dl class='gallery-item'>\n\t\t\t<dt class='gallery-icon landscape'>\n\t\t\t\t<a href='https:\/\/franciscanos.org.br\/noticias\/wp-content\/uploads\/2021\/02\/jubileu-7.jpg'><img width=\"300\" height=\"300\" src=\"https:\/\/franciscanos.org.br\/noticias\/wp-content\/uploads\/2021\/02\/jubileu-7-300x300.jpg\" class=\"attachment-thumbnail size-thumbnail\" alt=\"\" loading=\"lazy\" srcset=\"https:\/\/franciscanos.org.br\/noticias\/wp-content\/uploads\/2021\/02\/jubileu-7-300x300.jpg 300w, https:\/\/franciscanos.org.br\/noticias\/wp-content\/uploads\/2021\/02\/jubileu-7-100x100.jpg 100w\" sizes=\"(max-width: 300px) 100vw, 300px\" \/><\/a>\n\t\t\t<\/dt><\/dl><dl class='gallery-item'>\n\t\t\t<dt class='gallery-icon landscape'>\n\t\t\t\t<a href='https:\/\/franciscanos.org.br\/noticias\/wp-content\/uploads\/2021\/02\/jubileu-8.jpg'><img width=\"300\" height=\"300\" src=\"https:\/\/franciscanos.org.br\/noticias\/wp-content\/uploads\/2021\/02\/jubileu-8-300x300.jpg\" class=\"attachment-thumbnail size-thumbnail\" alt=\"\" loading=\"lazy\" srcset=\"https:\/\/franciscanos.org.br\/noticias\/wp-content\/uploads\/2021\/02\/jubileu-8-300x300.jpg 300w, https:\/\/franciscanos.org.br\/noticias\/wp-content\/uploads\/2021\/02\/jubileu-8-100x100.jpg 100w\" sizes=\"(max-width: 300px) 100vw, 300px\" \/><\/a>\n\t\t\t<\/dt><\/dl><dl class='gallery-item'>\n\t\t\t<dt class='gallery-icon landscape'>\n\t\t\t\t<a href='https:\/\/franciscanos.org.br\/noticias\/wp-content\/uploads\/2021\/02\/jubileu-9.jpg'><img width=\"300\" height=\"300\" src=\"https:\/\/franciscanos.org.br\/noticias\/wp-content\/uploads\/2021\/02\/jubileu-9-300x300.jpg\" class=\"attachment-thumbnail size-thumbnail\" alt=\"\" loading=\"lazy\" srcset=\"https:\/\/franciscanos.org.br\/noticias\/wp-content\/uploads\/2021\/02\/jubileu-9-300x300.jpg 300w, https:\/\/franciscanos.org.br\/noticias\/wp-content\/uploads\/2021\/02\/jubileu-9-100x100.jpg 100w\" sizes=\"(max-width: 300px) 100vw, 300px\" \/><\/a>\n\t\t\t<\/dt><\/dl><dl class='gallery-item'>\n\t\t\t<dt class='gallery-icon landscape'>\n\t\t\t\t<a href='https:\/\/franciscanos.org.br\/noticias\/wp-content\/uploads\/2021\/02\/jubileu-10.jpg'><img width=\"300\" height=\"300\" src=\"https:\/\/franciscanos.org.br\/noticias\/wp-content\/uploads\/2021\/02\/jubileu-10-300x300.jpg\" class=\"attachment-thumbnail size-thumbnail\" alt=\"\" loading=\"lazy\" srcset=\"https:\/\/franciscanos.org.br\/noticias\/wp-content\/uploads\/2021\/02\/jubileu-10-300x300.jpg 300w, https:\/\/franciscanos.org.br\/noticias\/wp-content\/uploads\/2021\/02\/jubileu-10-100x100.jpg 100w\" sizes=\"(max-width: 300px) 100vw, 300px\" \/><\/a>\n\t\t\t<\/dt><\/dl><br style=\"clear: both\" \/>\n\t\t<\/div>\n\n","protected":false},"excerpt":{"rendered":"<p>Jubileu na Par\u00f3quia do Sagrado<\/p>\n","protected":false},"author":3,"featured_media":230746,"comment_status":"open","ping_status":"open","sticky":false,"template":"","format":"standard","meta":[],"categories":[1],"tags":[1766,190],"acf":[],"yoast_head":"<!-- This site is optimized with the Yoast SEO plugin v19.2 - https:\/\/yoast.com\/wordpress\/plugins\/seo\/ -->\n<title>Par\u00f3quia do Sagrado celebra jubileu de 75 anos em 125 anos de presen\u00e7a franciscana em Petr\u00f3polis - Not\u00edcias - Franciscanos<\/title>\n<meta name=\"robots\" content=\"index, follow, max-snippet:-1, max-image-preview:large, max-video-preview:-1\" \/>\n<link rel=\"canonical\" href=\"https:\/\/franciscanos.org.br\/noticias\/paroquia-do-sagrado-celebra-jubileu-de-75-anos-em-125-anos-de-presenca-franciscana-em-petropolis.html\" \/>\n<meta property=\"og:locale\" content=\"pt_BR\" \/>\n<meta property=\"og:type\" content=\"article\" \/>\n<meta property=\"og:title\" content=\"Par\u00f3quia do Sagrado celebra jubileu de 75 anos em 125 anos de presen\u00e7a franciscana em Petr\u00f3polis - Not\u00edcias - Franciscanos\" \/>\n<meta property=\"og:description\" content=\"Jubileu na Par\u00f3quia do Sagrado\" \/>\n<meta property=\"og:url\" content=\"https:\/\/franciscanos.org.br\/noticias\/paroquia-do-sagrado-celebra-jubileu-de-75-anos-em-125-anos-de-presenca-franciscana-em-petropolis.html\" \/>\n<meta property=\"og:site_name\" content=\"Not\u00edcias - Franciscanos\" \/>\n<meta property=\"article:published_time\" content=\"2021-02-09T23:34:52+00:00\" \/>\n<meta property=\"article:modified_time\" content=\"2021-02-10T00:28:08+00:00\" \/>\n<meta property=\"og:image\" content=\"https:\/\/franciscanos.org.br\/noticias\/wp-content\/uploads\/2021\/02\/petropolis_01d.jpg\" \/>\n\t<meta property=\"og:image:width\" content=\"800\" \/>\n\t<meta property=\"og:image:height\" content=\"600\" \/>\n\t<meta property=\"og:image:type\" content=\"image\/jpeg\" \/>\n<meta name=\"author\" content=\"moacir\" \/>\n<meta name=\"twitter:card\" content=\"summary_large_image\" \/>\n<meta name=\"twitter:label1\" content=\"Escrito por\" \/>\n\t<meta name=\"twitter:data1\" content=\"moacir\" \/>\n\t<meta name=\"twitter:label2\" content=\"Est. tempo de leitura\" \/>\n\t<meta name=\"twitter:data2\" content=\"9 minutos\" \/>\n<script type=\"application\/ld+json\" class=\"yoast-schema-graph\">{\"@context\":\"https:\/\/schema.org\",\"@graph\":[{\"@type\":\"WebSite\",\"@id\":\"https:\/\/franciscanos.org.br\/noticias\/#website\",\"url\":\"https:\/\/franciscanos.org.br\/noticias\/\",\"name\":\"Not\u00edcias - Franciscanos\",\"description\":\"Prov\u00edncia Franciscana da Imaculada Concei\u00e7\u00e3o do Brasil - Ordem dos Frades Menores - OFM\",\"potentialAction\":[{\"@type\":\"SearchAction\",\"target\":{\"@type\":\"EntryPoint\",\"urlTemplate\":\"https:\/\/franciscanos.org.br\/noticias\/?s={search_term_string}\"},\"query-input\":\"required name=search_term_string\"}],\"inLanguage\":\"pt-BR\"},{\"@type\":\"ImageObject\",\"inLanguage\":\"pt-BR\",\"@id\":\"https:\/\/franciscanos.org.br\/noticias\/paroquia-do-sagrado-celebra-jubileu-de-75-anos-em-125-anos-de-presenca-franciscana-em-petropolis.html#primaryimage\",\"url\":\"https:\/\/franciscanos.org.br\/noticias\/wp-content\/uploads\/2021\/02\/petropolis_01d.jpg\",\"contentUrl\":\"https:\/\/franciscanos.org.br\/noticias\/wp-content\/uploads\/2021\/02\/petropolis_01d.jpg\",\"width\":800,\"height\":600},{\"@type\":\"WebPage\",\"@id\":\"https:\/\/franciscanos.org.br\/noticias\/paroquia-do-sagrado-celebra-jubileu-de-75-anos-em-125-anos-de-presenca-franciscana-em-petropolis.html#webpage\",\"url\":\"https:\/\/franciscanos.org.br\/noticias\/paroquia-do-sagrado-celebra-jubileu-de-75-anos-em-125-anos-de-presenca-franciscana-em-petropolis.html\",\"name\":\"Par\u00f3quia do Sagrado celebra jubileu de 75 anos em 125 anos de presen\u00e7a franciscana em Petr\u00f3polis - Not\u00edcias - Franciscanos\",\"isPartOf\":{\"@id\":\"https:\/\/franciscanos.org.br\/noticias\/#website\"},\"primaryImageOfPage\":{\"@id\":\"https:\/\/franciscanos.org.br\/noticias\/paroquia-do-sagrado-celebra-jubileu-de-75-anos-em-125-anos-de-presenca-franciscana-em-petropolis.html#primaryimage\"},\"datePublished\":\"2021-02-09T23:34:52+00:00\",\"dateModified\":\"2021-02-10T00:28:08+00:00\",\"author\":{\"@id\":\"https:\/\/franciscanos.org.br\/noticias\/#\/schema\/person\/b5c8cba458c330ccff548b056e95a5d4\"},\"breadcrumb\":{\"@id\":\"https:\/\/franciscanos.org.br\/noticias\/paroquia-do-sagrado-celebra-jubileu-de-75-anos-em-125-anos-de-presenca-franciscana-em-petropolis.html#breadcrumb\"},\"inLanguage\":\"pt-BR\",\"potentialAction\":[{\"@type\":\"ReadAction\",\"target\":[\"https:\/\/franciscanos.org.br\/noticias\/paroquia-do-sagrado-celebra-jubileu-de-75-anos-em-125-anos-de-presenca-franciscana-em-petropolis.html\"]}]},{\"@type\":\"BreadcrumbList\",\"@id\":\"https:\/\/franciscanos.org.br\/noticias\/paroquia-do-sagrado-celebra-jubileu-de-75-anos-em-125-anos-de-presenca-franciscana-em-petropolis.html#breadcrumb\",\"itemListElement\":[{\"@type\":\"ListItem\",\"position\":1,\"name\":\"Home\",\"item\":\"https:\/\/franciscanos.org.br\/noticias\"},{\"@type\":\"ListItem\",\"position\":2,\"name\":\"Par\u00f3quia do Sagrado celebra jubileu de 75 anos em 125 anos de presen\u00e7a franciscana em Petr\u00f3polis\"}]},{\"@type\":\"Person\",\"@id\":\"https:\/\/franciscanos.org.br\/noticias\/#\/schema\/person\/b5c8cba458c330ccff548b056e95a5d4\",\"name\":\"moacir\",\"image\":{\"@type\":\"ImageObject\",\"inLanguage\":\"pt-BR\",\"@id\":\"https:\/\/franciscanos.org.br\/noticias\/#\/schema\/person\/image\/\",\"url\":\"https:\/\/secure.gravatar.com\/avatar\/d08aa2ce4c8dd416d4479aa8536fcf64?s=96&d=mm&r=g\",\"contentUrl\":\"https:\/\/secure.gravatar.com\/avatar\/d08aa2ce4c8dd416d4479aa8536fcf64?s=96&d=mm&r=g\",\"caption\":\"moacir\"},\"url\":\"https:\/\/franciscanos.org.br\/noticias\/author\/moacir\"}]}<\/script>\n<!-- \/ Yoast SEO plugin. -->","yoast_head_json":{"title":"Par\u00f3quia do Sagrado celebra jubileu de 75 anos em 125 anos de presen\u00e7a franciscana em Petr\u00f3polis - Not\u00edcias - Franciscanos","robots":{"index":"index","follow":"follow","max-snippet":"max-snippet:-1","max-image-preview":"max-image-preview:large","max-video-preview":"max-video-preview:-1"},"canonical":"https:\/\/franciscanos.org.br\/noticias\/paroquia-do-sagrado-celebra-jubileu-de-75-anos-em-125-anos-de-presenca-franciscana-em-petropolis.html","og_locale":"pt_BR","og_type":"article","og_title":"Par\u00f3quia do Sagrado celebra jubileu de 75 anos em 125 anos de presen\u00e7a franciscana em Petr\u00f3polis - Not\u00edcias - Franciscanos","og_description":"Jubileu na Par\u00f3quia do Sagrado","og_url":"https:\/\/franciscanos.org.br\/noticias\/paroquia-do-sagrado-celebra-jubileu-de-75-anos-em-125-anos-de-presenca-franciscana-em-petropolis.html","og_site_name":"Not\u00edcias - Franciscanos","article_published_time":"2021-02-09T23:34:52+00:00","article_modified_time":"2021-02-10T00:28:08+00:00","og_image":[{"width":800,"height":600,"url":"https:\/\/franciscanos.org.br\/noticias\/wp-content\/uploads\/2021\/02\/petropolis_01d.jpg","type":"image\/jpeg"}],"author":"moacir","twitter_card":"summary_large_image","twitter_misc":{"Escrito por":"moacir","Est. tempo de leitura":"9 minutos"},"schema":{"@context":"https:\/\/schema.org","@graph":[{"@type":"WebSite","@id":"https:\/\/franciscanos.org.br\/noticias\/#website","url":"https:\/\/franciscanos.org.br\/noticias\/","name":"Not\u00edcias - Franciscanos","description":"Prov\u00edncia Franciscana da Imaculada Concei\u00e7\u00e3o do Brasil - Ordem dos Frades Menores - OFM","potentialAction":[{"@type":"SearchAction","target":{"@type":"EntryPoint","urlTemplate":"https:\/\/franciscanos.org.br\/noticias\/?s={search_term_string}"},"query-input":"required name=search_term_string"}],"inLanguage":"pt-BR"},{"@type":"ImageObject","inLanguage":"pt-BR","@id":"https:\/\/franciscanos.org.br\/noticias\/paroquia-do-sagrado-celebra-jubileu-de-75-anos-em-125-anos-de-presenca-franciscana-em-petropolis.html#primaryimage","url":"https:\/\/franciscanos.org.br\/noticias\/wp-content\/uploads\/2021\/02\/petropolis_01d.jpg","contentUrl":"https:\/\/franciscanos.org.br\/noticias\/wp-content\/uploads\/2021\/02\/petropolis_01d.jpg","width":800,"height":600},{"@type":"WebPage","@id":"https:\/\/franciscanos.org.br\/noticias\/paroquia-do-sagrado-celebra-jubileu-de-75-anos-em-125-anos-de-presenca-franciscana-em-petropolis.html#webpage","url":"https:\/\/franciscanos.org.br\/noticias\/paroquia-do-sagrado-celebra-jubileu-de-75-anos-em-125-anos-de-presenca-franciscana-em-petropolis.html","name":"Par\u00f3quia do Sagrado celebra jubileu de 75 anos em 125 anos de presen\u00e7a franciscana em Petr\u00f3polis - Not\u00edcias - Franciscanos","isPartOf":{"@id":"https:\/\/franciscanos.org.br\/noticias\/#website"},"primaryImageOfPage":{"@id":"https:\/\/franciscanos.org.br\/noticias\/paroquia-do-sagrado-celebra-jubileu-de-75-anos-em-125-anos-de-presenca-franciscana-em-petropolis.html#primaryimage"},"datePublished":"2021-02-09T23:34:52+00:00","dateModified":"2021-02-10T00:28:08+00:00","author":{"@id":"https:\/\/franciscanos.org.br\/noticias\/#\/schema\/person\/b5c8cba458c330ccff548b056e95a5d4"},"breadcrumb":{"@id":"https:\/\/franciscanos.org.br\/noticias\/paroquia-do-sagrado-celebra-jubileu-de-75-anos-em-125-anos-de-presenca-franciscana-em-petropolis.html#breadcrumb"},"inLanguage":"pt-BR","potentialAction":[{"@type":"ReadAction","target":["https:\/\/franciscanos.org.br\/noticias\/paroquia-do-sagrado-celebra-jubileu-de-75-anos-em-125-anos-de-presenca-franciscana-em-petropolis.html"]}]},{"@type":"BreadcrumbList","@id":"https:\/\/franciscanos.org.br\/noticias\/paroquia-do-sagrado-celebra-jubileu-de-75-anos-em-125-anos-de-presenca-franciscana-em-petropolis.html#breadcrumb","itemListElement":[{"@type":"ListItem","position":1,"name":"Home","item":"https:\/\/franciscanos.org.br\/noticias"},{"@type":"ListItem","position":2,"name":"Par\u00f3quia do Sagrado celebra jubileu de 75 anos em 125 anos de presen\u00e7a franciscana em Petr\u00f3polis"}]},{"@type":"Person","@id":"https:\/\/franciscanos.org.br\/noticias\/#\/schema\/person\/b5c8cba458c330ccff548b056e95a5d4","name":"moacir","image":{"@type":"ImageObject","inLanguage":"pt-BR","@id":"https:\/\/franciscanos.org.br\/noticias\/#\/schema\/person\/image\/","url":"https:\/\/secure.gravatar.com\/avatar\/d08aa2ce4c8dd416d4479aa8536fcf64?s=96&d=mm&r=g","contentUrl":"https:\/\/secure.gravatar.com\/avatar\/d08aa2ce4c8dd416d4479aa8536fcf64?s=96&d=mm&r=g","caption":"moacir"},"url":"https:\/\/franciscanos.org.br\/noticias\/author\/moacir"}]}},"_links":{"self":[{"href":"https:\/\/franciscanos.org.br\/noticias\/wp-json\/wp\/v2\/posts\/230743"}],"collection":[{"href":"https:\/\/franciscanos.org.br\/noticias\/wp-json\/wp\/v2\/posts"}],"about":[{"href":"https:\/\/franciscanos.org.br\/noticias\/wp-json\/wp\/v2\/types\/post"}],"author":[{"embeddable":true,"href":"https:\/\/franciscanos.org.br\/noticias\/wp-json\/wp\/v2\/users\/3"}],"replies":[{"embeddable":true,"href":"https:\/\/franciscanos.org.br\/noticias\/wp-json\/wp\/v2\/comments?post=230743"}],"version-history":[{"count":3,"href":"https:\/\/franciscanos.org.br\/noticias\/wp-json\/wp\/v2\/posts\/230743\/revisions"}],"predecessor-version":[{"id":230764,"href":"https:\/\/franciscanos.org.br\/noticias\/wp-json\/wp\/v2\/posts\/230743\/revisions\/230764"}],"wp:featuredmedia":[{"embeddable":true,"href":"https:\/\/franciscanos.org.br\/noticias\/wp-json\/wp\/v2\/media\/230746"}],"wp:attachment":[{"href":"https:\/\/franciscanos.org.br\/noticias\/wp-json\/wp\/v2\/media?parent=230743"}],"wp:term":[{"taxonomy":"category","embeddable":true,"href":"https:\/\/franciscanos.org.br\/noticias\/wp-json\/wp\/v2\/categories?post=230743"},{"taxonomy":"post_tag","embeddable":true,"href":"https:\/\/franciscanos.org.br\/noticias\/wp-json\/wp\/v2\/tags?post=230743"}],"curies":[{"name":"wp","href":"https:\/\/api.w.org\/{rel}","templated":true}]}}