{"id":230730,"date":"2021-02-09T07:57:59","date_gmt":"2021-02-09T10:57:59","guid":{"rendered":"https:\/\/franciscanos.org.br\/noticias\/?p=230730"},"modified":"2021-02-09T07:57:59","modified_gmt":"2021-02-09T10:57:59","slug":"viagem-apostolica-do-papa-ao-iraque-o-programa","status":"publish","type":"post","link":"https:\/\/franciscanos.org.br\/noticias\/viagem-apostolica-do-papa-ao-iraque-o-programa.html","title":{"rendered":"Viagem Apost\u00f3lica do Papa ao Iraque: o programa"},"content":{"rendered":"<p><img loading=\"lazy\" class=\"alignnone size-full wp-image-230731\" src=\"https:\/\/franciscanos.org.br\/noticias\/wp-content\/uploads\/2021\/02\/papa_09.jpg\" alt=\"\" width=\"1280\" height=\"720\" srcset=\"https:\/\/franciscanos.org.br\/noticias\/wp-content\/uploads\/2021\/02\/papa_09.jpg 1280w, https:\/\/franciscanos.org.br\/noticias\/wp-content\/uploads\/2021\/02\/papa_09-450x253.jpg 450w, https:\/\/franciscanos.org.br\/noticias\/wp-content\/uploads\/2021\/02\/papa_09-1024x576.jpg 1024w, https:\/\/franciscanos.org.br\/noticias\/wp-content\/uploads\/2021\/02\/papa_09-768x432.jpg 768w, https:\/\/franciscanos.org.br\/noticias\/wp-content\/uploads\/2021\/02\/papa_09-150x84.jpg 150w\" sizes=\"(max-width: 1280px) 100vw, 1280px\" \/><\/p>\n<p>O Papa Francisco far\u00e1 sua 33\u00aa Viagem Apost\u00f3lica fora da It\u00e1lia e a primeira p\u00f3s-pandemia, de 5 a 8 de mar\u00e7o o Pont\u00edfice ir\u00e1 ao Iraque. A Sala de Imprensa da Santa S\u00e9 publicou o programa da viagem que prev\u00ea v\u00e1rios encontros e deslocamentos no pa\u00eds.<\/p>\n<p>Na sexta-feira, dia 5 o Santo Padre parte de Roma rumo a Bagd\u00e1. Ao chegar \u00e0 capital est\u00e1 prevista a cerim\u00f4nia de acolhida oficial no Aeroporto da cidade e o encontro com o primeiro-ministro. Em seguida o Papa tem dois encontros oficiais no Pal\u00e1cio Presidencial de Bagd\u00e1: um com o Presidente da Rep\u00fablica e outro com as Autoridades, a Sociedade Civil e o Corpo Diplom\u00e1tico. No mesmo dia, na parte da tarde, Francisco encontra os bispos, sacerdotes, religiosos e religiosas, seminaristas e catequistas na Catedral S\u00edrio-Cat\u00f3lica de \u201cNossa Senhora da Salva\u00e7\u00e3o\u201d.<\/p>\n<p>No s\u00e1bado, dia 6 de mar\u00e7o na parte da manh\u00e3 o Papa parte de avi\u00e3o para Najaf onde encontra o Gr\u00e3o-Aiatol\u00e1 Sayyd Ali Al-Husaymi Al-Sistani. Em seguida segue sua viagem de avi\u00e3o para Nassiriya onde participa na Plan\u00edcie de Ur de um encontro Inter-religioso, est\u00e1 previsto um discurso do Santo Padre. Logo depois retorna de avi\u00e3o para Bagd\u00e1.<\/p>\n<p>Na tarde de s\u00e1bado o Papa celebra a Santa Missa na Catedral caldeia de \u201cS\u00e3o Jos\u00e9\u201d em Bagd\u00e1.<\/p>\n<p>A programa para domingo, dia 7 de mar\u00e7o inicia com uma viagem a Erbil de avi\u00e3o. Na regi\u00e3o aut\u00f4noma do Curdist\u00e3o Iraquiano o Papa encontra autoridades civis e religiosas no aeroporto local. Em seguida de helic\u00f3ptero vai a Mosul. Na Pra\u00e7a da igreja de Mosul o Papa faz uma Ora\u00e7\u00e3o de Sufr\u00e1gio pelas v\u00edtimas da Guerra. A pr\u00f3xima etapa da manh\u00e3 de domingo \u00e9 Qaraqosh. Em Qaraqosh o Papa encontra a comunidade na igreja da \u201cImaculada Concei\u00e7\u00e3o\u201d faz um discurso aos presentes e reza o Angelus.<\/p>\n<p>Na parte da tarde, de helic\u00f3ptero, dirige-se a Erbil no Est\u00e1dio \u201cFranso Hariri\u201d para celebrar a Santa Missa. Depois da celebra\u00e7\u00e3o o Papa retorna a Bagd\u00e1.<\/p>\n<p>No \u00faltimo dia da sua visita, na manh\u00e3 de segunda-feira dia 8 de mar\u00e7o, Francisco participa da cerim\u00f4nia de despedida no Aeroporto de Bagd\u00e1 e em seguida volta a Roma.<\/p>\n<p><strong>Lema e logotipo da viagem<\/strong><br \/>\n&#8220;Sois todos irm\u00e3os&#8221;. Este \u00e9 o lema &#8211; extra\u00eddo do Evangelho de Mateus &#8211; da visita de Francisco ao Iraque, cujo logotipo mostra o Papa no gesto de sauda\u00e7\u00e3o ao pa\u00eds, representado no mapa e por seus s\u00edmbolos, a palmeira e os rios Tigre e Eufrates. O logotipo tamb\u00e9m mostra uma pomba branca, em seu bico um ramo de oliveira, s\u00edmbolo de paz, voando sobre as bandeiras da Santa S\u00e9 e da Rep\u00fablica do Iraque. Acima da imagem est\u00e1 o lema da visita em \u00e1rabe, curdo e caldeu.<\/p>\n<hr \/>\n<p><em>Fonte: Vatican News<\/em><\/p>\n","protected":false},"excerpt":{"rendered":"<p>33\u00aa Viagem Apost\u00f3lica<\/p>\n","protected":false},"author":3,"featured_media":230732,"comment_status":"open","ping_status":"open","sticky":false,"template":"","format":"standard","meta":[],"categories":[1428],"tags":[1140],"acf":[],"yoast_head":"<!-- This site is optimized with the Yoast SEO plugin v19.2 - https:\/\/yoast.com\/wordpress\/plugins\/seo\/ -->\n<title>Viagem Apost\u00f3lica do Papa ao Iraque: o programa - Not\u00edcias - Franciscanos<\/title>\n<meta name=\"robots\" content=\"index, follow, max-snippet:-1, max-image-preview:large, max-video-preview:-1\" \/>\n<link rel=\"canonical\" href=\"https:\/\/franciscanos.org.br\/noticias\/viagem-apostolica-do-papa-ao-iraque-o-programa.html\" \/>\n<meta property=\"og:locale\" content=\"pt_BR\" \/>\n<meta property=\"og:type\" content=\"article\" \/>\n<meta property=\"og:title\" content=\"Viagem Apost\u00f3lica do Papa ao Iraque: o programa - Not\u00edcias - Franciscanos\" \/>\n<meta property=\"og:description\" content=\"33\u00aa Viagem Apost\u00f3lica\" \/>\n<meta property=\"og:url\" content=\"https:\/\/franciscanos.org.br\/noticias\/viagem-apostolica-do-papa-ao-iraque-o-programa.html\" \/>\n<meta property=\"og:site_name\" content=\"Not\u00edcias - Franciscanos\" \/>\n<meta property=\"article:published_time\" content=\"2021-02-09T10:57:59+00:00\" \/>\n<meta property=\"og:image\" content=\"https:\/\/franciscanos.org.br\/noticias\/wp-content\/uploads\/2021\/02\/papa_09d.jpg\" \/>\n\t<meta property=\"og:image:width\" content=\"800\" \/>\n\t<meta property=\"og:image:height\" content=\"600\" \/>\n\t<meta property=\"og:image:type\" content=\"image\/jpeg\" \/>\n<meta name=\"author\" content=\"moacir\" \/>\n<meta name=\"twitter:card\" content=\"summary_large_image\" \/>\n<meta name=\"twitter:label1\" content=\"Escrito por\" \/>\n\t<meta name=\"twitter:data1\" content=\"moacir\" \/>\n\t<meta name=\"twitter:label2\" content=\"Est. tempo de leitura\" \/>\n\t<meta name=\"twitter:data2\" content=\"2 minutos\" \/>\n<script type=\"application\/ld+json\" class=\"yoast-schema-graph\">{\"@context\":\"https:\/\/schema.org\",\"@graph\":[{\"@type\":\"WebSite\",\"@id\":\"https:\/\/franciscanos.org.br\/noticias\/#website\",\"url\":\"https:\/\/franciscanos.org.br\/noticias\/\",\"name\":\"Not\u00edcias - Franciscanos\",\"description\":\"Prov\u00edncia Franciscana da Imaculada Concei\u00e7\u00e3o do Brasil - Ordem dos Frades Menores - OFM\",\"potentialAction\":[{\"@type\":\"SearchAction\",\"target\":{\"@type\":\"EntryPoint\",\"urlTemplate\":\"https:\/\/franciscanos.org.br\/noticias\/?s={search_term_string}\"},\"query-input\":\"required name=search_term_string\"}],\"inLanguage\":\"pt-BR\"},{\"@type\":\"ImageObject\",\"inLanguage\":\"pt-BR\",\"@id\":\"https:\/\/franciscanos.org.br\/noticias\/viagem-apostolica-do-papa-ao-iraque-o-programa.html#primaryimage\",\"url\":\"https:\/\/franciscanos.org.br\/noticias\/wp-content\/uploads\/2021\/02\/papa_09d.jpg\",\"contentUrl\":\"https:\/\/franciscanos.org.br\/noticias\/wp-content\/uploads\/2021\/02\/papa_09d.jpg\",\"width\":800,\"height\":600},{\"@type\":\"WebPage\",\"@id\":\"https:\/\/franciscanos.org.br\/noticias\/viagem-apostolica-do-papa-ao-iraque-o-programa.html#webpage\",\"url\":\"https:\/\/franciscanos.org.br\/noticias\/viagem-apostolica-do-papa-ao-iraque-o-programa.html\",\"name\":\"Viagem Apost\u00f3lica do Papa ao Iraque: o programa - Not\u00edcias - Franciscanos\",\"isPartOf\":{\"@id\":\"https:\/\/franciscanos.org.br\/noticias\/#website\"},\"primaryImageOfPage\":{\"@id\":\"https:\/\/franciscanos.org.br\/noticias\/viagem-apostolica-do-papa-ao-iraque-o-programa.html#primaryimage\"},\"datePublished\":\"2021-02-09T10:57:59+00:00\",\"dateModified\":\"2021-02-09T10:57:59+00:00\",\"author\":{\"@id\":\"https:\/\/franciscanos.org.br\/noticias\/#\/schema\/person\/b5c8cba458c330ccff548b056e95a5d4\"},\"breadcrumb\":{\"@id\":\"https:\/\/franciscanos.org.br\/noticias\/viagem-apostolica-do-papa-ao-iraque-o-programa.html#breadcrumb\"},\"inLanguage\":\"pt-BR\",\"potentialAction\":[{\"@type\":\"ReadAction\",\"target\":[\"https:\/\/franciscanos.org.br\/noticias\/viagem-apostolica-do-papa-ao-iraque-o-programa.html\"]}]},{\"@type\":\"BreadcrumbList\",\"@id\":\"https:\/\/franciscanos.org.br\/noticias\/viagem-apostolica-do-papa-ao-iraque-o-programa.html#breadcrumb\",\"itemListElement\":[{\"@type\":\"ListItem\",\"position\":1,\"name\":\"Home\",\"item\":\"https:\/\/franciscanos.org.br\/noticias\"},{\"@type\":\"ListItem\",\"position\":2,\"name\":\"Viagem Apost\u00f3lica do Papa ao Iraque: o programa\"}]},{\"@type\":\"Person\",\"@id\":\"https:\/\/franciscanos.org.br\/noticias\/#\/schema\/person\/b5c8cba458c330ccff548b056e95a5d4\",\"name\":\"moacir\",\"image\":{\"@type\":\"ImageObject\",\"inLanguage\":\"pt-BR\",\"@id\":\"https:\/\/franciscanos.org.br\/noticias\/#\/schema\/person\/image\/\",\"url\":\"https:\/\/secure.gravatar.com\/avatar\/d08aa2ce4c8dd416d4479aa8536fcf64?s=96&d=mm&r=g\",\"contentUrl\":\"https:\/\/secure.gravatar.com\/avatar\/d08aa2ce4c8dd416d4479aa8536fcf64?s=96&d=mm&r=g\",\"caption\":\"moacir\"},\"url\":\"https:\/\/franciscanos.org.br\/noticias\/author\/moacir\"}]}<\/script>\n<!-- \/ Yoast SEO plugin. -->","yoast_head_json":{"title":"Viagem Apost\u00f3lica do Papa ao Iraque: o programa - Not\u00edcias - Franciscanos","robots":{"index":"index","follow":"follow","max-snippet":"max-snippet:-1","max-image-preview":"max-image-preview:large","max-video-preview":"max-video-preview:-1"},"canonical":"https:\/\/franciscanos.org.br\/noticias\/viagem-apostolica-do-papa-ao-iraque-o-programa.html","og_locale":"pt_BR","og_type":"article","og_title":"Viagem Apost\u00f3lica do Papa ao Iraque: o programa - Not\u00edcias - Franciscanos","og_description":"33\u00aa Viagem Apost\u00f3lica","og_url":"https:\/\/franciscanos.org.br\/noticias\/viagem-apostolica-do-papa-ao-iraque-o-programa.html","og_site_name":"Not\u00edcias - Franciscanos","article_published_time":"2021-02-09T10:57:59+00:00","og_image":[{"width":800,"height":600,"url":"https:\/\/franciscanos.org.br\/noticias\/wp-content\/uploads\/2021\/02\/papa_09d.jpg","type":"image\/jpeg"}],"author":"moacir","twitter_card":"summary_large_image","twitter_misc":{"Escrito por":"moacir","Est. tempo de leitura":"2 minutos"},"schema":{"@context":"https:\/\/schema.org","@graph":[{"@type":"WebSite","@id":"https:\/\/franciscanos.org.br\/noticias\/#website","url":"https:\/\/franciscanos.org.br\/noticias\/","name":"Not\u00edcias - Franciscanos","description":"Prov\u00edncia Franciscana da Imaculada Concei\u00e7\u00e3o do Brasil - Ordem dos Frades Menores - OFM","potentialAction":[{"@type":"SearchAction","target":{"@type":"EntryPoint","urlTemplate":"https:\/\/franciscanos.org.br\/noticias\/?s={search_term_string}"},"query-input":"required name=search_term_string"}],"inLanguage":"pt-BR"},{"@type":"ImageObject","inLanguage":"pt-BR","@id":"https:\/\/franciscanos.org.br\/noticias\/viagem-apostolica-do-papa-ao-iraque-o-programa.html#primaryimage","url":"https:\/\/franciscanos.org.br\/noticias\/wp-content\/uploads\/2021\/02\/papa_09d.jpg","contentUrl":"https:\/\/franciscanos.org.br\/noticias\/wp-content\/uploads\/2021\/02\/papa_09d.jpg","width":800,"height":600},{"@type":"WebPage","@id":"https:\/\/franciscanos.org.br\/noticias\/viagem-apostolica-do-papa-ao-iraque-o-programa.html#webpage","url":"https:\/\/franciscanos.org.br\/noticias\/viagem-apostolica-do-papa-ao-iraque-o-programa.html","name":"Viagem Apost\u00f3lica do Papa ao Iraque: o programa - Not\u00edcias - Franciscanos","isPartOf":{"@id":"https:\/\/franciscanos.org.br\/noticias\/#website"},"primaryImageOfPage":{"@id":"https:\/\/franciscanos.org.br\/noticias\/viagem-apostolica-do-papa-ao-iraque-o-programa.html#primaryimage"},"datePublished":"2021-02-09T10:57:59+00:00","dateModified":"2021-02-09T10:57:59+00:00","author":{"@id":"https:\/\/franciscanos.org.br\/noticias\/#\/schema\/person\/b5c8cba458c330ccff548b056e95a5d4"},"breadcrumb":{"@id":"https:\/\/franciscanos.org.br\/noticias\/viagem-apostolica-do-papa-ao-iraque-o-programa.html#breadcrumb"},"inLanguage":"pt-BR","potentialAction":[{"@type":"ReadAction","target":["https:\/\/franciscanos.org.br\/noticias\/viagem-apostolica-do-papa-ao-iraque-o-programa.html"]}]},{"@type":"BreadcrumbList","@id":"https:\/\/franciscanos.org.br\/noticias\/viagem-apostolica-do-papa-ao-iraque-o-programa.html#breadcrumb","itemListElement":[{"@type":"ListItem","position":1,"name":"Home","item":"https:\/\/franciscanos.org.br\/noticias"},{"@type":"ListItem","position":2,"name":"Viagem Apost\u00f3lica do Papa ao Iraque: o programa"}]},{"@type":"Person","@id":"https:\/\/franciscanos.org.br\/noticias\/#\/schema\/person\/b5c8cba458c330ccff548b056e95a5d4","name":"moacir","image":{"@type":"ImageObject","inLanguage":"pt-BR","@id":"https:\/\/franciscanos.org.br\/noticias\/#\/schema\/person\/image\/","url":"https:\/\/secure.gravatar.com\/avatar\/d08aa2ce4c8dd416d4479aa8536fcf64?s=96&d=mm&r=g","contentUrl":"https:\/\/secure.gravatar.com\/avatar\/d08aa2ce4c8dd416d4479aa8536fcf64?s=96&d=mm&r=g","caption":"moacir"},"url":"https:\/\/franciscanos.org.br\/noticias\/author\/moacir"}]}},"_links":{"self":[{"href":"https:\/\/franciscanos.org.br\/noticias\/wp-json\/wp\/v2\/posts\/230730"}],"collection":[{"href":"https:\/\/franciscanos.org.br\/noticias\/wp-json\/wp\/v2\/posts"}],"about":[{"href":"https:\/\/franciscanos.org.br\/noticias\/wp-json\/wp\/v2\/types\/post"}],"author":[{"embeddable":true,"href":"https:\/\/franciscanos.org.br\/noticias\/wp-json\/wp\/v2\/users\/3"}],"replies":[{"embeddable":true,"href":"https:\/\/franciscanos.org.br\/noticias\/wp-json\/wp\/v2\/comments?post=230730"}],"version-history":[{"count":1,"href":"https:\/\/franciscanos.org.br\/noticias\/wp-json\/wp\/v2\/posts\/230730\/revisions"}],"predecessor-version":[{"id":230733,"href":"https:\/\/franciscanos.org.br\/noticias\/wp-json\/wp\/v2\/posts\/230730\/revisions\/230733"}],"wp:featuredmedia":[{"embeddable":true,"href":"https:\/\/franciscanos.org.br\/noticias\/wp-json\/wp\/v2\/media\/230732"}],"wp:attachment":[{"href":"https:\/\/franciscanos.org.br\/noticias\/wp-json\/wp\/v2\/media?parent=230730"}],"wp:term":[{"taxonomy":"category","embeddable":true,"href":"https:\/\/franciscanos.org.br\/noticias\/wp-json\/wp\/v2\/categories?post=230730"},{"taxonomy":"post_tag","embeddable":true,"href":"https:\/\/franciscanos.org.br\/noticias\/wp-json\/wp\/v2\/tags?post=230730"}],"curies":[{"name":"wp","href":"https:\/\/api.w.org\/{rel}","templated":true}]}}