{"id":230725,"date":"2021-02-09T07:39:12","date_gmt":"2021-02-09T10:39:12","guid":{"rendered":"https:\/\/franciscanos.org.br\/noticias\/?p=230725"},"modified":"2022-11-29T15:36:05","modified_gmt":"2022-11-29T18:36:05","slug":"a-vacina-e-a-solucao-diz-o-frade-mais-idoso-da-provincia","status":"publish","type":"post","link":"https:\/\/franciscanos.org.br\/noticias\/a-vacina-e-a-solucao-diz-o-frade-mais-idoso-da-provincia.html","title":{"rendered":"&#8220;A vacina \u00e9 a solu\u00e7\u00e3o\u201d, diz o segundo frade mais idoso da Prov\u00edncia"},"content":{"rendered":"<p><img loading=\"lazy\" class=\"alignnone size-full wp-image-230726\" src=\"https:\/\/franciscanos.org.br\/noticias\/wp-content\/uploads\/2021\/02\/cassio_01.jpg\" alt=\"\" width=\"1280\" height=\"720\" srcset=\"https:\/\/franciscanos.org.br\/noticias\/wp-content\/uploads\/2021\/02\/cassio_01.jpg 1280w, https:\/\/franciscanos.org.br\/noticias\/wp-content\/uploads\/2021\/02\/cassio_01-450x253.jpg 450w, https:\/\/franciscanos.org.br\/noticias\/wp-content\/uploads\/2021\/02\/cassio_01-1024x576.jpg 1024w, https:\/\/franciscanos.org.br\/noticias\/wp-content\/uploads\/2021\/02\/cassio_01-768x432.jpg 768w, https:\/\/franciscanos.org.br\/noticias\/wp-content\/uploads\/2021\/02\/cassio_01-150x84.jpg 150w\" sizes=\"(max-width: 1280px) 100vw, 1280px\" \/><\/p>\n<p><strong>Curitiba (PR) &#8211;<\/strong> Frei C\u00e1ssio Vieira de Lima, que completar\u00e1 100 anos de idade em agosto pr\u00f3ximo, foi o primeiro frade a ser vacinado contra a Covid-19 na Par\u00f3quia Senhor Bom Jesus dos Perd\u00f5es, em Curitiba (PR). O frei recebeu sua primeira dose nesta segunda-feira (8), aplicada por uma equipe da Prefeitura Municipal de Curitiba em visita \u00e0 igreja. Com a morte de Frei Olavo Seifert no come\u00e7o do ano, que estava com 101 anos, Frei C\u00e1ssio se tornou o segundo frade mais idoso consagrado de todos os 395 religiosos da Prov\u00edncia Franciscana da Imaculada Concei\u00e7\u00e3o do Brasil. O mais idoso \u00e9 Frei Abel Schneider. Os dois completar\u00e3o 100 anos neste ano: Frei Abel\u00a0 em\u00a0 julho e Frei C\u00e1ssio em agosto.<\/p>\n<p>O frade centen\u00e1rio demonstra lucidez e alegria por receber a primeira dose. \u201cGostaria de enfatizar que a vacina \u00e9 a solu\u00e7\u00e3o\u201d, afirma. \u201cQuem sabe no futuro se descubram meios melhores, mas atualmente essa \u00e9 a melhor aposta. Considero que \u00e9 uma obriga\u00e7\u00e3o de consci\u00eancia de cada um se vacinar\u201d, defende. \u201cDeus quer que a gente se trate, que mate esta doen\u00e7a e viva na presen\u00e7a Dele mais feliz\u201d.<\/p>\n<p>O frade mostra que est\u00e1 em sintonia com os pensamentos do Santo Padre. \u201cPenso como o Papa Francisco, que tem uma autoridade moral e intelectual. Ele est\u00e1 no caminho certo quando recomenda que fa\u00e7amos um tratamento muito s\u00e9rio, cumprindo a fun\u00e7\u00e3o de pai de todas as pessoas do mundo \u2014 especialmente dos cat\u00f3licos\u201d.<\/p>\n<p>Para o frei, o primeiro pensamento que vem em rela\u00e7\u00e3o \u00e0 pandemia \u00e9 de tristeza, pois \u201cnosso corpo n\u00e3o nasceu para ter doen\u00e7as, mas ter sa\u00fade\u201d. Por isso, fica triste ao ver tanta gente sofrendo, e demonstra compaix\u00e3o ao se preocupar com os mais pobres que n\u00e3o t\u00eam condi\u00e7\u00f5es para se informar.<\/p>\n<p>No entanto, Frei C\u00e1ssio mant\u00e9m a esperan\u00e7a em Deus, pois acredita que \u201cEle permite isso para que nos lembremos que n\u00e3o nascemos somente para este mundo, mas para passar uma temporada, diferente para cada pessoa. No fim, atrav\u00e9s da ora\u00e7\u00e3o, confian\u00e7a e caridade, alcan\u00e7aremos a vida eterna \u2014 onde n\u00e3o existe doen\u00e7a nem dor. Nada negativo, apenas positividade\u201d, explica. \u201cAo mesmo tempo em que Deus n\u00e3o abandona seus filhos, Ele tamb\u00e9m faz com que apare\u00e7am os meios para combatermos a doen\u00e7a e voltar a ter alegria e felicidade\u201d, ensina.<\/p>\n<p>O frei tamb\u00e9m expressou gratid\u00e3o ao prefeito Rafael Greca, a administradora do regional\/Matriz Rafaela Lupipon e sua equipe. \u201cTodas as pessoas sensatas aguardam esta vacina. Muita gente j\u00e1 a recebeu, gra\u00e7as a Deus e ao interesse do prefeito, que conhe\u00e7o bem. Trabalhei com ele em seu primeiro mandato e agora \u00e9 sua oportunidade de mostrar vontade de acertar e governar bem \u2014 e est\u00e1 mostrando\u201d.<\/p>\n<p><img loading=\"lazy\" class=\"alignnone size-full wp-image-230727\" src=\"https:\/\/franciscanos.org.br\/noticias\/wp-content\/uploads\/2021\/02\/cassio_02.jpg\" alt=\"\" width=\"1024\" height=\"682\" srcset=\"https:\/\/franciscanos.org.br\/noticias\/wp-content\/uploads\/2021\/02\/cassio_02.jpg 1024w, https:\/\/franciscanos.org.br\/noticias\/wp-content\/uploads\/2021\/02\/cassio_02-450x300.jpg 450w, https:\/\/franciscanos.org.br\/noticias\/wp-content\/uploads\/2021\/02\/cassio_02-768x512.jpg 768w, https:\/\/franciscanos.org.br\/noticias\/wp-content\/uploads\/2021\/02\/cassio_02-150x100.jpg 150w\" sizes=\"(max-width: 1024px) 100vw, 1024px\" \/><\/p>\n<p>O p\u00e1roco Frei Alexandre Magno e guardi\u00e3o da Fraternidade do Franciscanos em Curitiba, tamb\u00e9m agradeceu a equipe da Prefeitura Municipal de Curitiba que atendeu Frei C\u00e1ssio com profissionalismo. \u201cEste testemunho, creio, poder\u00e1 influenciar outras pessoas\u201d, relata.<\/p>\n<p>Pela Fraternidade de Curitiba, foram vacinados Frei Gamaliel Devigili, Frei Benjamim Berticelli, Frei Henrique Dell Olivo, Frei Heitor Cela e Frei Ladi Antoniazzi.<\/p>\n<p>Para fazer o cadastro para receber a vacina \u00e9 preciso ligar para a Central de Teleatendimento da Prefeitura, pelo (41) 3350-9000, das 8h \u00e0s 20h. O servi\u00e7o funciona todos os dias.<\/p>\n<p><strong>Um frei centen\u00e1rio<\/strong><\/p>\n<p>Frei C\u00e1ssio Vieira de Lima nasceu em 22 de agosto de 1921, em Japur\u00e1, estado de S\u00e3o Paulo. \u00c9 o mais velho de cinco irm\u00e3os de uma fam\u00edlia pobre e humilde. Em 1941 entrou para a Ordem dos Frades Menores, os franciscanos. Em 1949 foi ordenado sacerdote. \u00c9 atendente conventual na Fraternidade Bom Jesus dos Perd\u00f5es de Curitiba (PR). Fala onze idiomas, foi professor em Curitiba e prefeito do munic\u00edpio de Planalto, interior do Paran\u00e1, entre 1976 e 1981.<\/p>\n<hr \/>\n<p><em>Joka Madruga, pela Pascom da Par\u00f3quia Bom Jesus dos Perd\u00f5es de Curitiba (PR)<\/em><\/p>\n","protected":false},"excerpt":{"rendered":"<p>Fraternidade Bom Jesus dos Perd\u00f5es<\/p>\n","protected":false},"author":3,"featured_media":230728,"comment_status":"open","ping_status":"open","sticky":false,"template":"","format":"standard","meta":[],"categories":[1],"tags":[1759,1888,1810],"acf":[],"yoast_head":"<!-- This site is optimized with the Yoast SEO plugin v19.2 - https:\/\/yoast.com\/wordpress\/plugins\/seo\/ -->\n<title>&quot;A vacina \u00e9 a solu\u00e7\u00e3o\u201d, diz o segundo frade mais idoso da Prov\u00edncia - Not\u00edcias - Franciscanos<\/title>\n<meta name=\"robots\" content=\"index, follow, max-snippet:-1, max-image-preview:large, max-video-preview:-1\" \/>\n<link rel=\"canonical\" href=\"https:\/\/franciscanos.org.br\/noticias\/a-vacina-e-a-solucao-diz-o-frade-mais-idoso-da-provincia.html\" \/>\n<meta property=\"og:locale\" content=\"pt_BR\" \/>\n<meta property=\"og:type\" content=\"article\" \/>\n<meta property=\"og:title\" content=\"&quot;A vacina \u00e9 a solu\u00e7\u00e3o\u201d, diz o segundo frade mais idoso da Prov\u00edncia - Not\u00edcias - Franciscanos\" \/>\n<meta property=\"og:description\" content=\"Fraternidade Bom Jesus dos Perd\u00f5es\" \/>\n<meta property=\"og:url\" content=\"https:\/\/franciscanos.org.br\/noticias\/a-vacina-e-a-solucao-diz-o-frade-mais-idoso-da-provincia.html\" \/>\n<meta property=\"og:site_name\" content=\"Not\u00edcias - Franciscanos\" \/>\n<meta property=\"article:published_time\" content=\"2021-02-09T10:39:12+00:00\" \/>\n<meta property=\"article:modified_time\" content=\"2022-11-29T18:36:05+00:00\" \/>\n<meta property=\"og:image\" content=\"https:\/\/franciscanos.org.br\/noticias\/wp-content\/uploads\/2021\/02\/cassio_01d.jpg\" \/>\n\t<meta property=\"og:image:width\" content=\"800\" \/>\n\t<meta property=\"og:image:height\" content=\"505\" \/>\n\t<meta property=\"og:image:type\" content=\"image\/jpeg\" \/>\n<meta name=\"author\" content=\"moacir\" \/>\n<meta name=\"twitter:card\" content=\"summary_large_image\" \/>\n<meta name=\"twitter:label1\" content=\"Escrito por\" \/>\n\t<meta name=\"twitter:data1\" content=\"moacir\" \/>\n\t<meta name=\"twitter:label2\" content=\"Est. tempo de leitura\" \/>\n\t<meta name=\"twitter:data2\" content=\"3 minutos\" \/>\n<script type=\"application\/ld+json\" class=\"yoast-schema-graph\">{\"@context\":\"https:\/\/schema.org\",\"@graph\":[{\"@type\":\"WebSite\",\"@id\":\"https:\/\/franciscanos.org.br\/noticias\/#website\",\"url\":\"https:\/\/franciscanos.org.br\/noticias\/\",\"name\":\"Not\u00edcias - Franciscanos\",\"description\":\"Prov\u00edncia Franciscana da Imaculada Concei\u00e7\u00e3o do Brasil - Ordem dos Frades Menores - OFM\",\"potentialAction\":[{\"@type\":\"SearchAction\",\"target\":{\"@type\":\"EntryPoint\",\"urlTemplate\":\"https:\/\/franciscanos.org.br\/noticias\/?s={search_term_string}\"},\"query-input\":\"required name=search_term_string\"}],\"inLanguage\":\"pt-BR\"},{\"@type\":\"ImageObject\",\"inLanguage\":\"pt-BR\",\"@id\":\"https:\/\/franciscanos.org.br\/noticias\/a-vacina-e-a-solucao-diz-o-frade-mais-idoso-da-provincia.html#primaryimage\",\"url\":\"https:\/\/franciscanos.org.br\/noticias\/wp-content\/uploads\/2021\/02\/cassio_01d.jpg\",\"contentUrl\":\"https:\/\/franciscanos.org.br\/noticias\/wp-content\/uploads\/2021\/02\/cassio_01d.jpg\",\"width\":800,\"height\":505},{\"@type\":\"WebPage\",\"@id\":\"https:\/\/franciscanos.org.br\/noticias\/a-vacina-e-a-solucao-diz-o-frade-mais-idoso-da-provincia.html#webpage\",\"url\":\"https:\/\/franciscanos.org.br\/noticias\/a-vacina-e-a-solucao-diz-o-frade-mais-idoso-da-provincia.html\",\"name\":\"\\\"A vacina \u00e9 a solu\u00e7\u00e3o\u201d, diz o segundo frade mais idoso da Prov\u00edncia - Not\u00edcias - Franciscanos\",\"isPartOf\":{\"@id\":\"https:\/\/franciscanos.org.br\/noticias\/#website\"},\"primaryImageOfPage\":{\"@id\":\"https:\/\/franciscanos.org.br\/noticias\/a-vacina-e-a-solucao-diz-o-frade-mais-idoso-da-provincia.html#primaryimage\"},\"datePublished\":\"2021-02-09T10:39:12+00:00\",\"dateModified\":\"2022-11-29T18:36:05+00:00\",\"author\":{\"@id\":\"https:\/\/franciscanos.org.br\/noticias\/#\/schema\/person\/b5c8cba458c330ccff548b056e95a5d4\"},\"breadcrumb\":{\"@id\":\"https:\/\/franciscanos.org.br\/noticias\/a-vacina-e-a-solucao-diz-o-frade-mais-idoso-da-provincia.html#breadcrumb\"},\"inLanguage\":\"pt-BR\",\"potentialAction\":[{\"@type\":\"ReadAction\",\"target\":[\"https:\/\/franciscanos.org.br\/noticias\/a-vacina-e-a-solucao-diz-o-frade-mais-idoso-da-provincia.html\"]}]},{\"@type\":\"BreadcrumbList\",\"@id\":\"https:\/\/franciscanos.org.br\/noticias\/a-vacina-e-a-solucao-diz-o-frade-mais-idoso-da-provincia.html#breadcrumb\",\"itemListElement\":[{\"@type\":\"ListItem\",\"position\":1,\"name\":\"Home\",\"item\":\"https:\/\/franciscanos.org.br\/noticias\"},{\"@type\":\"ListItem\",\"position\":2,\"name\":\"&#8220;A vacina \u00e9 a solu\u00e7\u00e3o\u201d, diz o segundo frade mais idoso da Prov\u00edncia\"}]},{\"@type\":\"Person\",\"@id\":\"https:\/\/franciscanos.org.br\/noticias\/#\/schema\/person\/b5c8cba458c330ccff548b056e95a5d4\",\"name\":\"moacir\",\"image\":{\"@type\":\"ImageObject\",\"inLanguage\":\"pt-BR\",\"@id\":\"https:\/\/franciscanos.org.br\/noticias\/#\/schema\/person\/image\/\",\"url\":\"https:\/\/secure.gravatar.com\/avatar\/d08aa2ce4c8dd416d4479aa8536fcf64?s=96&d=mm&r=g\",\"contentUrl\":\"https:\/\/secure.gravatar.com\/avatar\/d08aa2ce4c8dd416d4479aa8536fcf64?s=96&d=mm&r=g\",\"caption\":\"moacir\"},\"url\":\"https:\/\/franciscanos.org.br\/noticias\/author\/moacir\"}]}<\/script>\n<!-- \/ Yoast SEO plugin. -->","yoast_head_json":{"title":"\"A vacina \u00e9 a solu\u00e7\u00e3o\u201d, diz o segundo frade mais idoso da Prov\u00edncia - Not\u00edcias - Franciscanos","robots":{"index":"index","follow":"follow","max-snippet":"max-snippet:-1","max-image-preview":"max-image-preview:large","max-video-preview":"max-video-preview:-1"},"canonical":"https:\/\/franciscanos.org.br\/noticias\/a-vacina-e-a-solucao-diz-o-frade-mais-idoso-da-provincia.html","og_locale":"pt_BR","og_type":"article","og_title":"\"A vacina \u00e9 a solu\u00e7\u00e3o\u201d, diz o segundo frade mais idoso da Prov\u00edncia - Not\u00edcias - Franciscanos","og_description":"Fraternidade Bom Jesus dos Perd\u00f5es","og_url":"https:\/\/franciscanos.org.br\/noticias\/a-vacina-e-a-solucao-diz-o-frade-mais-idoso-da-provincia.html","og_site_name":"Not\u00edcias - Franciscanos","article_published_time":"2021-02-09T10:39:12+00:00","article_modified_time":"2022-11-29T18:36:05+00:00","og_image":[{"width":800,"height":505,"url":"https:\/\/franciscanos.org.br\/noticias\/wp-content\/uploads\/2021\/02\/cassio_01d.jpg","type":"image\/jpeg"}],"author":"moacir","twitter_card":"summary_large_image","twitter_misc":{"Escrito por":"moacir","Est. tempo de leitura":"3 minutos"},"schema":{"@context":"https:\/\/schema.org","@graph":[{"@type":"WebSite","@id":"https:\/\/franciscanos.org.br\/noticias\/#website","url":"https:\/\/franciscanos.org.br\/noticias\/","name":"Not\u00edcias - Franciscanos","description":"Prov\u00edncia Franciscana da Imaculada Concei\u00e7\u00e3o do Brasil - Ordem dos Frades Menores - OFM","potentialAction":[{"@type":"SearchAction","target":{"@type":"EntryPoint","urlTemplate":"https:\/\/franciscanos.org.br\/noticias\/?s={search_term_string}"},"query-input":"required name=search_term_string"}],"inLanguage":"pt-BR"},{"@type":"ImageObject","inLanguage":"pt-BR","@id":"https:\/\/franciscanos.org.br\/noticias\/a-vacina-e-a-solucao-diz-o-frade-mais-idoso-da-provincia.html#primaryimage","url":"https:\/\/franciscanos.org.br\/noticias\/wp-content\/uploads\/2021\/02\/cassio_01d.jpg","contentUrl":"https:\/\/franciscanos.org.br\/noticias\/wp-content\/uploads\/2021\/02\/cassio_01d.jpg","width":800,"height":505},{"@type":"WebPage","@id":"https:\/\/franciscanos.org.br\/noticias\/a-vacina-e-a-solucao-diz-o-frade-mais-idoso-da-provincia.html#webpage","url":"https:\/\/franciscanos.org.br\/noticias\/a-vacina-e-a-solucao-diz-o-frade-mais-idoso-da-provincia.html","name":"\"A vacina \u00e9 a solu\u00e7\u00e3o\u201d, diz o segundo frade mais idoso da Prov\u00edncia - Not\u00edcias - Franciscanos","isPartOf":{"@id":"https:\/\/franciscanos.org.br\/noticias\/#website"},"primaryImageOfPage":{"@id":"https:\/\/franciscanos.org.br\/noticias\/a-vacina-e-a-solucao-diz-o-frade-mais-idoso-da-provincia.html#primaryimage"},"datePublished":"2021-02-09T10:39:12+00:00","dateModified":"2022-11-29T18:36:05+00:00","author":{"@id":"https:\/\/franciscanos.org.br\/noticias\/#\/schema\/person\/b5c8cba458c330ccff548b056e95a5d4"},"breadcrumb":{"@id":"https:\/\/franciscanos.org.br\/noticias\/a-vacina-e-a-solucao-diz-o-frade-mais-idoso-da-provincia.html#breadcrumb"},"inLanguage":"pt-BR","potentialAction":[{"@type":"ReadAction","target":["https:\/\/franciscanos.org.br\/noticias\/a-vacina-e-a-solucao-diz-o-frade-mais-idoso-da-provincia.html"]}]},{"@type":"BreadcrumbList","@id":"https:\/\/franciscanos.org.br\/noticias\/a-vacina-e-a-solucao-diz-o-frade-mais-idoso-da-provincia.html#breadcrumb","itemListElement":[{"@type":"ListItem","position":1,"name":"Home","item":"https:\/\/franciscanos.org.br\/noticias"},{"@type":"ListItem","position":2,"name":"&#8220;A vacina \u00e9 a solu\u00e7\u00e3o\u201d, diz o segundo frade mais idoso da Prov\u00edncia"}]},{"@type":"Person","@id":"https:\/\/franciscanos.org.br\/noticias\/#\/schema\/person\/b5c8cba458c330ccff548b056e95a5d4","name":"moacir","image":{"@type":"ImageObject","inLanguage":"pt-BR","@id":"https:\/\/franciscanos.org.br\/noticias\/#\/schema\/person\/image\/","url":"https:\/\/secure.gravatar.com\/avatar\/d08aa2ce4c8dd416d4479aa8536fcf64?s=96&d=mm&r=g","contentUrl":"https:\/\/secure.gravatar.com\/avatar\/d08aa2ce4c8dd416d4479aa8536fcf64?s=96&d=mm&r=g","caption":"moacir"},"url":"https:\/\/franciscanos.org.br\/noticias\/author\/moacir"}]}},"_links":{"self":[{"href":"https:\/\/franciscanos.org.br\/noticias\/wp-json\/wp\/v2\/posts\/230725"}],"collection":[{"href":"https:\/\/franciscanos.org.br\/noticias\/wp-json\/wp\/v2\/posts"}],"about":[{"href":"https:\/\/franciscanos.org.br\/noticias\/wp-json\/wp\/v2\/types\/post"}],"author":[{"embeddable":true,"href":"https:\/\/franciscanos.org.br\/noticias\/wp-json\/wp\/v2\/users\/3"}],"replies":[{"embeddable":true,"href":"https:\/\/franciscanos.org.br\/noticias\/wp-json\/wp\/v2\/comments?post=230725"}],"version-history":[{"count":3,"href":"https:\/\/franciscanos.org.br\/noticias\/wp-json\/wp\/v2\/posts\/230725\/revisions"}],"predecessor-version":[{"id":230874,"href":"https:\/\/franciscanos.org.br\/noticias\/wp-json\/wp\/v2\/posts\/230725\/revisions\/230874"}],"wp:featuredmedia":[{"embeddable":true,"href":"https:\/\/franciscanos.org.br\/noticias\/wp-json\/wp\/v2\/media\/230728"}],"wp:attachment":[{"href":"https:\/\/franciscanos.org.br\/noticias\/wp-json\/wp\/v2\/media?parent=230725"}],"wp:term":[{"taxonomy":"category","embeddable":true,"href":"https:\/\/franciscanos.org.br\/noticias\/wp-json\/wp\/v2\/categories?post=230725"},{"taxonomy":"post_tag","embeddable":true,"href":"https:\/\/franciscanos.org.br\/noticias\/wp-json\/wp\/v2\/tags?post=230725"}],"curies":[{"name":"wp","href":"https:\/\/api.w.org\/{rel}","templated":true}]}}