{"id":230720,"date":"2021-02-08T08:30:59","date_gmt":"2021-02-08T11:30:59","guid":{"rendered":"https:\/\/franciscanos.org.br\/noticias\/?p=230720"},"modified":"2021-02-08T08:30:59","modified_gmt":"2021-02-08T11:30:59","slug":"psicologia-domina-os-lancamentos-da-vozes","status":"publish","type":"post","link":"https:\/\/franciscanos.org.br\/noticias\/psicologia-domina-os-lancamentos-da-vozes.html","title":{"rendered":"Psicologia domina os  lan\u00e7amentos da Vozes"},"content":{"rendered":"<p><img loading=\"lazy\" class=\"alignnone size-full wp-image-230721\" src=\"https:\/\/franciscanos.org.br\/noticias\/wp-content\/uploads\/2021\/02\/vozes_01.png\" alt=\"\" width=\"890\" height=\"477\" srcset=\"https:\/\/franciscanos.org.br\/noticias\/wp-content\/uploads\/2021\/02\/vozes_01.png 890w, https:\/\/franciscanos.org.br\/noticias\/wp-content\/uploads\/2021\/02\/vozes_01-450x241.png 450w, https:\/\/franciscanos.org.br\/noticias\/wp-content\/uploads\/2021\/02\/vozes_01-768x412.png 768w, https:\/\/franciscanos.org.br\/noticias\/wp-content\/uploads\/2021\/02\/vozes_01-150x80.png 150w\" sizes=\"(max-width: 890px) 100vw, 890px\" \/><\/p>\n<p>Esta obra prop\u00f5e uma conversa, sobre a vida. Sobre a melhor maneira de viver. \u00a0Antes de ser livro, a vida que vale a pena foi curso. Em dez aulas, correspondentes aos cap\u00edtulos. Foi tamb\u00e9m palestra. Assistida por mais de 150 mil pessoas nos \u00faltimos 3 anos. Empresas, institui\u00e7\u00f5es p\u00fablicas, faculdades, comit\u00eas de \u00e9tica, ONGs, e tantos outros espa\u00e7os. A apresenta\u00e7\u00e3o das ideias centrais de cada cap\u00edtulo foi se acomodando \u00e0s necessidades dos anfitri\u00f5es. Nestas p\u00e1ginas, alguns textos cl\u00e1ssicos foram selecionados e dispostos em boxes, para que o leitor possa identific\u00e1-los mais rapidamente.<\/p>\n<p>Seu conte\u00fado parte de uma inquieta\u00e7\u00e3o. A den\u00fancia das solu\u00e7\u00f5es facilitadoras da vida. Sua l\u00f3gica social de enuncia\u00e7\u00e3o. Seus porta-vozes. Seus interesses. Seus espa\u00e7os de disputa. Povoados por contendores de forma\u00e7\u00e3o muito heterog\u00eanea. Charlat\u00e3es de distintas fardas. Uma verdadeira sociologia da felicidade. Que apresenta os movimentos de uma batalha sem fim. Pela defini\u00e7\u00e3o das condi\u00e7\u00f5es leg\u00edtimas da vida boa.<\/p>\n<p>Mas esta sociologia das reflex\u00f5es sobre a vida \u00e9 s\u00f3 a origem deste trabalho. Para isto, os autores recorreram a alguns pensadores consagrados. E que tamb\u00e9m deixaram tra\u00e7os sobre o senso comum, at\u00e9 hoje. Essa investiga\u00e7\u00e3o foi merecendo um interesse crescente entre os alunos. Porque nem sempre \u00e9 f\u00e1cil escolher a melhor das vidas. Para optar por uma, temos que preterir muitas outras. Todas que passarem pela nossa cabe\u00e7a. Segundo crit\u00e9rios de cuja efic\u00e1cia n\u00e3o temos nenhuma certeza. Nem poder\u00edamos ter. Da\u00ed a ang\u00fastia. Uma tristeza muito particular. Por n\u00e3o identificar \u2013 dentre as vidas cogitadas \u2013 a melhor para viver. Ang\u00fastia que \u00e9 marca registrada do homem.<\/p>\n<p>Antes de ser livro, a vida que vale a pena foi curso. Seu conte\u00fado parte de uma inquieta\u00e7\u00e3o. A den\u00fancia das solu\u00e7\u00f5es facilitadoras da vida. Uma verdadeira sociologia da felicidade que apresenta os movimentos de uma batalha sem fim pela defini\u00e7\u00e3o das condi\u00e7\u00f5es leg\u00edtimas da vida boa. Mas esta sociologia das reflex\u00f5es sobre a vida \u00e9 s\u00f3 a origem deste trabalho. Alguns textos cl\u00e1ssicos foram selecionados e dispostos em boxes, para que o leitor possa identific\u00e1-los mais rapidamente. O livro foi escrito para todos aqueles que j\u00e1 descobriram que a soberania para deliberar sobre a pr\u00f3pria vida \u2013 com todos os riscos \u2013 \u00e9 nosso \u00fanico verdadeiro patrim\u00f4nio. Inalien\u00e1vel. Com a inten\u00e7\u00e3o de fortalec\u00ea-los para que possam resistir, cada vez melhor, contra todo tirano que pretenda empurrar-lhe goela abaixo a vida que vale apena. Diante do mundo que encontramos, duas s\u00e3o as posturas mais recorrentes. De um lado, a reconcilia\u00e7\u00e3o com o mundo. Um ajuste ao real. Que \u00e9 o que \u00e9. De outro lado, a sa\u00edda \u00e9 mudar o mundo. Transform\u00e1-lo. Revolucionar. Para quando o mundo n\u00e3o agrada. E a vida que vale a pena? S\u00f3 pode ser uma. A sua. Esta mesma que voc\u00ea est\u00e1 vivendo desde que nasceu. Mas com tudo. Seus encontros, certamente. Mas tamb\u00e9m seus sonhos, suas ilus\u00f5es, seus medos e esperan\u00e7as e, porque n\u00e3o, suas filosofias tamb\u00e9m<\/p>\n<hr \/>\n<p><strong>PSICOLOGIA POL\u00cdTICA MARGINAL<\/strong><\/p>\n<p>De acordo com Aline Hernandez e Pedrinho Guareschi \u201co livro Psicologia pol\u00edtica marginal \u00e9 uma obra atual e necess\u00e1ria. Desde sua concep\u00e7\u00e3o o livro buscou atingir dois objetivos: o primeiro \u00e9 reunir numa mesma publica\u00e7\u00e3o autores e autoras das diferentes gera\u00e7\u00f5es da psicologia pol\u00edtica brasileira; e o segundo, trazer ao debate a discuss\u00e3o sobre a margem ou as margens, n\u00e3o somente sob a \u00f3tica das minorias sociais, mas para tocar em temas que, muitas vezes, se situam no contorno externo, na fronteira dos modismos epistemol\u00f3gicos ou no limite perif\u00e9rico do campo da psicologia pol\u00edtica. Temas pouco recorrentes em psicologia pol\u00edtica e temas que, n\u00e3o raro, encontram-se \u00e0 deriva dos debates psicossociol\u00f3gicos s\u00e3o tratados neste livro, a fim de promover o desassossego te\u00f3rico\/pr\u00e1tico.\u201d<\/p>\n<hr \/>\n<p><strong>10<\/strong> <strong>LI\u00c7\u00d5ES SOBRE SCHELER<\/strong><\/p>\n<p>Segundo o autor Roberto S. Kahlmeyer-Mertens \u201cMesmo sob uma inspe\u00e7\u00e3o preliminar, a filosofia scheleriana se nos mostra empenhada em compreender rigorosamente e com evid\u00eancia as ess\u00eancias e as conex\u00f5es fundamentais dos fen\u00f4menos que se nos d\u00e3o. Assim procedendo, o fil\u00f3sofo n\u00e3o se exime do di\u00e1logo com a tradi\u00e7\u00e3o, do qual extrai elementos para pensar as viv\u00eancias humanas, mas tamb\u00e9m o absoluto. \u00c9 neste sentido que indicamos a dupla voca\u00e7\u00e3o dessa filosofia: ela \u00e9, por um lado, pensamento do finito e da vida pr\u00e1tica; por outro, um olhar perscrutador ao fundamento e ao modo como o humano participa do absoluto. \u00c9 ainda nesse sentido que se afirma que a filosofia de Scheler segue do personalismo axiol\u00f3gico rumo \u00e0 antropologia metaf\u00edsica.<\/p>\n<p>Em face disso, indagamos: Que perfil teria um autor cujo pensamento se deslinda nessa dire\u00e7\u00e3o? Que v\u00ednculos Max Scheler verdadeiramente teria com a fenomenologia? Como o m\u00e9todo fenomenol\u00f3gico contribuiria para o projeto filos\u00f3fico de uma \u00e9tica material dos valores? De que modo, a partir da cr\u00edtica a certo formalismo identificado em Kant, Scheler chegaria a uma filosofia de car\u00e1ter ontoaxiol\u00f3gico? Como a filosofia scheleriana reabilitaria o sentimento como modalidade de capta\u00e7\u00e3o do essencial, quando em quest\u00e3o est\u00e1 o valor, a ponto de podermos falar de fenomenologia da vida \u201csentimental\u201d? De que maneira a axiologia de Scheler teria conex\u00e3o com o conceito de pessoa, e como essa axiologia estaria ligada \u00e0 doutrina chamada personalismo \u00e9tico? Como o estudo de fen\u00f4menos como o do ressentimento atuaria na edifica\u00e7\u00e3o da moral, especificamente a crist\u00e3-burguesa? Como a tematiza\u00e7\u00e3o da simpatia, operada pelo fil\u00f3sofo com interesse \u00e9tico, seria capaz de fundamentar uma doutrina \u00e9tica? Que inova\u00e7\u00f5es s\u00e3o trazidas pela antropologia credenciada como disciplina filos\u00f3fica, na obra tardia de Scheler? Por fim, em que medida essa antropologia filos\u00f3fica seria capaz de indicar a ess\u00eancia do homem e, por sua vez, o contato da ess\u00eancia humana com um presumido fundamento divino da realidade?\u201d<\/p>\n<hr \/>\n<p><img loading=\"lazy\" class=\"alignnone size-full wp-image-230723\" src=\"https:\/\/franciscanos.org.br\/noticias\/wp-content\/uploads\/2021\/02\/vozes_02.png\" alt=\"\" width=\"1080\" height=\"666\" srcset=\"https:\/\/franciscanos.org.br\/noticias\/wp-content\/uploads\/2021\/02\/vozes_02.png 1080w, https:\/\/franciscanos.org.br\/noticias\/wp-content\/uploads\/2021\/02\/vozes_02-450x278.png 450w, https:\/\/franciscanos.org.br\/noticias\/wp-content\/uploads\/2021\/02\/vozes_02-1024x631.png 1024w, https:\/\/franciscanos.org.br\/noticias\/wp-content\/uploads\/2021\/02\/vozes_02-768x474.png 768w, https:\/\/franciscanos.org.br\/noticias\/wp-content\/uploads\/2021\/02\/vozes_02-150x93.png 150w\" sizes=\"(max-width: 1080px) 100vw, 1080px\" \/><\/p>\n<p><strong>LIVROS NEGROS<\/strong><\/p>\n<p>\u201cEm 1935, Jung disse: \u201cExiste um momento por volta do trig\u00e9simo quinto ano em que as coisas come\u00e7am a mudar, \u00e9 o primeiro momento do lado sombrio da vida, do cair para a morte. \u00c9 evidente que Dante encontrou esse ponto, e aqueles que leram o\u00a0<em>Zaratustra\u00a0<\/em>sabem que Nietzsche tamb\u00e9m o descobriu. Quando esse ponto de virada chega, as pessoas reagem de v\u00e1rias maneiras: algumas o rejeitam; outras se lan\u00e7am nele; e algo importante acontece ainda a outros. Se n\u00e3o virmos uma determinada coisa, o Destino far\u00e1 com que a vejamos\u201d. Em 1913, ele j\u00e1 tinha se estabelecido como um dos baluartes da psiquiatria europeia e era presidente da florescente Associa\u00e7\u00e3o Psicanal\u00edtica Internacional. Como lembrou em\u00a0<em>Liber Novus<\/em>: \u201c[Eu] havia alcan\u00e7ado tudo o que eu desejara. Havia conseguido fama, poder, riqueza, saber e toda a felicidade humana. Cessou minha ambi\u00e7\u00e3o de aumentar esses bens, a ambi\u00e7\u00e3o retrocedeu em mim, e o pavor se apoderou de mim\u201d. Ele tinha alcan\u00e7ado um ponto de virada que transformaria sua vida e seu trabalho: por meio disso, Jung\u00a0<em>se tornou\u00a0<\/em>Jung, e a psicologia anal\u00edtica emergiu como uma psicologia geral e uma escola de psicoterapia.<\/p>\n<p>Essa transforma\u00e7\u00e3o ocorreu atrav\u00e9s da explora\u00e7\u00e3o da imagina\u00e7\u00e3o vision\u00e1ria, mapeada nos\u00a0<em>Livros Negros<\/em>\u00a0entre 1913 e 1932. Estes n\u00e3o s\u00e3o di\u00e1rios pessoais, mas os registros de uma autoexperimenta\u00e7\u00e3o singular, que Jung chamou seu \u201cconfronto com sua alma\u201d e seu \u201cconfronto com o inconsciente\u201d. Ele n\u00e3o registrou neles eventos cotidianos ou eventos externos, mas sim suas imagina\u00e7\u00f5es ativas, representa\u00e7\u00f5es de seus estados mentais e reflex\u00f5es sobre eles. \u201c<\/p>\n<p>(Extrato do texto \u201c<strong>Os cadernos de transforma\u00e7\u00e3o de Jung\u201d\u00a0\u00a0<\/strong>de Sonu Shamdasani contido no primeiro volume dos \u201c<strong>Os livros Negros<\/strong>\u201d)<\/p>\n<hr \/>\n<p><strong>Temas especiais em Psicologia Positiva<\/strong><\/p>\n<p>O livro \u00e9 recomendado para profissionais envolvidos na \u00e1rea da Psicologia Positiva, tanto em termos da doc\u00eancia, da pesquisa e da interven\u00e7\u00e3o. Como os saberes da Psicologia Positiva n\u00e3o s\u00e3o exclusivos da atua\u00e7\u00e3o em Psicologia, espera-se que a obra possa ser do interesse de profissionais de sa\u00fade (como enfermeiros, fisioterapeutas, terapeutas ocupacionais e m\u00e9dicos), al\u00e9m de profissionais que atuam em cen\u00e1rios educacionais e jur\u00eddicos (como professores, assistentes sociais e juristas).<\/p>\n<p>Pretende-se com este livro proporcionar ao leitor n\u00e3o apenas um retrato da Psicologia Positiva na contemporaneidade, como dialogar com esses diferentes interlocutores no sentido de promover praticas adequadas e que atendam as necessidades experienciadas por pesquisadores e professores brasileiros engajados na consolida\u00e7\u00e3o da Psicologia Positiva, anunciando seus pr\u00f3ximos movimentos.<\/p>\n<hr \/>\n<h3><a href=\"http:\/\/vozes.com.br\/\">http:\/\/vozes.com.br\/<\/a><\/h3>\n<p><strong>Coordena\u00e7\u00e3o Nacional de Vendas &#8211; Editora Vozes Ltda<\/strong><br \/>\n<strong>Rua Frei Luis , N\u00b0 100, Centro , Petr\u00f3polis-RJ Cep 25689-900 Tel (24)2233-9000<\/p>\n<p>Apenas e-mails enviados pela Editora Vozes com o dom\u00ednio @vozes s\u00e3o confi\u00e1veis.<br \/>\nQualquer outro enviado em nome da empresa que n\u00e3o possua este dom\u00ednio \u00e9 uma fraude.<\/strong><\/p>\n","protected":false},"excerpt":{"rendered":"<p>Editora Vozes<\/p>\n","protected":false},"author":3,"featured_media":230722,"comment_status":"open","ping_status":"open","sticky":false,"template":"","format":"standard","meta":[],"categories":[1],"tags":[238],"acf":[],"yoast_head":"<!-- This site is optimized with the Yoast SEO plugin v19.2 - https:\/\/yoast.com\/wordpress\/plugins\/seo\/ -->\n<title>Psicologia domina os lan\u00e7amentos da Vozes - Not\u00edcias - Franciscanos<\/title>\n<meta name=\"robots\" content=\"index, follow, max-snippet:-1, max-image-preview:large, max-video-preview:-1\" \/>\n<link rel=\"canonical\" href=\"https:\/\/franciscanos.org.br\/noticias\/psicologia-domina-os-lancamentos-da-vozes.html\" \/>\n<meta property=\"og:locale\" content=\"pt_BR\" \/>\n<meta property=\"og:type\" content=\"article\" \/>\n<meta property=\"og:title\" content=\"Psicologia domina os lan\u00e7amentos da Vozes - Not\u00edcias - Franciscanos\" \/>\n<meta property=\"og:description\" content=\"Editora Vozes\" \/>\n<meta property=\"og:url\" content=\"https:\/\/franciscanos.org.br\/noticias\/psicologia-domina-os-lancamentos-da-vozes.html\" \/>\n<meta property=\"og:site_name\" content=\"Not\u00edcias - Franciscanos\" \/>\n<meta property=\"article:published_time\" content=\"2021-02-08T11:30:59+00:00\" \/>\n<meta property=\"og:image\" content=\"https:\/\/franciscanos.org.br\/noticias\/wp-content\/uploads\/2021\/02\/vozes_01d.png\" \/>\n\t<meta property=\"og:image:width\" content=\"725\" \/>\n\t<meta property=\"og:image:height\" content=\"477\" \/>\n\t<meta property=\"og:image:type\" content=\"image\/png\" \/>\n<meta name=\"author\" content=\"moacir\" \/>\n<meta name=\"twitter:card\" content=\"summary_large_image\" \/>\n<meta name=\"twitter:label1\" content=\"Escrito por\" \/>\n\t<meta name=\"twitter:data1\" content=\"moacir\" \/>\n\t<meta name=\"twitter:label2\" content=\"Est. tempo de leitura\" \/>\n\t<meta name=\"twitter:data2\" content=\"8 minutos\" \/>\n<script type=\"application\/ld+json\" class=\"yoast-schema-graph\">{\"@context\":\"https:\/\/schema.org\",\"@graph\":[{\"@type\":\"WebSite\",\"@id\":\"https:\/\/franciscanos.org.br\/noticias\/#website\",\"url\":\"https:\/\/franciscanos.org.br\/noticias\/\",\"name\":\"Not\u00edcias - Franciscanos\",\"description\":\"Prov\u00edncia Franciscana da Imaculada Concei\u00e7\u00e3o do Brasil - Ordem dos Frades Menores - OFM\",\"potentialAction\":[{\"@type\":\"SearchAction\",\"target\":{\"@type\":\"EntryPoint\",\"urlTemplate\":\"https:\/\/franciscanos.org.br\/noticias\/?s={search_term_string}\"},\"query-input\":\"required name=search_term_string\"}],\"inLanguage\":\"pt-BR\"},{\"@type\":\"ImageObject\",\"inLanguage\":\"pt-BR\",\"@id\":\"https:\/\/franciscanos.org.br\/noticias\/psicologia-domina-os-lancamentos-da-vozes.html#primaryimage\",\"url\":\"https:\/\/franciscanos.org.br\/noticias\/wp-content\/uploads\/2021\/02\/vozes_01d.png\",\"contentUrl\":\"https:\/\/franciscanos.org.br\/noticias\/wp-content\/uploads\/2021\/02\/vozes_01d.png\",\"width\":725,\"height\":477},{\"@type\":\"WebPage\",\"@id\":\"https:\/\/franciscanos.org.br\/noticias\/psicologia-domina-os-lancamentos-da-vozes.html#webpage\",\"url\":\"https:\/\/franciscanos.org.br\/noticias\/psicologia-domina-os-lancamentos-da-vozes.html\",\"name\":\"Psicologia domina os lan\u00e7amentos da Vozes - Not\u00edcias - Franciscanos\",\"isPartOf\":{\"@id\":\"https:\/\/franciscanos.org.br\/noticias\/#website\"},\"primaryImageOfPage\":{\"@id\":\"https:\/\/franciscanos.org.br\/noticias\/psicologia-domina-os-lancamentos-da-vozes.html#primaryimage\"},\"datePublished\":\"2021-02-08T11:30:59+00:00\",\"dateModified\":\"2021-02-08T11:30:59+00:00\",\"author\":{\"@id\":\"https:\/\/franciscanos.org.br\/noticias\/#\/schema\/person\/b5c8cba458c330ccff548b056e95a5d4\"},\"breadcrumb\":{\"@id\":\"https:\/\/franciscanos.org.br\/noticias\/psicologia-domina-os-lancamentos-da-vozes.html#breadcrumb\"},\"inLanguage\":\"pt-BR\",\"potentialAction\":[{\"@type\":\"ReadAction\",\"target\":[\"https:\/\/franciscanos.org.br\/noticias\/psicologia-domina-os-lancamentos-da-vozes.html\"]}]},{\"@type\":\"BreadcrumbList\",\"@id\":\"https:\/\/franciscanos.org.br\/noticias\/psicologia-domina-os-lancamentos-da-vozes.html#breadcrumb\",\"itemListElement\":[{\"@type\":\"ListItem\",\"position\":1,\"name\":\"Home\",\"item\":\"https:\/\/franciscanos.org.br\/noticias\"},{\"@type\":\"ListItem\",\"position\":2,\"name\":\"Psicologia domina os lan\u00e7amentos da Vozes\"}]},{\"@type\":\"Person\",\"@id\":\"https:\/\/franciscanos.org.br\/noticias\/#\/schema\/person\/b5c8cba458c330ccff548b056e95a5d4\",\"name\":\"moacir\",\"image\":{\"@type\":\"ImageObject\",\"inLanguage\":\"pt-BR\",\"@id\":\"https:\/\/franciscanos.org.br\/noticias\/#\/schema\/person\/image\/\",\"url\":\"https:\/\/secure.gravatar.com\/avatar\/d08aa2ce4c8dd416d4479aa8536fcf64?s=96&d=mm&r=g\",\"contentUrl\":\"https:\/\/secure.gravatar.com\/avatar\/d08aa2ce4c8dd416d4479aa8536fcf64?s=96&d=mm&r=g\",\"caption\":\"moacir\"},\"url\":\"https:\/\/franciscanos.org.br\/noticias\/author\/moacir\"}]}<\/script>\n<!-- \/ Yoast SEO plugin. -->","yoast_head_json":{"title":"Psicologia domina os lan\u00e7amentos da Vozes - Not\u00edcias - Franciscanos","robots":{"index":"index","follow":"follow","max-snippet":"max-snippet:-1","max-image-preview":"max-image-preview:large","max-video-preview":"max-video-preview:-1"},"canonical":"https:\/\/franciscanos.org.br\/noticias\/psicologia-domina-os-lancamentos-da-vozes.html","og_locale":"pt_BR","og_type":"article","og_title":"Psicologia domina os lan\u00e7amentos da Vozes - Not\u00edcias - Franciscanos","og_description":"Editora Vozes","og_url":"https:\/\/franciscanos.org.br\/noticias\/psicologia-domina-os-lancamentos-da-vozes.html","og_site_name":"Not\u00edcias - Franciscanos","article_published_time":"2021-02-08T11:30:59+00:00","og_image":[{"width":725,"height":477,"url":"https:\/\/franciscanos.org.br\/noticias\/wp-content\/uploads\/2021\/02\/vozes_01d.png","type":"image\/png"}],"author":"moacir","twitter_card":"summary_large_image","twitter_misc":{"Escrito por":"moacir","Est. tempo de leitura":"8 minutos"},"schema":{"@context":"https:\/\/schema.org","@graph":[{"@type":"WebSite","@id":"https:\/\/franciscanos.org.br\/noticias\/#website","url":"https:\/\/franciscanos.org.br\/noticias\/","name":"Not\u00edcias - Franciscanos","description":"Prov\u00edncia Franciscana da Imaculada Concei\u00e7\u00e3o do Brasil - Ordem dos Frades Menores - OFM","potentialAction":[{"@type":"SearchAction","target":{"@type":"EntryPoint","urlTemplate":"https:\/\/franciscanos.org.br\/noticias\/?s={search_term_string}"},"query-input":"required name=search_term_string"}],"inLanguage":"pt-BR"},{"@type":"ImageObject","inLanguage":"pt-BR","@id":"https:\/\/franciscanos.org.br\/noticias\/psicologia-domina-os-lancamentos-da-vozes.html#primaryimage","url":"https:\/\/franciscanos.org.br\/noticias\/wp-content\/uploads\/2021\/02\/vozes_01d.png","contentUrl":"https:\/\/franciscanos.org.br\/noticias\/wp-content\/uploads\/2021\/02\/vozes_01d.png","width":725,"height":477},{"@type":"WebPage","@id":"https:\/\/franciscanos.org.br\/noticias\/psicologia-domina-os-lancamentos-da-vozes.html#webpage","url":"https:\/\/franciscanos.org.br\/noticias\/psicologia-domina-os-lancamentos-da-vozes.html","name":"Psicologia domina os lan\u00e7amentos da Vozes - Not\u00edcias - Franciscanos","isPartOf":{"@id":"https:\/\/franciscanos.org.br\/noticias\/#website"},"primaryImageOfPage":{"@id":"https:\/\/franciscanos.org.br\/noticias\/psicologia-domina-os-lancamentos-da-vozes.html#primaryimage"},"datePublished":"2021-02-08T11:30:59+00:00","dateModified":"2021-02-08T11:30:59+00:00","author":{"@id":"https:\/\/franciscanos.org.br\/noticias\/#\/schema\/person\/b5c8cba458c330ccff548b056e95a5d4"},"breadcrumb":{"@id":"https:\/\/franciscanos.org.br\/noticias\/psicologia-domina-os-lancamentos-da-vozes.html#breadcrumb"},"inLanguage":"pt-BR","potentialAction":[{"@type":"ReadAction","target":["https:\/\/franciscanos.org.br\/noticias\/psicologia-domina-os-lancamentos-da-vozes.html"]}]},{"@type":"BreadcrumbList","@id":"https:\/\/franciscanos.org.br\/noticias\/psicologia-domina-os-lancamentos-da-vozes.html#breadcrumb","itemListElement":[{"@type":"ListItem","position":1,"name":"Home","item":"https:\/\/franciscanos.org.br\/noticias"},{"@type":"ListItem","position":2,"name":"Psicologia domina os lan\u00e7amentos da Vozes"}]},{"@type":"Person","@id":"https:\/\/franciscanos.org.br\/noticias\/#\/schema\/person\/b5c8cba458c330ccff548b056e95a5d4","name":"moacir","image":{"@type":"ImageObject","inLanguage":"pt-BR","@id":"https:\/\/franciscanos.org.br\/noticias\/#\/schema\/person\/image\/","url":"https:\/\/secure.gravatar.com\/avatar\/d08aa2ce4c8dd416d4479aa8536fcf64?s=96&d=mm&r=g","contentUrl":"https:\/\/secure.gravatar.com\/avatar\/d08aa2ce4c8dd416d4479aa8536fcf64?s=96&d=mm&r=g","caption":"moacir"},"url":"https:\/\/franciscanos.org.br\/noticias\/author\/moacir"}]}},"_links":{"self":[{"href":"https:\/\/franciscanos.org.br\/noticias\/wp-json\/wp\/v2\/posts\/230720"}],"collection":[{"href":"https:\/\/franciscanos.org.br\/noticias\/wp-json\/wp\/v2\/posts"}],"about":[{"href":"https:\/\/franciscanos.org.br\/noticias\/wp-json\/wp\/v2\/types\/post"}],"author":[{"embeddable":true,"href":"https:\/\/franciscanos.org.br\/noticias\/wp-json\/wp\/v2\/users\/3"}],"replies":[{"embeddable":true,"href":"https:\/\/franciscanos.org.br\/noticias\/wp-json\/wp\/v2\/comments?post=230720"}],"version-history":[{"count":1,"href":"https:\/\/franciscanos.org.br\/noticias\/wp-json\/wp\/v2\/posts\/230720\/revisions"}],"predecessor-version":[{"id":230724,"href":"https:\/\/franciscanos.org.br\/noticias\/wp-json\/wp\/v2\/posts\/230720\/revisions\/230724"}],"wp:featuredmedia":[{"embeddable":true,"href":"https:\/\/franciscanos.org.br\/noticias\/wp-json\/wp\/v2\/media\/230722"}],"wp:attachment":[{"href":"https:\/\/franciscanos.org.br\/noticias\/wp-json\/wp\/v2\/media?parent=230720"}],"wp:term":[{"taxonomy":"category","embeddable":true,"href":"https:\/\/franciscanos.org.br\/noticias\/wp-json\/wp\/v2\/categories?post=230720"},{"taxonomy":"post_tag","embeddable":true,"href":"https:\/\/franciscanos.org.br\/noticias\/wp-json\/wp\/v2\/tags?post=230720"}],"curies":[{"name":"wp","href":"https:\/\/api.w.org\/{rel}","templated":true}]}}