{"id":230710,"date":"2021-02-07T09:20:56","date_gmt":"2021-02-07T12:20:56","guid":{"rendered":"https:\/\/franciscanos.org.br\/noticias\/?p=230710"},"modified":"2021-02-07T09:20:56","modified_gmt":"2021-02-07T12:20:56","slug":"papa-cuidar-dos-que-sofrem-e-parte-da-missao-da-igreja","status":"publish","type":"post","link":"https:\/\/franciscanos.org.br\/noticias\/papa-cuidar-dos-que-sofrem-e-parte-da-missao-da-igreja.html","title":{"rendered":"Papa: cuidar dos que sofrem \u00e9 parte da miss\u00e3o da Igreja"},"content":{"rendered":"<div id=\"attachment_230711\" style=\"width: 1290px\" class=\"wp-caption alignleft\"><img aria-describedby=\"caption-attachment-230711\" loading=\"lazy\" class=\"wp-image-230711 size-full\" src=\"https:\/\/franciscanos.org.br\/noticias\/wp-content\/uploads\/2021\/02\/angelus_01.jpg\" alt=\"\" width=\"1280\" height=\"720\" srcset=\"https:\/\/franciscanos.org.br\/noticias\/wp-content\/uploads\/2021\/02\/angelus_01.jpg 1280w, https:\/\/franciscanos.org.br\/noticias\/wp-content\/uploads\/2021\/02\/angelus_01-450x253.jpg 450w, https:\/\/franciscanos.org.br\/noticias\/wp-content\/uploads\/2021\/02\/angelus_01-1024x576.jpg 1024w, https:\/\/franciscanos.org.br\/noticias\/wp-content\/uploads\/2021\/02\/angelus_01-768x432.jpg 768w, https:\/\/franciscanos.org.br\/noticias\/wp-content\/uploads\/2021\/02\/angelus_01-150x84.jpg 150w\" sizes=\"(max-width: 1280px) 100vw, 1280px\" \/><p id=\"caption-attachment-230711\" class=\"wp-caption-text\">\u00a0 \u00a0 \u00a0 \u00a0 \u00a0 \u00a0 \u00a0 \u00a0 \u00a0 \u00a0 \u00a0 \u00a0 \u00a0 \u00a0 \u00a0 \u00a0 \u00a0 \u00a0 \u00a0 \u00a0 \u00a0 \u00a0 \u00a0 \u00a0 \u00a0 \u00a0 \u00a0 \u00a0 \u00a0 \u00a0 \u00a0 \u00a0 \u00a0 \u00a0 \u00a0 \u00a0 \u00a0 \u00a0 \u00a0 \u00a0 \u00a0 \u00a0 \u00a0 \u00a0 \u00a0 \u00a0 \u00a0 \u00a0 \u00a0 \u00a0 \u00a0 \u00a0 \u00a0 \u00a0 \u00a0 \u00a0 \u00a0 \u00a0 \u00a0 \u00a0 \u00a0 \u00a0 \u00a0 \u00a0 \u00a0 \u00a0 \u00a0 \u00a0 \u00a0 \u00a0 \u00a0 \u00a0 \u00a0<em> \u00a0 \u00a0 \u00a0Imagem: Vatican Media<\/em><\/p><\/div>\n<p>\u201cPara a Igreja, cuidar dos doentes de todo tipo n\u00e3o \u00e9 uma \u2018atividade opcional\u2019, algo acess\u00f3rio; n\u00e3o, \u00e9 parte integrante de sua miss\u00e3o, como era da miss\u00e3o de Jesus: levar a ternura de Deus \u00e0 humanidade sofredora.\u201d<\/p>\n<p>Foi o que disse o Papa no <em>Angelus<\/em> ao meio-dia deste V Domingo do Tempo Comum, em que o Santo Padre voltou a conduzir a ora\u00e7\u00e3o mariana da janela do Pal\u00e1cio Apost\u00f3lico, recitando-a com os fi\u00e9is reunidos na Pra\u00e7a S\u00e3o Pedro.<\/p>\n<p>Comentando o Evangelho do dia (cf. Mc 1,29-39) que apresenta a cura, da parte de Jesus, da sogra de Pedro e depois de muitos outros doentes e sofredores que v\u00e3o at\u00e9 Ele, Francisco observou que a cura da sogra de Pedro \u00e9 a primeira de natureza f\u00edsica narrada por Marcos.<\/p>\n<p>A mulher estava na cama com febre; a atitude e o gesto de Jesus para com ela s\u00e3o emblem\u00e1ticos: &#8220;Aproximando-se, Ele a tomou pela m\u00e3o e a fez levantar-se&#8221;, observa o Evangelista. H\u00e1 tanta do\u00e7ura neste ato simples, que parece quase natural: &#8220;A febre a deixou e ela se p\u00f4s a servi-los&#8221;, continuou o Papa. O poder de cura de Jesus n\u00e3o encontra nenhuma resist\u00eancia; e a pessoa curada retoma sua vida normal, pensando imediatamente nos outros e n\u00e3o em si mesma &#8211; e isso \u00e9 significativo, \u00e9 um sinal de verdadeira &#8220;sa\u00fade&#8221;!<\/p>\n<p>Aquele dia era um s\u00e1bado. O povo da aldeia espera pelo p\u00f4r-do-sol e depois, acabada a obriga\u00e7\u00e3o do repouso, sai e traz a Jesus todos os doentes e os possu\u00eddos. E Ele os cura, mas pro\u00edbe os dem\u00f4nios de revelar que Ele \u00e9 o Cristo.<\/p>\n<p>Desde o in\u00edcio, observou o Santo Padre, Jesus mostra sua predile\u00e7\u00e3o pelas pessoas que sofrem no corpo e no esp\u00edrito: \u00e9 a predile\u00e7\u00e3o do Pai, que Ele encarna e manifesta com obras e palavras. Seus disc\u00edpulos foram testemunhas oculares disso.<\/p>\n<p>Mas Jesus n\u00e3o queria que eles fossem meros espectadores de sua miss\u00e3o: envolveu-os, enviou-os, deu-lhes tamb\u00e9m o poder de curar os doentes e expulsar os dem\u00f4nios. E isto tem continuado sem interrup\u00e7\u00e3o na vida da Igreja at\u00e9 hoje, ressaltou.<\/p>\n<p>O Pont\u00edfice acrescentou que para a Igreja, cuidar dos doentes de todo tipo n\u00e3o \u00e9 uma &#8220;atividade opcional&#8221;, algo acess\u00f3rio; n\u00e3o, \u00e9 parte integrante de sua miss\u00e3o, como era da miss\u00e3o de Jesus: levar a ternura de Deus \u00e0 humanidade sofredora. Francisco frisou que seremos lembrados disso dentro de poucos dias, em 11 de fevereiro, Dia Mundial do Enfermo.<\/p>\n<p>A realidade que estamos vivendo em todo o mundo por causa da pandemia torna esta mensagem particularmente atual, disse o Papa. A voz de J\u00f3, que ressoa na Liturgia de hoje, torna-se mais uma vez int\u00e9rprete de nossa condi\u00e7\u00e3o humana, t\u00e3o elevada em dignidade e, ao mesmo tempo, t\u00e3o fr\u00e1gil. Diante desta realidade, a pergunta &#8220;por qu\u00ea?&#8221; sempre surge em nossos cora\u00e7\u00f5es.<\/p>\n<p>A esta pergunta Jesus, o Verbo Encarnado, responde n\u00e3o com uma explica\u00e7\u00e3o, mas com uma presen\u00e7a amorosa que se curva, toma pela m\u00e3o e levanta, como fez com a sogra de Pedro.<\/p>\n<p>Como j\u00e1 manifestado em outras ocasi\u00f5es, o Papa lembrou que a \u00fanica vez em que \u00e9 l\u00edcito de olhar as pessoas de cima para baixo \u00e9 quando nos curvamos para ajud\u00e1-las a levantar-se.<\/p>\n<p>Francisco concluiu a alocu\u00e7\u00e3o que precedeu a ora\u00e7\u00e3o mariana pedindo \u201cque a Sant\u00edssima Virgem nos ajude a permitir que sejamos curados por Jesus &#8211; precisamos disso sempre, todos &#8211; para que, por nossa vez, possamos ser testemunhas da ternura regeneradora de Deus\u201d.<\/p>\n<hr \/>\n<p><em>Fonte: Vatican News (texto de Raimundo de Lima)<\/em><\/p>\n<hr \/>\n<h3>\nAos Focolares: testemunhar Evangelho com di\u00e1logo e abertura a todos<\/h3>\n<p>Di\u00e1logo, abertura aos outros e a supera\u00e7\u00e3o de qualquer atitude de autorreferencialidade para continuar no caminho indicado pela fundadora, Chiara Lubich, s\u00e3o as principais indica\u00e7\u00f5es contidas no discurso do Papa Francisco na Sala Paulo VI, no Vaticano, aos participantes da Assembleia do Movimento que, iniciada em 24 de janeiro, terminou este s\u00e1bado (06\/02). E para encoraj\u00e1-los em sua tarefa, ofereceu algumas reflex\u00f5es que resume em tr\u00eas pontos: &#8220;o p\u00f3s-fundador; a import\u00e2ncia das crises; viver a espiritualidade com coer\u00eancia e realismo&#8221;.<\/p>\n<p><strong>Fidelidade din\u00e2mica \u00e0s origens e \u00e0 escuta do novo<\/strong><br \/>\nDoze anos se passaram desde a morte de Chiara Lubich e, afirmou Francisco, &#8220;voc\u00eas s\u00e3o chamados a superar o desencorajamento e tamb\u00e9m a queda num\u00e9rica, a fim de continuar a ser uma express\u00e3o viva do carisma fundador&#8221;. Para isso, continuou, &#8220;\u00e9 necess\u00e1ria uma fidelidade din\u00e2mica&#8221;, ou seja, um compromisso de &#8220;permanecer fiel \u00e0 fonte original, esfor\u00e7ando-se para repens\u00e1-la e express\u00e1-la em di\u00e1logo com as novas situa\u00e7\u00f5es sociais e culturais&#8221;:<\/p>\n<p>A espiritualidade de voc\u00eas, caracterizada pelo di\u00e1logo e abertura a diferentes contextos culturais, sociais e religiosos, pode certamente fomentar este processo. A abertura aos outros, sejam eles quem forem, \u00e9 sempre para ser cultivada: o Evangelho \u00e9 destinado a todos, mas n\u00e3o como proselitismo, \u00e9 um fermento de nova humanidade em todos os lugares e tempos. Esta atitude de abertura e di\u00e1logo ajudar\u00e1 voc\u00eas a evitar qualquer autorreferencialidade, que nunca vem do bom esp\u00edrito. Isto \u00e9 o que esperamos para toda a Igreja: ter cuidado com o fechar-se em si mesma, o que sempre leva a defender a institui\u00e7\u00e3o em detrimento das pessoas, e que tamb\u00e9m pode levar a justificar ou encobrir formas de abuso, com tanta dor que temos descoberto e experimentado nos \u00faltimos anos.<\/p>\n<p>A autorreferencialidade, explicou o Papa Francisco, deve ceder, mesmo no Movimento, \u00e0 parres\u00eda, \u00e0 transpar\u00eancia, para enfrentar com coragem e verdade os diferentes problemas &#8220;sempre seguindo as indica\u00e7\u00f5es da Igreja, que \u00e9 verdadeira M\u00e3e, e respondendo \u00e0s exig\u00eancias da justi\u00e7a e da caridade&#8221;.<\/p>\n<p><strong>Toda crise \u00e9 oportunidade para atingir uma nova maturidade<\/strong><br \/>\nO segundo ponto \u00e9 a import\u00e2ncia das crises e o Papa enfatizou: n\u00e3o se pode viver sem crises, as crises s\u00e3o b\u00ean\u00e7\u00e3os, para a vida das pessoas e tamb\u00e9m para a vida das institui\u00e7\u00f5es. O conflito, precisou, \u00e9 negativo, n\u00e3o a crise. E continuou:<\/p>\n<p>Toda crise \u00e9 um chamado a uma nova maturidade; \u00e9 um tempo do Esp\u00edrito, que desperta a necessidade de operar uma atualiza\u00e7\u00e3o, sem desanimar diante da complexidade humana e de suas contradi\u00e7\u00f5es. Hoje em dia, h\u00e1 muita \u00eanfase na import\u00e2ncia da resili\u00eancia diante das dificuldades, ou seja, a capacidade de enfrent\u00e1-las positivamente, tirando delas oportunidades.<\/p>\n<p>O Papa Francisco continuou explicando que \u00e9 responsabilidade dos que ocupam cargos de governo &#8220;esfor\u00e7ar-se para lidar da melhor maneira, da forma mais construtiva, com crises comunit\u00e1rias e organizacionais&#8221;, enquanto as crises que envolvem a esfera da consci\u00eancia dos indiv\u00edduos exigem &#8220;ser tratadas com prud\u00eancia por aqueles que n\u00e3o ocupam cargos de governo, em todos os n\u00edveis, dentro do Movimento&#8221;. E prosseguiu dizendo:<\/p>\n<p>Esta tem sido sempre uma boa regra e que se aplica n\u00e3o apenas aos momentos de crise das pessoas, mas em geral ao seu acompanhamento em sua jornada espiritual. \u00c9 essa s\u00e1bia distin\u00e7\u00e3o entre f\u00f3rum externo e interno que a experi\u00eancia e a tradi\u00e7\u00e3o da Igreja nos ensina ser indispens\u00e1vel. De fato, a mistura da esfera de governo e da esfera de consci\u00eancia d\u00e1 origem aos abusos de poder e de outros dos quais fomos testemunhas.<\/p>\n<p><strong>Proximidade fraterna a todos e transpar\u00eancia interna<\/strong><br \/>\nO terceiro ponto para o qual o Papa chamou a aten\u00e7\u00e3o \u00e9: viver a espiritualidade do Movimento &#8211; centrada na ora\u00e7\u00e3o de Jesus para que &#8220;todos sejam uma s\u00f3 coisa&#8221; &#8211; com coer\u00eancia e realismo. E precisou que isto requer um duplo compromisso: fora do Movimento e dentro dele.<\/p>\n<p>No que diz respeito ao agir externo, encorajo-os a serem &#8211; e nisto a Serva de Deus Chiara Lubich deu tantos exemplos! &#8211; testemunhas da proximidade com amor fraterno que supera todas as barreiras e alcan\u00e7a todas as condi\u00e7\u00f5es humanas.<\/p>\n<p>\u00c9 o caminho da proximidade, come\u00e7ando pelos pobres e os \u00faltimos, e o de trabalhar em conjunto com pessoas de boa vontade &#8220;para a promo\u00e7\u00e3o da justi\u00e7a e da paz&#8221;.<\/p>\n<p>Por outro lado, o convite do Papa \u00e9 promover a sinodalidade, a corresponsabilidade e a participa\u00e7\u00e3o de todos os membros, no que diz respeito ao compromisso dentro do Movimento. A l\u00f3gica que deve ser perseguida \u00e9 a &#8220;l\u00f3gica da comunh\u00e3o segundo a qual todos podem colocar a servi\u00e7o dos outros seus pr\u00f3prios dons, suas pr\u00f3prias opini\u00f5es na verdade e com liberdade&#8221;.<\/p>\n<p>Francisco exortou os membros do Movimento, imitando Chiara Lubich, a permanecerem &#8220;sempre ouvindo o grito de abandono de Cristo na cruz, que manifesta a mais alta medida do amor&#8221;.<\/p>\n<p>A gra\u00e7a que vem dela \u00e9 capaz de despertar em n\u00f3s, fracos e pecadores, respostas generosas e \u00e0s vezes heroicas; \u00e9 capaz de transformar o sofrimento e at\u00e9 mesmo a trag\u00e9dia em uma fonte de luz e esperan\u00e7a para a humanidade. Nesta passagem da morte \u00e0 vida est\u00e1 o cora\u00e7\u00e3o do Cristianismo e tamb\u00e9m do carisma de voc\u00eas.<\/p>\n<p>Por fim, agradecendo pelo &#8220;alegre testemunho do Evangelho que continuam a oferecer \u00e0 Igreja e ao mundo&#8221;, o Papa aben\u00e7oou os presentes e confiou todos os membros do Movimento a Maria, M\u00e3e da Igreja.<\/p>\n<p><strong>A sauda\u00e7\u00e3o de Maria Voce ao Papa<\/strong><br \/>\nO momento de encontro deste s\u00e1bado na Sala Paulo VI foi especial para o Movimento dos Focolares, e o Papa Francisco aceitou que ela pudesse ser seguida via <em>streaming<\/em> de todo o mundo. A primeira a falar foi Maria Voce, que dirige o Movimento h\u00e1 12 anos. Ela o fez para apresentar a nova presidente, Margaret Karram, eleita pela Assembleia Geral da Obra de Maria este 1\u00ba de fevereiro, mas sobretudo para agradecer ao Papa por seu apoio e seu &#8220;profundo e grande&#8221; amor com o qual acompanhou seu trabalho at\u00e9 a passagem do bast\u00e3o nestes dias. Margaret Karram \u00e9 cat\u00f3lica, nascida em Haifa, Israel, de uma fam\u00edlia de origem palestina e que na Terra Santa, tem nas costas uma intensa experi\u00eancia em ajudar a construir &#8220;rela\u00e7\u00f5es construtivas de paz e verdadeira fraternidade&#8221; entre os diferentes povos. Depois, quando chegou a Roma, foi Conselheira da Obra de Maria &#8220;para o di\u00e1logo entre institui\u00e7\u00f5es eclesi\u00e1sticas, associa\u00e7\u00f5es, grupos e movimentos, nascidos de carismas antigos e novos na Igreja Cat\u00f3lica, colaborando ativamente para uma maior comunh\u00e3o entre todos&#8221;. &#8220;Somos gratos ao Esp\u00edrito Santo por t\u00ea-lo escolhido&#8221;, disse Maria Voce, antes de passar a palavra a Margaret Karram, &#8220;na alegria de poder confi\u00e1-la agora, Santo Padre, \u00e0 sua ora\u00e7\u00e3o e ao seu amor&#8221;.<\/p>\n","protected":false},"excerpt":{"rendered":"<p>Angelus<\/p>\n","protected":false},"author":3,"featured_media":230712,"comment_status":"open","ping_status":"open","sticky":false,"template":"","format":"standard","meta":[],"categories":[1428],"tags":[403],"acf":[],"yoast_head":"<!-- This site is optimized with the Yoast SEO plugin v19.2 - https:\/\/yoast.com\/wordpress\/plugins\/seo\/ -->\n<title>Papa: cuidar dos que sofrem \u00e9 parte da miss\u00e3o da Igreja - Not\u00edcias - Franciscanos<\/title>\n<meta name=\"robots\" content=\"index, follow, max-snippet:-1, max-image-preview:large, max-video-preview:-1\" \/>\n<link rel=\"canonical\" href=\"https:\/\/franciscanos.org.br\/noticias\/papa-cuidar-dos-que-sofrem-e-parte-da-missao-da-igreja.html\" \/>\n<meta property=\"og:locale\" content=\"pt_BR\" \/>\n<meta property=\"og:type\" content=\"article\" \/>\n<meta property=\"og:title\" content=\"Papa: cuidar dos que sofrem \u00e9 parte da miss\u00e3o da Igreja - Not\u00edcias - Franciscanos\" \/>\n<meta property=\"og:description\" content=\"Angelus\" \/>\n<meta property=\"og:url\" content=\"https:\/\/franciscanos.org.br\/noticias\/papa-cuidar-dos-que-sofrem-e-parte-da-missao-da-igreja.html\" \/>\n<meta property=\"og:site_name\" content=\"Not\u00edcias - Franciscanos\" \/>\n<meta property=\"article:published_time\" content=\"2021-02-07T12:20:56+00:00\" \/>\n<meta property=\"og:image\" content=\"https:\/\/franciscanos.org.br\/noticias\/wp-content\/uploads\/2021\/02\/angelus_01d.jpg\" \/>\n\t<meta property=\"og:image:width\" content=\"800\" \/>\n\t<meta property=\"og:image:height\" content=\"600\" \/>\n\t<meta property=\"og:image:type\" content=\"image\/jpeg\" \/>\n<meta name=\"author\" content=\"moacir\" \/>\n<meta name=\"twitter:card\" content=\"summary_large_image\" \/>\n<meta name=\"twitter:label1\" content=\"Escrito por\" \/>\n\t<meta name=\"twitter:data1\" content=\"moacir\" \/>\n\t<meta name=\"twitter:label2\" content=\"Est. tempo de leitura\" \/>\n\t<meta name=\"twitter:data2\" content=\"9 minutos\" \/>\n<script type=\"application\/ld+json\" class=\"yoast-schema-graph\">{\"@context\":\"https:\/\/schema.org\",\"@graph\":[{\"@type\":\"WebSite\",\"@id\":\"https:\/\/franciscanos.org.br\/noticias\/#website\",\"url\":\"https:\/\/franciscanos.org.br\/noticias\/\",\"name\":\"Not\u00edcias - Franciscanos\",\"description\":\"Prov\u00edncia Franciscana da Imaculada Concei\u00e7\u00e3o do Brasil - Ordem dos Frades Menores - OFM\",\"potentialAction\":[{\"@type\":\"SearchAction\",\"target\":{\"@type\":\"EntryPoint\",\"urlTemplate\":\"https:\/\/franciscanos.org.br\/noticias\/?s={search_term_string}\"},\"query-input\":\"required name=search_term_string\"}],\"inLanguage\":\"pt-BR\"},{\"@type\":\"ImageObject\",\"inLanguage\":\"pt-BR\",\"@id\":\"https:\/\/franciscanos.org.br\/noticias\/papa-cuidar-dos-que-sofrem-e-parte-da-missao-da-igreja.html#primaryimage\",\"url\":\"https:\/\/franciscanos.org.br\/noticias\/wp-content\/uploads\/2021\/02\/angelus_01d.jpg\",\"contentUrl\":\"https:\/\/franciscanos.org.br\/noticias\/wp-content\/uploads\/2021\/02\/angelus_01d.jpg\",\"width\":800,\"height\":600},{\"@type\":\"WebPage\",\"@id\":\"https:\/\/franciscanos.org.br\/noticias\/papa-cuidar-dos-que-sofrem-e-parte-da-missao-da-igreja.html#webpage\",\"url\":\"https:\/\/franciscanos.org.br\/noticias\/papa-cuidar-dos-que-sofrem-e-parte-da-missao-da-igreja.html\",\"name\":\"Papa: cuidar dos que sofrem \u00e9 parte da miss\u00e3o da Igreja - Not\u00edcias - Franciscanos\",\"isPartOf\":{\"@id\":\"https:\/\/franciscanos.org.br\/noticias\/#website\"},\"primaryImageOfPage\":{\"@id\":\"https:\/\/franciscanos.org.br\/noticias\/papa-cuidar-dos-que-sofrem-e-parte-da-missao-da-igreja.html#primaryimage\"},\"datePublished\":\"2021-02-07T12:20:56+00:00\",\"dateModified\":\"2021-02-07T12:20:56+00:00\",\"author\":{\"@id\":\"https:\/\/franciscanos.org.br\/noticias\/#\/schema\/person\/b5c8cba458c330ccff548b056e95a5d4\"},\"breadcrumb\":{\"@id\":\"https:\/\/franciscanos.org.br\/noticias\/papa-cuidar-dos-que-sofrem-e-parte-da-missao-da-igreja.html#breadcrumb\"},\"inLanguage\":\"pt-BR\",\"potentialAction\":[{\"@type\":\"ReadAction\",\"target\":[\"https:\/\/franciscanos.org.br\/noticias\/papa-cuidar-dos-que-sofrem-e-parte-da-missao-da-igreja.html\"]}]},{\"@type\":\"BreadcrumbList\",\"@id\":\"https:\/\/franciscanos.org.br\/noticias\/papa-cuidar-dos-que-sofrem-e-parte-da-missao-da-igreja.html#breadcrumb\",\"itemListElement\":[{\"@type\":\"ListItem\",\"position\":1,\"name\":\"Home\",\"item\":\"https:\/\/franciscanos.org.br\/noticias\"},{\"@type\":\"ListItem\",\"position\":2,\"name\":\"Papa: cuidar dos que sofrem \u00e9 parte da miss\u00e3o da Igreja\"}]},{\"@type\":\"Person\",\"@id\":\"https:\/\/franciscanos.org.br\/noticias\/#\/schema\/person\/b5c8cba458c330ccff548b056e95a5d4\",\"name\":\"moacir\",\"image\":{\"@type\":\"ImageObject\",\"inLanguage\":\"pt-BR\",\"@id\":\"https:\/\/franciscanos.org.br\/noticias\/#\/schema\/person\/image\/\",\"url\":\"https:\/\/secure.gravatar.com\/avatar\/d08aa2ce4c8dd416d4479aa8536fcf64?s=96&d=mm&r=g\",\"contentUrl\":\"https:\/\/secure.gravatar.com\/avatar\/d08aa2ce4c8dd416d4479aa8536fcf64?s=96&d=mm&r=g\",\"caption\":\"moacir\"},\"url\":\"https:\/\/franciscanos.org.br\/noticias\/author\/moacir\"}]}<\/script>\n<!-- \/ Yoast SEO plugin. -->","yoast_head_json":{"title":"Papa: cuidar dos que sofrem \u00e9 parte da miss\u00e3o da Igreja - Not\u00edcias - Franciscanos","robots":{"index":"index","follow":"follow","max-snippet":"max-snippet:-1","max-image-preview":"max-image-preview:large","max-video-preview":"max-video-preview:-1"},"canonical":"https:\/\/franciscanos.org.br\/noticias\/papa-cuidar-dos-que-sofrem-e-parte-da-missao-da-igreja.html","og_locale":"pt_BR","og_type":"article","og_title":"Papa: cuidar dos que sofrem \u00e9 parte da miss\u00e3o da Igreja - Not\u00edcias - Franciscanos","og_description":"Angelus","og_url":"https:\/\/franciscanos.org.br\/noticias\/papa-cuidar-dos-que-sofrem-e-parte-da-missao-da-igreja.html","og_site_name":"Not\u00edcias - Franciscanos","article_published_time":"2021-02-07T12:20:56+00:00","og_image":[{"width":800,"height":600,"url":"https:\/\/franciscanos.org.br\/noticias\/wp-content\/uploads\/2021\/02\/angelus_01d.jpg","type":"image\/jpeg"}],"author":"moacir","twitter_card":"summary_large_image","twitter_misc":{"Escrito por":"moacir","Est. tempo de leitura":"9 minutos"},"schema":{"@context":"https:\/\/schema.org","@graph":[{"@type":"WebSite","@id":"https:\/\/franciscanos.org.br\/noticias\/#website","url":"https:\/\/franciscanos.org.br\/noticias\/","name":"Not\u00edcias - Franciscanos","description":"Prov\u00edncia Franciscana da Imaculada Concei\u00e7\u00e3o do Brasil - Ordem dos Frades Menores - OFM","potentialAction":[{"@type":"SearchAction","target":{"@type":"EntryPoint","urlTemplate":"https:\/\/franciscanos.org.br\/noticias\/?s={search_term_string}"},"query-input":"required name=search_term_string"}],"inLanguage":"pt-BR"},{"@type":"ImageObject","inLanguage":"pt-BR","@id":"https:\/\/franciscanos.org.br\/noticias\/papa-cuidar-dos-que-sofrem-e-parte-da-missao-da-igreja.html#primaryimage","url":"https:\/\/franciscanos.org.br\/noticias\/wp-content\/uploads\/2021\/02\/angelus_01d.jpg","contentUrl":"https:\/\/franciscanos.org.br\/noticias\/wp-content\/uploads\/2021\/02\/angelus_01d.jpg","width":800,"height":600},{"@type":"WebPage","@id":"https:\/\/franciscanos.org.br\/noticias\/papa-cuidar-dos-que-sofrem-e-parte-da-missao-da-igreja.html#webpage","url":"https:\/\/franciscanos.org.br\/noticias\/papa-cuidar-dos-que-sofrem-e-parte-da-missao-da-igreja.html","name":"Papa: cuidar dos que sofrem \u00e9 parte da miss\u00e3o da Igreja - Not\u00edcias - Franciscanos","isPartOf":{"@id":"https:\/\/franciscanos.org.br\/noticias\/#website"},"primaryImageOfPage":{"@id":"https:\/\/franciscanos.org.br\/noticias\/papa-cuidar-dos-que-sofrem-e-parte-da-missao-da-igreja.html#primaryimage"},"datePublished":"2021-02-07T12:20:56+00:00","dateModified":"2021-02-07T12:20:56+00:00","author":{"@id":"https:\/\/franciscanos.org.br\/noticias\/#\/schema\/person\/b5c8cba458c330ccff548b056e95a5d4"},"breadcrumb":{"@id":"https:\/\/franciscanos.org.br\/noticias\/papa-cuidar-dos-que-sofrem-e-parte-da-missao-da-igreja.html#breadcrumb"},"inLanguage":"pt-BR","potentialAction":[{"@type":"ReadAction","target":["https:\/\/franciscanos.org.br\/noticias\/papa-cuidar-dos-que-sofrem-e-parte-da-missao-da-igreja.html"]}]},{"@type":"BreadcrumbList","@id":"https:\/\/franciscanos.org.br\/noticias\/papa-cuidar-dos-que-sofrem-e-parte-da-missao-da-igreja.html#breadcrumb","itemListElement":[{"@type":"ListItem","position":1,"name":"Home","item":"https:\/\/franciscanos.org.br\/noticias"},{"@type":"ListItem","position":2,"name":"Papa: cuidar dos que sofrem \u00e9 parte da miss\u00e3o da Igreja"}]},{"@type":"Person","@id":"https:\/\/franciscanos.org.br\/noticias\/#\/schema\/person\/b5c8cba458c330ccff548b056e95a5d4","name":"moacir","image":{"@type":"ImageObject","inLanguage":"pt-BR","@id":"https:\/\/franciscanos.org.br\/noticias\/#\/schema\/person\/image\/","url":"https:\/\/secure.gravatar.com\/avatar\/d08aa2ce4c8dd416d4479aa8536fcf64?s=96&d=mm&r=g","contentUrl":"https:\/\/secure.gravatar.com\/avatar\/d08aa2ce4c8dd416d4479aa8536fcf64?s=96&d=mm&r=g","caption":"moacir"},"url":"https:\/\/franciscanos.org.br\/noticias\/author\/moacir"}]}},"_links":{"self":[{"href":"https:\/\/franciscanos.org.br\/noticias\/wp-json\/wp\/v2\/posts\/230710"}],"collection":[{"href":"https:\/\/franciscanos.org.br\/noticias\/wp-json\/wp\/v2\/posts"}],"about":[{"href":"https:\/\/franciscanos.org.br\/noticias\/wp-json\/wp\/v2\/types\/post"}],"author":[{"embeddable":true,"href":"https:\/\/franciscanos.org.br\/noticias\/wp-json\/wp\/v2\/users\/3"}],"replies":[{"embeddable":true,"href":"https:\/\/franciscanos.org.br\/noticias\/wp-json\/wp\/v2\/comments?post=230710"}],"version-history":[{"count":1,"href":"https:\/\/franciscanos.org.br\/noticias\/wp-json\/wp\/v2\/posts\/230710\/revisions"}],"predecessor-version":[{"id":230713,"href":"https:\/\/franciscanos.org.br\/noticias\/wp-json\/wp\/v2\/posts\/230710\/revisions\/230713"}],"wp:featuredmedia":[{"embeddable":true,"href":"https:\/\/franciscanos.org.br\/noticias\/wp-json\/wp\/v2\/media\/230712"}],"wp:attachment":[{"href":"https:\/\/franciscanos.org.br\/noticias\/wp-json\/wp\/v2\/media?parent=230710"}],"wp:term":[{"taxonomy":"category","embeddable":true,"href":"https:\/\/franciscanos.org.br\/noticias\/wp-json\/wp\/v2\/categories?post=230710"},{"taxonomy":"post_tag","embeddable":true,"href":"https:\/\/franciscanos.org.br\/noticias\/wp-json\/wp\/v2\/tags?post=230710"}],"curies":[{"name":"wp","href":"https:\/\/api.w.org\/{rel}","templated":true}]}}