{"id":230694,"date":"2021-02-06T06:55:11","date_gmt":"2021-02-06T09:55:11","guid":{"rendered":"https:\/\/franciscanos.org.br\/noticias\/?p=230694"},"modified":"2021-02-06T06:55:11","modified_gmt":"2021-02-06T09:55:11","slug":"apelo-da-santa-se-e-caritas-a-onu-ninguem-seja-excluido-da-vacina-anti-covid","status":"publish","type":"post","link":"https:\/\/franciscanos.org.br\/noticias\/apelo-da-santa-se-e-caritas-a-onu-ninguem-seja-excluido-da-vacina-anti-covid.html","title":{"rendered":"Apelo da Santa S\u00e9 e Caritas \u00e0 Onu: ningu\u00e9m seja exclu\u00eddo da vacina anti-Covid"},"content":{"rendered":"<div id=\"attachment_230695\" style=\"width: 1290px\" class=\"wp-caption alignnone\"><img aria-describedby=\"caption-attachment-230695\" loading=\"lazy\" class=\"wp-image-230695 size-full\" src=\"https:\/\/franciscanos.org.br\/noticias\/wp-content\/uploads\/2021\/02\/vacina_06.jpg\" alt=\"\" width=\"1280\" height=\"720\" srcset=\"https:\/\/franciscanos.org.br\/noticias\/wp-content\/uploads\/2021\/02\/vacina_06.jpg 1280w, https:\/\/franciscanos.org.br\/noticias\/wp-content\/uploads\/2021\/02\/vacina_06-450x253.jpg 450w, https:\/\/franciscanos.org.br\/noticias\/wp-content\/uploads\/2021\/02\/vacina_06-1024x576.jpg 1024w, https:\/\/franciscanos.org.br\/noticias\/wp-content\/uploads\/2021\/02\/vacina_06-768x432.jpg 768w, https:\/\/franciscanos.org.br\/noticias\/wp-content\/uploads\/2021\/02\/vacina_06-150x84.jpg 150w\" sizes=\"(max-width: 1280px) 100vw, 1280px\" \/><p id=\"caption-attachment-230695\" class=\"wp-caption-text\">\u00a0 \u00a0 \u00a0 \u00a0 \u00a0 \u00a0 \u00a0 \u00a0 \u00a0 \u00a0 \u00a0 \u00a0 \u00a0 \u00a0 \u00a0 \u00a0 \u00a0 \u00a0 \u00a0 \u00a0 \u00a0 \u00a0 \u00a0 \u00a0 \u00a0 \u00a0 \u00a0 \u00a0 \u00a0 \u00a0 \u00a0 \u00a0 \u00a0 \u00a0 \u00a0 \u00a0 \u00a0 \u00a0 \u00a0 \u00a0 \u00a0 \u00a0 \u00a0 \u00a0 \u00a0 \u00a0 \u00a0 \u00a0 \u00a0 \u00a0 \u00a0 \u00a0 \u00a0 \u00a0 \u00a0 \u00a0 \u00a0 \u00a0 \u00a0 \u00a0 \u00a0<em> \u00a0 \u00a0 \u00a0Imagem: Vatican Media<\/em><\/p><\/div>\n<p>A Caritas Internacional e o Dicast\u00e9rio vaticano para a Promo\u00e7\u00e3o do Servi\u00e7o do Desenvolvimento Humano Integral, com um comunicado claro e articulado, assinado pelos cardeais Luis Antonio Tagle &#8211; presidente da Caritas Internacional, Peter Turkson &#8211; prefeito do referido Dicast\u00e9rio vaticano, e Aloysius John &#8211; secret\u00e1rio geral da Caritas Internacional, pedem que seja poss\u00edvel para todos os pa\u00edses, sobretudo os menos favorecidos, o acesso \u00e0s vacinas para enfrentar o v\u00edrus Covid-19, que h\u00e1 um ano ainda \u00e9 sentido no mundo inteiro.<\/p>\n<p>O documento, em particular, envolve as Na\u00e7\u00f5es Unidas para tratar do assunto com uma reuni\u00e3o especial do Conselho de Seguran\u00e7a. A pandemia trouxe \u00e0 tona a fragilidade e a vulnerabilidade da exist\u00eancia humana, l\u00ea-se. Para combater a propaga\u00e7\u00e3o deste v\u00edrus, a fam\u00edlia humana tem procurado agir solidariamente, observando o distanciamento social e o isolamento, fechando fronteiras e comunicando-se atrav\u00e9s do uso massivo da tecnologia digital. O Papa Francisco tem dito muitas vezes que o v\u00edrus nos uniu e s\u00f3 solidariamente podemos sair desta pandemia.<\/p>\n<p><strong>Nenhuma diferen\u00e7a entre na\u00e7\u00f5es ricas e na\u00e7\u00f5es pobres<\/strong><br \/>\nEste ano, as vacinas tornaram-se o centro da aten\u00e7\u00e3o e de muitas esperan\u00e7as. As na\u00e7\u00f5es ricas do Norte global, que investiram dinheiro na produ\u00e7\u00e3o de vacinas, est\u00e3o agora esperando por um retorno sobre seu investimento.<\/p>\n<p>As esperan\u00e7as s\u00e3o depositadas na vacina para que a vida econ\u00f4mica e social possa ser plenamente retomada. Mas este processo levou a uma esp\u00e9cie de protecionismo no Norte do mundo, uma esp\u00e9cie de nacionalismo que est\u00e1 deixando \u00e0 margem o Sul global, onde vive a maioria dos pobres.<\/p>\n<p>Precisamente sobre o uso da vacina, recorda o texto, o Papa Francisco encorajou as pessoas a se vacinarem, pois \u00e9 uma forma de exercer a responsabilidade para com o pr\u00f3ximo e o bem-estar coletivo. E reiterou que todos devem ter acesso \u00e0 vacina, sem que ningu\u00e9m seja exclu\u00eddo por causa da pobreza.<\/p>\n<p>A Santa S\u00e9 tamb\u00e9m vacinou um certo n\u00famero de pessoas pobres. Estamos num momento crucial que representa uma oportunidade de viver juntos o milagre da caridade e salvar o mundo globalizado, destacam os dois purpurados.<\/p>\n<p><strong>Acesso desigual<\/strong><br \/>\nA distribui\u00e7\u00e3o desigual das doses, l\u00ea-se ainda, levanta um problema para as comunidades do Sul do mundo que est\u00e3o em situa\u00e7\u00e3o de extrema necessidade. Em nosso mundo interligado, as vacinas devem ser disponibilizadas de forma equitativa. Estamos preocupados com as comunidades na \u00c1frica e com as na\u00e7\u00f5es mais pobres da Am\u00e9rica Latina e da \u00c1sia, afirmam Tagle e Turkson.<\/p>\n<p><strong>Salvar o Dom da Vida<\/strong><br \/>\nAs vacinas s\u00e3o um meio para respeitar e salvar o &#8220;Dom da Vida&#8221;. Como toda vida \u00e9 inviol\u00e1vel, ningu\u00e9m deve ser exclu\u00eddo. Os pobres, as minorias, os refugiados, os marginalizados, s\u00e3o os mais expostos ao v\u00edrus. Cuidar deles \u00e9 uma prioridade moral, porque abandon\u00e1-los coloca a si mesmos e \u00e0 comunidade como um todo em risco, e nosso bem-estar coletivo depende de como cuidamos dos \u00faltimos.<\/p>\n<p>Da\u00ed, a exorta\u00e7\u00e3o do comunicado aos l\u00edderes pol\u00edticos a olhar al\u00e9m dos interesses de suas na\u00e7\u00f5es e grupos pol\u00edticos. Esta pandemia \u00e9 uma quest\u00e3o de seguran\u00e7a mundial, amea\u00e7ando toda a fam\u00edlia humana. Abordar a quest\u00e3o das vacinas a partir da perspectiva de uma estrat\u00e9gia nacional restrita poderia levar a um fracasso moral na satisfa\u00e7\u00e3o das necessidades dos mais vulner\u00e1veis no mundo inteiro.<\/p>\n<p><strong>Uma emerg\u00eancia a ser enfrentada globalmente<\/strong><br \/>\nA atual crise de vacinas tamb\u00e9m deve ser vista no contexto mais amplo da situa\u00e7\u00e3o de sa\u00fade global. Muitas das na\u00e7\u00f5es menos desenvolvidas ainda carecem de infraestrutura m\u00e9dica de base e dos meios para armazenar as vacinas. Al\u00e9m disso, as pessoas em \u00e1reas rurais remotas n\u00e3o s\u00e3o sensibilizadas e est\u00e3o expostas a outras doen\u00e7as infecciosas que continuam prevalecendo. Se a pandemia ficar fora de controle no Sul do mundo, isto pode levar a uma nova crise humanit\u00e1ria global.<\/p>\n<p><strong>Davos, Turkson: vacina para todos, mas tamb\u00e9m terra, casa e trabalho<\/strong><br \/>\nA d\u00edvida dos pa\u00edses de baixa renda precisa ser revista. Se esta medida fosse adotada de modo geral, aponta o documento, se desencadearia um processo virtuoso que levaria \u00e0 melhoria dos servi\u00e7os e instala\u00e7\u00f5es m\u00e9dicas nesses pa\u00edses. O dinheiro destinado a pagar a d\u00edvida de um pa\u00eds pobre poderia ser gasto para refor\u00e7ar a seguran\u00e7a sanit\u00e1ria.<\/p>\n<p>A quest\u00e3o do patenteamento de vacinas tamb\u00e9m precisa ser tratada com urg\u00eancia para identificar a produ\u00e7\u00e3o localizada na \u00c1frica, Am\u00e9rica Latina e \u00c1sia e acelerar o acesso \u00e0s vacinas antes que seja tarde demais. O envolvimento dos atores locais, em particular organiza\u00e7\u00f5es religiosas, tamb\u00e9m \u00e9 importante, pois eles t\u00eam as estruturas de base e o contato necess\u00e1rio com as pessoas mais vulner\u00e1veis, tais como migrantes, deslocados internos e marginalizados.<\/p>\n<p><strong>ONU intervenha sobre as vacinas<\/strong><br \/>\nEm linha com as observa\u00e7\u00f5es do Dicast\u00e9rio vaticano para a Promo\u00e7\u00e3o do Servi\u00e7o do Desenvolvimento Humano Integral &#8220;Vacinas para todos: 20 pontos para um mundo mais justo e mais saud\u00e1vel&#8221;, a Caritas Internacional exorta aqueles que tomam as decis\u00f5es e as Na\u00e7\u00f5es Unidas a agir da seguinte forma:<\/p>\n<p style=\"padding-left: 40px;\">&#8211; Convocar uma reuni\u00e3o do Conselho de Seguran\u00e7a para abordar a quest\u00e3o do acesso \u00e0s vacinas como um problema de seguran\u00e7a global com decis\u00f5es pol\u00edticas firmes baseadas no multilateralismo.<\/p>\n<p style=\"padding-left: 40px;\">&#8211; Empreender o perd\u00e3o da d\u00edvida dos pa\u00edses mais pobres o mais r\u00e1pido poss\u00edvel e utilizar os fundos obtidos para melhorar os sistemas m\u00e9dicos e de sa\u00fade desses pa\u00edses.<\/p>\n<p style=\"padding-left: 40px;\">&#8211; Promover a produ\u00e7\u00e3o local de vacinas em v\u00e1rios centros t\u00e9cnicos na \u00c1frica, Am\u00e9rica Latina e \u00c1sia e torn\u00e1-las dispon\u00edveis nos pr\u00f3ximos seis meses, abordando a quest\u00e3o das patentes e da colabora\u00e7\u00e3o t\u00e9cnica com as na\u00e7\u00f5es mais pobres.<\/p>\n<p style=\"padding-left: 40px;\">&#8211; Atribuir apoio financeiro e t\u00e9cnico \u00e0s organiza\u00e7\u00f5es locais da sociedade civil, e em particular \u00e0s organiza\u00e7\u00f5es religiosas, para assegurar a prepara\u00e7\u00e3o das comunidades locais atrav\u00e9s da conscientiza\u00e7\u00e3o e do desenvolvimento de capacidades.<\/p>\n","protected":false},"excerpt":{"rendered":"<p>Dicast\u00e9rio vaticano para a Promo\u00e7\u00e3o do Servi\u00e7o do Desenvolvimento Humano Integral<\/p>\n","protected":false},"author":3,"featured_media":230696,"comment_status":"open","ping_status":"open","sticky":false,"template":"","format":"standard","meta":[],"categories":[1428],"tags":[1759,1810],"acf":[],"yoast_head":"<!-- This site is optimized with the Yoast SEO plugin v19.2 - https:\/\/yoast.com\/wordpress\/plugins\/seo\/ -->\n<title>Apelo da Santa S\u00e9 e Caritas \u00e0 Onu: ningu\u00e9m seja exclu\u00eddo da vacina anti-Covid - Not\u00edcias - Franciscanos<\/title>\n<meta name=\"robots\" content=\"index, follow, max-snippet:-1, max-image-preview:large, max-video-preview:-1\" \/>\n<link rel=\"canonical\" href=\"https:\/\/franciscanos.org.br\/noticias\/apelo-da-santa-se-e-caritas-a-onu-ninguem-seja-excluido-da-vacina-anti-covid.html\" \/>\n<meta property=\"og:locale\" content=\"pt_BR\" \/>\n<meta property=\"og:type\" content=\"article\" \/>\n<meta property=\"og:title\" content=\"Apelo da Santa S\u00e9 e Caritas \u00e0 Onu: ningu\u00e9m seja exclu\u00eddo da vacina anti-Covid - Not\u00edcias - Franciscanos\" \/>\n<meta property=\"og:description\" content=\"Dicast\u00e9rio vaticano para a Promo\u00e7\u00e3o do Servi\u00e7o do Desenvolvimento Humano Integral\" \/>\n<meta property=\"og:url\" content=\"https:\/\/franciscanos.org.br\/noticias\/apelo-da-santa-se-e-caritas-a-onu-ninguem-seja-excluido-da-vacina-anti-covid.html\" \/>\n<meta property=\"og:site_name\" content=\"Not\u00edcias - Franciscanos\" \/>\n<meta property=\"article:published_time\" content=\"2021-02-06T09:55:11+00:00\" \/>\n<meta property=\"og:image\" content=\"https:\/\/franciscanos.org.br\/noticias\/wp-content\/uploads\/2021\/02\/vacina_06d.jpg\" \/>\n\t<meta property=\"og:image:width\" content=\"800\" \/>\n\t<meta property=\"og:image:height\" content=\"600\" \/>\n\t<meta property=\"og:image:type\" content=\"image\/jpeg\" \/>\n<meta name=\"author\" content=\"moacir\" \/>\n<meta name=\"twitter:card\" content=\"summary_large_image\" \/>\n<meta name=\"twitter:label1\" content=\"Escrito por\" \/>\n\t<meta name=\"twitter:data1\" content=\"moacir\" \/>\n\t<meta name=\"twitter:label2\" content=\"Est. tempo de leitura\" \/>\n\t<meta name=\"twitter:data2\" content=\"5 minutos\" \/>\n<script type=\"application\/ld+json\" class=\"yoast-schema-graph\">{\"@context\":\"https:\/\/schema.org\",\"@graph\":[{\"@type\":\"WebSite\",\"@id\":\"https:\/\/franciscanos.org.br\/noticias\/#website\",\"url\":\"https:\/\/franciscanos.org.br\/noticias\/\",\"name\":\"Not\u00edcias - Franciscanos\",\"description\":\"Prov\u00edncia Franciscana da Imaculada Concei\u00e7\u00e3o do Brasil - Ordem dos Frades Menores - OFM\",\"potentialAction\":[{\"@type\":\"SearchAction\",\"target\":{\"@type\":\"EntryPoint\",\"urlTemplate\":\"https:\/\/franciscanos.org.br\/noticias\/?s={search_term_string}\"},\"query-input\":\"required name=search_term_string\"}],\"inLanguage\":\"pt-BR\"},{\"@type\":\"ImageObject\",\"inLanguage\":\"pt-BR\",\"@id\":\"https:\/\/franciscanos.org.br\/noticias\/apelo-da-santa-se-e-caritas-a-onu-ninguem-seja-excluido-da-vacina-anti-covid.html#primaryimage\",\"url\":\"https:\/\/franciscanos.org.br\/noticias\/wp-content\/uploads\/2021\/02\/vacina_06d.jpg\",\"contentUrl\":\"https:\/\/franciscanos.org.br\/noticias\/wp-content\/uploads\/2021\/02\/vacina_06d.jpg\",\"width\":800,\"height\":600},{\"@type\":\"WebPage\",\"@id\":\"https:\/\/franciscanos.org.br\/noticias\/apelo-da-santa-se-e-caritas-a-onu-ninguem-seja-excluido-da-vacina-anti-covid.html#webpage\",\"url\":\"https:\/\/franciscanos.org.br\/noticias\/apelo-da-santa-se-e-caritas-a-onu-ninguem-seja-excluido-da-vacina-anti-covid.html\",\"name\":\"Apelo da Santa S\u00e9 e Caritas \u00e0 Onu: ningu\u00e9m seja exclu\u00eddo da vacina anti-Covid - Not\u00edcias - Franciscanos\",\"isPartOf\":{\"@id\":\"https:\/\/franciscanos.org.br\/noticias\/#website\"},\"primaryImageOfPage\":{\"@id\":\"https:\/\/franciscanos.org.br\/noticias\/apelo-da-santa-se-e-caritas-a-onu-ninguem-seja-excluido-da-vacina-anti-covid.html#primaryimage\"},\"datePublished\":\"2021-02-06T09:55:11+00:00\",\"dateModified\":\"2021-02-06T09:55:11+00:00\",\"author\":{\"@id\":\"https:\/\/franciscanos.org.br\/noticias\/#\/schema\/person\/b5c8cba458c330ccff548b056e95a5d4\"},\"breadcrumb\":{\"@id\":\"https:\/\/franciscanos.org.br\/noticias\/apelo-da-santa-se-e-caritas-a-onu-ninguem-seja-excluido-da-vacina-anti-covid.html#breadcrumb\"},\"inLanguage\":\"pt-BR\",\"potentialAction\":[{\"@type\":\"ReadAction\",\"target\":[\"https:\/\/franciscanos.org.br\/noticias\/apelo-da-santa-se-e-caritas-a-onu-ninguem-seja-excluido-da-vacina-anti-covid.html\"]}]},{\"@type\":\"BreadcrumbList\",\"@id\":\"https:\/\/franciscanos.org.br\/noticias\/apelo-da-santa-se-e-caritas-a-onu-ninguem-seja-excluido-da-vacina-anti-covid.html#breadcrumb\",\"itemListElement\":[{\"@type\":\"ListItem\",\"position\":1,\"name\":\"Home\",\"item\":\"https:\/\/franciscanos.org.br\/noticias\"},{\"@type\":\"ListItem\",\"position\":2,\"name\":\"Apelo da Santa S\u00e9 e Caritas \u00e0 Onu: ningu\u00e9m seja exclu\u00eddo da vacina anti-Covid\"}]},{\"@type\":\"Person\",\"@id\":\"https:\/\/franciscanos.org.br\/noticias\/#\/schema\/person\/b5c8cba458c330ccff548b056e95a5d4\",\"name\":\"moacir\",\"image\":{\"@type\":\"ImageObject\",\"inLanguage\":\"pt-BR\",\"@id\":\"https:\/\/franciscanos.org.br\/noticias\/#\/schema\/person\/image\/\",\"url\":\"https:\/\/secure.gravatar.com\/avatar\/d08aa2ce4c8dd416d4479aa8536fcf64?s=96&d=mm&r=g\",\"contentUrl\":\"https:\/\/secure.gravatar.com\/avatar\/d08aa2ce4c8dd416d4479aa8536fcf64?s=96&d=mm&r=g\",\"caption\":\"moacir\"},\"url\":\"https:\/\/franciscanos.org.br\/noticias\/author\/moacir\"}]}<\/script>\n<!-- \/ Yoast SEO plugin. -->","yoast_head_json":{"title":"Apelo da Santa S\u00e9 e Caritas \u00e0 Onu: ningu\u00e9m seja exclu\u00eddo da vacina anti-Covid - Not\u00edcias - Franciscanos","robots":{"index":"index","follow":"follow","max-snippet":"max-snippet:-1","max-image-preview":"max-image-preview:large","max-video-preview":"max-video-preview:-1"},"canonical":"https:\/\/franciscanos.org.br\/noticias\/apelo-da-santa-se-e-caritas-a-onu-ninguem-seja-excluido-da-vacina-anti-covid.html","og_locale":"pt_BR","og_type":"article","og_title":"Apelo da Santa S\u00e9 e Caritas \u00e0 Onu: ningu\u00e9m seja exclu\u00eddo da vacina anti-Covid - Not\u00edcias - Franciscanos","og_description":"Dicast\u00e9rio vaticano para a Promo\u00e7\u00e3o do Servi\u00e7o do Desenvolvimento Humano Integral","og_url":"https:\/\/franciscanos.org.br\/noticias\/apelo-da-santa-se-e-caritas-a-onu-ninguem-seja-excluido-da-vacina-anti-covid.html","og_site_name":"Not\u00edcias - Franciscanos","article_published_time":"2021-02-06T09:55:11+00:00","og_image":[{"width":800,"height":600,"url":"https:\/\/franciscanos.org.br\/noticias\/wp-content\/uploads\/2021\/02\/vacina_06d.jpg","type":"image\/jpeg"}],"author":"moacir","twitter_card":"summary_large_image","twitter_misc":{"Escrito por":"moacir","Est. tempo de leitura":"5 minutos"},"schema":{"@context":"https:\/\/schema.org","@graph":[{"@type":"WebSite","@id":"https:\/\/franciscanos.org.br\/noticias\/#website","url":"https:\/\/franciscanos.org.br\/noticias\/","name":"Not\u00edcias - Franciscanos","description":"Prov\u00edncia Franciscana da Imaculada Concei\u00e7\u00e3o do Brasil - Ordem dos Frades Menores - OFM","potentialAction":[{"@type":"SearchAction","target":{"@type":"EntryPoint","urlTemplate":"https:\/\/franciscanos.org.br\/noticias\/?s={search_term_string}"},"query-input":"required name=search_term_string"}],"inLanguage":"pt-BR"},{"@type":"ImageObject","inLanguage":"pt-BR","@id":"https:\/\/franciscanos.org.br\/noticias\/apelo-da-santa-se-e-caritas-a-onu-ninguem-seja-excluido-da-vacina-anti-covid.html#primaryimage","url":"https:\/\/franciscanos.org.br\/noticias\/wp-content\/uploads\/2021\/02\/vacina_06d.jpg","contentUrl":"https:\/\/franciscanos.org.br\/noticias\/wp-content\/uploads\/2021\/02\/vacina_06d.jpg","width":800,"height":600},{"@type":"WebPage","@id":"https:\/\/franciscanos.org.br\/noticias\/apelo-da-santa-se-e-caritas-a-onu-ninguem-seja-excluido-da-vacina-anti-covid.html#webpage","url":"https:\/\/franciscanos.org.br\/noticias\/apelo-da-santa-se-e-caritas-a-onu-ninguem-seja-excluido-da-vacina-anti-covid.html","name":"Apelo da Santa S\u00e9 e Caritas \u00e0 Onu: ningu\u00e9m seja exclu\u00eddo da vacina anti-Covid - Not\u00edcias - Franciscanos","isPartOf":{"@id":"https:\/\/franciscanos.org.br\/noticias\/#website"},"primaryImageOfPage":{"@id":"https:\/\/franciscanos.org.br\/noticias\/apelo-da-santa-se-e-caritas-a-onu-ninguem-seja-excluido-da-vacina-anti-covid.html#primaryimage"},"datePublished":"2021-02-06T09:55:11+00:00","dateModified":"2021-02-06T09:55:11+00:00","author":{"@id":"https:\/\/franciscanos.org.br\/noticias\/#\/schema\/person\/b5c8cba458c330ccff548b056e95a5d4"},"breadcrumb":{"@id":"https:\/\/franciscanos.org.br\/noticias\/apelo-da-santa-se-e-caritas-a-onu-ninguem-seja-excluido-da-vacina-anti-covid.html#breadcrumb"},"inLanguage":"pt-BR","potentialAction":[{"@type":"ReadAction","target":["https:\/\/franciscanos.org.br\/noticias\/apelo-da-santa-se-e-caritas-a-onu-ninguem-seja-excluido-da-vacina-anti-covid.html"]}]},{"@type":"BreadcrumbList","@id":"https:\/\/franciscanos.org.br\/noticias\/apelo-da-santa-se-e-caritas-a-onu-ninguem-seja-excluido-da-vacina-anti-covid.html#breadcrumb","itemListElement":[{"@type":"ListItem","position":1,"name":"Home","item":"https:\/\/franciscanos.org.br\/noticias"},{"@type":"ListItem","position":2,"name":"Apelo da Santa S\u00e9 e Caritas \u00e0 Onu: ningu\u00e9m seja exclu\u00eddo da vacina anti-Covid"}]},{"@type":"Person","@id":"https:\/\/franciscanos.org.br\/noticias\/#\/schema\/person\/b5c8cba458c330ccff548b056e95a5d4","name":"moacir","image":{"@type":"ImageObject","inLanguage":"pt-BR","@id":"https:\/\/franciscanos.org.br\/noticias\/#\/schema\/person\/image\/","url":"https:\/\/secure.gravatar.com\/avatar\/d08aa2ce4c8dd416d4479aa8536fcf64?s=96&d=mm&r=g","contentUrl":"https:\/\/secure.gravatar.com\/avatar\/d08aa2ce4c8dd416d4479aa8536fcf64?s=96&d=mm&r=g","caption":"moacir"},"url":"https:\/\/franciscanos.org.br\/noticias\/author\/moacir"}]}},"_links":{"self":[{"href":"https:\/\/franciscanos.org.br\/noticias\/wp-json\/wp\/v2\/posts\/230694"}],"collection":[{"href":"https:\/\/franciscanos.org.br\/noticias\/wp-json\/wp\/v2\/posts"}],"about":[{"href":"https:\/\/franciscanos.org.br\/noticias\/wp-json\/wp\/v2\/types\/post"}],"author":[{"embeddable":true,"href":"https:\/\/franciscanos.org.br\/noticias\/wp-json\/wp\/v2\/users\/3"}],"replies":[{"embeddable":true,"href":"https:\/\/franciscanos.org.br\/noticias\/wp-json\/wp\/v2\/comments?post=230694"}],"version-history":[{"count":1,"href":"https:\/\/franciscanos.org.br\/noticias\/wp-json\/wp\/v2\/posts\/230694\/revisions"}],"predecessor-version":[{"id":230697,"href":"https:\/\/franciscanos.org.br\/noticias\/wp-json\/wp\/v2\/posts\/230694\/revisions\/230697"}],"wp:featuredmedia":[{"embeddable":true,"href":"https:\/\/franciscanos.org.br\/noticias\/wp-json\/wp\/v2\/media\/230696"}],"wp:attachment":[{"href":"https:\/\/franciscanos.org.br\/noticias\/wp-json\/wp\/v2\/media?parent=230694"}],"wp:term":[{"taxonomy":"category","embeddable":true,"href":"https:\/\/franciscanos.org.br\/noticias\/wp-json\/wp\/v2\/categories?post=230694"},{"taxonomy":"post_tag","embeddable":true,"href":"https:\/\/franciscanos.org.br\/noticias\/wp-json\/wp\/v2\/tags?post=230694"}],"curies":[{"name":"wp","href":"https:\/\/api.w.org\/{rel}","templated":true}]}}