{"id":230648,"date":"2021-01-31T19:33:30","date_gmt":"2021-01-31T22:33:30","guid":{"rendered":"https:\/\/franciscanos.org.br\/noticias\/?p=230648"},"modified":"2021-02-01T11:41:43","modified_gmt":"2021-02-01T14:41:43","slug":"seminario-de-ituporanga-inicia-suas-atividades","status":"publish","type":"post","link":"https:\/\/franciscanos.org.br\/noticias\/seminario-de-ituporanga-inicia-suas-atividades.html","title":{"rendered":"Semin\u00e1rio de Ituporanga inicia suas atividades"},"content":{"rendered":"<p><img loading=\"lazy\" class=\"alignnone size-full wp-image-230649\" src=\"https:\/\/franciscanos.org.br\/noticias\/wp-content\/uploads\/2021\/01\/seminario_01.jpg\" alt=\"\" width=\"1280\" height=\"720\" srcset=\"https:\/\/franciscanos.org.br\/noticias\/wp-content\/uploads\/2021\/01\/seminario_01.jpg 1280w, https:\/\/franciscanos.org.br\/noticias\/wp-content\/uploads\/2021\/01\/seminario_01-450x253.jpg 450w, https:\/\/franciscanos.org.br\/noticias\/wp-content\/uploads\/2021\/01\/seminario_01-1024x576.jpg 1024w, https:\/\/franciscanos.org.br\/noticias\/wp-content\/uploads\/2021\/01\/seminario_01-768x432.jpg 768w, https:\/\/franciscanos.org.br\/noticias\/wp-content\/uploads\/2021\/01\/seminario_01-150x84.jpg 150w\" sizes=\"(max-width: 1280px) 100vw, 1280px\" \/><\/p>\n<p><strong>Ituporanga (SC)<\/strong> &#8211; O Semin\u00e1rio S\u00e3o Francisco de Assis de Ituporanga (SC) acolheu neste s\u00e1bado, 30 de janeiro de 2021, 23 seminaristas, sendo 17 aspirantes e 6 do Ensino M\u00e9dio, oriundos das regi\u00f5es Sul e Sudeste do Brasil.<\/p>\n<p>Esta nova etapa formativa teve in\u00edcio neste domingo, dia 31 de janeiro, com a Ora\u00e7\u00e3o da Manh\u00e3, realizada na capela central, onde todos puderam se reunir pela primeira vez em ora\u00e7\u00e3o comunit\u00e1ria. Ap\u00f3s a ora\u00e7\u00e3o, os seminaristas dirigiram-se ao refeit\u00f3rio para tomar o primeiro caf\u00e9 da manh\u00e3 juntos como fraternidade.<\/p>\n<p>\u00c0s 9h30 foi celebrada a Missa de abertura, presidida pelo guardi\u00e3o Frei Pedro da Silva, e concelebrada pelos freis Valdir Laurentino, Jos\u00e9 Boeing, Jos\u00e9 F\u00fchr. Todos estavam animados e dispostos a celebrar este belo momento de in\u00edcio das atividades do Semin\u00e1rio. Ap\u00f3s a celebra\u00e7\u00e3o, os seminaristas tiveram um momento de conv\u00edvio fraterno na sala de recreio, em que todos puderam come\u00e7ar a se conhecer melhor de forma descontra\u00edda e interativa.<\/p>\n<p>Todas as atividades, organiza\u00e7\u00e3o, hor\u00e1rios e eventos do Semin\u00e1rio S\u00e3o Francisco est\u00e3o em fun\u00e7\u00e3o de levar os seminaristas a uma experi\u00eancia de Vida Fraterna. Tudo o que acontece tem como grande objetivo desenvolver nos seminaristas a capacidade de viverem como irm\u00e3os.<\/p>\n<p>Este edif\u00edcio chamado Vida Fraterna \u00e9 sustentado por quatro pilares: ora\u00e7\u00e3o, estudo, trabalho e esporte\/lazer. Todos s\u00e3o igualmente importantes, de modo que o seminarista deve estudar com o mesmo empenho com que reza, e deve trabalhar com o mesmo entusiasmo com que pratica esportes, sempre com a consci\u00eancia de que \u00e9 mais um irm\u00e3o entre os irm\u00e3os.<\/p>\n<p>O Semin\u00e1rio S\u00e3o Francisco foi inaugurado no dia 1\u00b0 de agosto de 1965, com os seminaristas que cursavam as s\u00e9ries do segundo segmento do Ensino Fundamental. E assim funcionou at\u00e9 o ano 2000, alternando per\u00edodos em que recebeu candidatos somente para a 7a e 8a s\u00e9ries e para o Supletivo do Ensino Fundamental. De 2001 a 2010, o Semin\u00e1rio se dedicou ao Aspirantado para os que j\u00e1 tinham feito o Ensino M\u00e9dio. A partir de 2011, a casa passou a receber seminaristas para cursar o Ensino M\u00e9dio, com escola pr\u00f3pria at\u00e9 2015 e a partir de 2016 estudando numa escola na cidade. Desde 2014 recebe novamente os jovens que j\u00e1 cursaram o Ensino M\u00e9dio. Estes, juntamente com os que cursam a 3a S\u00e9rie do Ensino M\u00e9dio, formam a cada ano a turma de Aspirantes.<\/p>\n<hr \/>\n<p>&nbsp;<\/p>\n<p><em>(Felipe Barbosa Teixeira e Gabriel Speran\u00e7a Goschel)<\/em><\/p>\n<h4>ASPIRANTES 2021<\/h4>\n<p>1. Anderson Matheus de Oliveira Gomes &#8211; Tr\u00eas Rios\/RJ &#8211; 21 anos<br \/>\n2. Caio Vinicius Lucas de Oliveira &#8211; Avar\u00e9\/SP &#8211; 17 anos<br \/>\n3. Caio Henrique Bertoni Kustro &#8211; Pitangueiras\/SP &#8211; 24 anos<br \/>\n4. Cid Gabriel de Melo Martins &#8211; Cap\u00e3o Bonito\/SP &#8211; 21 anos<br \/>\n5. Clemente Ferreira da Costa J\u00fanior &#8211; Cascaval\/PR &#8211; 29 anos<br \/>\n6. Cristian dos Santos Lopes &#8211; Para\u00edba do Sul\/RJ &#8211; 24 anos<br \/>\n7. D\u00e9rick Leandro Proen\u00e7a de Souza &#8211; Cap\u00e3o Bonito\/SP &#8211; 20 anos<br \/>\n8. Dionnes Amaro Dionizio &#8211; Araraquara\/SP &#8211; 25 anos<br \/>\n9. Felipe Barbosa Tteixeira &#8211; Rio de Janeiro\/RJ &#8211; 31 anos<br \/>\n10. Felipe Fernando Noronha &#8211; Cap\u00e3o Bonito\/SP &#8211; 19 anos<br \/>\n11. Franklin Wakin Batuli &#8211; Niter\u00f3i\/RJ &#8211; 31 anos<br \/>\n12. Gabriel Levi Gomes de Oliveira &#8211; 19 anos<br \/>\n13. Gervano da Silva Nogueira &#8211; S\u00e3o Carlos &#8211; SP &#8211; 27 anos<br \/>\n14. Gilson Ramos de Oliveira &#8211; Sorocaba\/SP &#8211; 32 anos<br \/>\n15. Luiz Gustavo Guimar\u00e3es Montello &#8211; Ca\u00e7apava\/SP &#8211; 31 anos<br \/>\n16. Matheus Querino &#8211; Itaja\u00ed\/SC &#8211; 23 anos<br \/>\n17. William Robson de Souza &#8211; Xaxim\/SC &#8211; 19 anos<\/p>\n<p><strong>3\u00ba ANO DO ENSINO M\u00c9DIO<\/strong><br \/>\n18. Alisson Antonio Moura da Luz &#8211; Curitibanos\/SC &#8211; 18 anos<br \/>\n19. Gabriel Speran\u00e7a Goschel &#8211; Cordilheira Alta\/SC &#8211; 16 anos<br \/>\n20. Luan Caetano Camargo &#8211; Blumenau\/SC &#8211; 17 anos<br \/>\n21. Victor Gomes Franz &#8211; Rodeio\/SC &#8211; 17 anos<br \/>\n22. Vinicius Policarpo &#8211; Ituporanga\/SC &#8211; 16 anos<\/p>\n<p><strong>1\u00ba ANO DO ENSINO M\u00c9DIO<\/strong><br \/>\n23. Wellington Felipe Vargas &#8211; Blumenau\/SC &#8211; 16 anos<\/p>\n<p>&nbsp;<\/p>\n","protected":false},"excerpt":{"rendered":"<p>Semin\u00e1rio S\u00e3o Francisco de Assis<\/p>\n","protected":false},"author":3,"featured_media":230650,"comment_status":"open","ping_status":"open","sticky":false,"template":"","format":"standard","meta":[],"categories":[1],"tags":[1203],"acf":[],"yoast_head":"<!-- This site is optimized with the Yoast SEO plugin v19.2 - https:\/\/yoast.com\/wordpress\/plugins\/seo\/ -->\n<title>Semin\u00e1rio de Ituporanga inicia suas atividades - Not\u00edcias - Franciscanos<\/title>\n<meta name=\"robots\" content=\"index, follow, max-snippet:-1, max-image-preview:large, max-video-preview:-1\" \/>\n<link rel=\"canonical\" href=\"https:\/\/franciscanos.org.br\/noticias\/seminario-de-ituporanga-inicia-suas-atividades.html\" \/>\n<meta property=\"og:locale\" content=\"pt_BR\" \/>\n<meta property=\"og:type\" content=\"article\" \/>\n<meta property=\"og:title\" content=\"Semin\u00e1rio de Ituporanga inicia suas atividades - Not\u00edcias - Franciscanos\" \/>\n<meta property=\"og:description\" content=\"Semin\u00e1rio S\u00e3o Francisco de Assis\" \/>\n<meta property=\"og:url\" content=\"https:\/\/franciscanos.org.br\/noticias\/seminario-de-ituporanga-inicia-suas-atividades.html\" \/>\n<meta property=\"og:site_name\" content=\"Not\u00edcias - Franciscanos\" \/>\n<meta property=\"article:published_time\" content=\"2021-01-31T22:33:30+00:00\" \/>\n<meta property=\"article:modified_time\" content=\"2021-02-01T14:41:43+00:00\" \/>\n<meta property=\"og:image\" content=\"https:\/\/franciscanos.org.br\/noticias\/wp-content\/uploads\/2021\/01\/seminario_d.jpg\" \/>\n\t<meta property=\"og:image:width\" content=\"800\" \/>\n\t<meta property=\"og:image:height\" content=\"600\" \/>\n\t<meta property=\"og:image:type\" content=\"image\/jpeg\" \/>\n<meta name=\"author\" content=\"moacir\" \/>\n<meta name=\"twitter:card\" content=\"summary_large_image\" \/>\n<meta name=\"twitter:label1\" content=\"Escrito por\" \/>\n\t<meta name=\"twitter:data1\" content=\"moacir\" \/>\n\t<meta name=\"twitter:label2\" content=\"Est. tempo de leitura\" \/>\n\t<meta name=\"twitter:data2\" content=\"3 minutos\" \/>\n<script type=\"application\/ld+json\" class=\"yoast-schema-graph\">{\"@context\":\"https:\/\/schema.org\",\"@graph\":[{\"@type\":\"WebSite\",\"@id\":\"https:\/\/franciscanos.org.br\/noticias\/#website\",\"url\":\"https:\/\/franciscanos.org.br\/noticias\/\",\"name\":\"Not\u00edcias - Franciscanos\",\"description\":\"Prov\u00edncia Franciscana da Imaculada Concei\u00e7\u00e3o do Brasil - Ordem dos Frades Menores - OFM\",\"potentialAction\":[{\"@type\":\"SearchAction\",\"target\":{\"@type\":\"EntryPoint\",\"urlTemplate\":\"https:\/\/franciscanos.org.br\/noticias\/?s={search_term_string}\"},\"query-input\":\"required name=search_term_string\"}],\"inLanguage\":\"pt-BR\"},{\"@type\":\"ImageObject\",\"inLanguage\":\"pt-BR\",\"@id\":\"https:\/\/franciscanos.org.br\/noticias\/seminario-de-ituporanga-inicia-suas-atividades.html#primaryimage\",\"url\":\"https:\/\/franciscanos.org.br\/noticias\/wp-content\/uploads\/2021\/01\/seminario_d.jpg\",\"contentUrl\":\"https:\/\/franciscanos.org.br\/noticias\/wp-content\/uploads\/2021\/01\/seminario_d.jpg\",\"width\":800,\"height\":600},{\"@type\":\"WebPage\",\"@id\":\"https:\/\/franciscanos.org.br\/noticias\/seminario-de-ituporanga-inicia-suas-atividades.html#webpage\",\"url\":\"https:\/\/franciscanos.org.br\/noticias\/seminario-de-ituporanga-inicia-suas-atividades.html\",\"name\":\"Semin\u00e1rio de Ituporanga inicia suas atividades - Not\u00edcias - Franciscanos\",\"isPartOf\":{\"@id\":\"https:\/\/franciscanos.org.br\/noticias\/#website\"},\"primaryImageOfPage\":{\"@id\":\"https:\/\/franciscanos.org.br\/noticias\/seminario-de-ituporanga-inicia-suas-atividades.html#primaryimage\"},\"datePublished\":\"2021-01-31T22:33:30+00:00\",\"dateModified\":\"2021-02-01T14:41:43+00:00\",\"author\":{\"@id\":\"https:\/\/franciscanos.org.br\/noticias\/#\/schema\/person\/b5c8cba458c330ccff548b056e95a5d4\"},\"breadcrumb\":{\"@id\":\"https:\/\/franciscanos.org.br\/noticias\/seminario-de-ituporanga-inicia-suas-atividades.html#breadcrumb\"},\"inLanguage\":\"pt-BR\",\"potentialAction\":[{\"@type\":\"ReadAction\",\"target\":[\"https:\/\/franciscanos.org.br\/noticias\/seminario-de-ituporanga-inicia-suas-atividades.html\"]}]},{\"@type\":\"BreadcrumbList\",\"@id\":\"https:\/\/franciscanos.org.br\/noticias\/seminario-de-ituporanga-inicia-suas-atividades.html#breadcrumb\",\"itemListElement\":[{\"@type\":\"ListItem\",\"position\":1,\"name\":\"Home\",\"item\":\"https:\/\/franciscanos.org.br\/noticias\"},{\"@type\":\"ListItem\",\"position\":2,\"name\":\"Semin\u00e1rio de Ituporanga inicia suas atividades\"}]},{\"@type\":\"Person\",\"@id\":\"https:\/\/franciscanos.org.br\/noticias\/#\/schema\/person\/b5c8cba458c330ccff548b056e95a5d4\",\"name\":\"moacir\",\"image\":{\"@type\":\"ImageObject\",\"inLanguage\":\"pt-BR\",\"@id\":\"https:\/\/franciscanos.org.br\/noticias\/#\/schema\/person\/image\/\",\"url\":\"https:\/\/secure.gravatar.com\/avatar\/d08aa2ce4c8dd416d4479aa8536fcf64?s=96&d=mm&r=g\",\"contentUrl\":\"https:\/\/secure.gravatar.com\/avatar\/d08aa2ce4c8dd416d4479aa8536fcf64?s=96&d=mm&r=g\",\"caption\":\"moacir\"},\"url\":\"https:\/\/franciscanos.org.br\/noticias\/author\/moacir\"}]}<\/script>\n<!-- \/ Yoast SEO plugin. -->","yoast_head_json":{"title":"Semin\u00e1rio de Ituporanga inicia suas atividades - Not\u00edcias - Franciscanos","robots":{"index":"index","follow":"follow","max-snippet":"max-snippet:-1","max-image-preview":"max-image-preview:large","max-video-preview":"max-video-preview:-1"},"canonical":"https:\/\/franciscanos.org.br\/noticias\/seminario-de-ituporanga-inicia-suas-atividades.html","og_locale":"pt_BR","og_type":"article","og_title":"Semin\u00e1rio de Ituporanga inicia suas atividades - Not\u00edcias - Franciscanos","og_description":"Semin\u00e1rio S\u00e3o Francisco de Assis","og_url":"https:\/\/franciscanos.org.br\/noticias\/seminario-de-ituporanga-inicia-suas-atividades.html","og_site_name":"Not\u00edcias - Franciscanos","article_published_time":"2021-01-31T22:33:30+00:00","article_modified_time":"2021-02-01T14:41:43+00:00","og_image":[{"width":800,"height":600,"url":"https:\/\/franciscanos.org.br\/noticias\/wp-content\/uploads\/2021\/01\/seminario_d.jpg","type":"image\/jpeg"}],"author":"moacir","twitter_card":"summary_large_image","twitter_misc":{"Escrito por":"moacir","Est. tempo de leitura":"3 minutos"},"schema":{"@context":"https:\/\/schema.org","@graph":[{"@type":"WebSite","@id":"https:\/\/franciscanos.org.br\/noticias\/#website","url":"https:\/\/franciscanos.org.br\/noticias\/","name":"Not\u00edcias - Franciscanos","description":"Prov\u00edncia Franciscana da Imaculada Concei\u00e7\u00e3o do Brasil - Ordem dos Frades Menores - OFM","potentialAction":[{"@type":"SearchAction","target":{"@type":"EntryPoint","urlTemplate":"https:\/\/franciscanos.org.br\/noticias\/?s={search_term_string}"},"query-input":"required name=search_term_string"}],"inLanguage":"pt-BR"},{"@type":"ImageObject","inLanguage":"pt-BR","@id":"https:\/\/franciscanos.org.br\/noticias\/seminario-de-ituporanga-inicia-suas-atividades.html#primaryimage","url":"https:\/\/franciscanos.org.br\/noticias\/wp-content\/uploads\/2021\/01\/seminario_d.jpg","contentUrl":"https:\/\/franciscanos.org.br\/noticias\/wp-content\/uploads\/2021\/01\/seminario_d.jpg","width":800,"height":600},{"@type":"WebPage","@id":"https:\/\/franciscanos.org.br\/noticias\/seminario-de-ituporanga-inicia-suas-atividades.html#webpage","url":"https:\/\/franciscanos.org.br\/noticias\/seminario-de-ituporanga-inicia-suas-atividades.html","name":"Semin\u00e1rio de Ituporanga inicia suas atividades - Not\u00edcias - Franciscanos","isPartOf":{"@id":"https:\/\/franciscanos.org.br\/noticias\/#website"},"primaryImageOfPage":{"@id":"https:\/\/franciscanos.org.br\/noticias\/seminario-de-ituporanga-inicia-suas-atividades.html#primaryimage"},"datePublished":"2021-01-31T22:33:30+00:00","dateModified":"2021-02-01T14:41:43+00:00","author":{"@id":"https:\/\/franciscanos.org.br\/noticias\/#\/schema\/person\/b5c8cba458c330ccff548b056e95a5d4"},"breadcrumb":{"@id":"https:\/\/franciscanos.org.br\/noticias\/seminario-de-ituporanga-inicia-suas-atividades.html#breadcrumb"},"inLanguage":"pt-BR","potentialAction":[{"@type":"ReadAction","target":["https:\/\/franciscanos.org.br\/noticias\/seminario-de-ituporanga-inicia-suas-atividades.html"]}]},{"@type":"BreadcrumbList","@id":"https:\/\/franciscanos.org.br\/noticias\/seminario-de-ituporanga-inicia-suas-atividades.html#breadcrumb","itemListElement":[{"@type":"ListItem","position":1,"name":"Home","item":"https:\/\/franciscanos.org.br\/noticias"},{"@type":"ListItem","position":2,"name":"Semin\u00e1rio de Ituporanga inicia suas atividades"}]},{"@type":"Person","@id":"https:\/\/franciscanos.org.br\/noticias\/#\/schema\/person\/b5c8cba458c330ccff548b056e95a5d4","name":"moacir","image":{"@type":"ImageObject","inLanguage":"pt-BR","@id":"https:\/\/franciscanos.org.br\/noticias\/#\/schema\/person\/image\/","url":"https:\/\/secure.gravatar.com\/avatar\/d08aa2ce4c8dd416d4479aa8536fcf64?s=96&d=mm&r=g","contentUrl":"https:\/\/secure.gravatar.com\/avatar\/d08aa2ce4c8dd416d4479aa8536fcf64?s=96&d=mm&r=g","caption":"moacir"},"url":"https:\/\/franciscanos.org.br\/noticias\/author\/moacir"}]}},"_links":{"self":[{"href":"https:\/\/franciscanos.org.br\/noticias\/wp-json\/wp\/v2\/posts\/230648"}],"collection":[{"href":"https:\/\/franciscanos.org.br\/noticias\/wp-json\/wp\/v2\/posts"}],"about":[{"href":"https:\/\/franciscanos.org.br\/noticias\/wp-json\/wp\/v2\/types\/post"}],"author":[{"embeddable":true,"href":"https:\/\/franciscanos.org.br\/noticias\/wp-json\/wp\/v2\/users\/3"}],"replies":[{"embeddable":true,"href":"https:\/\/franciscanos.org.br\/noticias\/wp-json\/wp\/v2\/comments?post=230648"}],"version-history":[{"count":4,"href":"https:\/\/franciscanos.org.br\/noticias\/wp-json\/wp\/v2\/posts\/230648\/revisions"}],"predecessor-version":[{"id":230658,"href":"https:\/\/franciscanos.org.br\/noticias\/wp-json\/wp\/v2\/posts\/230648\/revisions\/230658"}],"wp:featuredmedia":[{"embeddable":true,"href":"https:\/\/franciscanos.org.br\/noticias\/wp-json\/wp\/v2\/media\/230650"}],"wp:attachment":[{"href":"https:\/\/franciscanos.org.br\/noticias\/wp-json\/wp\/v2\/media?parent=230648"}],"wp:term":[{"taxonomy":"category","embeddable":true,"href":"https:\/\/franciscanos.org.br\/noticias\/wp-json\/wp\/v2\/categories?post=230648"},{"taxonomy":"post_tag","embeddable":true,"href":"https:\/\/franciscanos.org.br\/noticias\/wp-json\/wp\/v2\/tags?post=230648"}],"curies":[{"name":"wp","href":"https:\/\/api.w.org\/{rel}","templated":true}]}}