{"id":230630,"date":"2021-01-31T09:44:01","date_gmt":"2021-01-31T12:44:01","guid":{"rendered":"https:\/\/franciscanos.org.br\/noticias\/?p=230630"},"modified":"2021-01-31T09:44:01","modified_gmt":"2021-01-31T12:44:01","slug":"papa-jesus-fala-com-autoridade-o-filho-de-deus-que-cura","status":"publish","type":"post","link":"https:\/\/franciscanos.org.br\/noticias\/papa-jesus-fala-com-autoridade-o-filho-de-deus-que-cura.html","title":{"rendered":"Papa: &#8220;Jesus fala com autoridade, o Filho de Deus que cura&#8221;"},"content":{"rendered":"<div id=\"attachment_230631\" style=\"width: 900px\" class=\"wp-caption alignnone\"><img aria-describedby=\"caption-attachment-230631\" loading=\"lazy\" class=\"wp-image-230631 size-full\" src=\"https:\/\/franciscanos.org.br\/noticias\/wp-content\/uploads\/2021\/01\/papa_31.jpg\" alt=\"\" width=\"890\" height=\"592\" srcset=\"https:\/\/franciscanos.org.br\/noticias\/wp-content\/uploads\/2021\/01\/papa_31.jpg 890w, https:\/\/franciscanos.org.br\/noticias\/wp-content\/uploads\/2021\/01\/papa_31-450x299.jpg 450w, https:\/\/franciscanos.org.br\/noticias\/wp-content\/uploads\/2021\/01\/papa_31-768x511.jpg 768w, https:\/\/franciscanos.org.br\/noticias\/wp-content\/uploads\/2021\/01\/papa_31-150x100.jpg 150w\" sizes=\"(max-width: 890px) 100vw, 890px\" \/><p id=\"caption-attachment-230631\" class=\"wp-caption-text\">\u00a0 \u00a0 \u00a0 \u00a0 \u00a0 \u00a0 \u00a0 \u00a0 \u00a0 \u00a0 \u00a0 \u00a0 \u00a0 \u00a0 \u00a0 \u00a0 \u00a0 \u00a0 \u00a0 \u00a0 \u00a0 \u00a0 \u00a0 \u00a0 \u00a0 \u00a0 \u00a0 \u00a0 \u00a0 \u00a0 \u00a0 \u00a0 \u00a0 \u00a0 \u00a0 \u00a0 \u00a0 \u00a0 \u00a0 \u00a0 \u00a0 \u00a0 \u00a0 \u00a0 \u00a0 \u00a0 \u00a0 \u00a0 \u00a0 \u00a0 \u00a0 \u00a0 \u00a0 \u00a0 \u00a0 \u00a0 \u00a0 \u00a0 \u00a0 \u00a0 \u00a0 \u00a0 \u00a0<em> \u00a0 Imagem: Vatican Media<\/em><\/p><\/div>\n<p>&#8220;A passagem do Evangelho deste domingo narra um dia t\u00edpico do minist\u00e9rio de Jesus; em particular, \u00e9 um s\u00e1bado, um dia dedicado ao descanso e \u00e0 ora\u00e7\u00e3o&#8221;: assim iniciou o Papa Francisco a sua alocu\u00e7\u00e3o neste domingo que precedeu a Ora\u00e7\u00e3o mariana do Angelus, recitada, como nos domingos precedentes, na Biblioteca do Pal\u00e1cio Apost\u00f3lico no Vaticano, devido \u00e0 pandemia de coronav\u00edrus.<\/p>\n<p>Na sinagoga de Cafarnaum, &#8211; continuou o Papa &#8211; Jesus l\u00ea e comenta as Escrituras. Os presentes s\u00e3o atra\u00eddos pela maneira como ele fala; eles se maravilham porque ele demonstra uma autoridade diferente da dos escribas. Al\u00e9m disso, Jesus se revela poderoso tamb\u00e9m nas obras. De fato, um homem na sinagoga se volta contra ele, questionando-o como o Enviado de Deus; Ele reconhece o esp\u00edrito maligno, ordena-lhe que saia daquele homem, e assim o expulsa.<\/p>\n<p>Francisco afirma sem seguida que \u201caqui vemos os dois elementos caracter\u00edsticos da a\u00e7\u00e3o de Jesus: a prega\u00e7\u00e3o e a obra taumat\u00fargica de cura\u201d. \u201cAmbos os aspectos se destacam na passagem do evangelista Marcos, mas o mais destacado \u00e9 o da prega\u00e7\u00e3o; o exorcismo \u00e9 apresentado como uma confirma\u00e7\u00e3o da singular &#8220;autoridade&#8221; de Jesus e de seu ensinamento. Ele prega com autoridade pr\u00f3pria, como algu\u00e9m que possui uma doutrina que deriva de si mesmo, e n\u00e3o como os escribas que repetiam tradi\u00e7\u00f5es precedentes e leis promulgadas. Eles repetiam palavras, palavras, apenas palavras &#8211; como cantava a grande Mina; eles eram assim. Apenas palavras. Ao inv\u00e9s em Jesus, a palavra tem autoridade, Jesus tem autoridade. E isto toca o cora\u00e7\u00e3o\u201d.<\/p>\n<p>Por qu\u00ea? Pergunta o Papa. Porque a Sua palavra realiza o que Ele diz. Porque Ele \u00e9 o profeta definitivo. Mas por que eu digo isto, &#8211; interrogou Francisco &#8211; que Ele \u00e9 o profeta definitivo? Recordemos a promessa de Mois\u00e9s: Mois\u00e9s diz: &#8220;depois de mim, no futuro, vir\u00e1 um profeta como eu &#8211; como eu! &#8211; que ensinar\u00e1 voc\u00eas&#8221;. Mois\u00e9s anuncia Jesus como o profeta definitivo. \u201cO ensinamento de Jesus tem a mesma autoridade de Deus que fala; de fato, com um \u00fanico comando, ele liberta facilmente o possu\u00eddo do maligno e o cura. Por isso ele fala n\u00e3o com autoridade humana, mas com autoridade divina, porque tem o poder de ser o profeta definitivo, isto \u00e9, o Filho de Deus que nos salva, nos cura a todos\u201d.<\/p>\n<p>O Pont\u00edfice em seguida disse que o segundo aspecto, o da cura, mostra que a prega\u00e7\u00e3o de Cristo tem como objetivo derrotar o mal presente no homem e no mundo. \u201cSua palavra &#8211; disse &#8211; aponta diretamente contra o reino de Satan\u00e1s, o coloca em crise e o faz recuar, o obriga a sair do mundo. Aquele homem possu\u00eddo, alcan\u00e7ada pelo comando do Senhor, \u00e9 libertado e transformado em um nova pessoa. Al\u00e9m disso, a prega\u00e7\u00e3o de Jesus pertence a uma l\u00f3gica oposta \u00e0 do mundo e do mal: suas palavras se revelam como a perturba\u00e7\u00e3o de uma ordem errada de coisas. O dem\u00f4nio presente no homem possu\u00eddo, de fato, grita quando Jesus se aproxima: &#8220;Que queres de n\u00f3s, Jesus Nazareno? Vieste para nos destruir&#8221;? Estas express\u00f5es indicam a total estranheza entre Jesus e Satan\u00e1s: eles est\u00e3o em planos completamente diferentes; n\u00e3o h\u00e1 nada em comum entre eles; s\u00e3o o oposto um do outro\u201d.<\/p>\n<p>&#8220;Jesus fala com autoridade, o Filho de Deus que cura&#8221;. N\u00f3s ouvimos as palavras de Jesus que tem autoridade, &#8220;n\u00e3o se esque\u00e7am &#8211; disse o Papa \u2013 carreguem no bolso, na bolsa um pequeno Evangelho para l\u00ea-lo durante o dia, para ouvir aquela palavra com autoridade de Jesus&#8221;. \u201cTodos n\u00f3s temos problemas, pe\u00e7amos a Jesus a cura de nossos pecados de nossos males\u201d.<\/p>\n<p>A Virgem Maria \u2013 concluiu o Papa &#8211; sempre conservou em seu cora\u00e7\u00e3o as palavras e os gestos de Jesus, e o seguiu com total disponibilidade e fidelidade. \u201cQue ela tamb\u00e9m nos ajude a ouvi-Lo e a segui-Lo, para que possamos experimentar em nossas vidas os sinais de sua salva\u00e7\u00e3o\u201d.<\/p>\n<hr \/>\n<p><em>Fonte: Vatican News (texto de Silvonei Jos\u00e9)<\/em><\/p>\n","protected":false},"excerpt":{"rendered":"<p>Angelus<\/p>\n","protected":false},"author":3,"featured_media":230632,"comment_status":"open","ping_status":"open","sticky":false,"template":"","format":"standard","meta":[],"categories":[1428],"tags":[403],"acf":[],"yoast_head":"<!-- This site is optimized with the Yoast SEO plugin v19.2 - https:\/\/yoast.com\/wordpress\/plugins\/seo\/ -->\n<title>Papa: &quot;Jesus fala com autoridade, o Filho de Deus que cura&quot; - Not\u00edcias - Franciscanos<\/title>\n<meta name=\"robots\" content=\"index, follow, max-snippet:-1, max-image-preview:large, max-video-preview:-1\" \/>\n<link rel=\"canonical\" href=\"https:\/\/franciscanos.org.br\/noticias\/papa-jesus-fala-com-autoridade-o-filho-de-deus-que-cura.html\" \/>\n<meta property=\"og:locale\" content=\"pt_BR\" \/>\n<meta property=\"og:type\" content=\"article\" \/>\n<meta property=\"og:title\" content=\"Papa: &quot;Jesus fala com autoridade, o Filho de Deus que cura&quot; - Not\u00edcias - Franciscanos\" \/>\n<meta property=\"og:description\" content=\"Angelus\" \/>\n<meta property=\"og:url\" content=\"https:\/\/franciscanos.org.br\/noticias\/papa-jesus-fala-com-autoridade-o-filho-de-deus-que-cura.html\" \/>\n<meta property=\"og:site_name\" content=\"Not\u00edcias - Franciscanos\" \/>\n<meta property=\"article:published_time\" content=\"2021-01-31T12:44:01+00:00\" \/>\n<meta property=\"og:image\" content=\"https:\/\/franciscanos.org.br\/noticias\/wp-content\/uploads\/2021\/01\/papa_31d.jpg\" \/>\n\t<meta property=\"og:image:width\" content=\"800\" \/>\n\t<meta property=\"og:image:height\" content=\"599\" \/>\n\t<meta property=\"og:image:type\" content=\"image\/jpeg\" \/>\n<meta name=\"author\" content=\"moacir\" \/>\n<meta name=\"twitter:card\" content=\"summary_large_image\" \/>\n<meta name=\"twitter:label1\" content=\"Escrito por\" \/>\n\t<meta name=\"twitter:data1\" content=\"moacir\" \/>\n\t<meta name=\"twitter:label2\" content=\"Est. tempo de leitura\" \/>\n\t<meta name=\"twitter:data2\" content=\"4 minutos\" \/>\n<script type=\"application\/ld+json\" class=\"yoast-schema-graph\">{\"@context\":\"https:\/\/schema.org\",\"@graph\":[{\"@type\":\"WebSite\",\"@id\":\"https:\/\/franciscanos.org.br\/noticias\/#website\",\"url\":\"https:\/\/franciscanos.org.br\/noticias\/\",\"name\":\"Not\u00edcias - Franciscanos\",\"description\":\"Prov\u00edncia Franciscana da Imaculada Concei\u00e7\u00e3o do Brasil - Ordem dos Frades Menores - OFM\",\"potentialAction\":[{\"@type\":\"SearchAction\",\"target\":{\"@type\":\"EntryPoint\",\"urlTemplate\":\"https:\/\/franciscanos.org.br\/noticias\/?s={search_term_string}\"},\"query-input\":\"required name=search_term_string\"}],\"inLanguage\":\"pt-BR\"},{\"@type\":\"ImageObject\",\"inLanguage\":\"pt-BR\",\"@id\":\"https:\/\/franciscanos.org.br\/noticias\/papa-jesus-fala-com-autoridade-o-filho-de-deus-que-cura.html#primaryimage\",\"url\":\"https:\/\/franciscanos.org.br\/noticias\/wp-content\/uploads\/2021\/01\/papa_31d.jpg\",\"contentUrl\":\"https:\/\/franciscanos.org.br\/noticias\/wp-content\/uploads\/2021\/01\/papa_31d.jpg\",\"width\":800,\"height\":599},{\"@type\":\"WebPage\",\"@id\":\"https:\/\/franciscanos.org.br\/noticias\/papa-jesus-fala-com-autoridade-o-filho-de-deus-que-cura.html#webpage\",\"url\":\"https:\/\/franciscanos.org.br\/noticias\/papa-jesus-fala-com-autoridade-o-filho-de-deus-que-cura.html\",\"name\":\"Papa: \\\"Jesus fala com autoridade, o Filho de Deus que cura\\\" - Not\u00edcias - Franciscanos\",\"isPartOf\":{\"@id\":\"https:\/\/franciscanos.org.br\/noticias\/#website\"},\"primaryImageOfPage\":{\"@id\":\"https:\/\/franciscanos.org.br\/noticias\/papa-jesus-fala-com-autoridade-o-filho-de-deus-que-cura.html#primaryimage\"},\"datePublished\":\"2021-01-31T12:44:01+00:00\",\"dateModified\":\"2021-01-31T12:44:01+00:00\",\"author\":{\"@id\":\"https:\/\/franciscanos.org.br\/noticias\/#\/schema\/person\/b5c8cba458c330ccff548b056e95a5d4\"},\"breadcrumb\":{\"@id\":\"https:\/\/franciscanos.org.br\/noticias\/papa-jesus-fala-com-autoridade-o-filho-de-deus-que-cura.html#breadcrumb\"},\"inLanguage\":\"pt-BR\",\"potentialAction\":[{\"@type\":\"ReadAction\",\"target\":[\"https:\/\/franciscanos.org.br\/noticias\/papa-jesus-fala-com-autoridade-o-filho-de-deus-que-cura.html\"]}]},{\"@type\":\"BreadcrumbList\",\"@id\":\"https:\/\/franciscanos.org.br\/noticias\/papa-jesus-fala-com-autoridade-o-filho-de-deus-que-cura.html#breadcrumb\",\"itemListElement\":[{\"@type\":\"ListItem\",\"position\":1,\"name\":\"Home\",\"item\":\"https:\/\/franciscanos.org.br\/noticias\"},{\"@type\":\"ListItem\",\"position\":2,\"name\":\"Papa: &#8220;Jesus fala com autoridade, o Filho de Deus que cura&#8221;\"}]},{\"@type\":\"Person\",\"@id\":\"https:\/\/franciscanos.org.br\/noticias\/#\/schema\/person\/b5c8cba458c330ccff548b056e95a5d4\",\"name\":\"moacir\",\"image\":{\"@type\":\"ImageObject\",\"inLanguage\":\"pt-BR\",\"@id\":\"https:\/\/franciscanos.org.br\/noticias\/#\/schema\/person\/image\/\",\"url\":\"https:\/\/secure.gravatar.com\/avatar\/d08aa2ce4c8dd416d4479aa8536fcf64?s=96&d=mm&r=g\",\"contentUrl\":\"https:\/\/secure.gravatar.com\/avatar\/d08aa2ce4c8dd416d4479aa8536fcf64?s=96&d=mm&r=g\",\"caption\":\"moacir\"},\"url\":\"https:\/\/franciscanos.org.br\/noticias\/author\/moacir\"}]}<\/script>\n<!-- \/ Yoast SEO plugin. -->","yoast_head_json":{"title":"Papa: \"Jesus fala com autoridade, o Filho de Deus que cura\" - Not\u00edcias - Franciscanos","robots":{"index":"index","follow":"follow","max-snippet":"max-snippet:-1","max-image-preview":"max-image-preview:large","max-video-preview":"max-video-preview:-1"},"canonical":"https:\/\/franciscanos.org.br\/noticias\/papa-jesus-fala-com-autoridade-o-filho-de-deus-que-cura.html","og_locale":"pt_BR","og_type":"article","og_title":"Papa: \"Jesus fala com autoridade, o Filho de Deus que cura\" - Not\u00edcias - Franciscanos","og_description":"Angelus","og_url":"https:\/\/franciscanos.org.br\/noticias\/papa-jesus-fala-com-autoridade-o-filho-de-deus-que-cura.html","og_site_name":"Not\u00edcias - Franciscanos","article_published_time":"2021-01-31T12:44:01+00:00","og_image":[{"width":800,"height":599,"url":"https:\/\/franciscanos.org.br\/noticias\/wp-content\/uploads\/2021\/01\/papa_31d.jpg","type":"image\/jpeg"}],"author":"moacir","twitter_card":"summary_large_image","twitter_misc":{"Escrito por":"moacir","Est. tempo de leitura":"4 minutos"},"schema":{"@context":"https:\/\/schema.org","@graph":[{"@type":"WebSite","@id":"https:\/\/franciscanos.org.br\/noticias\/#website","url":"https:\/\/franciscanos.org.br\/noticias\/","name":"Not\u00edcias - Franciscanos","description":"Prov\u00edncia Franciscana da Imaculada Concei\u00e7\u00e3o do Brasil - Ordem dos Frades Menores - OFM","potentialAction":[{"@type":"SearchAction","target":{"@type":"EntryPoint","urlTemplate":"https:\/\/franciscanos.org.br\/noticias\/?s={search_term_string}"},"query-input":"required name=search_term_string"}],"inLanguage":"pt-BR"},{"@type":"ImageObject","inLanguage":"pt-BR","@id":"https:\/\/franciscanos.org.br\/noticias\/papa-jesus-fala-com-autoridade-o-filho-de-deus-que-cura.html#primaryimage","url":"https:\/\/franciscanos.org.br\/noticias\/wp-content\/uploads\/2021\/01\/papa_31d.jpg","contentUrl":"https:\/\/franciscanos.org.br\/noticias\/wp-content\/uploads\/2021\/01\/papa_31d.jpg","width":800,"height":599},{"@type":"WebPage","@id":"https:\/\/franciscanos.org.br\/noticias\/papa-jesus-fala-com-autoridade-o-filho-de-deus-que-cura.html#webpage","url":"https:\/\/franciscanos.org.br\/noticias\/papa-jesus-fala-com-autoridade-o-filho-de-deus-que-cura.html","name":"Papa: \"Jesus fala com autoridade, o Filho de Deus que cura\" - Not\u00edcias - Franciscanos","isPartOf":{"@id":"https:\/\/franciscanos.org.br\/noticias\/#website"},"primaryImageOfPage":{"@id":"https:\/\/franciscanos.org.br\/noticias\/papa-jesus-fala-com-autoridade-o-filho-de-deus-que-cura.html#primaryimage"},"datePublished":"2021-01-31T12:44:01+00:00","dateModified":"2021-01-31T12:44:01+00:00","author":{"@id":"https:\/\/franciscanos.org.br\/noticias\/#\/schema\/person\/b5c8cba458c330ccff548b056e95a5d4"},"breadcrumb":{"@id":"https:\/\/franciscanos.org.br\/noticias\/papa-jesus-fala-com-autoridade-o-filho-de-deus-que-cura.html#breadcrumb"},"inLanguage":"pt-BR","potentialAction":[{"@type":"ReadAction","target":["https:\/\/franciscanos.org.br\/noticias\/papa-jesus-fala-com-autoridade-o-filho-de-deus-que-cura.html"]}]},{"@type":"BreadcrumbList","@id":"https:\/\/franciscanos.org.br\/noticias\/papa-jesus-fala-com-autoridade-o-filho-de-deus-que-cura.html#breadcrumb","itemListElement":[{"@type":"ListItem","position":1,"name":"Home","item":"https:\/\/franciscanos.org.br\/noticias"},{"@type":"ListItem","position":2,"name":"Papa: &#8220;Jesus fala com autoridade, o Filho de Deus que cura&#8221;"}]},{"@type":"Person","@id":"https:\/\/franciscanos.org.br\/noticias\/#\/schema\/person\/b5c8cba458c330ccff548b056e95a5d4","name":"moacir","image":{"@type":"ImageObject","inLanguage":"pt-BR","@id":"https:\/\/franciscanos.org.br\/noticias\/#\/schema\/person\/image\/","url":"https:\/\/secure.gravatar.com\/avatar\/d08aa2ce4c8dd416d4479aa8536fcf64?s=96&d=mm&r=g","contentUrl":"https:\/\/secure.gravatar.com\/avatar\/d08aa2ce4c8dd416d4479aa8536fcf64?s=96&d=mm&r=g","caption":"moacir"},"url":"https:\/\/franciscanos.org.br\/noticias\/author\/moacir"}]}},"_links":{"self":[{"href":"https:\/\/franciscanos.org.br\/noticias\/wp-json\/wp\/v2\/posts\/230630"}],"collection":[{"href":"https:\/\/franciscanos.org.br\/noticias\/wp-json\/wp\/v2\/posts"}],"about":[{"href":"https:\/\/franciscanos.org.br\/noticias\/wp-json\/wp\/v2\/types\/post"}],"author":[{"embeddable":true,"href":"https:\/\/franciscanos.org.br\/noticias\/wp-json\/wp\/v2\/users\/3"}],"replies":[{"embeddable":true,"href":"https:\/\/franciscanos.org.br\/noticias\/wp-json\/wp\/v2\/comments?post=230630"}],"version-history":[{"count":1,"href":"https:\/\/franciscanos.org.br\/noticias\/wp-json\/wp\/v2\/posts\/230630\/revisions"}],"predecessor-version":[{"id":230633,"href":"https:\/\/franciscanos.org.br\/noticias\/wp-json\/wp\/v2\/posts\/230630\/revisions\/230633"}],"wp:featuredmedia":[{"embeddable":true,"href":"https:\/\/franciscanos.org.br\/noticias\/wp-json\/wp\/v2\/media\/230632"}],"wp:attachment":[{"href":"https:\/\/franciscanos.org.br\/noticias\/wp-json\/wp\/v2\/media?parent=230630"}],"wp:term":[{"taxonomy":"category","embeddable":true,"href":"https:\/\/franciscanos.org.br\/noticias\/wp-json\/wp\/v2\/categories?post=230630"},{"taxonomy":"post_tag","embeddable":true,"href":"https:\/\/franciscanos.org.br\/noticias\/wp-json\/wp\/v2\/tags?post=230630"}],"curies":[{"name":"wp","href":"https:\/\/api.w.org\/{rel}","templated":true}]}}