{"id":230625,"date":"2021-01-31T06:36:59","date_gmt":"2021-01-31T09:36:59","guid":{"rendered":"https:\/\/franciscanos.org.br\/noticias\/?p=230625"},"modified":"2021-01-31T06:37:57","modified_gmt":"2021-01-31T09:37:57","slug":"cnbb-promove-na-terca-2-dia-de-oracao-diante-da-pandemia-da-covid-19","status":"publish","type":"post","link":"https:\/\/franciscanos.org.br\/noticias\/cnbb-promove-na-terca-2-dia-de-oracao-diante-da-pandemia-da-covid-19.html","title":{"rendered":"Nesta ter\u00e7a, CNBB promove o Dia de Ora\u00e7\u00e3o diante da pandemia da Covid-19"},"content":{"rendered":"<p><img loading=\"lazy\" class=\"alignnone size-full wp-image-230626\" src=\"https:\/\/franciscanos.org.br\/noticias\/wp-content\/uploads\/2021\/01\/cnbb_31.jpg\" alt=\"\" width=\"1203\" height=\"638\" srcset=\"https:\/\/franciscanos.org.br\/noticias\/wp-content\/uploads\/2021\/01\/cnbb_31.jpg 1203w, https:\/\/franciscanos.org.br\/noticias\/wp-content\/uploads\/2021\/01\/cnbb_31-450x239.jpg 450w, https:\/\/franciscanos.org.br\/noticias\/wp-content\/uploads\/2021\/01\/cnbb_31-1024x543.jpg 1024w, https:\/\/franciscanos.org.br\/noticias\/wp-content\/uploads\/2021\/01\/cnbb_31-768x407.jpg 768w, https:\/\/franciscanos.org.br\/noticias\/wp-content\/uploads\/2021\/01\/cnbb_31-150x80.jpg 150w\" sizes=\"(max-width: 1203px) 100vw, 1203px\" \/><\/p>\n<p>No pr\u00f3ximo dia 2 de fevereiro, sob o mote central \u201cManter a luz da Esperan\u00e7a\u201d, a Confer\u00eancia Nacional dos Bispos do Brasil (CNBB) realiza o Dia de Ora\u00e7\u00e3o diante da pandemia da covid-19. Na liturgia da Igreja, o dia marca a festa da Apresenta\u00e7\u00e3o de Jesus no templo e tamb\u00e9m \u00e9 dedicado \u00e0 mem\u00f3ria de Nossa Senhora da Luz.<\/p>\n<p>Segundo o bispo auxiliar da arquidiocese do Rio de Janeiro e secret\u00e1rio-geral da CNBB, dom Joel Portella Amado, a data foi escolhida pela entidade para pedir a intercess\u00e3o da virgem Maria e de S\u00e3o Jos\u00e9 para fortalecer a esperan\u00e7a dos brasileiros frente \u00e0s incertezas provocadas pelo contexto imposto ao mundo pelo novo Coronav\u00edrus. \u201cQueremos, com este dia de Ora\u00e7\u00e3o, pedir a Deus para alimentar a nossa esperan\u00e7a e \u00e2nimo para nos mantermos firmes no enfrentamento \u00e0 pandemia\u201d, disse.<\/p>\n<p>Como s\u00edmbolo e para estar em comunh\u00e3o, a CNBB pede que, durante a programa\u00e7\u00e3o do dia, os fi\u00e9is acendam uma vela. \u00c0 noite, durante a ora\u00e7\u00e3o do ter\u00e7o, pede-se que a vela, protegida contra o vento, seja colocada em um lugar vis\u00edvel, em uma janela, por exemplo. A ideia, segundo dom Joel, \u00e9 que, ainda que pequena, a luz se irradie para as outras pessoas como sinal de esperan\u00e7a. Pode-se compartilhar, nas redes sociais, uma foto com a hashtag #LuzdaEsperan\u00e7a.<\/p>\n<h3>Programa\u00e7\u00e3o do Dia de Ora\u00e7\u00e3o<\/h3>\n<p>A programa\u00e7\u00e3o tem in\u00edcio \u00e0s 9h, com uma Missa no Santu\u00e1rio Nossa Senhora da Piedade, na capital mineira, presidida pelo arcebispo da arquidiocese de Belo Horizonte (MG) e presidente da CNBB, dom Walmor Oliveira de Azevedo. \u00c0s 17h, a CNBB realiza uma live que buscar\u00e1 refletir sobre as fontes que alimentam o \u00e2nimo e a esperan\u00e7a neste tempo de pandemia.<\/p>\n<p>Participam desta<em> live<\/em>, o frei Paulo Batista, membro da Fraternidade S\u00e3o Francisco de Assis na provid\u00eancia de Deus; Sal\u00e9sio e Angelita, casal da Pastoral da Fam\u00edlia de Santa Catarina; Mariana Azevedo, da Pastoral dos Surdos; Artur Vin\u00edcius e Estephany Maria da Silva, adolescentes da Inf\u00e2ncia Mission\u00e1ria; e a Cristiane Ara\u00fajo Queiroz, secret\u00e1ria executiva do Regional Norte 2 da CNBB. O momento poder\u00e1 ser acompanhado pelas redes sociais da CNBB.<\/p>\n<p>Direto do Santu\u00e1rio Nacional de Aparecida (SP), \u00e0s 19h, ser\u00e1 realizado o Ter\u00e7o. Para este momento, a CNBB pede que em cada casa seja, dentro do poss\u00edvel, colocada uma vela acesa em uma das janelas. A ora\u00e7\u00e3o do ter\u00e7o ser\u00e1 transmitida, ao vivo, pela TV Aparecida. A programa\u00e7\u00e3o encerra-se \u00e0s 21h, com a Ora\u00e7\u00e3o da Noite, rezada da Capela Nossa Senhora Aparecida, na sede da CNBB, em Bras\u00edlia, pelo secret\u00e1rio-geral da CNBB, dom Joel Portella Amado e convidados. A atividade ser\u00e1 transmitida ao vivo pelas redes sociais.<\/p>\n<h3>MOMENTOS DE ORA\u00c7\u00c3O:<\/h3>\n<p><strong>\u2022 9h \u2013 MISSA<\/strong>\u00a0do Santu\u00e1rio Nossa Senhora da Piedade, presidida pelo presidente da CNBB, dom Walmor Oliveira de Azevedo, gerada pela TV Horizonte e retransmitida pelas tvs cat\u00f3licas Evangelizar, Nazar\u00e9 e Pai Eterno.<br \/>\n<strong>\u2022 17h \u2013 LIVE<\/strong>\u00a0sobre as fontes de \u00e2nimo em tempo de pandemia, com transmiss\u00e3o pelas redes sociais da CNBB.<br \/>\n<strong>\u2022 19h \u2013 TER\u00c7O<\/strong>\u00a0do Santu\u00e1rio Nacional de Nossa Senhora Aparecida, transmitido pela TV Aparecida. Para este ter\u00e7o, a CNBB pede que em cada casa seja, dentro do poss\u00edvel, colocada uma vela acesa em uma das janelas, de modo que, ainda que pequena, a luz irradie para as outras pessoas.<br \/>\n<strong>\u2022 21h \u2013 ORA\u00c7\u00c3O DA NOITE<\/strong>, da Capela Nossa Senhora Aparecida, na sede da CNBB, em Bras\u00edlia, com transmiss\u00e3o pelas redes sociais da CNBB.<\/p>\n<p><strong>SERVI\u00c7O:<\/strong><br \/>\n<strong>Dia de Ora\u00e7\u00e3o diante da pandemia: \u201cManter a luz Esperan\u00e7a\u201d<\/strong><br \/>\n<strong>Data:<\/strong>\u00a02 de fevereiro de 2021, ter\u00e7a-feira<br \/>\n<strong>Hor\u00e1rios:<\/strong>\u00a0\u00c0s 9h, 17h, 19h e 21h.<\/p>\n<p><strong>Acompanhe nas redes sociais da CNBB:<\/strong><br \/>\nFacebook:\u00a0<a href=\"https:\/\/www.facebook.com\/login\/?next=https%3A%2F%2Fwww.facebook.com%2Fcnbbnacional\">CNBBNacional<\/a><br \/>\nYoutube:\u00a0<a href=\"https:\/\/www.youtube.com\/user\/CNBBNacionalBrasilia\">CNBB Oficial\u00a0<\/a><br \/>\nTwitter:\u00a0<a href=\"https:\/\/twitter.com\/CNBBNacional\">CNBB Nacional\u00a0<\/a><\/p>\n","protected":false},"excerpt":{"rendered":"<p>CNBB<\/p>\n","protected":false},"author":3,"featured_media":230627,"comment_status":"open","ping_status":"open","sticky":false,"template":"","format":"standard","meta":[],"categories":[1],"tags":[29],"acf":[],"yoast_head":"<!-- This site is optimized with the Yoast SEO plugin v19.2 - https:\/\/yoast.com\/wordpress\/plugins\/seo\/ -->\n<title>Nesta ter\u00e7a, CNBB promove o Dia de Ora\u00e7\u00e3o diante da pandemia da Covid-19 - Not\u00edcias - Franciscanos<\/title>\n<meta name=\"robots\" content=\"index, follow, max-snippet:-1, max-image-preview:large, max-video-preview:-1\" \/>\n<link rel=\"canonical\" href=\"https:\/\/franciscanos.org.br\/noticias\/cnbb-promove-na-terca-2-dia-de-oracao-diante-da-pandemia-da-covid-19.html\" \/>\n<meta property=\"og:locale\" content=\"pt_BR\" \/>\n<meta property=\"og:type\" content=\"article\" \/>\n<meta property=\"og:title\" content=\"Nesta ter\u00e7a, CNBB promove o Dia de Ora\u00e7\u00e3o diante da pandemia da Covid-19 - Not\u00edcias - Franciscanos\" \/>\n<meta property=\"og:description\" content=\"CNBB\" \/>\n<meta property=\"og:url\" content=\"https:\/\/franciscanos.org.br\/noticias\/cnbb-promove-na-terca-2-dia-de-oracao-diante-da-pandemia-da-covid-19.html\" \/>\n<meta property=\"og:site_name\" content=\"Not\u00edcias - Franciscanos\" \/>\n<meta property=\"article:published_time\" content=\"2021-01-31T09:36:59+00:00\" \/>\n<meta property=\"article:modified_time\" content=\"2021-01-31T09:37:57+00:00\" \/>\n<meta property=\"og:image\" content=\"https:\/\/franciscanos.org.br\/noticias\/wp-content\/uploads\/2021\/01\/cnbb_31d.jpg\" \/>\n\t<meta property=\"og:image:width\" content=\"800\" \/>\n\t<meta property=\"og:image:height\" content=\"600\" \/>\n\t<meta property=\"og:image:type\" content=\"image\/jpeg\" \/>\n<meta name=\"author\" content=\"moacir\" \/>\n<meta name=\"twitter:card\" content=\"summary_large_image\" \/>\n<meta name=\"twitter:label1\" content=\"Escrito por\" \/>\n\t<meta name=\"twitter:data1\" content=\"moacir\" \/>\n\t<meta name=\"twitter:label2\" content=\"Est. tempo de leitura\" \/>\n\t<meta name=\"twitter:data2\" content=\"3 minutos\" \/>\n<script type=\"application\/ld+json\" class=\"yoast-schema-graph\">{\"@context\":\"https:\/\/schema.org\",\"@graph\":[{\"@type\":\"WebSite\",\"@id\":\"https:\/\/franciscanos.org.br\/noticias\/#website\",\"url\":\"https:\/\/franciscanos.org.br\/noticias\/\",\"name\":\"Not\u00edcias - Franciscanos\",\"description\":\"Prov\u00edncia Franciscana da Imaculada Concei\u00e7\u00e3o do Brasil - Ordem dos Frades Menores - OFM\",\"potentialAction\":[{\"@type\":\"SearchAction\",\"target\":{\"@type\":\"EntryPoint\",\"urlTemplate\":\"https:\/\/franciscanos.org.br\/noticias\/?s={search_term_string}\"},\"query-input\":\"required name=search_term_string\"}],\"inLanguage\":\"pt-BR\"},{\"@type\":\"ImageObject\",\"inLanguage\":\"pt-BR\",\"@id\":\"https:\/\/franciscanos.org.br\/noticias\/cnbb-promove-na-terca-2-dia-de-oracao-diante-da-pandemia-da-covid-19.html#primaryimage\",\"url\":\"https:\/\/franciscanos.org.br\/noticias\/wp-content\/uploads\/2021\/01\/cnbb_31d.jpg\",\"contentUrl\":\"https:\/\/franciscanos.org.br\/noticias\/wp-content\/uploads\/2021\/01\/cnbb_31d.jpg\",\"width\":800,\"height\":600},{\"@type\":\"WebPage\",\"@id\":\"https:\/\/franciscanos.org.br\/noticias\/cnbb-promove-na-terca-2-dia-de-oracao-diante-da-pandemia-da-covid-19.html#webpage\",\"url\":\"https:\/\/franciscanos.org.br\/noticias\/cnbb-promove-na-terca-2-dia-de-oracao-diante-da-pandemia-da-covid-19.html\",\"name\":\"Nesta ter\u00e7a, CNBB promove o Dia de Ora\u00e7\u00e3o diante da pandemia da Covid-19 - Not\u00edcias - Franciscanos\",\"isPartOf\":{\"@id\":\"https:\/\/franciscanos.org.br\/noticias\/#website\"},\"primaryImageOfPage\":{\"@id\":\"https:\/\/franciscanos.org.br\/noticias\/cnbb-promove-na-terca-2-dia-de-oracao-diante-da-pandemia-da-covid-19.html#primaryimage\"},\"datePublished\":\"2021-01-31T09:36:59+00:00\",\"dateModified\":\"2021-01-31T09:37:57+00:00\",\"author\":{\"@id\":\"https:\/\/franciscanos.org.br\/noticias\/#\/schema\/person\/b5c8cba458c330ccff548b056e95a5d4\"},\"breadcrumb\":{\"@id\":\"https:\/\/franciscanos.org.br\/noticias\/cnbb-promove-na-terca-2-dia-de-oracao-diante-da-pandemia-da-covid-19.html#breadcrumb\"},\"inLanguage\":\"pt-BR\",\"potentialAction\":[{\"@type\":\"ReadAction\",\"target\":[\"https:\/\/franciscanos.org.br\/noticias\/cnbb-promove-na-terca-2-dia-de-oracao-diante-da-pandemia-da-covid-19.html\"]}]},{\"@type\":\"BreadcrumbList\",\"@id\":\"https:\/\/franciscanos.org.br\/noticias\/cnbb-promove-na-terca-2-dia-de-oracao-diante-da-pandemia-da-covid-19.html#breadcrumb\",\"itemListElement\":[{\"@type\":\"ListItem\",\"position\":1,\"name\":\"Home\",\"item\":\"https:\/\/franciscanos.org.br\/noticias\"},{\"@type\":\"ListItem\",\"position\":2,\"name\":\"Nesta ter\u00e7a, CNBB promove o Dia de Ora\u00e7\u00e3o diante da pandemia da Covid-19\"}]},{\"@type\":\"Person\",\"@id\":\"https:\/\/franciscanos.org.br\/noticias\/#\/schema\/person\/b5c8cba458c330ccff548b056e95a5d4\",\"name\":\"moacir\",\"image\":{\"@type\":\"ImageObject\",\"inLanguage\":\"pt-BR\",\"@id\":\"https:\/\/franciscanos.org.br\/noticias\/#\/schema\/person\/image\/\",\"url\":\"https:\/\/secure.gravatar.com\/avatar\/d08aa2ce4c8dd416d4479aa8536fcf64?s=96&d=mm&r=g\",\"contentUrl\":\"https:\/\/secure.gravatar.com\/avatar\/d08aa2ce4c8dd416d4479aa8536fcf64?s=96&d=mm&r=g\",\"caption\":\"moacir\"},\"url\":\"https:\/\/franciscanos.org.br\/noticias\/author\/moacir\"}]}<\/script>\n<!-- \/ Yoast SEO plugin. -->","yoast_head_json":{"title":"Nesta ter\u00e7a, CNBB promove o Dia de Ora\u00e7\u00e3o diante da pandemia da Covid-19 - Not\u00edcias - Franciscanos","robots":{"index":"index","follow":"follow","max-snippet":"max-snippet:-1","max-image-preview":"max-image-preview:large","max-video-preview":"max-video-preview:-1"},"canonical":"https:\/\/franciscanos.org.br\/noticias\/cnbb-promove-na-terca-2-dia-de-oracao-diante-da-pandemia-da-covid-19.html","og_locale":"pt_BR","og_type":"article","og_title":"Nesta ter\u00e7a, CNBB promove o Dia de Ora\u00e7\u00e3o diante da pandemia da Covid-19 - Not\u00edcias - Franciscanos","og_description":"CNBB","og_url":"https:\/\/franciscanos.org.br\/noticias\/cnbb-promove-na-terca-2-dia-de-oracao-diante-da-pandemia-da-covid-19.html","og_site_name":"Not\u00edcias - Franciscanos","article_published_time":"2021-01-31T09:36:59+00:00","article_modified_time":"2021-01-31T09:37:57+00:00","og_image":[{"width":800,"height":600,"url":"https:\/\/franciscanos.org.br\/noticias\/wp-content\/uploads\/2021\/01\/cnbb_31d.jpg","type":"image\/jpeg"}],"author":"moacir","twitter_card":"summary_large_image","twitter_misc":{"Escrito por":"moacir","Est. tempo de leitura":"3 minutos"},"schema":{"@context":"https:\/\/schema.org","@graph":[{"@type":"WebSite","@id":"https:\/\/franciscanos.org.br\/noticias\/#website","url":"https:\/\/franciscanos.org.br\/noticias\/","name":"Not\u00edcias - Franciscanos","description":"Prov\u00edncia Franciscana da Imaculada Concei\u00e7\u00e3o do Brasil - Ordem dos Frades Menores - OFM","potentialAction":[{"@type":"SearchAction","target":{"@type":"EntryPoint","urlTemplate":"https:\/\/franciscanos.org.br\/noticias\/?s={search_term_string}"},"query-input":"required name=search_term_string"}],"inLanguage":"pt-BR"},{"@type":"ImageObject","inLanguage":"pt-BR","@id":"https:\/\/franciscanos.org.br\/noticias\/cnbb-promove-na-terca-2-dia-de-oracao-diante-da-pandemia-da-covid-19.html#primaryimage","url":"https:\/\/franciscanos.org.br\/noticias\/wp-content\/uploads\/2021\/01\/cnbb_31d.jpg","contentUrl":"https:\/\/franciscanos.org.br\/noticias\/wp-content\/uploads\/2021\/01\/cnbb_31d.jpg","width":800,"height":600},{"@type":"WebPage","@id":"https:\/\/franciscanos.org.br\/noticias\/cnbb-promove-na-terca-2-dia-de-oracao-diante-da-pandemia-da-covid-19.html#webpage","url":"https:\/\/franciscanos.org.br\/noticias\/cnbb-promove-na-terca-2-dia-de-oracao-diante-da-pandemia-da-covid-19.html","name":"Nesta ter\u00e7a, CNBB promove o Dia de Ora\u00e7\u00e3o diante da pandemia da Covid-19 - Not\u00edcias - Franciscanos","isPartOf":{"@id":"https:\/\/franciscanos.org.br\/noticias\/#website"},"primaryImageOfPage":{"@id":"https:\/\/franciscanos.org.br\/noticias\/cnbb-promove-na-terca-2-dia-de-oracao-diante-da-pandemia-da-covid-19.html#primaryimage"},"datePublished":"2021-01-31T09:36:59+00:00","dateModified":"2021-01-31T09:37:57+00:00","author":{"@id":"https:\/\/franciscanos.org.br\/noticias\/#\/schema\/person\/b5c8cba458c330ccff548b056e95a5d4"},"breadcrumb":{"@id":"https:\/\/franciscanos.org.br\/noticias\/cnbb-promove-na-terca-2-dia-de-oracao-diante-da-pandemia-da-covid-19.html#breadcrumb"},"inLanguage":"pt-BR","potentialAction":[{"@type":"ReadAction","target":["https:\/\/franciscanos.org.br\/noticias\/cnbb-promove-na-terca-2-dia-de-oracao-diante-da-pandemia-da-covid-19.html"]}]},{"@type":"BreadcrumbList","@id":"https:\/\/franciscanos.org.br\/noticias\/cnbb-promove-na-terca-2-dia-de-oracao-diante-da-pandemia-da-covid-19.html#breadcrumb","itemListElement":[{"@type":"ListItem","position":1,"name":"Home","item":"https:\/\/franciscanos.org.br\/noticias"},{"@type":"ListItem","position":2,"name":"Nesta ter\u00e7a, CNBB promove o Dia de Ora\u00e7\u00e3o diante da pandemia da Covid-19"}]},{"@type":"Person","@id":"https:\/\/franciscanos.org.br\/noticias\/#\/schema\/person\/b5c8cba458c330ccff548b056e95a5d4","name":"moacir","image":{"@type":"ImageObject","inLanguage":"pt-BR","@id":"https:\/\/franciscanos.org.br\/noticias\/#\/schema\/person\/image\/","url":"https:\/\/secure.gravatar.com\/avatar\/d08aa2ce4c8dd416d4479aa8536fcf64?s=96&d=mm&r=g","contentUrl":"https:\/\/secure.gravatar.com\/avatar\/d08aa2ce4c8dd416d4479aa8536fcf64?s=96&d=mm&r=g","caption":"moacir"},"url":"https:\/\/franciscanos.org.br\/noticias\/author\/moacir"}]}},"_links":{"self":[{"href":"https:\/\/franciscanos.org.br\/noticias\/wp-json\/wp\/v2\/posts\/230625"}],"collection":[{"href":"https:\/\/franciscanos.org.br\/noticias\/wp-json\/wp\/v2\/posts"}],"about":[{"href":"https:\/\/franciscanos.org.br\/noticias\/wp-json\/wp\/v2\/types\/post"}],"author":[{"embeddable":true,"href":"https:\/\/franciscanos.org.br\/noticias\/wp-json\/wp\/v2\/users\/3"}],"replies":[{"embeddable":true,"href":"https:\/\/franciscanos.org.br\/noticias\/wp-json\/wp\/v2\/comments?post=230625"}],"version-history":[{"count":2,"href":"https:\/\/franciscanos.org.br\/noticias\/wp-json\/wp\/v2\/posts\/230625\/revisions"}],"predecessor-version":[{"id":230629,"href":"https:\/\/franciscanos.org.br\/noticias\/wp-json\/wp\/v2\/posts\/230625\/revisions\/230629"}],"wp:featuredmedia":[{"embeddable":true,"href":"https:\/\/franciscanos.org.br\/noticias\/wp-json\/wp\/v2\/media\/230627"}],"wp:attachment":[{"href":"https:\/\/franciscanos.org.br\/noticias\/wp-json\/wp\/v2\/media?parent=230625"}],"wp:term":[{"taxonomy":"category","embeddable":true,"href":"https:\/\/franciscanos.org.br\/noticias\/wp-json\/wp\/v2\/categories?post=230625"},{"taxonomy":"post_tag","embeddable":true,"href":"https:\/\/franciscanos.org.br\/noticias\/wp-json\/wp\/v2\/tags?post=230625"}],"curies":[{"name":"wp","href":"https:\/\/api.w.org\/{rel}","templated":true}]}}