{"id":230588,"date":"2021-01-27T15:43:21","date_gmt":"2021-01-27T18:43:21","guid":{"rendered":"https:\/\/franciscanos.org.br\/noticias\/?p=230588"},"modified":"2021-01-27T15:43:21","modified_gmt":"2021-01-27T18:43:21","slug":"frente-da-comunicacao-tem-assessoria-do-secretario-de-campanhas-da-cnbb-no-1o-encontro","status":"publish","type":"post","link":"https:\/\/franciscanos.org.br\/noticias\/frente-da-comunicacao-tem-assessoria-do-secretario-de-campanhas-da-cnbb-no-1o-encontro.html","title":{"rendered":"Frente da Comunica\u00e7\u00e3o tem assessoria do secret\u00e1rio de Campanhas da CNBB no 1\u00ba encontro"},"content":{"rendered":"<p><img loading=\"lazy\" class=\"alignnone wp-image-230589 size-full\" src=\"https:\/\/franciscanos.org.br\/noticias\/wp-content\/uploads\/2021\/01\/frente_01.jpg\" alt=\"\" width=\"1280\" height=\"720\" srcset=\"https:\/\/franciscanos.org.br\/noticias\/wp-content\/uploads\/2021\/01\/frente_01.jpg 1280w, https:\/\/franciscanos.org.br\/noticias\/wp-content\/uploads\/2021\/01\/frente_01-450x253.jpg 450w, https:\/\/franciscanos.org.br\/noticias\/wp-content\/uploads\/2021\/01\/frente_01-1024x576.jpg 1024w, https:\/\/franciscanos.org.br\/noticias\/wp-content\/uploads\/2021\/01\/frente_01-768x432.jpg 768w, https:\/\/franciscanos.org.br\/noticias\/wp-content\/uploads\/2021\/01\/frente_01-150x84.jpg 150w\" sizes=\"(max-width: 1280px) 100vw, 1280px\" \/><\/p>\n<p>O secret\u00e1rio executivo de Campanhas da CNBB, Pe. Patriky Samuel Batista, foi o assessor do 1\u00ba Encontro da Frente de Comunica\u00e7\u00e3o deste ano, realizado na ter\u00e7a-feira, 26 de janeiro, de forma remota. Os colaboradores dos principais trabalhos desta Frente de Evangeliza\u00e7\u00e3o da Prov\u00edncia da Imaculada Concei\u00e7\u00e3o participaram por meio de videoconfer\u00eancia.<\/p>\n<p>O Vig\u00e1rio Provincial, Frei Gustavo Medella, saudou a todos e falou da import\u00e2ncia de &#8220;retomarmos nossos encontros, ainda que, por enquanto, atrav\u00e9s desse meio eletr\u00f4nico, mas importante para termos essa consci\u00eancia de que continuamos juntos&#8221;. Frei Medella agradeceu muito o Pe. Patriy: &#8220;Certamente, sua carga de trabalho \u00e9 bastante grande, principalmente \u00e0s portas da Campanha da Fraternidade, mas sempre est\u00e1 pronto para nos atender. Muito obrigado pela disponibilidade em ajudar a somar for\u00e7as nessa iniciativa fundamental da nossa Igreja Cat\u00f3lica&#8221;.<\/p>\n<p>Pe. Patriky explicou que \u00e9 natural da cidade de de Piumhi (MG), uma pequena cidade da Serra da Canastra e que est\u00e1 a 60 quil\u00f4metros da nascente do Rio S\u00e3o Francisco. Pe. Patriky formou-se em Filosofia na Pontif\u00edcia Universidade Cat\u00f3lica de Campinas (PUC-Campinas) em 2004. Em 2013, fez p\u00f3s-gradua\u00e7\u00e3o em Missiologia e Anima\u00e7\u00e3o Pastoral pelo Instituto Superior de Filosofia Berthier (IFIBE) de Passo Fundo (RS) e, em 2018, concluiu outra p\u00f3s-gradua\u00e7\u00e3o em Teologia Pastoral pela Faculdade Jesu\u00edta de Filosofia e Teologia de Belo Horizonte (MG). Foi ordenado presb\u00edtero em 20 de dezembro de 2008 e nomeado, no dia 27 de junho de 2019, secret\u00e1rio executivo de Campanhas da CNBB.<\/p>\n<p>Pe. Patriky partiu do tema &#8211; &#8220;Fraternidade e di\u00e1logo, compromisso de amor&#8221; &#8211; para lembrar que esta \u00e9 a 57\u00aa Campanha da Fraternidade e a quinta que acontece de forma ecum\u00eanica. &#8220;Se algu\u00e9m me perguntar hoje o que \u00e9 a &#8216;Campanha da Fraternidade&#8221;, para a gente definir apenas numa express\u00e3o, eu diria que \u00e9 amor&#8221;, enfatizou. Segundo ele, \u00e9 mais do que pertinente essa Campanha da Fraternidade para nos ajudar a iniciar processo dialogais, de proximidade, de escuta, de verdadeiro amor ao pr\u00f3ximo. Pe. Patriky ainda lembrou que essa iniciativa da CF \u00e9 genuinamente brasileira.<\/p>\n<p>O secret\u00e1rio de Campanhas da CNBB lembrou que quando acontece uma Campanha da Fraternidade ecum\u00eanica, quem toma \u00e0 frente n\u00e3o \u00e9 a CNBB, mas o Conic, que \u00e9 o Conselho Nacional de Igrejas Crist\u00e3s, formado pelas Igreja Evang\u00e9lica de Confiss\u00e3o Luterana, os Anglicanos, a Igreja S\u00edrian-Ortodoxa de Antioquia, a Igreja Cat\u00f3lica, a Igreja Presbiteriana Unida e tamb\u00e9m a Alian\u00e7a de Batistas do Brasil. &#8220;E esse ano temos a Igreja Betesda e tamb\u00e9m o CESEEP, que \u00e9 o Centro Ecum\u00eanico de Servi\u00e7os \u00e0 Evangeliza\u00e7\u00e3o Educa\u00e7\u00e3o Popular&#8221;, adiantou.<\/p>\n<p>Segundo Pe. Patriky, o tema da CF vem num momento &#8220;muito espec\u00edfico da nossa sociedade, da humanidade, por assim dizer&#8221;. Segundo ele, o o di\u00e1logo deve ser assumido como estilo de vida.<\/p>\n<p>Para o Pe. Patriky, o di\u00e1logo \u00e9 como uma grande ponte, sustentada por duas colunas: a comunica\u00e7\u00e3o e o amor. Ele lembrou que o texto-base traz a Enc\u00edclica \u201cFratelli tutti\u201d do Papa Francisco nos cap\u00edtulos sexto e, sobretudo, no oitavo, quando o Papa aborda o tema do di\u00e1logo e fala da import\u00e2ncia das religi\u00f5es para constru\u00e7\u00e3o de uma nova sociedade, embasada nesses valores que s\u00e3o universais.<\/p>\n<p>Em seguida, os participantes partilharam algumas iniciativas e a\u00e7\u00f5es que ser\u00e3o trabalhadas nos mais diversos setores da Frente de Comunica\u00e7\u00e3o, como N\u00e1dia Perego, que adiantou a realiza\u00e7\u00e3o do Encontro Inter-religioso na Universidade S\u00e3o Francisco, tendo \u00e0 frente Frei Vitorio Mazzuco, que neste ano vai acontecer de forma remota. &#8220;\u00c9 um dos eventos mais esperados pelos alunos&#8221;, disse.<\/p>\n<p>Frei Alan Leal, que agora reside em Pato Branco, tamb\u00e9m adiantou que est\u00e3o sendo preparadas s\u00e9ries sobre a CF para R\u00e1dio Celinauta e a TV Sudoeste.<\/p>\n<p>Frei Neuri Reinisch, coordenador da Frente de Comunica\u00e7\u00e3o, destacou que hoje percebe-se que as pessoas t\u00eam dificuldade de dialogar. &#8220;Logo criam mecanismos para tolher o di\u00e1logo, seja presencial ou remoto&#8221;. Segundo ele, os meios de comunica\u00e7\u00e3o podem atuar na divulga\u00e7\u00e3o da CF, produzindo programas e conte\u00fados que constroem e alimentam o respeito e a dignidade nas rela\u00e7\u00f5es.<\/p>\n<p>Frei Gustavo Medella, que tamb\u00e9m \u00e9 Secret\u00e1rio de Evangeliza\u00e7\u00e3o da Prov\u00edncia da Imaculada, agradeceu o Pe. Patriky por sua disponibilidade e a todos os participantes dos servi\u00e7os da Prov\u00edncia. &#8220;O di\u00e1logo, como o Pe. falou, \u00e9 mais do que uma a\u00e7\u00e3o pontual, mas um estilo de vida. Uma disposi\u00e7\u00e3o em escutar e fazer-se escutar. A nossa palavra do dia, evangelizar, desde sempre precisa trazer em si a ess\u00eancia do di\u00e1logo, de dialogar&#8221;, completou.<\/p>\n<p>&nbsp;<\/p>\n","protected":false},"excerpt":{"rendered":"<p>Encontro da Frente de Comunica\u00e7\u00e3o<\/p>\n","protected":false},"author":3,"featured_media":230590,"comment_status":"open","ping_status":"open","sticky":false,"template":"","format":"standard","meta":[],"categories":[1],"tags":[550],"acf":[],"yoast_head":"<!-- This site is optimized with the Yoast SEO plugin v19.2 - https:\/\/yoast.com\/wordpress\/plugins\/seo\/ -->\n<title>Frente da Comunica\u00e7\u00e3o tem assessoria do secret\u00e1rio de Campanhas da CNBB no 1\u00ba encontro - Not\u00edcias - Franciscanos<\/title>\n<meta name=\"robots\" content=\"index, follow, max-snippet:-1, max-image-preview:large, max-video-preview:-1\" \/>\n<link rel=\"canonical\" href=\"https:\/\/franciscanos.org.br\/noticias\/frente-da-comunicacao-tem-assessoria-do-secretario-de-campanhas-da-cnbb-no-1o-encontro.html\" \/>\n<meta property=\"og:locale\" content=\"pt_BR\" \/>\n<meta property=\"og:type\" content=\"article\" \/>\n<meta property=\"og:title\" content=\"Frente da Comunica\u00e7\u00e3o tem assessoria do secret\u00e1rio de Campanhas da CNBB no 1\u00ba encontro - Not\u00edcias - Franciscanos\" \/>\n<meta property=\"og:description\" content=\"Encontro da Frente de Comunica\u00e7\u00e3o\" \/>\n<meta property=\"og:url\" content=\"https:\/\/franciscanos.org.br\/noticias\/frente-da-comunicacao-tem-assessoria-do-secretario-de-campanhas-da-cnbb-no-1o-encontro.html\" \/>\n<meta property=\"og:site_name\" content=\"Not\u00edcias - Franciscanos\" \/>\n<meta property=\"article:published_time\" content=\"2021-01-27T18:43:21+00:00\" \/>\n<meta property=\"og:image\" content=\"https:\/\/franciscanos.org.br\/noticias\/wp-content\/uploads\/2021\/01\/frente_d.jpg\" \/>\n\t<meta property=\"og:image:width\" content=\"800\" \/>\n\t<meta property=\"og:image:height\" content=\"600\" \/>\n\t<meta property=\"og:image:type\" content=\"image\/jpeg\" \/>\n<meta name=\"author\" content=\"moacir\" \/>\n<meta name=\"twitter:card\" content=\"summary_large_image\" \/>\n<meta name=\"twitter:label1\" content=\"Escrito por\" \/>\n\t<meta name=\"twitter:data1\" content=\"moacir\" \/>\n\t<meta name=\"twitter:label2\" content=\"Est. tempo de leitura\" \/>\n\t<meta name=\"twitter:data2\" content=\"4 minutos\" \/>\n<script type=\"application\/ld+json\" class=\"yoast-schema-graph\">{\"@context\":\"https:\/\/schema.org\",\"@graph\":[{\"@type\":\"WebSite\",\"@id\":\"https:\/\/franciscanos.org.br\/noticias\/#website\",\"url\":\"https:\/\/franciscanos.org.br\/noticias\/\",\"name\":\"Not\u00edcias - Franciscanos\",\"description\":\"Prov\u00edncia Franciscana da Imaculada Concei\u00e7\u00e3o do Brasil - Ordem dos Frades Menores - OFM\",\"potentialAction\":[{\"@type\":\"SearchAction\",\"target\":{\"@type\":\"EntryPoint\",\"urlTemplate\":\"https:\/\/franciscanos.org.br\/noticias\/?s={search_term_string}\"},\"query-input\":\"required name=search_term_string\"}],\"inLanguage\":\"pt-BR\"},{\"@type\":\"ImageObject\",\"inLanguage\":\"pt-BR\",\"@id\":\"https:\/\/franciscanos.org.br\/noticias\/frente-da-comunicacao-tem-assessoria-do-secretario-de-campanhas-da-cnbb-no-1o-encontro.html#primaryimage\",\"url\":\"https:\/\/franciscanos.org.br\/noticias\/wp-content\/uploads\/2021\/01\/frente_d.jpg\",\"contentUrl\":\"https:\/\/franciscanos.org.br\/noticias\/wp-content\/uploads\/2021\/01\/frente_d.jpg\",\"width\":800,\"height\":600},{\"@type\":\"WebPage\",\"@id\":\"https:\/\/franciscanos.org.br\/noticias\/frente-da-comunicacao-tem-assessoria-do-secretario-de-campanhas-da-cnbb-no-1o-encontro.html#webpage\",\"url\":\"https:\/\/franciscanos.org.br\/noticias\/frente-da-comunicacao-tem-assessoria-do-secretario-de-campanhas-da-cnbb-no-1o-encontro.html\",\"name\":\"Frente da Comunica\u00e7\u00e3o tem assessoria do secret\u00e1rio de Campanhas da CNBB no 1\u00ba encontro - Not\u00edcias - Franciscanos\",\"isPartOf\":{\"@id\":\"https:\/\/franciscanos.org.br\/noticias\/#website\"},\"primaryImageOfPage\":{\"@id\":\"https:\/\/franciscanos.org.br\/noticias\/frente-da-comunicacao-tem-assessoria-do-secretario-de-campanhas-da-cnbb-no-1o-encontro.html#primaryimage\"},\"datePublished\":\"2021-01-27T18:43:21+00:00\",\"dateModified\":\"2021-01-27T18:43:21+00:00\",\"author\":{\"@id\":\"https:\/\/franciscanos.org.br\/noticias\/#\/schema\/person\/b5c8cba458c330ccff548b056e95a5d4\"},\"breadcrumb\":{\"@id\":\"https:\/\/franciscanos.org.br\/noticias\/frente-da-comunicacao-tem-assessoria-do-secretario-de-campanhas-da-cnbb-no-1o-encontro.html#breadcrumb\"},\"inLanguage\":\"pt-BR\",\"potentialAction\":[{\"@type\":\"ReadAction\",\"target\":[\"https:\/\/franciscanos.org.br\/noticias\/frente-da-comunicacao-tem-assessoria-do-secretario-de-campanhas-da-cnbb-no-1o-encontro.html\"]}]},{\"@type\":\"BreadcrumbList\",\"@id\":\"https:\/\/franciscanos.org.br\/noticias\/frente-da-comunicacao-tem-assessoria-do-secretario-de-campanhas-da-cnbb-no-1o-encontro.html#breadcrumb\",\"itemListElement\":[{\"@type\":\"ListItem\",\"position\":1,\"name\":\"Home\",\"item\":\"https:\/\/franciscanos.org.br\/noticias\"},{\"@type\":\"ListItem\",\"position\":2,\"name\":\"Frente da Comunica\u00e7\u00e3o tem assessoria do secret\u00e1rio de Campanhas da CNBB no 1\u00ba encontro\"}]},{\"@type\":\"Person\",\"@id\":\"https:\/\/franciscanos.org.br\/noticias\/#\/schema\/person\/b5c8cba458c330ccff548b056e95a5d4\",\"name\":\"moacir\",\"image\":{\"@type\":\"ImageObject\",\"inLanguage\":\"pt-BR\",\"@id\":\"https:\/\/franciscanos.org.br\/noticias\/#\/schema\/person\/image\/\",\"url\":\"https:\/\/secure.gravatar.com\/avatar\/d08aa2ce4c8dd416d4479aa8536fcf64?s=96&d=mm&r=g\",\"contentUrl\":\"https:\/\/secure.gravatar.com\/avatar\/d08aa2ce4c8dd416d4479aa8536fcf64?s=96&d=mm&r=g\",\"caption\":\"moacir\"},\"url\":\"https:\/\/franciscanos.org.br\/noticias\/author\/moacir\"}]}<\/script>\n<!-- \/ Yoast SEO plugin. -->","yoast_head_json":{"title":"Frente da Comunica\u00e7\u00e3o tem assessoria do secret\u00e1rio de Campanhas da CNBB no 1\u00ba encontro - Not\u00edcias - Franciscanos","robots":{"index":"index","follow":"follow","max-snippet":"max-snippet:-1","max-image-preview":"max-image-preview:large","max-video-preview":"max-video-preview:-1"},"canonical":"https:\/\/franciscanos.org.br\/noticias\/frente-da-comunicacao-tem-assessoria-do-secretario-de-campanhas-da-cnbb-no-1o-encontro.html","og_locale":"pt_BR","og_type":"article","og_title":"Frente da Comunica\u00e7\u00e3o tem assessoria do secret\u00e1rio de Campanhas da CNBB no 1\u00ba encontro - Not\u00edcias - Franciscanos","og_description":"Encontro da Frente de Comunica\u00e7\u00e3o","og_url":"https:\/\/franciscanos.org.br\/noticias\/frente-da-comunicacao-tem-assessoria-do-secretario-de-campanhas-da-cnbb-no-1o-encontro.html","og_site_name":"Not\u00edcias - Franciscanos","article_published_time":"2021-01-27T18:43:21+00:00","og_image":[{"width":800,"height":600,"url":"https:\/\/franciscanos.org.br\/noticias\/wp-content\/uploads\/2021\/01\/frente_d.jpg","type":"image\/jpeg"}],"author":"moacir","twitter_card":"summary_large_image","twitter_misc":{"Escrito por":"moacir","Est. tempo de leitura":"4 minutos"},"schema":{"@context":"https:\/\/schema.org","@graph":[{"@type":"WebSite","@id":"https:\/\/franciscanos.org.br\/noticias\/#website","url":"https:\/\/franciscanos.org.br\/noticias\/","name":"Not\u00edcias - Franciscanos","description":"Prov\u00edncia Franciscana da Imaculada Concei\u00e7\u00e3o do Brasil - Ordem dos Frades Menores - OFM","potentialAction":[{"@type":"SearchAction","target":{"@type":"EntryPoint","urlTemplate":"https:\/\/franciscanos.org.br\/noticias\/?s={search_term_string}"},"query-input":"required name=search_term_string"}],"inLanguage":"pt-BR"},{"@type":"ImageObject","inLanguage":"pt-BR","@id":"https:\/\/franciscanos.org.br\/noticias\/frente-da-comunicacao-tem-assessoria-do-secretario-de-campanhas-da-cnbb-no-1o-encontro.html#primaryimage","url":"https:\/\/franciscanos.org.br\/noticias\/wp-content\/uploads\/2021\/01\/frente_d.jpg","contentUrl":"https:\/\/franciscanos.org.br\/noticias\/wp-content\/uploads\/2021\/01\/frente_d.jpg","width":800,"height":600},{"@type":"WebPage","@id":"https:\/\/franciscanos.org.br\/noticias\/frente-da-comunicacao-tem-assessoria-do-secretario-de-campanhas-da-cnbb-no-1o-encontro.html#webpage","url":"https:\/\/franciscanos.org.br\/noticias\/frente-da-comunicacao-tem-assessoria-do-secretario-de-campanhas-da-cnbb-no-1o-encontro.html","name":"Frente da Comunica\u00e7\u00e3o tem assessoria do secret\u00e1rio de Campanhas da CNBB no 1\u00ba encontro - Not\u00edcias - Franciscanos","isPartOf":{"@id":"https:\/\/franciscanos.org.br\/noticias\/#website"},"primaryImageOfPage":{"@id":"https:\/\/franciscanos.org.br\/noticias\/frente-da-comunicacao-tem-assessoria-do-secretario-de-campanhas-da-cnbb-no-1o-encontro.html#primaryimage"},"datePublished":"2021-01-27T18:43:21+00:00","dateModified":"2021-01-27T18:43:21+00:00","author":{"@id":"https:\/\/franciscanos.org.br\/noticias\/#\/schema\/person\/b5c8cba458c330ccff548b056e95a5d4"},"breadcrumb":{"@id":"https:\/\/franciscanos.org.br\/noticias\/frente-da-comunicacao-tem-assessoria-do-secretario-de-campanhas-da-cnbb-no-1o-encontro.html#breadcrumb"},"inLanguage":"pt-BR","potentialAction":[{"@type":"ReadAction","target":["https:\/\/franciscanos.org.br\/noticias\/frente-da-comunicacao-tem-assessoria-do-secretario-de-campanhas-da-cnbb-no-1o-encontro.html"]}]},{"@type":"BreadcrumbList","@id":"https:\/\/franciscanos.org.br\/noticias\/frente-da-comunicacao-tem-assessoria-do-secretario-de-campanhas-da-cnbb-no-1o-encontro.html#breadcrumb","itemListElement":[{"@type":"ListItem","position":1,"name":"Home","item":"https:\/\/franciscanos.org.br\/noticias"},{"@type":"ListItem","position":2,"name":"Frente da Comunica\u00e7\u00e3o tem assessoria do secret\u00e1rio de Campanhas da CNBB no 1\u00ba encontro"}]},{"@type":"Person","@id":"https:\/\/franciscanos.org.br\/noticias\/#\/schema\/person\/b5c8cba458c330ccff548b056e95a5d4","name":"moacir","image":{"@type":"ImageObject","inLanguage":"pt-BR","@id":"https:\/\/franciscanos.org.br\/noticias\/#\/schema\/person\/image\/","url":"https:\/\/secure.gravatar.com\/avatar\/d08aa2ce4c8dd416d4479aa8536fcf64?s=96&d=mm&r=g","contentUrl":"https:\/\/secure.gravatar.com\/avatar\/d08aa2ce4c8dd416d4479aa8536fcf64?s=96&d=mm&r=g","caption":"moacir"},"url":"https:\/\/franciscanos.org.br\/noticias\/author\/moacir"}]}},"_links":{"self":[{"href":"https:\/\/franciscanos.org.br\/noticias\/wp-json\/wp\/v2\/posts\/230588"}],"collection":[{"href":"https:\/\/franciscanos.org.br\/noticias\/wp-json\/wp\/v2\/posts"}],"about":[{"href":"https:\/\/franciscanos.org.br\/noticias\/wp-json\/wp\/v2\/types\/post"}],"author":[{"embeddable":true,"href":"https:\/\/franciscanos.org.br\/noticias\/wp-json\/wp\/v2\/users\/3"}],"replies":[{"embeddable":true,"href":"https:\/\/franciscanos.org.br\/noticias\/wp-json\/wp\/v2\/comments?post=230588"}],"version-history":[{"count":1,"href":"https:\/\/franciscanos.org.br\/noticias\/wp-json\/wp\/v2\/posts\/230588\/revisions"}],"predecessor-version":[{"id":230591,"href":"https:\/\/franciscanos.org.br\/noticias\/wp-json\/wp\/v2\/posts\/230588\/revisions\/230591"}],"wp:featuredmedia":[{"embeddable":true,"href":"https:\/\/franciscanos.org.br\/noticias\/wp-json\/wp\/v2\/media\/230590"}],"wp:attachment":[{"href":"https:\/\/franciscanos.org.br\/noticias\/wp-json\/wp\/v2\/media?parent=230588"}],"wp:term":[{"taxonomy":"category","embeddable":true,"href":"https:\/\/franciscanos.org.br\/noticias\/wp-json\/wp\/v2\/categories?post=230588"},{"taxonomy":"post_tag","embeddable":true,"href":"https:\/\/franciscanos.org.br\/noticias\/wp-json\/wp\/v2\/tags?post=230588"}],"curies":[{"name":"wp","href":"https:\/\/api.w.org\/{rel}","templated":true}]}}