{"id":230550,"date":"2021-01-26T15:12:46","date_gmt":"2021-01-26T18:12:46","guid":{"rendered":"https:\/\/franciscanos.org.br\/noticias\/?p=230550"},"modified":"2021-01-26T15:17:08","modified_gmt":"2021-01-26T18:17:08","slug":"sefras-esta-no-forum-social-mundial-para-falar-da-fome","status":"publish","type":"post","link":"https:\/\/franciscanos.org.br\/noticias\/sefras-esta-no-forum-social-mundial-para-falar-da-fome.html","title":{"rendered":"Sefras est\u00e1 no F\u00f3rum Social Mundial para falar da fome"},"content":{"rendered":"<p><img loading=\"lazy\" class=\"alignnone wp-image-230551 size-full\" src=\"https:\/\/franciscanos.org.br\/noticias\/wp-content\/uploads\/2021\/01\/sefras_26.jpg\" alt=\"\" width=\"1280\" height=\"720\" srcset=\"https:\/\/franciscanos.org.br\/noticias\/wp-content\/uploads\/2021\/01\/sefras_26.jpg 1280w, https:\/\/franciscanos.org.br\/noticias\/wp-content\/uploads\/2021\/01\/sefras_26-450x253.jpg 450w, https:\/\/franciscanos.org.br\/noticias\/wp-content\/uploads\/2021\/01\/sefras_26-1024x576.jpg 1024w, https:\/\/franciscanos.org.br\/noticias\/wp-content\/uploads\/2021\/01\/sefras_26-768x432.jpg 768w, https:\/\/franciscanos.org.br\/noticias\/wp-content\/uploads\/2021\/01\/sefras_26-150x84.jpg 150w\" sizes=\"(max-width: 1280px) 100vw, 1280px\" \/><\/p>\n<p>No seu 20\u00ba anivers\u00e1rio, o F\u00f3rum Social Mundial, est\u00e1 sendo realizado totalmente de forma virtual e vai at\u00e9 31 de janeiro. Este evento nasceu em 2001 por organiza\u00e7\u00f5es e movimentos sociais que, a partir de uma proposta inicial, se autoconvocaram e mobilizaram para um grande encontro em Porto Alegre, em contraposi\u00e7\u00e3o ao neoliberalismo representado pelo F\u00f3rum Econ\u00f4mico Mundial, que ocorria ao mesmo tempo em Davos, na Su\u00ed\u00e7a.<\/p>\n<p>O evento teve in\u00edcio no \u00faltimo s\u00e1bado (23\/01), com o painel global de abertura intitulado &#8220;Qual o mundo que queremos hoje e amanh\u00e3? \u2013 N\u00e3o \u00e9 o mundo de Davos!&#8221;, e contou com a participa\u00e7\u00e3o de l\u00edderes mundiais que lutam contra a desigualdade e em defesa dos direitos humanos. Por ser todo virtual, em raz\u00e3o da pandemia, a tradicional marcha de abertura deu lugar a exibi\u00e7\u00e3o de v\u00eddeos e depoimentos das lutas sociais do mundo em prol de justi\u00e7a social, econ\u00f4mica, democracia e bem viver.<\/p>\n<p>Entre grandes nomes, participam a escritora e ex-ministra do Mali Aminata Dramane Traor\u00e9; a ind\u00edgena hondurenha Miriam Miranda; o economista e um dos criadores da Internacional Progressista Yanis Varoufakis; o ambientalista indiano Ashish Kothari; e de Melike Yasar, do movimento das mulheres do Curdist\u00e3o. Tamb\u00e9m teve a participa\u00e7\u00e3o dos membros do Conselho Internacional do FSM, como Hamouda Soubhi, Rosy Zu\u00f1iga, Oded Grajew, Boaventura de Sousa Santos, Carminda Mc Lorin e de diversos representantes dos movimentos sociais pelo mundo. Para Aminata Traor\u00e9, \u00e9 urgente a necessidade de reeducar os olhares do mundo sobre os povos.<\/p>\n<p>Nesta edi\u00e7\u00e3o, o F\u00f3rum Social Mundial vai discutir sete eixos tem\u00e1ticos &#8211; Paz e Guerra; Justi\u00e7a Econ\u00f4mica; Educa\u00e7\u00e3o, Comunica\u00e7\u00e3o e Cultura; Feminismo, Sociedade e Diversidade; Povos Origin\u00e1rios e Ancestrais; Justi\u00e7a Social e Democracia; Clima, Ecologia e Meio Ambiente.<\/p>\n<p>No painel &#8220;Encontros e Converg\u00eancias para constru\u00e7\u00e3o da Frente Unificada pela Erradica\u00e7\u00e3o da Fome e por Soberania Alimentar no Brasil&#8221;, No dia 28\/01, das 17 \u00e0s 19h, um dos participantes \u00e9 Fabio Paes, representando o Servi\u00e7o Franciscano de Solidariedade (Sefras). A transmiss\u00e3o pode ser vista pelo canal YouTube: CampanhaGente\u00e9prabrilhar! No Facebook: @gente.prabrilhar<\/p>\n<p><strong>O V\u00cdRUS DA DESIGUALDADE<\/strong><\/p>\n<p>As 1.000 pessoas mais ricas do mundo recuperaram todas as perdas que tiveram durante a pandemia de covid-19 em apenas nove meses (entre fevereiro e novembro de 2020), enquanto os mais pobres do planeta v\u00e3o levar pelo menos 14 anos para conseguir repor as perdas devido ao impacto econ\u00f4mico da pandemia. \u00c9 o que revela o relat\u00f3rio &#8220;O V\u00edrus da Desigualdade&#8221;, lan\u00e7ado pela Oxfam na segunda-feira (25\/1) na abertura do F\u00f3rum Econ\u00f4mico Mundial realizado em Davos, na Su\u00ed\u00e7a.<\/p>\n<p>Em fevereiro de 2020, os mais ricos tinham 100% de suas fortunas. Em mar\u00e7o, essa riqueza caiu para 70,3%, voltando aos 100% em novembro. Para se ter uma ideia da velocidade dessa recupera\u00e7\u00e3o, os mais ricos do planeta levaram cinco anos para recuperarem o que perderam durante a crise financeira de 2008.<\/p>\n<p>Em todo o mundo, os bilion\u00e1rios acumularam US$ 3,9 trilh\u00f5es entre 18 de mar\u00e7o e 31 de dezembro de 2020 \u2013 a riqueza total deles hoje \u00e9 de US$ 11,95 trilh\u00f5es, o equivalente ao que os governos do G20 gastaram para enfrentar a pandemia. S\u00f3 os 10 maiores bilion\u00e1rios acumularam US$ 540 bilh\u00f5es nesse per\u00edodo.<\/p>\n<p>A pandemia da covid-19 tem o potencial de aumentar a desigualdade econ\u00f4mica em quase todos os pa\u00edses ao mesmo tempo, revela o relat\u00f3rio \u2013 algo que acontece pela primeira vez desde que as desigualdades come\u00e7aram a ser medidas h\u00e1 mais de 100 anos. O v\u00edrus matou mais de dois milh\u00f5es de pessoas pelo mundo e tirou emprego e renda de milh\u00f5es de pessoas, empurrando-as para a pobreza. Enquanto isso, os mais ricos \u2013 indiv\u00edduos e empresas \u2013 est\u00e3o prosperando como nunca. A crise provocada pela pandemia exp\u00f4s nossa fragilidade coletiva e a incapacidade da nossa economia profundamente desigual trabalhar para todos.<\/p>\n<p>No entanto, tamb\u00e9m nos mostrou a grande import\u00e2ncia da a\u00e7\u00e3o governamental para proteger nossa sa\u00fade e meios de subsist\u00eancia. Pol\u00edticas transformadoras que pareciam impens\u00e1veis antes da crise, de repente se mostraram poss\u00edveis. N\u00e3o pode haver retorno para onde est\u00e1vamos antes da pandemia. Em vez disso, a sociedade, cidad\u00e3os e cidad\u00e3s, empresas, governos e institui\u00e7\u00f5es devem agir com base na urg\u00eancia de criar um mundo mais igualit\u00e1rio e sustent\u00e1vel.<\/p>\n<p>\u201cA pandemia escancarou as desigualdades \u2013 no Brasil e no mundo. \u00c9 revoltante ver um pequeno grupo de privilegiados acumular tanto em meio a uma das piores crises globais j\u00e1 ocorridas na hist\u00f3ria\u201d, afirma Katia Maia, diretora executiva da Oxfam Brasil. \u201cEnquanto os super ricos lucram, os mais pobres perdem empregos e renda, ficando \u00e0 merc\u00ea da mis\u00e9ria e da fome.\u201d<\/p>\n<p>O relat\u00f3rio O V\u00edrus da Desigualdade detalha como o atual sistema econ\u00f4mico est\u00e1 permitindo que a elite dos super-ricos acumule riqueza em meio \u00e0 pior recess\u00e3o global desde a crise de 1929 (a Grande Depress\u00e3o) enquanto bilh\u00f5es de pessoas lutam para sobreviver.<\/p>\n","protected":false},"excerpt":{"rendered":"<p>F\u00f3rum Social Mundial<\/p>\n","protected":false},"author":3,"featured_media":230552,"comment_status":"open","ping_status":"open","sticky":false,"template":"","format":"standard","meta":[],"categories":[1],"tags":[228],"acf":[],"yoast_head":"<!-- This site is optimized with the Yoast SEO plugin v19.2 - https:\/\/yoast.com\/wordpress\/plugins\/seo\/ -->\n<title>Sefras est\u00e1 no F\u00f3rum Social Mundial para falar da fome - Not\u00edcias - Franciscanos<\/title>\n<meta name=\"robots\" content=\"index, follow, max-snippet:-1, max-image-preview:large, max-video-preview:-1\" \/>\n<link rel=\"canonical\" href=\"https:\/\/franciscanos.org.br\/noticias\/sefras-esta-no-forum-social-mundial-para-falar-da-fome.html\" \/>\n<meta property=\"og:locale\" content=\"pt_BR\" \/>\n<meta property=\"og:type\" content=\"article\" \/>\n<meta property=\"og:title\" content=\"Sefras est\u00e1 no F\u00f3rum Social Mundial para falar da fome - Not\u00edcias - Franciscanos\" \/>\n<meta property=\"og:description\" content=\"F\u00f3rum Social Mundial\" \/>\n<meta property=\"og:url\" content=\"https:\/\/franciscanos.org.br\/noticias\/sefras-esta-no-forum-social-mundial-para-falar-da-fome.html\" \/>\n<meta property=\"og:site_name\" content=\"Not\u00edcias - Franciscanos\" \/>\n<meta property=\"article:published_time\" content=\"2021-01-26T18:12:46+00:00\" \/>\n<meta property=\"article:modified_time\" content=\"2021-01-26T18:17:08+00:00\" \/>\n<meta property=\"og:image\" content=\"https:\/\/franciscanos.org.br\/noticias\/wp-content\/uploads\/2021\/01\/sefras_26d.jpg\" \/>\n\t<meta property=\"og:image:width\" content=\"800\" \/>\n\t<meta property=\"og:image:height\" content=\"600\" \/>\n\t<meta property=\"og:image:type\" content=\"image\/jpeg\" \/>\n<meta name=\"author\" content=\"moacir\" \/>\n<meta name=\"twitter:card\" content=\"summary_large_image\" \/>\n<meta name=\"twitter:label1\" content=\"Escrito por\" \/>\n\t<meta name=\"twitter:data1\" content=\"moacir\" \/>\n\t<meta name=\"twitter:label2\" content=\"Est. tempo de leitura\" \/>\n\t<meta name=\"twitter:data2\" content=\"4 minutos\" \/>\n<script type=\"application\/ld+json\" class=\"yoast-schema-graph\">{\"@context\":\"https:\/\/schema.org\",\"@graph\":[{\"@type\":\"WebSite\",\"@id\":\"https:\/\/franciscanos.org.br\/noticias\/#website\",\"url\":\"https:\/\/franciscanos.org.br\/noticias\/\",\"name\":\"Not\u00edcias - Franciscanos\",\"description\":\"Prov\u00edncia Franciscana da Imaculada Concei\u00e7\u00e3o do Brasil - Ordem dos Frades Menores - OFM\",\"potentialAction\":[{\"@type\":\"SearchAction\",\"target\":{\"@type\":\"EntryPoint\",\"urlTemplate\":\"https:\/\/franciscanos.org.br\/noticias\/?s={search_term_string}\"},\"query-input\":\"required name=search_term_string\"}],\"inLanguage\":\"pt-BR\"},{\"@type\":\"ImageObject\",\"inLanguage\":\"pt-BR\",\"@id\":\"https:\/\/franciscanos.org.br\/noticias\/sefras-esta-no-forum-social-mundial-para-falar-da-fome.html#primaryimage\",\"url\":\"https:\/\/franciscanos.org.br\/noticias\/wp-content\/uploads\/2021\/01\/sefras_26d.jpg\",\"contentUrl\":\"https:\/\/franciscanos.org.br\/noticias\/wp-content\/uploads\/2021\/01\/sefras_26d.jpg\",\"width\":800,\"height\":600},{\"@type\":\"WebPage\",\"@id\":\"https:\/\/franciscanos.org.br\/noticias\/sefras-esta-no-forum-social-mundial-para-falar-da-fome.html#webpage\",\"url\":\"https:\/\/franciscanos.org.br\/noticias\/sefras-esta-no-forum-social-mundial-para-falar-da-fome.html\",\"name\":\"Sefras est\u00e1 no F\u00f3rum Social Mundial para falar da fome - Not\u00edcias - Franciscanos\",\"isPartOf\":{\"@id\":\"https:\/\/franciscanos.org.br\/noticias\/#website\"},\"primaryImageOfPage\":{\"@id\":\"https:\/\/franciscanos.org.br\/noticias\/sefras-esta-no-forum-social-mundial-para-falar-da-fome.html#primaryimage\"},\"datePublished\":\"2021-01-26T18:12:46+00:00\",\"dateModified\":\"2021-01-26T18:17:08+00:00\",\"author\":{\"@id\":\"https:\/\/franciscanos.org.br\/noticias\/#\/schema\/person\/b5c8cba458c330ccff548b056e95a5d4\"},\"breadcrumb\":{\"@id\":\"https:\/\/franciscanos.org.br\/noticias\/sefras-esta-no-forum-social-mundial-para-falar-da-fome.html#breadcrumb\"},\"inLanguage\":\"pt-BR\",\"potentialAction\":[{\"@type\":\"ReadAction\",\"target\":[\"https:\/\/franciscanos.org.br\/noticias\/sefras-esta-no-forum-social-mundial-para-falar-da-fome.html\"]}]},{\"@type\":\"BreadcrumbList\",\"@id\":\"https:\/\/franciscanos.org.br\/noticias\/sefras-esta-no-forum-social-mundial-para-falar-da-fome.html#breadcrumb\",\"itemListElement\":[{\"@type\":\"ListItem\",\"position\":1,\"name\":\"Home\",\"item\":\"https:\/\/franciscanos.org.br\/noticias\"},{\"@type\":\"ListItem\",\"position\":2,\"name\":\"Sefras est\u00e1 no F\u00f3rum Social Mundial para falar da fome\"}]},{\"@type\":\"Person\",\"@id\":\"https:\/\/franciscanos.org.br\/noticias\/#\/schema\/person\/b5c8cba458c330ccff548b056e95a5d4\",\"name\":\"moacir\",\"image\":{\"@type\":\"ImageObject\",\"inLanguage\":\"pt-BR\",\"@id\":\"https:\/\/franciscanos.org.br\/noticias\/#\/schema\/person\/image\/\",\"url\":\"https:\/\/secure.gravatar.com\/avatar\/d08aa2ce4c8dd416d4479aa8536fcf64?s=96&d=mm&r=g\",\"contentUrl\":\"https:\/\/secure.gravatar.com\/avatar\/d08aa2ce4c8dd416d4479aa8536fcf64?s=96&d=mm&r=g\",\"caption\":\"moacir\"},\"url\":\"https:\/\/franciscanos.org.br\/noticias\/author\/moacir\"}]}<\/script>\n<!-- \/ Yoast SEO plugin. -->","yoast_head_json":{"title":"Sefras est\u00e1 no F\u00f3rum Social Mundial para falar da fome - Not\u00edcias - Franciscanos","robots":{"index":"index","follow":"follow","max-snippet":"max-snippet:-1","max-image-preview":"max-image-preview:large","max-video-preview":"max-video-preview:-1"},"canonical":"https:\/\/franciscanos.org.br\/noticias\/sefras-esta-no-forum-social-mundial-para-falar-da-fome.html","og_locale":"pt_BR","og_type":"article","og_title":"Sefras est\u00e1 no F\u00f3rum Social Mundial para falar da fome - Not\u00edcias - Franciscanos","og_description":"F\u00f3rum Social Mundial","og_url":"https:\/\/franciscanos.org.br\/noticias\/sefras-esta-no-forum-social-mundial-para-falar-da-fome.html","og_site_name":"Not\u00edcias - Franciscanos","article_published_time":"2021-01-26T18:12:46+00:00","article_modified_time":"2021-01-26T18:17:08+00:00","og_image":[{"width":800,"height":600,"url":"https:\/\/franciscanos.org.br\/noticias\/wp-content\/uploads\/2021\/01\/sefras_26d.jpg","type":"image\/jpeg"}],"author":"moacir","twitter_card":"summary_large_image","twitter_misc":{"Escrito por":"moacir","Est. tempo de leitura":"4 minutos"},"schema":{"@context":"https:\/\/schema.org","@graph":[{"@type":"WebSite","@id":"https:\/\/franciscanos.org.br\/noticias\/#website","url":"https:\/\/franciscanos.org.br\/noticias\/","name":"Not\u00edcias - Franciscanos","description":"Prov\u00edncia Franciscana da Imaculada Concei\u00e7\u00e3o do Brasil - Ordem dos Frades Menores - OFM","potentialAction":[{"@type":"SearchAction","target":{"@type":"EntryPoint","urlTemplate":"https:\/\/franciscanos.org.br\/noticias\/?s={search_term_string}"},"query-input":"required name=search_term_string"}],"inLanguage":"pt-BR"},{"@type":"ImageObject","inLanguage":"pt-BR","@id":"https:\/\/franciscanos.org.br\/noticias\/sefras-esta-no-forum-social-mundial-para-falar-da-fome.html#primaryimage","url":"https:\/\/franciscanos.org.br\/noticias\/wp-content\/uploads\/2021\/01\/sefras_26d.jpg","contentUrl":"https:\/\/franciscanos.org.br\/noticias\/wp-content\/uploads\/2021\/01\/sefras_26d.jpg","width":800,"height":600},{"@type":"WebPage","@id":"https:\/\/franciscanos.org.br\/noticias\/sefras-esta-no-forum-social-mundial-para-falar-da-fome.html#webpage","url":"https:\/\/franciscanos.org.br\/noticias\/sefras-esta-no-forum-social-mundial-para-falar-da-fome.html","name":"Sefras est\u00e1 no F\u00f3rum Social Mundial para falar da fome - Not\u00edcias - Franciscanos","isPartOf":{"@id":"https:\/\/franciscanos.org.br\/noticias\/#website"},"primaryImageOfPage":{"@id":"https:\/\/franciscanos.org.br\/noticias\/sefras-esta-no-forum-social-mundial-para-falar-da-fome.html#primaryimage"},"datePublished":"2021-01-26T18:12:46+00:00","dateModified":"2021-01-26T18:17:08+00:00","author":{"@id":"https:\/\/franciscanos.org.br\/noticias\/#\/schema\/person\/b5c8cba458c330ccff548b056e95a5d4"},"breadcrumb":{"@id":"https:\/\/franciscanos.org.br\/noticias\/sefras-esta-no-forum-social-mundial-para-falar-da-fome.html#breadcrumb"},"inLanguage":"pt-BR","potentialAction":[{"@type":"ReadAction","target":["https:\/\/franciscanos.org.br\/noticias\/sefras-esta-no-forum-social-mundial-para-falar-da-fome.html"]}]},{"@type":"BreadcrumbList","@id":"https:\/\/franciscanos.org.br\/noticias\/sefras-esta-no-forum-social-mundial-para-falar-da-fome.html#breadcrumb","itemListElement":[{"@type":"ListItem","position":1,"name":"Home","item":"https:\/\/franciscanos.org.br\/noticias"},{"@type":"ListItem","position":2,"name":"Sefras est\u00e1 no F\u00f3rum Social Mundial para falar da fome"}]},{"@type":"Person","@id":"https:\/\/franciscanos.org.br\/noticias\/#\/schema\/person\/b5c8cba458c330ccff548b056e95a5d4","name":"moacir","image":{"@type":"ImageObject","inLanguage":"pt-BR","@id":"https:\/\/franciscanos.org.br\/noticias\/#\/schema\/person\/image\/","url":"https:\/\/secure.gravatar.com\/avatar\/d08aa2ce4c8dd416d4479aa8536fcf64?s=96&d=mm&r=g","contentUrl":"https:\/\/secure.gravatar.com\/avatar\/d08aa2ce4c8dd416d4479aa8536fcf64?s=96&d=mm&r=g","caption":"moacir"},"url":"https:\/\/franciscanos.org.br\/noticias\/author\/moacir"}]}},"_links":{"self":[{"href":"https:\/\/franciscanos.org.br\/noticias\/wp-json\/wp\/v2\/posts\/230550"}],"collection":[{"href":"https:\/\/franciscanos.org.br\/noticias\/wp-json\/wp\/v2\/posts"}],"about":[{"href":"https:\/\/franciscanos.org.br\/noticias\/wp-json\/wp\/v2\/types\/post"}],"author":[{"embeddable":true,"href":"https:\/\/franciscanos.org.br\/noticias\/wp-json\/wp\/v2\/users\/3"}],"replies":[{"embeddable":true,"href":"https:\/\/franciscanos.org.br\/noticias\/wp-json\/wp\/v2\/comments?post=230550"}],"version-history":[{"count":3,"href":"https:\/\/franciscanos.org.br\/noticias\/wp-json\/wp\/v2\/posts\/230550\/revisions"}],"predecessor-version":[{"id":230555,"href":"https:\/\/franciscanos.org.br\/noticias\/wp-json\/wp\/v2\/posts\/230550\/revisions\/230555"}],"wp:featuredmedia":[{"embeddable":true,"href":"https:\/\/franciscanos.org.br\/noticias\/wp-json\/wp\/v2\/media\/230552"}],"wp:attachment":[{"href":"https:\/\/franciscanos.org.br\/noticias\/wp-json\/wp\/v2\/media?parent=230550"}],"wp:term":[{"taxonomy":"category","embeddable":true,"href":"https:\/\/franciscanos.org.br\/noticias\/wp-json\/wp\/v2\/categories?post=230550"},{"taxonomy":"post_tag","embeddable":true,"href":"https:\/\/franciscanos.org.br\/noticias\/wp-json\/wp\/v2\/tags?post=230550"}],"curies":[{"name":"wp","href":"https:\/\/api.w.org\/{rel}","templated":true}]}}