{"id":230544,"date":"2021-01-26T08:08:49","date_gmt":"2021-01-26T11:08:49","guid":{"rendered":"https:\/\/franciscanos.org.br\/noticias\/?p=230544"},"modified":"2021-01-26T08:09:13","modified_gmt":"2021-01-26T11:09:13","slug":"a-chegada-de-um-deus-selvagem-entre-os-lancamentos-vozes","status":"publish","type":"post","link":"https:\/\/franciscanos.org.br\/noticias\/a-chegada-de-um-deus-selvagem-entre-os-lancamentos-vozes.html","title":{"rendered":"\u201cA chegada de um Deus selvagem\u201d, entre os lan\u00e7amentos Vozes"},"content":{"rendered":"<p><strong> <img loading=\"lazy\" class=\"alignnone wp-image-230545 size-full\" src=\"https:\/\/franciscanos.org.br\/noticias\/wp-content\/uploads\/2021\/01\/vozes_02.png\" alt=\"\" width=\"1080\" height=\"591\" srcset=\"https:\/\/franciscanos.org.br\/noticias\/wp-content\/uploads\/2021\/01\/vozes_02.png 1080w, https:\/\/franciscanos.org.br\/noticias\/wp-content\/uploads\/2021\/01\/vozes_02-450x246.png 450w, https:\/\/franciscanos.org.br\/noticias\/wp-content\/uploads\/2021\/01\/vozes_02-1024x560.png 1024w, https:\/\/franciscanos.org.br\/noticias\/wp-content\/uploads\/2021\/01\/vozes_02-768x420.png 768w, https:\/\/franciscanos.org.br\/noticias\/wp-content\/uploads\/2021\/01\/vozes_02-150x82.png 150w\" sizes=\"(max-width: 1080px) 100vw, 1080px\" \/><\/strong><strong>\u00a0<\/strong><\/p>\n<p>Deus chega de improviso. E quando aparece, mexe com certezas e in\u00e9rcias. Como esse lobo selvagem que, introduzido em um novo habitat, o transforma. Imagens como esta permitem a Jaime Tatay oferecer um percurso sugestivo, profundo e agrad\u00e1vel pelos elementos centrais da f\u00e9 crist\u00e3.<\/p>\n<p>Agrupados em seis grandes blocos (Deus, Jesus, Seguimento, Comunidade, Dificuldades e Discernimento), cada um dos olhares que formam este livro combina a perspectiva da f\u00e9 e o frescor de quem se move com familiaridade no mundo contempor\u00e2neo \u2013 com in\u00fameras cita\u00e7\u00f5es liter\u00e1rias, cinematogr\u00e1ficas e refer\u00eancias \u00e0 atualidade. Uma proposta que permite olhar a realidade com os olhos da f\u00e9 e compreender a f\u00e9 como profundamente enraizada nas viv\u00eancias cotidianas dos homens e das mulheres de hoje.<\/p>\n<p>As reflex\u00f5es recolhidas nesta obra tentam ajudar nesse processo de atualiza\u00e7\u00e3o. De uma forma fragment\u00e1ria, cada reflex\u00e3o foca em um aspecto ou uma dimens\u00e3o da f\u00e9 crist\u00e3, iluminando-a com um exemplo ou uma hist\u00f3ria. Inspiradas na B\u00edblia, na experi\u00eancia de muitos fi\u00e9is ou anedotas da vida cotidiana, pretendem estimular a imagina\u00e7\u00e3o da f\u00e9 e ajudar a expressar com palavras novas as mesmas convic\u00e7\u00f5es que, durante gera\u00e7\u00f5es, foram centrais para a comunidade crist\u00e3.<\/p>\n<p>Nas duas primeiras partes, meditando sobre <em>Deus <\/em>e sobre <em>Jesus <\/em>se foca primeiro no modo como os crist\u00e3os imaginam Deus-Trindade: uma comunh\u00e3o de pessoas que envia Jesus entre n\u00f3s. \u00c9 um Deus que irrompe no mundo, perturbando a ordem religiosa e social, renovando e dando um novo sentido. Mas \u00e9 Jesus \u2013 o rosto mais pr\u00f3ximo e familiar de Deus \u2013 quem mostra um modo plano de estar no mundo. E o faz \u00e0 sua maneira, com seu estilo particular de responder, de inspirar e de utilizar o poder.<\/p>\n<p>Na terceira e quarta partes, intituladas <em>Seguimento <\/em>e <em>Comunidade, <\/em>a reflex\u00e3o se torna mais pessoal, passando de Deus e Jesus para cada um de n\u00f3s e, a partir da\u00ed, para a comunidade de fi\u00e9is, a Igreja. Esse conjunto de medita\u00e7\u00f5es \u00e9 um convite para se conscientizar da radicalidade da op\u00e7\u00e3o crist\u00e3, da centralidade do perd\u00e3o para todo fiel e das implica\u00e7\u00f5es de construir nossa vida sobre a rocha firme da f\u00e9.<\/p>\n<p><em>\u00a0<\/em>Na quinta e na sexta partes, as medita\u00e7\u00f5es enfrentam a realidade confusa de nossos desejos, com nossos olhares pobres e com as v\u00e1rias armadilhas que dificultam o amadurecimento espiritual. Contudo, apesar das debilidades, d\u00favidas e tenta\u00e7\u00f5es que nos afligem ao longo do caminho, s\u00e3o muitas tamb\u00e9m as ferramentas espirituais que temos \u00e0 nossa disposi\u00e7\u00e3o para auscultar nossa vida, identificar nossos limites e escolher bem.<\/p>\n<p><strong>Jesus a Enciclop\u00e9dia<\/strong><\/p>\n<p><img loading=\"lazy\" class=\"size-medium wp-image-230546 alignleft\" src=\"https:\/\/franciscanos.org.br\/noticias\/wp-content\/uploads\/2021\/01\/vozes_03-316x450.png\" alt=\"\" width=\"316\" height=\"450\" srcset=\"https:\/\/franciscanos.org.br\/noticias\/wp-content\/uploads\/2021\/01\/vozes_03-316x450.png 316w, https:\/\/franciscanos.org.br\/noticias\/wp-content\/uploads\/2021\/01\/vozes_03-150x214.png 150w, https:\/\/franciscanos.org.br\/noticias\/wp-content\/uploads\/2021\/01\/vozes_03.png 403w\" sizes=\"(max-width: 316px) 100vw, 316px\" \/>Esta obra, dirigida por Joseph Dor\u00e9, tem como objetivo demonstrar o papel que a figura de Jesus desempenha. O cristianismo faz com que esta figura apare\u00e7a como \u00fanico. De onde vem este Ser t\u00e3o marcante? Como compreender? Como explicar sua exist\u00eancia?<\/p>\n<p>A obra \u2018Jesus \u2013 a enciclop\u00e9dia\u2019 \u00a0foi dividida em partes, para desvendar quem foi Jesus, e entender sua import\u00e2ncia que atravessa gera\u00e7\u00f5es. Em um primeiro momento, o leitor entender\u00e1 o in\u00edcio de tudo, seu nascimento, seus 33 anos de vida e seus milagres. Em seguida, como conv\u00e9m, considera-se seu nascimento, sua inf\u00e2ncia e aquilo que se chama sua \u201cvida oculta\u201d na Galileia.<\/p>\n<p>Na segunda parte do livro, a vida p\u00fablica &#8211;\u00a0 suas curas, seu jeito misericordioso e justo, e \u00e0queles que se opuseram \u00e0 quem era. A identidade de quem era e seu relacionamento com Deus.<\/p>\n<p>Na terceira e \u00faltima parte, o leitor conhecer\u00e1 mais sobre os conflitos e perigos que enfrentou, as apari\u00e7\u00f5es de seus disc\u00edpulos, sua condena\u00e7\u00e3o e o modo como lidou com a morte, a crucifica\u00e7\u00e3o.<\/p>\n<p>A obra n\u00e3o pretende gerar uma investiga\u00e7\u00e3o sobre os vinte s\u00e9culos de cristianismo que nos conectam a Jesus, mas procura esclarecer o Novo Testamento, seguindo o relato de Lucas \u2013 que cobre a trajet\u00f3ria de Jesus e, o evangelho de Jo\u00e3o.<\/p>\n","protected":false},"excerpt":{"rendered":"<p>Editora Vozes<\/p>\n","protected":false},"author":3,"featured_media":230547,"comment_status":"open","ping_status":"open","sticky":false,"template":"","format":"standard","meta":[],"categories":[1],"tags":[238],"acf":[],"yoast_head":"<!-- This site is optimized with the Yoast SEO plugin v19.2 - https:\/\/yoast.com\/wordpress\/plugins\/seo\/ -->\n<title>\u201cA chegada de um Deus selvagem\u201d, entre os lan\u00e7amentos Vozes - Not\u00edcias - Franciscanos<\/title>\n<meta name=\"robots\" content=\"index, follow, max-snippet:-1, max-image-preview:large, max-video-preview:-1\" \/>\n<link rel=\"canonical\" href=\"https:\/\/franciscanos.org.br\/noticias\/a-chegada-de-um-deus-selvagem-entre-os-lancamentos-vozes.html\" \/>\n<meta property=\"og:locale\" content=\"pt_BR\" \/>\n<meta property=\"og:type\" content=\"article\" \/>\n<meta property=\"og:title\" content=\"\u201cA chegada de um Deus selvagem\u201d, entre os lan\u00e7amentos Vozes - Not\u00edcias - Franciscanos\" \/>\n<meta property=\"og:description\" content=\"Editora Vozes\" \/>\n<meta property=\"og:url\" content=\"https:\/\/franciscanos.org.br\/noticias\/a-chegada-de-um-deus-selvagem-entre-os-lancamentos-vozes.html\" \/>\n<meta property=\"og:site_name\" content=\"Not\u00edcias - Franciscanos\" \/>\n<meta property=\"article:published_time\" content=\"2021-01-26T11:08:49+00:00\" \/>\n<meta property=\"article:modified_time\" content=\"2021-01-26T11:09:13+00:00\" \/>\n<meta property=\"og:image\" content=\"https:\/\/franciscanos.org.br\/noticias\/wp-content\/uploads\/2021\/01\/vozes_d.png\" \/>\n\t<meta property=\"og:image:width\" content=\"800\" \/>\n\t<meta property=\"og:image:height\" content=\"600\" \/>\n\t<meta property=\"og:image:type\" content=\"image\/png\" \/>\n<meta name=\"author\" content=\"moacir\" \/>\n<meta name=\"twitter:card\" content=\"summary_large_image\" \/>\n<meta name=\"twitter:label1\" content=\"Escrito por\" \/>\n\t<meta name=\"twitter:data1\" content=\"moacir\" \/>\n\t<meta name=\"twitter:label2\" content=\"Est. tempo de leitura\" \/>\n\t<meta name=\"twitter:data2\" content=\"3 minutos\" \/>\n<script type=\"application\/ld+json\" class=\"yoast-schema-graph\">{\"@context\":\"https:\/\/schema.org\",\"@graph\":[{\"@type\":\"WebSite\",\"@id\":\"https:\/\/franciscanos.org.br\/noticias\/#website\",\"url\":\"https:\/\/franciscanos.org.br\/noticias\/\",\"name\":\"Not\u00edcias - Franciscanos\",\"description\":\"Prov\u00edncia Franciscana da Imaculada Concei\u00e7\u00e3o do Brasil - Ordem dos Frades Menores - OFM\",\"potentialAction\":[{\"@type\":\"SearchAction\",\"target\":{\"@type\":\"EntryPoint\",\"urlTemplate\":\"https:\/\/franciscanos.org.br\/noticias\/?s={search_term_string}\"},\"query-input\":\"required name=search_term_string\"}],\"inLanguage\":\"pt-BR\"},{\"@type\":\"ImageObject\",\"inLanguage\":\"pt-BR\",\"@id\":\"https:\/\/franciscanos.org.br\/noticias\/a-chegada-de-um-deus-selvagem-entre-os-lancamentos-vozes.html#primaryimage\",\"url\":\"https:\/\/franciscanos.org.br\/noticias\/wp-content\/uploads\/2021\/01\/vozes_d.png\",\"contentUrl\":\"https:\/\/franciscanos.org.br\/noticias\/wp-content\/uploads\/2021\/01\/vozes_d.png\",\"width\":800,\"height\":600},{\"@type\":\"WebPage\",\"@id\":\"https:\/\/franciscanos.org.br\/noticias\/a-chegada-de-um-deus-selvagem-entre-os-lancamentos-vozes.html#webpage\",\"url\":\"https:\/\/franciscanos.org.br\/noticias\/a-chegada-de-um-deus-selvagem-entre-os-lancamentos-vozes.html\",\"name\":\"\u201cA chegada de um Deus selvagem\u201d, entre os lan\u00e7amentos Vozes - Not\u00edcias - Franciscanos\",\"isPartOf\":{\"@id\":\"https:\/\/franciscanos.org.br\/noticias\/#website\"},\"primaryImageOfPage\":{\"@id\":\"https:\/\/franciscanos.org.br\/noticias\/a-chegada-de-um-deus-selvagem-entre-os-lancamentos-vozes.html#primaryimage\"},\"datePublished\":\"2021-01-26T11:08:49+00:00\",\"dateModified\":\"2021-01-26T11:09:13+00:00\",\"author\":{\"@id\":\"https:\/\/franciscanos.org.br\/noticias\/#\/schema\/person\/b5c8cba458c330ccff548b056e95a5d4\"},\"breadcrumb\":{\"@id\":\"https:\/\/franciscanos.org.br\/noticias\/a-chegada-de-um-deus-selvagem-entre-os-lancamentos-vozes.html#breadcrumb\"},\"inLanguage\":\"pt-BR\",\"potentialAction\":[{\"@type\":\"ReadAction\",\"target\":[\"https:\/\/franciscanos.org.br\/noticias\/a-chegada-de-um-deus-selvagem-entre-os-lancamentos-vozes.html\"]}]},{\"@type\":\"BreadcrumbList\",\"@id\":\"https:\/\/franciscanos.org.br\/noticias\/a-chegada-de-um-deus-selvagem-entre-os-lancamentos-vozes.html#breadcrumb\",\"itemListElement\":[{\"@type\":\"ListItem\",\"position\":1,\"name\":\"Home\",\"item\":\"https:\/\/franciscanos.org.br\/noticias\"},{\"@type\":\"ListItem\",\"position\":2,\"name\":\"\u201cA chegada de um Deus selvagem\u201d, entre os lan\u00e7amentos Vozes\"}]},{\"@type\":\"Person\",\"@id\":\"https:\/\/franciscanos.org.br\/noticias\/#\/schema\/person\/b5c8cba458c330ccff548b056e95a5d4\",\"name\":\"moacir\",\"image\":{\"@type\":\"ImageObject\",\"inLanguage\":\"pt-BR\",\"@id\":\"https:\/\/franciscanos.org.br\/noticias\/#\/schema\/person\/image\/\",\"url\":\"https:\/\/secure.gravatar.com\/avatar\/d08aa2ce4c8dd416d4479aa8536fcf64?s=96&d=mm&r=g\",\"contentUrl\":\"https:\/\/secure.gravatar.com\/avatar\/d08aa2ce4c8dd416d4479aa8536fcf64?s=96&d=mm&r=g\",\"caption\":\"moacir\"},\"url\":\"https:\/\/franciscanos.org.br\/noticias\/author\/moacir\"}]}<\/script>\n<!-- \/ Yoast SEO plugin. -->","yoast_head_json":{"title":"\u201cA chegada de um Deus selvagem\u201d, entre os lan\u00e7amentos Vozes - Not\u00edcias - Franciscanos","robots":{"index":"index","follow":"follow","max-snippet":"max-snippet:-1","max-image-preview":"max-image-preview:large","max-video-preview":"max-video-preview:-1"},"canonical":"https:\/\/franciscanos.org.br\/noticias\/a-chegada-de-um-deus-selvagem-entre-os-lancamentos-vozes.html","og_locale":"pt_BR","og_type":"article","og_title":"\u201cA chegada de um Deus selvagem\u201d, entre os lan\u00e7amentos Vozes - Not\u00edcias - Franciscanos","og_description":"Editora Vozes","og_url":"https:\/\/franciscanos.org.br\/noticias\/a-chegada-de-um-deus-selvagem-entre-os-lancamentos-vozes.html","og_site_name":"Not\u00edcias - Franciscanos","article_published_time":"2021-01-26T11:08:49+00:00","article_modified_time":"2021-01-26T11:09:13+00:00","og_image":[{"width":800,"height":600,"url":"https:\/\/franciscanos.org.br\/noticias\/wp-content\/uploads\/2021\/01\/vozes_d.png","type":"image\/png"}],"author":"moacir","twitter_card":"summary_large_image","twitter_misc":{"Escrito por":"moacir","Est. tempo de leitura":"3 minutos"},"schema":{"@context":"https:\/\/schema.org","@graph":[{"@type":"WebSite","@id":"https:\/\/franciscanos.org.br\/noticias\/#website","url":"https:\/\/franciscanos.org.br\/noticias\/","name":"Not\u00edcias - Franciscanos","description":"Prov\u00edncia Franciscana da Imaculada Concei\u00e7\u00e3o do Brasil - Ordem dos Frades Menores - OFM","potentialAction":[{"@type":"SearchAction","target":{"@type":"EntryPoint","urlTemplate":"https:\/\/franciscanos.org.br\/noticias\/?s={search_term_string}"},"query-input":"required name=search_term_string"}],"inLanguage":"pt-BR"},{"@type":"ImageObject","inLanguage":"pt-BR","@id":"https:\/\/franciscanos.org.br\/noticias\/a-chegada-de-um-deus-selvagem-entre-os-lancamentos-vozes.html#primaryimage","url":"https:\/\/franciscanos.org.br\/noticias\/wp-content\/uploads\/2021\/01\/vozes_d.png","contentUrl":"https:\/\/franciscanos.org.br\/noticias\/wp-content\/uploads\/2021\/01\/vozes_d.png","width":800,"height":600},{"@type":"WebPage","@id":"https:\/\/franciscanos.org.br\/noticias\/a-chegada-de-um-deus-selvagem-entre-os-lancamentos-vozes.html#webpage","url":"https:\/\/franciscanos.org.br\/noticias\/a-chegada-de-um-deus-selvagem-entre-os-lancamentos-vozes.html","name":"\u201cA chegada de um Deus selvagem\u201d, entre os lan\u00e7amentos Vozes - Not\u00edcias - Franciscanos","isPartOf":{"@id":"https:\/\/franciscanos.org.br\/noticias\/#website"},"primaryImageOfPage":{"@id":"https:\/\/franciscanos.org.br\/noticias\/a-chegada-de-um-deus-selvagem-entre-os-lancamentos-vozes.html#primaryimage"},"datePublished":"2021-01-26T11:08:49+00:00","dateModified":"2021-01-26T11:09:13+00:00","author":{"@id":"https:\/\/franciscanos.org.br\/noticias\/#\/schema\/person\/b5c8cba458c330ccff548b056e95a5d4"},"breadcrumb":{"@id":"https:\/\/franciscanos.org.br\/noticias\/a-chegada-de-um-deus-selvagem-entre-os-lancamentos-vozes.html#breadcrumb"},"inLanguage":"pt-BR","potentialAction":[{"@type":"ReadAction","target":["https:\/\/franciscanos.org.br\/noticias\/a-chegada-de-um-deus-selvagem-entre-os-lancamentos-vozes.html"]}]},{"@type":"BreadcrumbList","@id":"https:\/\/franciscanos.org.br\/noticias\/a-chegada-de-um-deus-selvagem-entre-os-lancamentos-vozes.html#breadcrumb","itemListElement":[{"@type":"ListItem","position":1,"name":"Home","item":"https:\/\/franciscanos.org.br\/noticias"},{"@type":"ListItem","position":2,"name":"\u201cA chegada de um Deus selvagem\u201d, entre os lan\u00e7amentos Vozes"}]},{"@type":"Person","@id":"https:\/\/franciscanos.org.br\/noticias\/#\/schema\/person\/b5c8cba458c330ccff548b056e95a5d4","name":"moacir","image":{"@type":"ImageObject","inLanguage":"pt-BR","@id":"https:\/\/franciscanos.org.br\/noticias\/#\/schema\/person\/image\/","url":"https:\/\/secure.gravatar.com\/avatar\/d08aa2ce4c8dd416d4479aa8536fcf64?s=96&d=mm&r=g","contentUrl":"https:\/\/secure.gravatar.com\/avatar\/d08aa2ce4c8dd416d4479aa8536fcf64?s=96&d=mm&r=g","caption":"moacir"},"url":"https:\/\/franciscanos.org.br\/noticias\/author\/moacir"}]}},"_links":{"self":[{"href":"https:\/\/franciscanos.org.br\/noticias\/wp-json\/wp\/v2\/posts\/230544"}],"collection":[{"href":"https:\/\/franciscanos.org.br\/noticias\/wp-json\/wp\/v2\/posts"}],"about":[{"href":"https:\/\/franciscanos.org.br\/noticias\/wp-json\/wp\/v2\/types\/post"}],"author":[{"embeddable":true,"href":"https:\/\/franciscanos.org.br\/noticias\/wp-json\/wp\/v2\/users\/3"}],"replies":[{"embeddable":true,"href":"https:\/\/franciscanos.org.br\/noticias\/wp-json\/wp\/v2\/comments?post=230544"}],"version-history":[{"count":2,"href":"https:\/\/franciscanos.org.br\/noticias\/wp-json\/wp\/v2\/posts\/230544\/revisions"}],"predecessor-version":[{"id":230549,"href":"https:\/\/franciscanos.org.br\/noticias\/wp-json\/wp\/v2\/posts\/230544\/revisions\/230549"}],"wp:featuredmedia":[{"embeddable":true,"href":"https:\/\/franciscanos.org.br\/noticias\/wp-json\/wp\/v2\/media\/230547"}],"wp:attachment":[{"href":"https:\/\/franciscanos.org.br\/noticias\/wp-json\/wp\/v2\/media?parent=230544"}],"wp:term":[{"taxonomy":"category","embeddable":true,"href":"https:\/\/franciscanos.org.br\/noticias\/wp-json\/wp\/v2\/categories?post=230544"},{"taxonomy":"post_tag","embeddable":true,"href":"https:\/\/franciscanos.org.br\/noticias\/wp-json\/wp\/v2\/tags?post=230544"}],"curies":[{"name":"wp","href":"https:\/\/api.w.org\/{rel}","templated":true}]}}