{"id":230524,"date":"2021-01-22T07:58:09","date_gmt":"2021-01-22T10:58:09","guid":{"rendered":"https:\/\/franciscanos.org.br\/noticias\/?p=230524"},"modified":"2021-01-22T07:58:09","modified_gmt":"2021-01-22T10:58:09","slug":"ministro-provincial-celebra-jubileus-e-encerra-visita-canonica-em-angola","status":"publish","type":"post","link":"https:\/\/franciscanos.org.br\/noticias\/ministro-provincial-celebra-jubileus-e-encerra-visita-canonica-em-angola.html","title":{"rendered":"Ministro Provincial celebra jubileus e encerra Visita Can\u00f4nica em Angola"},"content":{"rendered":"<p><img loading=\"lazy\" class=\"alignnone size-full wp-image-230525\" src=\"https:\/\/franciscanos.org.br\/noticias\/wp-content\/uploads\/2021\/01\/angola_02.jpg\" alt=\"\" width=\"1280\" height=\"720\" srcset=\"https:\/\/franciscanos.org.br\/noticias\/wp-content\/uploads\/2021\/01\/angola_02.jpg 1280w, https:\/\/franciscanos.org.br\/noticias\/wp-content\/uploads\/2021\/01\/angola_02-450x253.jpg 450w, https:\/\/franciscanos.org.br\/noticias\/wp-content\/uploads\/2021\/01\/angola_02-1024x576.jpg 1024w, https:\/\/franciscanos.org.br\/noticias\/wp-content\/uploads\/2021\/01\/angola_02-768x432.jpg 768w, https:\/\/franciscanos.org.br\/noticias\/wp-content\/uploads\/2021\/01\/angola_02-150x84.jpg 150w\" sizes=\"(max-width: 1280px) 100vw, 1280px\" \/><\/p>\n<p><strong>Luanda (Angola)<\/strong> &#8211; O Mosteiro Sagrado Cora\u00e7\u00e3o de Jesus das Irm\u00e3s Clarissas de Luanda, em Angola, acolheu nesta quinta-feira, \u00e0s 17h30, a Missa de A\u00e7\u00e3o de Gra\u00e7as pelo jubileu de ordena\u00e7\u00e3o sacerdotal do Ministro Provincial, Frei C\u00e9sar K\u00fclkamp, e pelo jubileu de Frei Valdemiro Wastchuk, que n\u00e3o p\u00f4de celebrar o jubileu no \u00faltimo dia 10 de janeiro na Fraternidade de Quibala.<\/p>\n<p>A Missa marcou tamb\u00e9m o encerramento da Visita Can\u00f4nica do Ministro Provincial, que estava sendo realizada desde o dia 9 de janeiro na Funda\u00e7\u00e3o Imaculada M\u00e3e de Deus de Angola (FIMDA), onde Frei C\u00e9sar participou de atividades, como a Primeira Profiss\u00e3o de novi\u00e7os, acolhida dos novi\u00e7os deste ano, reuni\u00f5es com os frades de todas as Fraternidades, com os Conselhos Paroquiais e projetos sociais, com os bispos no territ\u00f3rio da FIMDA e as Irm\u00e3s Clarissas de Luanda e Malange.<\/p>\n<p>Estiveram presentes na Celebra\u00e7\u00e3o Eucar\u00edstica os frades da Fraternidade Nossa Senhora dos Anjos e da Fraternidade S\u00e3o Francisco de Assis, bem como alguns leigos que frequentam o mosteiro. Al\u00e9m do jubilando Frei Valdemiro, a Missa foi concelebrada pelo presidente da FIMDA, Frei Boaventura Zovo Baza, o Conselheiro Frei Jo\u00e3o Canjenjenga, o guardi\u00e3o Frei Jos\u00e9 Cambolo e o di\u00e1cono Frei M\u00e1rio Pelu.<\/p>\n<p><img loading=\"lazy\" class=\"alignnone size-full wp-image-230526\" src=\"https:\/\/franciscanos.org.br\/noticias\/wp-content\/uploads\/2021\/01\/angola_05.jpg\" alt=\"\" width=\"1106\" height=\"622\" srcset=\"https:\/\/franciscanos.org.br\/noticias\/wp-content\/uploads\/2021\/01\/angola_05.jpg 1106w, https:\/\/franciscanos.org.br\/noticias\/wp-content\/uploads\/2021\/01\/angola_05-450x253.jpg 450w, https:\/\/franciscanos.org.br\/noticias\/wp-content\/uploads\/2021\/01\/angola_05-1024x576.jpg 1024w, https:\/\/franciscanos.org.br\/noticias\/wp-content\/uploads\/2021\/01\/angola_05-768x432.jpg 768w, https:\/\/franciscanos.org.br\/noticias\/wp-content\/uploads\/2021\/01\/angola_05-150x84.jpg 150w\" sizes=\"(max-width: 1106px) 100vw, 1106px\" \/><\/p>\n<p>Ap\u00f3s o rito inicial, Frei Abel Ndala fez uma leitura da biografia de Frei C\u00e9sar, mostrando sua trajet\u00f3ria humana, acad\u00eamica e religiosa-franciscana.<\/p>\n<p>Na homilia, o presidente da celebra\u00e7\u00e3o disse que a palavra de Deus nos convida a olhar para o testemunho de Cristo, n\u00e3o apenas para sua palavra que atraiu as multid\u00f5es em todas as cidades. E levou os presentes a se questionarem: \u201cComo \u00e9 que ele, sendo Filho de Deus, esvaziou-se de toda gl\u00f3ria e de todo o poder, aniquilou-se, fez-se nada para se aproximar de n\u00f3s, para vir ao nosso encontro nos resgatar das trevas, da escurid\u00e3o e nos levar para a salva\u00e7\u00e3o?\u201d E acrescentou: \u201cEsse \u00e9 o modo de ser do nosso Deus\u201d.<\/p>\n<p>\u201cEsse Deus \u00e9 amor, veio morar entre n\u00f3s, aproximou-se de n\u00f3s, veio trazer o consolo da sua palavra, da sua presen\u00e7a, da sua liberta\u00e7\u00e3o e por isso tamb\u00e9m aquela multid\u00e3o percebia esses sinais de Jesus, o modo como ele transparecia uma autoridade n\u00e3o centrada no legalismo, na formalidade daquele tempo, mas daquilo que sa\u00eda direto do seu cora\u00e7\u00e3o e se transformava em palavra viva, palavra que salva, palavra que cura, palavra que tocava o seu cora\u00e7\u00e3o, o cora\u00e7\u00e3o daquelas pessoas. Por isso tamb\u00e9m elas iam ao seu encontro e queriam lhe tocar como que tocasse a pr\u00f3pria gra\u00e7a de Deus, compreendendo que ali estava algu\u00e9m que era mais do que um ser humano, mas o pr\u00f3prio Deus encarnado e por isso at\u00e9 mesmo os esp\u00edritos impuros proclamavam que Ele era o Filho de Deus. Mas ele n\u00e3o queria que lhe dissessem isso; ele queria que cada um descobrisse isso com os olhos da f\u00e9\u201d, disse.<\/p>\n<p><img loading=\"lazy\" class=\"alignnone size-full wp-image-230527\" src=\"https:\/\/franciscanos.org.br\/noticias\/wp-content\/uploads\/2021\/01\/angola_22.jpg\" alt=\"\" width=\"1280\" height=\"720\" srcset=\"https:\/\/franciscanos.org.br\/noticias\/wp-content\/uploads\/2021\/01\/angola_22.jpg 1280w, https:\/\/franciscanos.org.br\/noticias\/wp-content\/uploads\/2021\/01\/angola_22-450x253.jpg 450w, https:\/\/franciscanos.org.br\/noticias\/wp-content\/uploads\/2021\/01\/angola_22-1024x576.jpg 1024w, https:\/\/franciscanos.org.br\/noticias\/wp-content\/uploads\/2021\/01\/angola_22-768x432.jpg 768w, https:\/\/franciscanos.org.br\/noticias\/wp-content\/uploads\/2021\/01\/angola_22-150x84.jpg 150w\" sizes=\"(max-width: 1280px) 100vw, 1280px\" \/><\/p>\n<p>Dirigindo-se aos frades, Frei C\u00e9sar lembrou que a nossa voca\u00e7\u00e3o fundamental \u00e9 a voca\u00e7\u00e3o franciscana, que \u00e9 uma resposta \u00e0 vida crist\u00e3 e \u00e9 a partir dessa voca\u00e7\u00e3o que n\u00f3s assumimos os mais diferentes servi\u00e7os aos irm\u00e3os e \u00e0 pr\u00f3pria Igreja. \u201cA vida franciscana consiste na evangeliza\u00e7\u00e3o. Essa \u00e9 a raz\u00e3o de ser da nossa voca\u00e7\u00e3o. Evangeliza\u00e7\u00e3o na \u00f3tica franciscana \u00e9 deixar-se, em primeiro lugar, impregnar-se pelo Evangelho, tocar-se pelo Evangelho para que ele fale primeiramente atrav\u00e9s da nossa vida, da nossa unidade, da nossa fraternidade\u201d, disse.<\/p>\n<p><img loading=\"lazy\" class=\"alignnone size-full wp-image-230529\" src=\"https:\/\/franciscanos.org.br\/noticias\/wp-content\/uploads\/2021\/01\/angola_03.jpg\" alt=\"\" width=\"1280\" height=\"720\" srcset=\"https:\/\/franciscanos.org.br\/noticias\/wp-content\/uploads\/2021\/01\/angola_03.jpg 1280w, https:\/\/franciscanos.org.br\/noticias\/wp-content\/uploads\/2021\/01\/angola_03-450x253.jpg 450w, https:\/\/franciscanos.org.br\/noticias\/wp-content\/uploads\/2021\/01\/angola_03-1024x576.jpg 1024w, https:\/\/franciscanos.org.br\/noticias\/wp-content\/uploads\/2021\/01\/angola_03-768x432.jpg 768w, https:\/\/franciscanos.org.br\/noticias\/wp-content\/uploads\/2021\/01\/angola_03-150x84.jpg 150w\" sizes=\"(max-width: 1280px) 100vw, 1280px\" \/><\/p>\n<p>Quanto ao jubileu, disse que o importante \u00e9 que renovemos a cada dia a nossa profiss\u00e3o, a nossa consagra\u00e7\u00e3o, a nossa disposi\u00e7\u00e3o em servir e lavar os p\u00e9s uns dos outros. &#8220;Que Deus nos d\u00ea essa gra\u00e7a e que n\u00f3s possamos olhar para ele como nosso Sumo-Sacerdote, Aquele que nos constituiu para o servi\u00e7o e possamos imit\u00e1-Lo na nossa vida, transformando tudo isso na verdadeira e na aut\u00eantica evangeliza\u00e7\u00e3o\u201d, concluiu.<\/p>\n<p>No final da celebra\u00e7\u00e3o, Ir. Clara Luz, em nome do mosteiro, expressou o seu agradecimento a Frei C\u00e9sar e o felicitou pelo jubileu com algumas palavras de apre\u00e7o.<\/p>\n<hr \/>\n<p><em>Frei Abel Ndala Sahuma Nganji \u00a0e Frei Eduardo Camunha<\/em><\/p>\n<p><img loading=\"lazy\" class=\"alignnone size-full wp-image-230528\" src=\"https:\/\/franciscanos.org.br\/noticias\/wp-content\/uploads\/2021\/01\/angola_04.jpg\" alt=\"\" width=\"1063\" height=\"708\" srcset=\"https:\/\/franciscanos.org.br\/noticias\/wp-content\/uploads\/2021\/01\/angola_04.jpg 1063w, https:\/\/franciscanos.org.br\/noticias\/wp-content\/uploads\/2021\/01\/angola_04-450x300.jpg 450w, https:\/\/franciscanos.org.br\/noticias\/wp-content\/uploads\/2021\/01\/angola_04-1024x682.jpg 1024w, https:\/\/franciscanos.org.br\/noticias\/wp-content\/uploads\/2021\/01\/angola_04-768x512.jpg 768w, https:\/\/franciscanos.org.br\/noticias\/wp-content\/uploads\/2021\/01\/angola_04-150x100.jpg 150w\" sizes=\"(max-width: 1063px) 100vw, 1063px\" \/><\/p>\n","protected":false},"excerpt":{"rendered":"<p>Celebra\u00e7\u00e3o Eucar\u00edstica em Angola<\/p>\n","protected":false},"author":3,"featured_media":230530,"comment_status":"open","ping_status":"open","sticky":false,"template":"","format":"standard","meta":[],"categories":[1],"tags":[360],"acf":[],"yoast_head":"<!-- This site is optimized with the Yoast SEO plugin v19.2 - https:\/\/yoast.com\/wordpress\/plugins\/seo\/ -->\n<title>Ministro Provincial celebra jubileus e encerra Visita Can\u00f4nica em Angola - Not\u00edcias - Franciscanos<\/title>\n<meta name=\"robots\" content=\"index, follow, max-snippet:-1, max-image-preview:large, max-video-preview:-1\" \/>\n<link rel=\"canonical\" href=\"https:\/\/franciscanos.org.br\/noticias\/ministro-provincial-celebra-jubileus-e-encerra-visita-canonica-em-angola.html\" \/>\n<meta property=\"og:locale\" content=\"pt_BR\" \/>\n<meta property=\"og:type\" content=\"article\" \/>\n<meta property=\"og:title\" content=\"Ministro Provincial celebra jubileus e encerra Visita Can\u00f4nica em Angola - Not\u00edcias - Franciscanos\" \/>\n<meta property=\"og:description\" content=\"Celebra\u00e7\u00e3o Eucar\u00edstica em Angola\" \/>\n<meta property=\"og:url\" content=\"https:\/\/franciscanos.org.br\/noticias\/ministro-provincial-celebra-jubileus-e-encerra-visita-canonica-em-angola.html\" \/>\n<meta property=\"og:site_name\" content=\"Not\u00edcias - Franciscanos\" \/>\n<meta property=\"article:published_time\" content=\"2021-01-22T10:58:09+00:00\" \/>\n<meta property=\"og:image\" content=\"https:\/\/franciscanos.org.br\/noticias\/wp-content\/uploads\/2021\/01\/angola_02d.jpg\" \/>\n\t<meta property=\"og:image:width\" content=\"800\" \/>\n\t<meta property=\"og:image:height\" content=\"600\" \/>\n\t<meta property=\"og:image:type\" content=\"image\/jpeg\" \/>\n<meta name=\"author\" content=\"moacir\" \/>\n<meta name=\"twitter:card\" content=\"summary_large_image\" \/>\n<meta name=\"twitter:label1\" content=\"Escrito por\" \/>\n\t<meta name=\"twitter:data1\" content=\"moacir\" \/>\n\t<meta name=\"twitter:label2\" content=\"Est. tempo de leitura\" \/>\n\t<meta name=\"twitter:data2\" content=\"4 minutos\" \/>\n<script type=\"application\/ld+json\" class=\"yoast-schema-graph\">{\"@context\":\"https:\/\/schema.org\",\"@graph\":[{\"@type\":\"WebSite\",\"@id\":\"https:\/\/franciscanos.org.br\/noticias\/#website\",\"url\":\"https:\/\/franciscanos.org.br\/noticias\/\",\"name\":\"Not\u00edcias - Franciscanos\",\"description\":\"Prov\u00edncia Franciscana da Imaculada Concei\u00e7\u00e3o do Brasil - Ordem dos Frades Menores - OFM\",\"potentialAction\":[{\"@type\":\"SearchAction\",\"target\":{\"@type\":\"EntryPoint\",\"urlTemplate\":\"https:\/\/franciscanos.org.br\/noticias\/?s={search_term_string}\"},\"query-input\":\"required name=search_term_string\"}],\"inLanguage\":\"pt-BR\"},{\"@type\":\"ImageObject\",\"inLanguage\":\"pt-BR\",\"@id\":\"https:\/\/franciscanos.org.br\/noticias\/ministro-provincial-celebra-jubileus-e-encerra-visita-canonica-em-angola.html#primaryimage\",\"url\":\"https:\/\/franciscanos.org.br\/noticias\/wp-content\/uploads\/2021\/01\/angola_02d.jpg\",\"contentUrl\":\"https:\/\/franciscanos.org.br\/noticias\/wp-content\/uploads\/2021\/01\/angola_02d.jpg\",\"width\":800,\"height\":600},{\"@type\":\"WebPage\",\"@id\":\"https:\/\/franciscanos.org.br\/noticias\/ministro-provincial-celebra-jubileus-e-encerra-visita-canonica-em-angola.html#webpage\",\"url\":\"https:\/\/franciscanos.org.br\/noticias\/ministro-provincial-celebra-jubileus-e-encerra-visita-canonica-em-angola.html\",\"name\":\"Ministro Provincial celebra jubileus e encerra Visita Can\u00f4nica em Angola - Not\u00edcias - Franciscanos\",\"isPartOf\":{\"@id\":\"https:\/\/franciscanos.org.br\/noticias\/#website\"},\"primaryImageOfPage\":{\"@id\":\"https:\/\/franciscanos.org.br\/noticias\/ministro-provincial-celebra-jubileus-e-encerra-visita-canonica-em-angola.html#primaryimage\"},\"datePublished\":\"2021-01-22T10:58:09+00:00\",\"dateModified\":\"2021-01-22T10:58:09+00:00\",\"author\":{\"@id\":\"https:\/\/franciscanos.org.br\/noticias\/#\/schema\/person\/b5c8cba458c330ccff548b056e95a5d4\"},\"breadcrumb\":{\"@id\":\"https:\/\/franciscanos.org.br\/noticias\/ministro-provincial-celebra-jubileus-e-encerra-visita-canonica-em-angola.html#breadcrumb\"},\"inLanguage\":\"pt-BR\",\"potentialAction\":[{\"@type\":\"ReadAction\",\"target\":[\"https:\/\/franciscanos.org.br\/noticias\/ministro-provincial-celebra-jubileus-e-encerra-visita-canonica-em-angola.html\"]}]},{\"@type\":\"BreadcrumbList\",\"@id\":\"https:\/\/franciscanos.org.br\/noticias\/ministro-provincial-celebra-jubileus-e-encerra-visita-canonica-em-angola.html#breadcrumb\",\"itemListElement\":[{\"@type\":\"ListItem\",\"position\":1,\"name\":\"Home\",\"item\":\"https:\/\/franciscanos.org.br\/noticias\"},{\"@type\":\"ListItem\",\"position\":2,\"name\":\"Ministro Provincial celebra jubileus e encerra Visita Can\u00f4nica em Angola\"}]},{\"@type\":\"Person\",\"@id\":\"https:\/\/franciscanos.org.br\/noticias\/#\/schema\/person\/b5c8cba458c330ccff548b056e95a5d4\",\"name\":\"moacir\",\"image\":{\"@type\":\"ImageObject\",\"inLanguage\":\"pt-BR\",\"@id\":\"https:\/\/franciscanos.org.br\/noticias\/#\/schema\/person\/image\/\",\"url\":\"https:\/\/secure.gravatar.com\/avatar\/d08aa2ce4c8dd416d4479aa8536fcf64?s=96&d=mm&r=g\",\"contentUrl\":\"https:\/\/secure.gravatar.com\/avatar\/d08aa2ce4c8dd416d4479aa8536fcf64?s=96&d=mm&r=g\",\"caption\":\"moacir\"},\"url\":\"https:\/\/franciscanos.org.br\/noticias\/author\/moacir\"}]}<\/script>\n<!-- \/ Yoast SEO plugin. -->","yoast_head_json":{"title":"Ministro Provincial celebra jubileus e encerra Visita Can\u00f4nica em Angola - Not\u00edcias - Franciscanos","robots":{"index":"index","follow":"follow","max-snippet":"max-snippet:-1","max-image-preview":"max-image-preview:large","max-video-preview":"max-video-preview:-1"},"canonical":"https:\/\/franciscanos.org.br\/noticias\/ministro-provincial-celebra-jubileus-e-encerra-visita-canonica-em-angola.html","og_locale":"pt_BR","og_type":"article","og_title":"Ministro Provincial celebra jubileus e encerra Visita Can\u00f4nica em Angola - Not\u00edcias - Franciscanos","og_description":"Celebra\u00e7\u00e3o Eucar\u00edstica em Angola","og_url":"https:\/\/franciscanos.org.br\/noticias\/ministro-provincial-celebra-jubileus-e-encerra-visita-canonica-em-angola.html","og_site_name":"Not\u00edcias - Franciscanos","article_published_time":"2021-01-22T10:58:09+00:00","og_image":[{"width":800,"height":600,"url":"https:\/\/franciscanos.org.br\/noticias\/wp-content\/uploads\/2021\/01\/angola_02d.jpg","type":"image\/jpeg"}],"author":"moacir","twitter_card":"summary_large_image","twitter_misc":{"Escrito por":"moacir","Est. tempo de leitura":"4 minutos"},"schema":{"@context":"https:\/\/schema.org","@graph":[{"@type":"WebSite","@id":"https:\/\/franciscanos.org.br\/noticias\/#website","url":"https:\/\/franciscanos.org.br\/noticias\/","name":"Not\u00edcias - Franciscanos","description":"Prov\u00edncia Franciscana da Imaculada Concei\u00e7\u00e3o do Brasil - Ordem dos Frades Menores - OFM","potentialAction":[{"@type":"SearchAction","target":{"@type":"EntryPoint","urlTemplate":"https:\/\/franciscanos.org.br\/noticias\/?s={search_term_string}"},"query-input":"required name=search_term_string"}],"inLanguage":"pt-BR"},{"@type":"ImageObject","inLanguage":"pt-BR","@id":"https:\/\/franciscanos.org.br\/noticias\/ministro-provincial-celebra-jubileus-e-encerra-visita-canonica-em-angola.html#primaryimage","url":"https:\/\/franciscanos.org.br\/noticias\/wp-content\/uploads\/2021\/01\/angola_02d.jpg","contentUrl":"https:\/\/franciscanos.org.br\/noticias\/wp-content\/uploads\/2021\/01\/angola_02d.jpg","width":800,"height":600},{"@type":"WebPage","@id":"https:\/\/franciscanos.org.br\/noticias\/ministro-provincial-celebra-jubileus-e-encerra-visita-canonica-em-angola.html#webpage","url":"https:\/\/franciscanos.org.br\/noticias\/ministro-provincial-celebra-jubileus-e-encerra-visita-canonica-em-angola.html","name":"Ministro Provincial celebra jubileus e encerra Visita Can\u00f4nica em Angola - Not\u00edcias - Franciscanos","isPartOf":{"@id":"https:\/\/franciscanos.org.br\/noticias\/#website"},"primaryImageOfPage":{"@id":"https:\/\/franciscanos.org.br\/noticias\/ministro-provincial-celebra-jubileus-e-encerra-visita-canonica-em-angola.html#primaryimage"},"datePublished":"2021-01-22T10:58:09+00:00","dateModified":"2021-01-22T10:58:09+00:00","author":{"@id":"https:\/\/franciscanos.org.br\/noticias\/#\/schema\/person\/b5c8cba458c330ccff548b056e95a5d4"},"breadcrumb":{"@id":"https:\/\/franciscanos.org.br\/noticias\/ministro-provincial-celebra-jubileus-e-encerra-visita-canonica-em-angola.html#breadcrumb"},"inLanguage":"pt-BR","potentialAction":[{"@type":"ReadAction","target":["https:\/\/franciscanos.org.br\/noticias\/ministro-provincial-celebra-jubileus-e-encerra-visita-canonica-em-angola.html"]}]},{"@type":"BreadcrumbList","@id":"https:\/\/franciscanos.org.br\/noticias\/ministro-provincial-celebra-jubileus-e-encerra-visita-canonica-em-angola.html#breadcrumb","itemListElement":[{"@type":"ListItem","position":1,"name":"Home","item":"https:\/\/franciscanos.org.br\/noticias"},{"@type":"ListItem","position":2,"name":"Ministro Provincial celebra jubileus e encerra Visita Can\u00f4nica em Angola"}]},{"@type":"Person","@id":"https:\/\/franciscanos.org.br\/noticias\/#\/schema\/person\/b5c8cba458c330ccff548b056e95a5d4","name":"moacir","image":{"@type":"ImageObject","inLanguage":"pt-BR","@id":"https:\/\/franciscanos.org.br\/noticias\/#\/schema\/person\/image\/","url":"https:\/\/secure.gravatar.com\/avatar\/d08aa2ce4c8dd416d4479aa8536fcf64?s=96&d=mm&r=g","contentUrl":"https:\/\/secure.gravatar.com\/avatar\/d08aa2ce4c8dd416d4479aa8536fcf64?s=96&d=mm&r=g","caption":"moacir"},"url":"https:\/\/franciscanos.org.br\/noticias\/author\/moacir"}]}},"_links":{"self":[{"href":"https:\/\/franciscanos.org.br\/noticias\/wp-json\/wp\/v2\/posts\/230524"}],"collection":[{"href":"https:\/\/franciscanos.org.br\/noticias\/wp-json\/wp\/v2\/posts"}],"about":[{"href":"https:\/\/franciscanos.org.br\/noticias\/wp-json\/wp\/v2\/types\/post"}],"author":[{"embeddable":true,"href":"https:\/\/franciscanos.org.br\/noticias\/wp-json\/wp\/v2\/users\/3"}],"replies":[{"embeddable":true,"href":"https:\/\/franciscanos.org.br\/noticias\/wp-json\/wp\/v2\/comments?post=230524"}],"version-history":[{"count":1,"href":"https:\/\/franciscanos.org.br\/noticias\/wp-json\/wp\/v2\/posts\/230524\/revisions"}],"predecessor-version":[{"id":230531,"href":"https:\/\/franciscanos.org.br\/noticias\/wp-json\/wp\/v2\/posts\/230524\/revisions\/230531"}],"wp:featuredmedia":[{"embeddable":true,"href":"https:\/\/franciscanos.org.br\/noticias\/wp-json\/wp\/v2\/media\/230530"}],"wp:attachment":[{"href":"https:\/\/franciscanos.org.br\/noticias\/wp-json\/wp\/v2\/media?parent=230524"}],"wp:term":[{"taxonomy":"category","embeddable":true,"href":"https:\/\/franciscanos.org.br\/noticias\/wp-json\/wp\/v2\/categories?post=230524"},{"taxonomy":"post_tag","embeddable":true,"href":"https:\/\/franciscanos.org.br\/noticias\/wp-json\/wp\/v2\/tags?post=230524"}],"curies":[{"name":"wp","href":"https:\/\/api.w.org\/{rel}","templated":true}]}}