{"id":230456,"date":"2021-01-19T06:36:22","date_gmt":"2021-01-19T09:36:22","guid":{"rendered":"https:\/\/franciscanos.org.br\/noticias\/?p=230456"},"modified":"2021-01-19T06:36:22","modified_gmt":"2021-01-19T09:36:22","slug":"vacinar-e-um-ato-de-amor-diz-presidente-da-cnbb-no-lancamento-da-campanha-vacine-ja","status":"publish","type":"post","link":"https:\/\/franciscanos.org.br\/noticias\/vacinar-e-um-ato-de-amor-diz-presidente-da-cnbb-no-lancamento-da-campanha-vacine-ja.html","title":{"rendered":"&#8220;Vacinar \u00e9 um ato de amor&#8221;, diz presidente da CNBB no lan\u00e7amento da campanha &#8220;Vacine J\u00e1!&#8221;"},"content":{"rendered":"<p><img loading=\"lazy\" class=\"alignnone wp-image-230457 size-full\" src=\"https:\/\/franciscanos.org.br\/noticias\/wp-content\/uploads\/2021\/01\/vacina_1901.jpg\" alt=\"\" width=\"1008\" height=\"578\" srcset=\"https:\/\/franciscanos.org.br\/noticias\/wp-content\/uploads\/2021\/01\/vacina_1901.jpg 1008w, https:\/\/franciscanos.org.br\/noticias\/wp-content\/uploads\/2021\/01\/vacina_1901-450x258.jpg 450w, https:\/\/franciscanos.org.br\/noticias\/wp-content\/uploads\/2021\/01\/vacina_1901-768x440.jpg 768w, https:\/\/franciscanos.org.br\/noticias\/wp-content\/uploads\/2021\/01\/vacina_1901-150x86.jpg 150w\" sizes=\"(max-width: 1008px) 100vw, 1008px\" \/><\/p>\n<p>O arcebispo da arquidiocese de Belo Horizonte (MG) e presidente da Confer\u00eancia Nacional dos Bispos do Brasil (CNBB), dom Walmor Oliveira de Azevedo, participou nesta segunda-feira, \u00e0s 15h, do lan\u00e7amento da campanha \u201cAbrace a Vacina\u201d, promovida pelo Direitos J\u00e1! F\u00f3rum pela Democracia e pela a Frente pela Vida, da qual a CNBB participa.<\/p>\n<p>O objetivo da iniciativa \u00e9 incentivar a popula\u00e7\u00e3o a se vacinar contra o novo coronav\u00edrus (Covid-19). O mestre de cerim\u00f4nia, Fernando Guimar\u00e3es, coordenador do Direitos J\u00e1! F\u00f3rum pela Democracia, falou que \u00e9 importante que o pa\u00eds, por meio da vacina\u00e7\u00e3o, conquiste a imunidade de rebanho, \u00fanica forma de o pa\u00eds voltar \u00e0 normalidade.<\/p>\n<p>O presidente da CNBB destacou que a amea\u00e7a do coronav\u00edrus tornou-se mais grave no Brasil com a manipula\u00e7\u00e3o do povo com a dissemina\u00e7\u00e3o generalizada de fakenews. A cura da pandemia, defendeu dom Walmor, exige compromisso com a verdade e a verdade que precisa ser afirmada agora \u00e9 que a vacina \u00e9 a arma mais eficaz no combate \u00e0 Covid-19.<\/p>\n<p>Dom Walmor pediu que a popula\u00e7\u00e3o n\u00e3o se deixe enganar por quem desmerece a vacina e tenta minimizar a covid-19 e seus impactos na vida de muitas fam\u00edlias, marcadas pela dor e pelo luto. \u201cA vacina, fruto da dedica\u00e7\u00e3o de muitos pesquisadores, \u00e9 a esperan\u00e7a para livrar o mundo da Covid-19\u201d.<\/p>\n<p>Com o in\u00edcio da vacina\u00e7\u00e3o, segundo o presidente de dom Walmor, cada pessoa precisa fazer a sua parte. \u201cVacinar \u00e9 um ato de amor \u00e0 sua vida e ao pr\u00f3ximo\u201d, disse. O presidente da CNBB disse que todos t\u00eam direito ao acesso \u00e0 vacina e que \u00e9 necess\u00e1rio que os cidad\u00e3os exijam um adequado plano de imuniza\u00e7\u00e3o de seus representantes pol\u00edticos em todos os n\u00edveis.<\/p>\n<p><strong>Quem ama vacina, abrace esta ideia<\/strong><\/p>\n<p>A campanha re\u00fane cerca de 200 importantes organiza\u00e7\u00f5es da sociedade civil e especialistas em sa\u00fade p\u00fablica do Brasil. Tamb\u00e9m conta com a ades\u00e3o de muitas personalidades brasileiras, entre elas o Rai, ex jogador de futebol.<\/p>\n<p>Durante o lan\u00e7amento, foi lido o manifesto \u201cQuem ama vacina, abrace essa ideia\u201d. No manifesto, as organiza\u00e7\u00f5es destacaram a s\u00e9rie de problemas de planejamento do Governo Federal, a despeito da compet\u00eancia do Sistema \u00danico de Sa\u00fade (SUS) e da experi\u00eancia da rede de vacina\u00e7\u00e3o no Brasil.<\/p>\n<p>Um trecho do manifesto afirma: \u201cN\u00e3o podemos mais aceitar que o negacionismo, a descren\u00e7a na ci\u00eancia, a pol\u00edtica de morte e prolifera\u00e7\u00e3o de fakenews construam o temor da popula\u00e7\u00e3o diante das formas reais de conter essa escalada de mortes\u201d.<\/p>\n<p>A representante da Frente pela Vida, Gulnar Azevedo, ressaltou que a frente se organizou ainda em 2020 para cobrar respostas dos respons\u00e1veis no enfrentamento \u00e0 pandemia, como a apresenta\u00e7\u00e3o ao Governo Federal de um plano contra a covid-19. \u201cHoje podemos comemorar! Duas vacinas foram aprovadas pela Anvisa. A Sinovac, produzida no Brasil pelo Instituto Butantan, e a Astrazeneca da Oxford, a ser produzida em nosso pa\u00eds pela Fiocruz. Se todos se vacinarem, todos v\u00e3o ganhar\u201d, disse.<\/p>\n<p>O ex-ministro da sa\u00fade Jos\u00e9 Gomes Tempor\u00e3o tamb\u00e9m participou do ato junto a outras personalidades como m\u00e9dico Drauzio Varela e a economista M\u00f4nica de Bolle. Segundo o ex ministro, gra\u00e7as \u00e0 ci\u00eancia e tamb\u00e9m aos cientistas brasileiros, foi poss\u00edvel desenvolver as vacinas contra a Covid-19. Cabe \u00e0s organiza\u00e7\u00f5es, segundo ele, mobilizar a sociedade para dar o passo da vacina\u00e7\u00e3o com o reconhecimento de que o Brasil possui uma comprovada experi\u00eancia em vacina\u00e7\u00e3o, respons\u00e1vel por erradicar de nosso pa\u00eds muitas doen\u00e7as.<\/p>\n<p><strong>Sobre o Frente pela Vida<\/strong><br \/>\nA Frente pela Vida \u00e9 fruto da articula\u00e7\u00e3o das entidades cient\u00edficas da Sa\u00fade Coletiva e Bio\u00e9tica, Conselho Nacional de Sa\u00fade (CNS) e entidades nacionais da ci\u00eancia, tecnologia, imprensa e educa\u00e7\u00e3o superior e surgiu no cen\u00e1rio da sociedade civil para destacar o papel central do Sistema \u00danico de Sa\u00fade (SUS) e das demais pol\u00edticas p\u00fablicas sociais na resposta \u00e0 epidemia de Covid-19. Teve seu marco inicial a Marcha pela Vida, realizada em 9 de junho de 2020, quando mobilizou a ades\u00e3o de mais de 600 organiza\u00e7\u00f5es e culminou com a entrega do seu primeiro Manifesto \u00e0 parlamentares. Na sequ\u00eancia, construiu coletivamente com demais entidades cient\u00edficas da sa\u00fade uma proposta diante da falta de respostas efetivas do governo federal: o Plano Nacional de Enfrentamento \u00e0 Pandemia de Covid-19 e, em dezembro, lan\u00e7ou a campanha O Brasil Precisa do SUS.<\/p>\n<p><strong>Sobre o Direitos J\u00e1! F\u00f3rum pela Democracia<\/strong><br \/>\nO Direitos J\u00e1! F\u00f3rum pela Democracia \u00e9 uma iniciativa da sociedade civil em defesa dos valores fundamentais expressos na Constitui\u00e7\u00e3o Cidad\u00e3. Conta com 9 mil cidad\u00e3os, de todo o pa\u00eds, mobilizados em defesa da democracia, entre eles representantes de amplos setores da sociedade civil e, em car\u00e1ter suprapartid\u00e1rio, diversas lideran\u00e7as pol\u00edticas do pa\u00eds. Atua como observat\u00f3rio em defesa da democracia e dos seus princ\u00edpios fundamentais, promovendo permanente articula\u00e7\u00e3o, di\u00e1logo e mobiliza\u00e7\u00e3o da sociedade. Lan\u00e7ado oficialmente em setembro de 2019, o Direitos J\u00e1! \u00e9 coordenado pelo soci\u00f3logo Fernando Guimar\u00e3es. O grupo j\u00e1 promoveu v\u00e1rios debates presenciais e virtuais com participa\u00e7\u00e3o de personalidades do Brasil e do exterior.<\/p>\n<p><strong>Site:<\/strong><\/p>\n<p>A campanha Abrace a Vacina conta com um site a partir do qual \u00e9 poss\u00edvel baixar materiais de divulga\u00e7\u00e3o em redes sociais, incluindo tema para perfil no Facebook. Site: www.abraceavacina.com.br<\/p>\n","protected":false},"excerpt":{"rendered":"<p>CNBB<\/p>\n","protected":false},"author":3,"featured_media":230458,"comment_status":"open","ping_status":"open","sticky":false,"template":"","format":"standard","meta":[],"categories":[1],"tags":[29],"acf":[],"yoast_head":"<!-- This site is optimized with the Yoast SEO plugin v19.2 - https:\/\/yoast.com\/wordpress\/plugins\/seo\/ -->\n<title>&quot;Vacinar \u00e9 um ato de amor&quot;, diz presidente da CNBB no lan\u00e7amento da campanha &quot;Vacine J\u00e1!&quot; - Not\u00edcias - Franciscanos<\/title>\n<meta name=\"robots\" content=\"index, follow, max-snippet:-1, max-image-preview:large, max-video-preview:-1\" \/>\n<link rel=\"canonical\" href=\"https:\/\/franciscanos.org.br\/noticias\/vacinar-e-um-ato-de-amor-diz-presidente-da-cnbb-no-lancamento-da-campanha-vacine-ja.html\" \/>\n<meta property=\"og:locale\" content=\"pt_BR\" \/>\n<meta property=\"og:type\" content=\"article\" \/>\n<meta property=\"og:title\" content=\"&quot;Vacinar \u00e9 um ato de amor&quot;, diz presidente da CNBB no lan\u00e7amento da campanha &quot;Vacine J\u00e1!&quot; - Not\u00edcias - Franciscanos\" \/>\n<meta property=\"og:description\" content=\"CNBB\" \/>\n<meta property=\"og:url\" content=\"https:\/\/franciscanos.org.br\/noticias\/vacinar-e-um-ato-de-amor-diz-presidente-da-cnbb-no-lancamento-da-campanha-vacine-ja.html\" \/>\n<meta property=\"og:site_name\" content=\"Not\u00edcias - Franciscanos\" \/>\n<meta property=\"article:published_time\" content=\"2021-01-19T09:36:22+00:00\" \/>\n<meta property=\"og:image\" content=\"https:\/\/franciscanos.org.br\/noticias\/wp-content\/uploads\/2021\/01\/abrace_vacina_d.jpg\" \/>\n\t<meta property=\"og:image:width\" content=\"800\" \/>\n\t<meta property=\"og:image:height\" content=\"574\" \/>\n\t<meta property=\"og:image:type\" content=\"image\/jpeg\" \/>\n<meta name=\"author\" content=\"moacir\" \/>\n<meta name=\"twitter:card\" content=\"summary_large_image\" \/>\n<meta name=\"twitter:label1\" content=\"Escrito por\" \/>\n\t<meta name=\"twitter:data1\" content=\"moacir\" \/>\n\t<meta name=\"twitter:label2\" content=\"Est. tempo de leitura\" \/>\n\t<meta name=\"twitter:data2\" content=\"5 minutos\" \/>\n<script type=\"application\/ld+json\" class=\"yoast-schema-graph\">{\"@context\":\"https:\/\/schema.org\",\"@graph\":[{\"@type\":\"WebSite\",\"@id\":\"https:\/\/franciscanos.org.br\/noticias\/#website\",\"url\":\"https:\/\/franciscanos.org.br\/noticias\/\",\"name\":\"Not\u00edcias - Franciscanos\",\"description\":\"Prov\u00edncia Franciscana da Imaculada Concei\u00e7\u00e3o do Brasil - Ordem dos Frades Menores - OFM\",\"potentialAction\":[{\"@type\":\"SearchAction\",\"target\":{\"@type\":\"EntryPoint\",\"urlTemplate\":\"https:\/\/franciscanos.org.br\/noticias\/?s={search_term_string}\"},\"query-input\":\"required name=search_term_string\"}],\"inLanguage\":\"pt-BR\"},{\"@type\":\"ImageObject\",\"inLanguage\":\"pt-BR\",\"@id\":\"https:\/\/franciscanos.org.br\/noticias\/vacinar-e-um-ato-de-amor-diz-presidente-da-cnbb-no-lancamento-da-campanha-vacine-ja.html#primaryimage\",\"url\":\"https:\/\/franciscanos.org.br\/noticias\/wp-content\/uploads\/2021\/01\/abrace_vacina_d.jpg\",\"contentUrl\":\"https:\/\/franciscanos.org.br\/noticias\/wp-content\/uploads\/2021\/01\/abrace_vacina_d.jpg\",\"width\":800,\"height\":574},{\"@type\":\"WebPage\",\"@id\":\"https:\/\/franciscanos.org.br\/noticias\/vacinar-e-um-ato-de-amor-diz-presidente-da-cnbb-no-lancamento-da-campanha-vacine-ja.html#webpage\",\"url\":\"https:\/\/franciscanos.org.br\/noticias\/vacinar-e-um-ato-de-amor-diz-presidente-da-cnbb-no-lancamento-da-campanha-vacine-ja.html\",\"name\":\"\\\"Vacinar \u00e9 um ato de amor\\\", diz presidente da CNBB no lan\u00e7amento da campanha \\\"Vacine J\u00e1!\\\" - Not\u00edcias - Franciscanos\",\"isPartOf\":{\"@id\":\"https:\/\/franciscanos.org.br\/noticias\/#website\"},\"primaryImageOfPage\":{\"@id\":\"https:\/\/franciscanos.org.br\/noticias\/vacinar-e-um-ato-de-amor-diz-presidente-da-cnbb-no-lancamento-da-campanha-vacine-ja.html#primaryimage\"},\"datePublished\":\"2021-01-19T09:36:22+00:00\",\"dateModified\":\"2021-01-19T09:36:22+00:00\",\"author\":{\"@id\":\"https:\/\/franciscanos.org.br\/noticias\/#\/schema\/person\/b5c8cba458c330ccff548b056e95a5d4\"},\"breadcrumb\":{\"@id\":\"https:\/\/franciscanos.org.br\/noticias\/vacinar-e-um-ato-de-amor-diz-presidente-da-cnbb-no-lancamento-da-campanha-vacine-ja.html#breadcrumb\"},\"inLanguage\":\"pt-BR\",\"potentialAction\":[{\"@type\":\"ReadAction\",\"target\":[\"https:\/\/franciscanos.org.br\/noticias\/vacinar-e-um-ato-de-amor-diz-presidente-da-cnbb-no-lancamento-da-campanha-vacine-ja.html\"]}]},{\"@type\":\"BreadcrumbList\",\"@id\":\"https:\/\/franciscanos.org.br\/noticias\/vacinar-e-um-ato-de-amor-diz-presidente-da-cnbb-no-lancamento-da-campanha-vacine-ja.html#breadcrumb\",\"itemListElement\":[{\"@type\":\"ListItem\",\"position\":1,\"name\":\"Home\",\"item\":\"https:\/\/franciscanos.org.br\/noticias\"},{\"@type\":\"ListItem\",\"position\":2,\"name\":\"&#8220;Vacinar \u00e9 um ato de amor&#8221;, diz presidente da CNBB no lan\u00e7amento da campanha &#8220;Vacine J\u00e1!&#8221;\"}]},{\"@type\":\"Person\",\"@id\":\"https:\/\/franciscanos.org.br\/noticias\/#\/schema\/person\/b5c8cba458c330ccff548b056e95a5d4\",\"name\":\"moacir\",\"image\":{\"@type\":\"ImageObject\",\"inLanguage\":\"pt-BR\",\"@id\":\"https:\/\/franciscanos.org.br\/noticias\/#\/schema\/person\/image\/\",\"url\":\"https:\/\/secure.gravatar.com\/avatar\/d08aa2ce4c8dd416d4479aa8536fcf64?s=96&d=mm&r=g\",\"contentUrl\":\"https:\/\/secure.gravatar.com\/avatar\/d08aa2ce4c8dd416d4479aa8536fcf64?s=96&d=mm&r=g\",\"caption\":\"moacir\"},\"url\":\"https:\/\/franciscanos.org.br\/noticias\/author\/moacir\"}]}<\/script>\n<!-- \/ Yoast SEO plugin. -->","yoast_head_json":{"title":"\"Vacinar \u00e9 um ato de amor\", diz presidente da CNBB no lan\u00e7amento da campanha \"Vacine J\u00e1!\" - Not\u00edcias - Franciscanos","robots":{"index":"index","follow":"follow","max-snippet":"max-snippet:-1","max-image-preview":"max-image-preview:large","max-video-preview":"max-video-preview:-1"},"canonical":"https:\/\/franciscanos.org.br\/noticias\/vacinar-e-um-ato-de-amor-diz-presidente-da-cnbb-no-lancamento-da-campanha-vacine-ja.html","og_locale":"pt_BR","og_type":"article","og_title":"\"Vacinar \u00e9 um ato de amor\", diz presidente da CNBB no lan\u00e7amento da campanha \"Vacine J\u00e1!\" - Not\u00edcias - Franciscanos","og_description":"CNBB","og_url":"https:\/\/franciscanos.org.br\/noticias\/vacinar-e-um-ato-de-amor-diz-presidente-da-cnbb-no-lancamento-da-campanha-vacine-ja.html","og_site_name":"Not\u00edcias - Franciscanos","article_published_time":"2021-01-19T09:36:22+00:00","og_image":[{"width":800,"height":574,"url":"https:\/\/franciscanos.org.br\/noticias\/wp-content\/uploads\/2021\/01\/abrace_vacina_d.jpg","type":"image\/jpeg"}],"author":"moacir","twitter_card":"summary_large_image","twitter_misc":{"Escrito por":"moacir","Est. tempo de leitura":"5 minutos"},"schema":{"@context":"https:\/\/schema.org","@graph":[{"@type":"WebSite","@id":"https:\/\/franciscanos.org.br\/noticias\/#website","url":"https:\/\/franciscanos.org.br\/noticias\/","name":"Not\u00edcias - Franciscanos","description":"Prov\u00edncia Franciscana da Imaculada Concei\u00e7\u00e3o do Brasil - Ordem dos Frades Menores - OFM","potentialAction":[{"@type":"SearchAction","target":{"@type":"EntryPoint","urlTemplate":"https:\/\/franciscanos.org.br\/noticias\/?s={search_term_string}"},"query-input":"required name=search_term_string"}],"inLanguage":"pt-BR"},{"@type":"ImageObject","inLanguage":"pt-BR","@id":"https:\/\/franciscanos.org.br\/noticias\/vacinar-e-um-ato-de-amor-diz-presidente-da-cnbb-no-lancamento-da-campanha-vacine-ja.html#primaryimage","url":"https:\/\/franciscanos.org.br\/noticias\/wp-content\/uploads\/2021\/01\/abrace_vacina_d.jpg","contentUrl":"https:\/\/franciscanos.org.br\/noticias\/wp-content\/uploads\/2021\/01\/abrace_vacina_d.jpg","width":800,"height":574},{"@type":"WebPage","@id":"https:\/\/franciscanos.org.br\/noticias\/vacinar-e-um-ato-de-amor-diz-presidente-da-cnbb-no-lancamento-da-campanha-vacine-ja.html#webpage","url":"https:\/\/franciscanos.org.br\/noticias\/vacinar-e-um-ato-de-amor-diz-presidente-da-cnbb-no-lancamento-da-campanha-vacine-ja.html","name":"\"Vacinar \u00e9 um ato de amor\", diz presidente da CNBB no lan\u00e7amento da campanha \"Vacine J\u00e1!\" - Not\u00edcias - Franciscanos","isPartOf":{"@id":"https:\/\/franciscanos.org.br\/noticias\/#website"},"primaryImageOfPage":{"@id":"https:\/\/franciscanos.org.br\/noticias\/vacinar-e-um-ato-de-amor-diz-presidente-da-cnbb-no-lancamento-da-campanha-vacine-ja.html#primaryimage"},"datePublished":"2021-01-19T09:36:22+00:00","dateModified":"2021-01-19T09:36:22+00:00","author":{"@id":"https:\/\/franciscanos.org.br\/noticias\/#\/schema\/person\/b5c8cba458c330ccff548b056e95a5d4"},"breadcrumb":{"@id":"https:\/\/franciscanos.org.br\/noticias\/vacinar-e-um-ato-de-amor-diz-presidente-da-cnbb-no-lancamento-da-campanha-vacine-ja.html#breadcrumb"},"inLanguage":"pt-BR","potentialAction":[{"@type":"ReadAction","target":["https:\/\/franciscanos.org.br\/noticias\/vacinar-e-um-ato-de-amor-diz-presidente-da-cnbb-no-lancamento-da-campanha-vacine-ja.html"]}]},{"@type":"BreadcrumbList","@id":"https:\/\/franciscanos.org.br\/noticias\/vacinar-e-um-ato-de-amor-diz-presidente-da-cnbb-no-lancamento-da-campanha-vacine-ja.html#breadcrumb","itemListElement":[{"@type":"ListItem","position":1,"name":"Home","item":"https:\/\/franciscanos.org.br\/noticias"},{"@type":"ListItem","position":2,"name":"&#8220;Vacinar \u00e9 um ato de amor&#8221;, diz presidente da CNBB no lan\u00e7amento da campanha &#8220;Vacine J\u00e1!&#8221;"}]},{"@type":"Person","@id":"https:\/\/franciscanos.org.br\/noticias\/#\/schema\/person\/b5c8cba458c330ccff548b056e95a5d4","name":"moacir","image":{"@type":"ImageObject","inLanguage":"pt-BR","@id":"https:\/\/franciscanos.org.br\/noticias\/#\/schema\/person\/image\/","url":"https:\/\/secure.gravatar.com\/avatar\/d08aa2ce4c8dd416d4479aa8536fcf64?s=96&d=mm&r=g","contentUrl":"https:\/\/secure.gravatar.com\/avatar\/d08aa2ce4c8dd416d4479aa8536fcf64?s=96&d=mm&r=g","caption":"moacir"},"url":"https:\/\/franciscanos.org.br\/noticias\/author\/moacir"}]}},"_links":{"self":[{"href":"https:\/\/franciscanos.org.br\/noticias\/wp-json\/wp\/v2\/posts\/230456"}],"collection":[{"href":"https:\/\/franciscanos.org.br\/noticias\/wp-json\/wp\/v2\/posts"}],"about":[{"href":"https:\/\/franciscanos.org.br\/noticias\/wp-json\/wp\/v2\/types\/post"}],"author":[{"embeddable":true,"href":"https:\/\/franciscanos.org.br\/noticias\/wp-json\/wp\/v2\/users\/3"}],"replies":[{"embeddable":true,"href":"https:\/\/franciscanos.org.br\/noticias\/wp-json\/wp\/v2\/comments?post=230456"}],"version-history":[{"count":1,"href":"https:\/\/franciscanos.org.br\/noticias\/wp-json\/wp\/v2\/posts\/230456\/revisions"}],"predecessor-version":[{"id":230459,"href":"https:\/\/franciscanos.org.br\/noticias\/wp-json\/wp\/v2\/posts\/230456\/revisions\/230459"}],"wp:featuredmedia":[{"embeddable":true,"href":"https:\/\/franciscanos.org.br\/noticias\/wp-json\/wp\/v2\/media\/230458"}],"wp:attachment":[{"href":"https:\/\/franciscanos.org.br\/noticias\/wp-json\/wp\/v2\/media?parent=230456"}],"wp:term":[{"taxonomy":"category","embeddable":true,"href":"https:\/\/franciscanos.org.br\/noticias\/wp-json\/wp\/v2\/categories?post=230456"},{"taxonomy":"post_tag","embeddable":true,"href":"https:\/\/franciscanos.org.br\/noticias\/wp-json\/wp\/v2\/tags?post=230456"}],"curies":[{"name":"wp","href":"https:\/\/api.w.org\/{rel}","templated":true}]}}