{"id":230427,"date":"2021-01-18T11:02:18","date_gmt":"2021-01-18T14:02:18","guid":{"rendered":"https:\/\/franciscanos.org.br\/noticias\/?p=230427"},"modified":"2021-01-18T11:05:51","modified_gmt":"2021-01-18T14:05:51","slug":"franciscanos-voltam-a-igreja-franciscana-as-margens-do-jordao","status":"publish","type":"post","link":"https:\/\/franciscanos.org.br\/noticias\/franciscanos-voltam-a-igreja-franciscana-as-margens-do-jordao.html","title":{"rendered":"Igreja de S\u00e3o Jo\u00e3o Batista \u00e0s margens do rio Jord\u00e3o retorna \u00e0 Cust\u00f3dia da Terra Santa"},"content":{"rendered":"<p><img loading=\"lazy\" class=\"alignnone wp-image-230428 size-full\" src=\"https:\/\/franciscanos.org.br\/noticias\/wp-content\/uploads\/2021\/01\/batismo_02.jpg\" alt=\"\" width=\"1200\" height=\"731\" srcset=\"https:\/\/franciscanos.org.br\/noticias\/wp-content\/uploads\/2021\/01\/batismo_02.jpg 1200w, https:\/\/franciscanos.org.br\/noticias\/wp-content\/uploads\/2021\/01\/batismo_02-450x274.jpg 450w, https:\/\/franciscanos.org.br\/noticias\/wp-content\/uploads\/2021\/01\/batismo_02-1024x624.jpg 1024w, https:\/\/franciscanos.org.br\/noticias\/wp-content\/uploads\/2021\/01\/batismo_02-768x468.jpg 768w, https:\/\/franciscanos.org.br\/noticias\/wp-content\/uploads\/2021\/01\/batismo_02-150x91.jpg 150w\" sizes=\"(max-width: 1200px) 100vw, 1200px\" \/><\/p>\n<p>Domingo, 10 de janeiro de 2021, depois de 54 anos e 3 dias, os Frades franciscanos da Cust\u00f3dia da Terra Santa voltaram a celebrar dentro da igreja de S\u00e3o Jo\u00e3o Batista, no Qasr Al-Yahud, \u00e0s margens do rio Jord\u00e3o, lugar crist\u00e3o onde se recorda o Batismo de Jesus.<\/p>\n<p>A Liturgia iniciou com a prociss\u00e3o dos Franciscanos que, desde o mosteiro grego-ortodoxo de S\u00e3o Jo\u00e3o, chegaram ao terreno franciscano n\u00e3o muito distante das margens do rio, onde celebraram a Santa Missa. Antes da celebra\u00e7\u00e3o eucar\u00edstica, o p\u00e1roco da Par\u00f3quia de Jeric\u00f3, Fr. Mario Hadchity, deu as boas-vindas aos confrades e ao Cust\u00f3dio da Terra Santa, Frei Francesco Patton: \u201cEstamos contentes, neste dia especial, porque a Cust\u00f3dia da Terra Santa, com a ajuda de Deus, depois de mais de meio s\u00e9culo, possa retornar \u00e0 igreja latina de S\u00e3o Jo\u00e3o Batista!\u201d disse Frei M\u00e1rio. \u201cQue seja um lugar em que todos aqueles que aqui entram possam encontrar a gra\u00e7a de Deus\u201d. Ap\u00f3s o beijo na cruz e a incensa\u00e7\u00e3o, o Cust\u00f3dio realizou seu ingresso solene, abrindo pessoalmente as cancelas do lugar, fechadas por mais de meio s\u00e9culo.<\/p>\n<p>Estavam presentes na celebra\u00e7\u00e3o, presidida pelo Cust\u00f3dio da Terra Santa, o N\u00fancio Apost\u00f3lico em Israel e Chipre e Delegado Apost\u00f3lico em Jerusal\u00e9m e Palestina, Mons. Leopoldo Girelli; o C\u00f4nsul geral italiano, Giuseppe Fedele; a Vice-consulesa espanhola Paloma Serra e uma representa\u00e7\u00e3o da autoridade militar israelense. Respeitando os protocolos quanto ao Covid-19, estavam presentes umas cinquenta pessoas, divididas em grupos de dez e distanciadas entre si. \u201cEra o dia 07 de janeiro de 1967, quando dois sacerdotes celebravam pela \u00faltima vez a Santa Missa neste santu\u00e1rio e assinavam o registro das Missas. Fr. Sergey p\u00f4de recuperar o registro, no dia 09 de agosto de 2018, ao entrar no pequeno convento, depois que o terreno havia sido limpo das minas!\u201d disse Fr. Patton em sua homilia.<\/p>\n<p>\u201cTratava-se de um sacerdote ingl\u00eas, Pe. Robert Carson, e de um sacerdote da Nig\u00e9ria, Pe. Silao Umah. Hoje, ap\u00f3s 54 anos e 03 dias, podemos dizer que, ao in\u00edcio de 55\u00e9simo ano desde que esse registro foi fechado, no fim desta celebra\u00e7\u00e3o eucar\u00edstica, reabriremos esse mesmo registro, e viramos a p\u00e1gina e, numa p\u00e1gina nova, poderemos escrever a data de hoje, 10 de janeiro de 2021, e assinar com nossos nomes, a fim de testemunhar que este lugar, que havia sido transformado em campo de guerra, um campo minado, voltou a ser um campo de paz, um campo de ora\u00e7\u00e3o\u201d.<\/p>\n<p><img loading=\"lazy\" class=\"alignnone wp-image-230429 size-full\" src=\"https:\/\/franciscanos.org.br\/noticias\/wp-content\/uploads\/2021\/01\/batismo_03.jpg\" alt=\"\" width=\"1278\" height=\"668\" srcset=\"https:\/\/franciscanos.org.br\/noticias\/wp-content\/uploads\/2021\/01\/batismo_03.jpg 1278w, https:\/\/franciscanos.org.br\/noticias\/wp-content\/uploads\/2021\/01\/batismo_03-450x235.jpg 450w, https:\/\/franciscanos.org.br\/noticias\/wp-content\/uploads\/2021\/01\/batismo_03-1024x535.jpg 1024w, https:\/\/franciscanos.org.br\/noticias\/wp-content\/uploads\/2021\/01\/batismo_03-768x401.jpg 768w, https:\/\/franciscanos.org.br\/noticias\/wp-content\/uploads\/2021\/01\/batismo_03-150x78.jpg 150w\" sizes=\"(max-width: 1278px) 100vw, 1278px\" \/><\/p>\n<p>O terreno, frequentado desde 1641 pela peregrina\u00e7\u00e3o anual dos Frades da Cust\u00f3dia, havia sido adquirido pela Cust\u00f3dia em 1932, mas apenas em 1956 foi constru\u00edda aqui uma igrejinha dedicada a S. Jo\u00e3o Batista e confiada aos Frades do Convento de Jeric\u00f3. Em 1967, ao iniciar a guerra entre Israel e Jord\u00e2nia, que atingiu muito a \u00e1rea, a ponto de ser transformada em campo minado de cinquenta e cinco hectares e os franciscanos foram obrigados a escapar depressa do convento, abandonando o lugar. Ap\u00f3s trinta e tr\u00eas anos, em 2000, foi aberto um acesso, por ocasi\u00e3o da visita do Papa Jo\u00e3o Paulo II na Terra Santa.<\/p>\n<p>Em 2011, as autoridades israelenses tornaram o lugar acess\u00edvel aos peregrinos e somente em janeiro de 2018, a Associa\u00e7\u00e3o Halo Trust concentrou seu interesse neste territ\u00f3rio, iniciando os trabalhos de retirar as minas, em mar\u00e7o do mesmo ano, e liberando o lugar completamente em fins de outubro de 2018.<\/p>\n<p>Em outubro de 2020, foram restitu\u00eddas as chaves do lugar e foi poss\u00edvel iniciar o trabalho de limpeza e preparando-o a fim de torn\u00e1-lo acess\u00edvel aos peregrinos, futuramente. \u201cForam feitos trabalhos urgentes, a fim de possibilitar a acessibilidade ao lugar para celebra\u00e7\u00e3o hodierna do batismo\u201d, comentou o Engenheiro Leonardo Di Marco, Diretor do Departamento T\u00e9cnico da Cust\u00f3dia. \u201cPensamos na reabertura aos peregrinos, que poder\u00e3o encontrar um lugar em que possam permanecer e meditar, ocupando \u00e2ngulos de ora\u00e7\u00e3o, a serem realizados ao redor da igreja central, dentro dum jardim de palmeiras. A experi\u00eancia dos peregrinos continuar\u00e1 com a visita ao Jord\u00e3o, atrav\u00e9s de uma estrada, atr\u00e1s da igreja S. Jo\u00e3o Batista, que levar\u00e1 ao altar situado \u00e0 margem do Jord\u00e3o, tamb\u00e9m essa propriedade da Cust\u00f3dia\u201d.<\/p>\n\n\t\t<style type=\"text\/css\">\n\t\t\t#gallery-1 {\n\t\t\t\tmargin: auto;\n\t\t\t}\n\t\t\t#gallery-1 .gallery-item {\n\t\t\t\tfloat: left;\n\t\t\t\tmargin-top: 10px;\n\t\t\t\ttext-align: center;\n\t\t\t\twidth: 20%;\n\t\t\t}\n\t\t\t#gallery-1 img {\n\t\t\t\tborder: 2px solid #cfcfcf;\n\t\t\t}\n\t\t\t#gallery-1 .gallery-caption {\n\t\t\t\tmargin-left: 0;\n\t\t\t}\n\t\t\t\/* see gallery_shortcode() in wp-includes\/media.php *\/\n\t\t<\/style>\n\t\t<div id='gallery-1' class='gallery galleryid-230427 gallery-columns-5 gallery-size-thumbnail'><dl class='gallery-item'>\n\t\t\t<dt class='gallery-icon landscape'>\n\t\t\t\t<a href='https:\/\/franciscanos.org.br\/noticias\/wp-content\/uploads\/2021\/01\/01-1.jpg'><img width=\"300\" height=\"300\" src=\"https:\/\/franciscanos.org.br\/noticias\/wp-content\/uploads\/2021\/01\/01-1-300x300.jpg\" class=\"attachment-thumbnail size-thumbnail\" alt=\"\" loading=\"lazy\" srcset=\"https:\/\/franciscanos.org.br\/noticias\/wp-content\/uploads\/2021\/01\/01-1-300x300.jpg 300w, https:\/\/franciscanos.org.br\/noticias\/wp-content\/uploads\/2021\/01\/01-1-100x100.jpg 100w\" sizes=\"(max-width: 300px) 100vw, 300px\" \/><\/a>\n\t\t\t<\/dt><\/dl><dl class='gallery-item'>\n\t\t\t<dt class='gallery-icon landscape'>\n\t\t\t\t<a href='https:\/\/franciscanos.org.br\/noticias\/wp-content\/uploads\/2021\/01\/06-1.jpg'><img width=\"300\" height=\"300\" src=\"https:\/\/franciscanos.org.br\/noticias\/wp-content\/uploads\/2021\/01\/06-1-300x300.jpg\" class=\"attachment-thumbnail size-thumbnail\" alt=\"\" loading=\"lazy\" srcset=\"https:\/\/franciscanos.org.br\/noticias\/wp-content\/uploads\/2021\/01\/06-1-300x300.jpg 300w, https:\/\/franciscanos.org.br\/noticias\/wp-content\/uploads\/2021\/01\/06-1-100x100.jpg 100w\" sizes=\"(max-width: 300px) 100vw, 300px\" \/><\/a>\n\t\t\t<\/dt><\/dl><dl class='gallery-item'>\n\t\t\t<dt class='gallery-icon landscape'>\n\t\t\t\t<a href='https:\/\/franciscanos.org.br\/noticias\/wp-content\/uploads\/2021\/01\/08.jpg'><img width=\"300\" height=\"300\" src=\"https:\/\/franciscanos.org.br\/noticias\/wp-content\/uploads\/2021\/01\/08-300x300.jpg\" class=\"attachment-thumbnail size-thumbnail\" alt=\"\" loading=\"lazy\" srcset=\"https:\/\/franciscanos.org.br\/noticias\/wp-content\/uploads\/2021\/01\/08-300x300.jpg 300w, https:\/\/franciscanos.org.br\/noticias\/wp-content\/uploads\/2021\/01\/08-100x100.jpg 100w\" sizes=\"(max-width: 300px) 100vw, 300px\" \/><\/a>\n\t\t\t<\/dt><\/dl><dl class='gallery-item'>\n\t\t\t<dt class='gallery-icon landscape'>\n\t\t\t\t<a href='https:\/\/franciscanos.org.br\/noticias\/wp-content\/uploads\/2021\/01\/09.jpg'><img width=\"300\" height=\"300\" src=\"https:\/\/franciscanos.org.br\/noticias\/wp-content\/uploads\/2021\/01\/09-300x300.jpg\" class=\"attachment-thumbnail size-thumbnail\" alt=\"\" loading=\"lazy\" srcset=\"https:\/\/franciscanos.org.br\/noticias\/wp-content\/uploads\/2021\/01\/09-300x300.jpg 300w, https:\/\/franciscanos.org.br\/noticias\/wp-content\/uploads\/2021\/01\/09-100x100.jpg 100w\" sizes=\"(max-width: 300px) 100vw, 300px\" \/><\/a>\n\t\t\t<\/dt><\/dl><dl class='gallery-item'>\n\t\t\t<dt class='gallery-icon landscape'>\n\t\t\t\t<a href='https:\/\/franciscanos.org.br\/noticias\/wp-content\/uploads\/2021\/01\/10.jpg'><img width=\"300\" height=\"300\" src=\"https:\/\/franciscanos.org.br\/noticias\/wp-content\/uploads\/2021\/01\/10-300x300.jpg\" class=\"attachment-thumbnail size-thumbnail\" alt=\"\" loading=\"lazy\" srcset=\"https:\/\/franciscanos.org.br\/noticias\/wp-content\/uploads\/2021\/01\/10-300x300.jpg 300w, https:\/\/franciscanos.org.br\/noticias\/wp-content\/uploads\/2021\/01\/10-100x100.jpg 100w\" sizes=\"(max-width: 300px) 100vw, 300px\" \/><\/a>\n\t\t\t<\/dt><\/dl><br style=\"clear: both\" \/>\n\t\t<\/div>\n\n<p>Ao fim da celebra\u00e7\u00e3o eucar\u00edstica, antes de assinar o livro-registro das celebra\u00e7\u00f5es, o Cust\u00f3dia da Terra Santa agradeceu \u00e0s autoridades presentes e \u00e0 equipe do Departamento T\u00e9cnico, que est\u00e1 recuperando e restaurando o lugar. \u201cDesejo agradecer, de modo especial, ao Presidente Rivlin que tem fortemente desejado que sejam restitu\u00eddos os lugares santos \u00e0 Igreja\u201d, afirmou o Cust\u00f3dio Fr. Patton. \u201cEm muitos encontros, sempre falou de seu sonho que as duas margens do Jord\u00e3o estejam em paz; gra\u00e7as a este lugar santo, uma colabora\u00e7\u00e3o entre Israel, a autoridade Palestina e o Reino da Jord\u00e2nia. Por esse motivo, nesses anos, o Presidente fez muitos esfor\u00e7os para que este lugar pudesse voltar a ser um lugar de ora\u00e7\u00e3o e acolhimento de peregrinos. Como Cust\u00f3dia da Terra Santa, estamos muito contentes que o primeiro lugar a ser tornar lugar de ora\u00e7\u00e3o e celebra\u00e7\u00e3o seja exatamente este nosso santu\u00e1rio de S. Jo\u00e3o Batista\u201d.<\/p>\n<p>Depois das assinaturas, todos os presentes prosseguiram a celebra\u00e7\u00e3o com uma breve prociss\u00e3o ao segundo altar franciscanos, situado \u00e0s margens do Jord\u00e3o. Nesse lugar foi lido um trecho do livro dos Reis e, em seguida, a assembleia dispersou-se \u00e0 margem do rio, no qual o Cust\u00f3dio, com os p\u00e9s descal\u00e7os, como milhares de peregrinos antes dele, mergulhou seus p\u00e9s nas \u00e1guas do rio.<\/p>\n<h3><a href=\"https:\/\/cmcterrasanta-eu.s3.amazonaws.com\/2020\/a3e4e0f8-28d3-4679-84a6-f26966fc0206.m4v\">VEJA O V\u00cdDEO<\/a><\/h3>\n<hr \/>\n<p><em>Texto e imagens da Cust\u00f3dia da Terra Santa<\/em><\/p>\n","protected":false},"excerpt":{"rendered":"<p>Cust\u00f3dia da Terra Santa<\/p>\n","protected":false},"author":3,"featured_media":230430,"comment_status":"open","ping_status":"open","sticky":false,"template":"","format":"standard","meta":[],"categories":[1],"tags":[1429],"acf":[],"yoast_head":"<!-- This site is optimized with the Yoast SEO plugin v19.2 - https:\/\/yoast.com\/wordpress\/plugins\/seo\/ -->\n<title>Igreja de S\u00e3o Jo\u00e3o Batista \u00e0s margens do rio Jord\u00e3o retorna \u00e0 Cust\u00f3dia da Terra Santa - Not\u00edcias - Franciscanos<\/title>\n<meta name=\"robots\" content=\"index, follow, max-snippet:-1, max-image-preview:large, max-video-preview:-1\" \/>\n<link rel=\"canonical\" href=\"https:\/\/franciscanos.org.br\/noticias\/franciscanos-voltam-a-igreja-franciscana-as-margens-do-jordao.html\" \/>\n<meta property=\"og:locale\" content=\"pt_BR\" \/>\n<meta property=\"og:type\" content=\"article\" \/>\n<meta property=\"og:title\" content=\"Igreja de S\u00e3o Jo\u00e3o Batista \u00e0s margens do rio Jord\u00e3o retorna \u00e0 Cust\u00f3dia da Terra Santa - Not\u00edcias - Franciscanos\" \/>\n<meta property=\"og:description\" content=\"Cust\u00f3dia da Terra Santa\" \/>\n<meta property=\"og:url\" content=\"https:\/\/franciscanos.org.br\/noticias\/franciscanos-voltam-a-igreja-franciscana-as-margens-do-jordao.html\" \/>\n<meta property=\"og:site_name\" content=\"Not\u00edcias - Franciscanos\" \/>\n<meta property=\"article:published_time\" content=\"2021-01-18T14:02:18+00:00\" \/>\n<meta property=\"article:modified_time\" content=\"2021-01-18T14:05:51+00:00\" \/>\n<meta property=\"og:image\" content=\"https:\/\/franciscanos.org.br\/noticias\/wp-content\/uploads\/2021\/01\/batismo_02d.jpg\" \/>\n\t<meta property=\"og:image:width\" content=\"800\" \/>\n\t<meta property=\"og:image:height\" content=\"600\" \/>\n\t<meta property=\"og:image:type\" content=\"image\/jpeg\" \/>\n<meta name=\"author\" content=\"moacir\" \/>\n<meta name=\"twitter:card\" content=\"summary_large_image\" \/>\n<meta name=\"twitter:label1\" content=\"Escrito por\" \/>\n\t<meta name=\"twitter:data1\" content=\"moacir\" \/>\n\t<meta name=\"twitter:label2\" content=\"Est. tempo de leitura\" \/>\n\t<meta name=\"twitter:data2\" content=\"5 minutos\" \/>\n<script type=\"application\/ld+json\" class=\"yoast-schema-graph\">{\"@context\":\"https:\/\/schema.org\",\"@graph\":[{\"@type\":\"WebSite\",\"@id\":\"https:\/\/franciscanos.org.br\/noticias\/#website\",\"url\":\"https:\/\/franciscanos.org.br\/noticias\/\",\"name\":\"Not\u00edcias - Franciscanos\",\"description\":\"Prov\u00edncia Franciscana da Imaculada Concei\u00e7\u00e3o do Brasil - Ordem dos Frades Menores - OFM\",\"potentialAction\":[{\"@type\":\"SearchAction\",\"target\":{\"@type\":\"EntryPoint\",\"urlTemplate\":\"https:\/\/franciscanos.org.br\/noticias\/?s={search_term_string}\"},\"query-input\":\"required name=search_term_string\"}],\"inLanguage\":\"pt-BR\"},{\"@type\":\"ImageObject\",\"inLanguage\":\"pt-BR\",\"@id\":\"https:\/\/franciscanos.org.br\/noticias\/franciscanos-voltam-a-igreja-franciscana-as-margens-do-jordao.html#primaryimage\",\"url\":\"https:\/\/franciscanos.org.br\/noticias\/wp-content\/uploads\/2021\/01\/batismo_02d.jpg\",\"contentUrl\":\"https:\/\/franciscanos.org.br\/noticias\/wp-content\/uploads\/2021\/01\/batismo_02d.jpg\",\"width\":800,\"height\":600},{\"@type\":\"WebPage\",\"@id\":\"https:\/\/franciscanos.org.br\/noticias\/franciscanos-voltam-a-igreja-franciscana-as-margens-do-jordao.html#webpage\",\"url\":\"https:\/\/franciscanos.org.br\/noticias\/franciscanos-voltam-a-igreja-franciscana-as-margens-do-jordao.html\",\"name\":\"Igreja de S\u00e3o Jo\u00e3o Batista \u00e0s margens do rio Jord\u00e3o retorna \u00e0 Cust\u00f3dia da Terra Santa - Not\u00edcias - Franciscanos\",\"isPartOf\":{\"@id\":\"https:\/\/franciscanos.org.br\/noticias\/#website\"},\"primaryImageOfPage\":{\"@id\":\"https:\/\/franciscanos.org.br\/noticias\/franciscanos-voltam-a-igreja-franciscana-as-margens-do-jordao.html#primaryimage\"},\"datePublished\":\"2021-01-18T14:02:18+00:00\",\"dateModified\":\"2021-01-18T14:05:51+00:00\",\"author\":{\"@id\":\"https:\/\/franciscanos.org.br\/noticias\/#\/schema\/person\/b5c8cba458c330ccff548b056e95a5d4\"},\"breadcrumb\":{\"@id\":\"https:\/\/franciscanos.org.br\/noticias\/franciscanos-voltam-a-igreja-franciscana-as-margens-do-jordao.html#breadcrumb\"},\"inLanguage\":\"pt-BR\",\"potentialAction\":[{\"@type\":\"ReadAction\",\"target\":[\"https:\/\/franciscanos.org.br\/noticias\/franciscanos-voltam-a-igreja-franciscana-as-margens-do-jordao.html\"]}]},{\"@type\":\"BreadcrumbList\",\"@id\":\"https:\/\/franciscanos.org.br\/noticias\/franciscanos-voltam-a-igreja-franciscana-as-margens-do-jordao.html#breadcrumb\",\"itemListElement\":[{\"@type\":\"ListItem\",\"position\":1,\"name\":\"Home\",\"item\":\"https:\/\/franciscanos.org.br\/noticias\"},{\"@type\":\"ListItem\",\"position\":2,\"name\":\"Igreja de S\u00e3o Jo\u00e3o Batista \u00e0s margens do rio Jord\u00e3o retorna \u00e0 Cust\u00f3dia da Terra Santa\"}]},{\"@type\":\"Person\",\"@id\":\"https:\/\/franciscanos.org.br\/noticias\/#\/schema\/person\/b5c8cba458c330ccff548b056e95a5d4\",\"name\":\"moacir\",\"image\":{\"@type\":\"ImageObject\",\"inLanguage\":\"pt-BR\",\"@id\":\"https:\/\/franciscanos.org.br\/noticias\/#\/schema\/person\/image\/\",\"url\":\"https:\/\/secure.gravatar.com\/avatar\/d08aa2ce4c8dd416d4479aa8536fcf64?s=96&d=mm&r=g\",\"contentUrl\":\"https:\/\/secure.gravatar.com\/avatar\/d08aa2ce4c8dd416d4479aa8536fcf64?s=96&d=mm&r=g\",\"caption\":\"moacir\"},\"url\":\"https:\/\/franciscanos.org.br\/noticias\/author\/moacir\"}]}<\/script>\n<!-- \/ Yoast SEO plugin. -->","yoast_head_json":{"title":"Igreja de S\u00e3o Jo\u00e3o Batista \u00e0s margens do rio Jord\u00e3o retorna \u00e0 Cust\u00f3dia da Terra Santa - Not\u00edcias - Franciscanos","robots":{"index":"index","follow":"follow","max-snippet":"max-snippet:-1","max-image-preview":"max-image-preview:large","max-video-preview":"max-video-preview:-1"},"canonical":"https:\/\/franciscanos.org.br\/noticias\/franciscanos-voltam-a-igreja-franciscana-as-margens-do-jordao.html","og_locale":"pt_BR","og_type":"article","og_title":"Igreja de S\u00e3o Jo\u00e3o Batista \u00e0s margens do rio Jord\u00e3o retorna \u00e0 Cust\u00f3dia da Terra Santa - Not\u00edcias - Franciscanos","og_description":"Cust\u00f3dia da Terra Santa","og_url":"https:\/\/franciscanos.org.br\/noticias\/franciscanos-voltam-a-igreja-franciscana-as-margens-do-jordao.html","og_site_name":"Not\u00edcias - Franciscanos","article_published_time":"2021-01-18T14:02:18+00:00","article_modified_time":"2021-01-18T14:05:51+00:00","og_image":[{"width":800,"height":600,"url":"https:\/\/franciscanos.org.br\/noticias\/wp-content\/uploads\/2021\/01\/batismo_02d.jpg","type":"image\/jpeg"}],"author":"moacir","twitter_card":"summary_large_image","twitter_misc":{"Escrito por":"moacir","Est. tempo de leitura":"5 minutos"},"schema":{"@context":"https:\/\/schema.org","@graph":[{"@type":"WebSite","@id":"https:\/\/franciscanos.org.br\/noticias\/#website","url":"https:\/\/franciscanos.org.br\/noticias\/","name":"Not\u00edcias - Franciscanos","description":"Prov\u00edncia Franciscana da Imaculada Concei\u00e7\u00e3o do Brasil - Ordem dos Frades Menores - OFM","potentialAction":[{"@type":"SearchAction","target":{"@type":"EntryPoint","urlTemplate":"https:\/\/franciscanos.org.br\/noticias\/?s={search_term_string}"},"query-input":"required name=search_term_string"}],"inLanguage":"pt-BR"},{"@type":"ImageObject","inLanguage":"pt-BR","@id":"https:\/\/franciscanos.org.br\/noticias\/franciscanos-voltam-a-igreja-franciscana-as-margens-do-jordao.html#primaryimage","url":"https:\/\/franciscanos.org.br\/noticias\/wp-content\/uploads\/2021\/01\/batismo_02d.jpg","contentUrl":"https:\/\/franciscanos.org.br\/noticias\/wp-content\/uploads\/2021\/01\/batismo_02d.jpg","width":800,"height":600},{"@type":"WebPage","@id":"https:\/\/franciscanos.org.br\/noticias\/franciscanos-voltam-a-igreja-franciscana-as-margens-do-jordao.html#webpage","url":"https:\/\/franciscanos.org.br\/noticias\/franciscanos-voltam-a-igreja-franciscana-as-margens-do-jordao.html","name":"Igreja de S\u00e3o Jo\u00e3o Batista \u00e0s margens do rio Jord\u00e3o retorna \u00e0 Cust\u00f3dia da Terra Santa - Not\u00edcias - Franciscanos","isPartOf":{"@id":"https:\/\/franciscanos.org.br\/noticias\/#website"},"primaryImageOfPage":{"@id":"https:\/\/franciscanos.org.br\/noticias\/franciscanos-voltam-a-igreja-franciscana-as-margens-do-jordao.html#primaryimage"},"datePublished":"2021-01-18T14:02:18+00:00","dateModified":"2021-01-18T14:05:51+00:00","author":{"@id":"https:\/\/franciscanos.org.br\/noticias\/#\/schema\/person\/b5c8cba458c330ccff548b056e95a5d4"},"breadcrumb":{"@id":"https:\/\/franciscanos.org.br\/noticias\/franciscanos-voltam-a-igreja-franciscana-as-margens-do-jordao.html#breadcrumb"},"inLanguage":"pt-BR","potentialAction":[{"@type":"ReadAction","target":["https:\/\/franciscanos.org.br\/noticias\/franciscanos-voltam-a-igreja-franciscana-as-margens-do-jordao.html"]}]},{"@type":"BreadcrumbList","@id":"https:\/\/franciscanos.org.br\/noticias\/franciscanos-voltam-a-igreja-franciscana-as-margens-do-jordao.html#breadcrumb","itemListElement":[{"@type":"ListItem","position":1,"name":"Home","item":"https:\/\/franciscanos.org.br\/noticias"},{"@type":"ListItem","position":2,"name":"Igreja de S\u00e3o Jo\u00e3o Batista \u00e0s margens do rio Jord\u00e3o retorna \u00e0 Cust\u00f3dia da Terra Santa"}]},{"@type":"Person","@id":"https:\/\/franciscanos.org.br\/noticias\/#\/schema\/person\/b5c8cba458c330ccff548b056e95a5d4","name":"moacir","image":{"@type":"ImageObject","inLanguage":"pt-BR","@id":"https:\/\/franciscanos.org.br\/noticias\/#\/schema\/person\/image\/","url":"https:\/\/secure.gravatar.com\/avatar\/d08aa2ce4c8dd416d4479aa8536fcf64?s=96&d=mm&r=g","contentUrl":"https:\/\/secure.gravatar.com\/avatar\/d08aa2ce4c8dd416d4479aa8536fcf64?s=96&d=mm&r=g","caption":"moacir"},"url":"https:\/\/franciscanos.org.br\/noticias\/author\/moacir"}]}},"_links":{"self":[{"href":"https:\/\/franciscanos.org.br\/noticias\/wp-json\/wp\/v2\/posts\/230427"}],"collection":[{"href":"https:\/\/franciscanos.org.br\/noticias\/wp-json\/wp\/v2\/posts"}],"about":[{"href":"https:\/\/franciscanos.org.br\/noticias\/wp-json\/wp\/v2\/types\/post"}],"author":[{"embeddable":true,"href":"https:\/\/franciscanos.org.br\/noticias\/wp-json\/wp\/v2\/users\/3"}],"replies":[{"embeddable":true,"href":"https:\/\/franciscanos.org.br\/noticias\/wp-json\/wp\/v2\/comments?post=230427"}],"version-history":[{"count":6,"href":"https:\/\/franciscanos.org.br\/noticias\/wp-json\/wp\/v2\/posts\/230427\/revisions"}],"predecessor-version":[{"id":230441,"href":"https:\/\/franciscanos.org.br\/noticias\/wp-json\/wp\/v2\/posts\/230427\/revisions\/230441"}],"wp:featuredmedia":[{"embeddable":true,"href":"https:\/\/franciscanos.org.br\/noticias\/wp-json\/wp\/v2\/media\/230430"}],"wp:attachment":[{"href":"https:\/\/franciscanos.org.br\/noticias\/wp-json\/wp\/v2\/media?parent=230427"}],"wp:term":[{"taxonomy":"category","embeddable":true,"href":"https:\/\/franciscanos.org.br\/noticias\/wp-json\/wp\/v2\/categories?post=230427"},{"taxonomy":"post_tag","embeddable":true,"href":"https:\/\/franciscanos.org.br\/noticias\/wp-json\/wp\/v2\/tags?post=230427"}],"curies":[{"name":"wp","href":"https:\/\/api.w.org\/{rel}","templated":true}]}}