{"id":230422,"date":"2021-01-18T09:55:36","date_gmt":"2021-01-18T12:55:36","guid":{"rendered":"https:\/\/franciscanos.org.br\/noticias\/?p=230422"},"modified":"2021-01-18T09:56:16","modified_gmt":"2021-01-18T12:56:16","slug":"semanasocial","status":"publish","type":"post","link":"https:\/\/franciscanos.org.br\/noticias\/semanasocial.html","title":{"rendered":"Ao Celebrar 30 anos, a Semana Social Brasileira reafirma sua luta pelos Direitos Humanos"},"content":{"rendered":"<p><img loading=\"lazy\" class=\"alignnone wp-image-230423 size-full\" src=\"https:\/\/franciscanos.org.br\/noticias\/wp-content\/uploads\/2021\/01\/semana_social_01.jpg\" alt=\"\" width=\"1200\" height=\"884\" srcset=\"https:\/\/franciscanos.org.br\/noticias\/wp-content\/uploads\/2021\/01\/semana_social_01.jpg 1200w, https:\/\/franciscanos.org.br\/noticias\/wp-content\/uploads\/2021\/01\/semana_social_01-450x332.jpg 450w, https:\/\/franciscanos.org.br\/noticias\/wp-content\/uploads\/2021\/01\/semana_social_01-1024x754.jpg 1024w, https:\/\/franciscanos.org.br\/noticias\/wp-content\/uploads\/2021\/01\/semana_social_01-768x566.jpg 768w, https:\/\/franciscanos.org.br\/noticias\/wp-content\/uploads\/2021\/01\/semana_social_01-150x111.jpg 150w\" sizes=\"(max-width: 1200px) 100vw, 1200px\" \/><\/p>\n<p><em>Esperan\u00e7ar: 30 anos das Semanas Sociais Brasileiras\u201d<\/em> \u00e9 o tema comemorativo do trig\u00e9simo anivers\u00e1rio de realiza\u00e7\u00e3o das Semanas Sociais Brasileiras (SSB), lan\u00e7ado nesse dia 15 de janeiro, pela Confer\u00eancia Nacional dos Bispos do Brasil (CNBB), Pastorais Sociais e Movimentos Populares. A celebra\u00e7\u00e3o ocorre em meio \u00e0 realiza\u00e7\u00e3o da 6\u00aa SSB, que iniciou a mobiliza\u00e7\u00e3o nacional em 2020 e vai at\u00e9 2023. O tema debatido pela 6\u00ba SSB \u00e9 \u201cMutir\u00e3o Pela Vida: Por Terra, Teto e Trabalho\u201d.<\/p>\n<p>A reportagem \u00e9 publicada por <em>Confer\u00eancia Nacional dos Bispos Brasileiros<\/em> &#8211; CNBB, 15-01-2021.<\/p>\n<hr \/>\n<p>Ao completar 30 anos desde seu \u201cnascimento\u201d, em 1991, a Semana Social Brasileira enfrenta desafios que entram tamb\u00e9m para a \u00e1rea do que nem sempre \u00e9 poss\u00edvel tocar ou mensurar. Ari Alberti explica. \u201cTemos que ressignificar os valores: a solidariedade, a generosidade, a partilha, a \u00e9tica\u2026 Reviver entre n\u00f3s essa experi\u00eancia. Oxal\u00e1 a Semana Social, o Grito, consigam ser esse espa\u00e7o onde o povo est\u00e1 bravamente partilhando a luta do dia a dia, da sobreviv\u00eancia dos mais pobres, da produ\u00e7\u00e3o alternativa e org\u00e2nica etc. Precisamos ter espa\u00e7o para socializar as experi\u00eancias que alimentam sim a luta, a esperan\u00e7a\u201d.<\/p>\n<blockquote><p>Precisamos ter espa\u00e7o para socializar as experi\u00eancias que alimentam sim a luta, a esperan\u00e7a\u201d.<\/p><\/blockquote>\n<p>N\u00e3o bastassem os desafios apresentados pelos contextos econ\u00f4micos, pol\u00edtico e social, a 6\u00aa Semana Social Brasileira, esse processo de forma\u00e7\u00e3o cidad\u00e3 permanente, acontece em meio a uma pandemia que at\u00e9 o momento em que este texto era fechado j\u00e1 tinha vitimado 202 mil pessoas no Brasil. Ela entra para a hist\u00f3ria como a primeira Semana Social Brasileira a ser realizada, quase que exclusivamente, de modo virtual, um cen\u00e1rio de desafios e oportunidades frentes \u00e0s bolhas e aos algoritmos.<\/p>\n<p>Alessandra Miranda, secret\u00e1ria-executiva da 6\u00aaSSB, conta em entrevista feita por plataforma digital, o palco das atividades dessa semana, como tem sido essa experi\u00eancia em tempos de isolamento, polariza\u00e7\u00f5es e desgoverno.\u00a0\u201cA pandemia nos fez mudar o planejamento e passamos a atuar dentro de limites, porque sabemos que as comunidades n\u00e3o t\u00eam acesso \u00e0 internet, e porque tamb\u00e9m n\u00e3o \u00e9 da cultura de grande parte da sociedade estar conectado, se encontrar e celebrar pelas redes sociais\u201d, avalia Alessandra.<\/p>\n<p>Mas como algu\u00e9m que enxerga o copo metade cheio, a secret\u00e1ria-executiva observa que as exig\u00eancias desse novo tempo empurraram Igrejas e movimentos sociais a aprenderem t\u00e9cnica e criativamente a lidarem com as redes sociais e estarem presentes no mundo virtual, afim de alcan\u00e7ar outros p\u00fablicos.<\/p>\n<p>\u201cOs movimentos e as pastorais sociais aprenderam muito na perspectiva t\u00e9cnica. Hoje mesmo, depois dessa crise sanit\u00e1ria, a gente sabe que em muitos momentos n\u00e3o precisaremos nos reunir e encontrar. Com certeza os movimentos e pastorais est\u00e3o se adaptando para dar conta de uma linguagem mais atrativa e efetiva, porque a comunica\u00e7\u00e3o estava muito interna, e com esse boom da necessidade das redes sociais a gente teve de aprender a trabalhar nelas e o desafio \u00e9 furar as bolhas e chegar aos grupos que pensam diferente de n\u00f3s\u201d.<\/p>\n<p>Alessandra revela que, caso a pandemia se alongue pelo ano de 2021, o que \u00e9 prov\u00e1vel, a 6\u00aa SSB se estenda por mais um ano para garantir que de fato as discuss\u00f5es e debates cheguem a mais e mais pessoas e de modo presencial. A ideia \u00e9 que, assim como a cartilha sobre as elei\u00e7\u00f5es de 2020 puderam aquecer o debate nos munic\u00edpios, que a Semana Social colabore ainda mais com as reflex\u00f5es sobre o peso do voto em 2022.<\/p>\n<p>\u201cQuisemos aproveitar as elei\u00e7\u00f5es para refletir que terra, teto e trabalho s\u00e3o direitos. No caderno \u201cMutir\u00e3o de elei\u00e7\u00f5es pela vida\u201d quisemos motivar as cidades a debaterem a gest\u00e3o dos munic\u00edpios e nos preparando para as elei\u00e7\u00f5es de 2022, porque percebemos que as elei\u00e7\u00f5es municipais s\u00e3o como que um term\u00f4metro para as elei\u00e7\u00f5es de 2022. Temos uma grande perspectiva de que a gente encerre de maneira formal a Semana gerando um grande debate nessa perspectiva\u201d.<\/p>\n<p>O acesso da popula\u00e7\u00e3o brasileira \u00e0 vacina contra a Covid-19 tamb\u00e9m est\u00e1 entre os temas que devem ocupar a pauta da Semana Social em 2021. \u201cLan\u00e7amos enquanto CNBB uma nota sobre a import\u00e2ncia da vacina\u00e7\u00e3o para todos os brasileiros e migrantes que vivem no pa\u00eds. O tema \u00e9 Mutir\u00e3o pela Vida, ent\u00e3o v\u00e1rias quest\u00f5es urgentes entram na pauta para fazermos grandes mobiliza\u00e7\u00f5es, porque a Semana Social tem isso, e a defesa do SUS sempre esteve em nossa agenda\u201d, conclui Alessandra.<\/p>\n<p>Ela tamb\u00e9m destaca a exig\u00eancia da Semana Social de alimentar a f\u00e9, o \u00e2nimo dos que buscam a constru\u00e7\u00e3o coletiva de um Estado democr\u00e1tico, livre e soberano. \u201cA din\u00e2mica da m\u00edstica independe de religi\u00e3o, porque unimos outras experi\u00eancias de f\u00e9 e n\u00e3o-f\u00e9, da m\u00edstica libertadora, do engajamento e de trazer a din\u00e2mica da f\u00e9 relacionada com a pol\u00edtica\u201d.<\/p>\n<p>\u201cN\u00e3o podemos cair em um pessimismo que n\u00e3o nos ajude a caminhar e n\u00e3o nos ajude a organizar. \u201cEsperan\u00e7ar\u201d \u00e9 perceber que n\u00f3s podemos fazer incid\u00eancia pol\u00edtica, \u00e9 cuidar da sa\u00fade mental, \u00e9 promover o mutir\u00e3o pela vida, uma forma de cuidado individual e coletivo.\u201d<\/p>\n<p>Ter esperan\u00e7as e lutar para que nosso pa\u00eds torne-se um Estado mais justo tem sido um grande desafio e, para Alessandra, tal constata\u00e7\u00e3o merece aten\u00e7\u00e3o. \u201cN\u00e3o podemos cair em um pessimismo que n\u00e3o nos ajude a caminhar e n\u00e3o nos ajude a organizar. \u201cEsperan\u00e7ar\u201d \u00e9 perceber que n\u00f3s podemos fazer incid\u00eancia pol\u00edtica, \u00e9 cuidar da sa\u00fade mental, \u00e9 promover o mutir\u00e3o pela vida, uma forma de cuidado individual e coletivo, sobretudo em um tempo de pandemia que mexe tanto com a gente\u201d, finaliza \u201cesperan\u00e7ando\u201d a secret\u00e1ria-executiva da 6\u00aaSSB.<\/p>\n<p>A 6\u00aa Semana Social Brasileira segue em Mutir\u00e3o pela Vida: Por Terra, Teto e Trabalho.<\/p>\n<p>No site da 6\u00aa Social Brasileira \u00e9 poss\u00edvel acompanhar as not\u00edcias e ter acesso aos subs\u00eddios em prepara\u00e7\u00e3o \u00e0 semana:\u00a0<a href=\"https:\/\/ssb.org.br\/\">www.ssb.org.br<\/a>\u00a0e para fazer o download de materiais para redes sociais da comemora\u00e7\u00e3o dos 30 anos de sua realiza\u00e7\u00e3o\u00a0<a href=\"https:\/\/ssb.org.br\/noticias\/30-anos-das-semanas-sociais-brasileiras\/\">aqui neste link.\u00a0<\/a><\/p>\n","protected":false},"excerpt":{"rendered":"<p>30 anos das Semanas Sociais Brasileiras<\/p>\n","protected":false},"author":3,"featured_media":230424,"comment_status":"open","ping_status":"open","sticky":false,"template":"","format":"standard","meta":[],"categories":[1],"tags":[1800],"acf":[],"yoast_head":"<!-- This site is optimized with the Yoast SEO plugin v19.2 - https:\/\/yoast.com\/wordpress\/plugins\/seo\/ -->\n<title>Ao Celebrar 30 anos, a Semana Social Brasileira reafirma sua luta pelos Direitos Humanos - Not\u00edcias - Franciscanos<\/title>\n<meta name=\"robots\" content=\"index, follow, max-snippet:-1, max-image-preview:large, max-video-preview:-1\" \/>\n<link rel=\"canonical\" href=\"https:\/\/franciscanos.org.br\/noticias\/semanasocial.html\" \/>\n<meta property=\"og:locale\" content=\"pt_BR\" \/>\n<meta property=\"og:type\" content=\"article\" \/>\n<meta property=\"og:title\" content=\"Ao Celebrar 30 anos, a Semana Social Brasileira reafirma sua luta pelos Direitos Humanos - Not\u00edcias - Franciscanos\" \/>\n<meta property=\"og:description\" content=\"30 anos das Semanas Sociais Brasileiras\" \/>\n<meta property=\"og:url\" content=\"https:\/\/franciscanos.org.br\/noticias\/semanasocial.html\" \/>\n<meta property=\"og:site_name\" content=\"Not\u00edcias - Franciscanos\" \/>\n<meta property=\"article:published_time\" content=\"2021-01-18T12:55:36+00:00\" \/>\n<meta property=\"article:modified_time\" content=\"2021-01-18T12:56:16+00:00\" \/>\n<meta property=\"og:image\" content=\"https:\/\/franciscanos.org.br\/noticias\/wp-content\/uploads\/2021\/01\/semana_social_01d.jpg\" \/>\n\t<meta property=\"og:image:width\" content=\"800\" \/>\n\t<meta property=\"og:image:height\" content=\"600\" \/>\n\t<meta property=\"og:image:type\" content=\"image\/jpeg\" \/>\n<meta name=\"author\" content=\"moacir\" \/>\n<meta name=\"twitter:card\" content=\"summary_large_image\" \/>\n<meta name=\"twitter:label1\" content=\"Escrito por\" \/>\n\t<meta name=\"twitter:data1\" content=\"moacir\" \/>\n\t<meta name=\"twitter:label2\" content=\"Est. tempo de leitura\" \/>\n\t<meta name=\"twitter:data2\" content=\"5 minutos\" \/>\n<script type=\"application\/ld+json\" class=\"yoast-schema-graph\">{\"@context\":\"https:\/\/schema.org\",\"@graph\":[{\"@type\":\"WebSite\",\"@id\":\"https:\/\/franciscanos.org.br\/noticias\/#website\",\"url\":\"https:\/\/franciscanos.org.br\/noticias\/\",\"name\":\"Not\u00edcias - Franciscanos\",\"description\":\"Prov\u00edncia Franciscana da Imaculada Concei\u00e7\u00e3o do Brasil - Ordem dos Frades Menores - OFM\",\"potentialAction\":[{\"@type\":\"SearchAction\",\"target\":{\"@type\":\"EntryPoint\",\"urlTemplate\":\"https:\/\/franciscanos.org.br\/noticias\/?s={search_term_string}\"},\"query-input\":\"required name=search_term_string\"}],\"inLanguage\":\"pt-BR\"},{\"@type\":\"ImageObject\",\"inLanguage\":\"pt-BR\",\"@id\":\"https:\/\/franciscanos.org.br\/noticias\/semanasocial.html#primaryimage\",\"url\":\"https:\/\/franciscanos.org.br\/noticias\/wp-content\/uploads\/2021\/01\/semana_social_01d.jpg\",\"contentUrl\":\"https:\/\/franciscanos.org.br\/noticias\/wp-content\/uploads\/2021\/01\/semana_social_01d.jpg\",\"width\":800,\"height\":600},{\"@type\":\"WebPage\",\"@id\":\"https:\/\/franciscanos.org.br\/noticias\/semanasocial.html#webpage\",\"url\":\"https:\/\/franciscanos.org.br\/noticias\/semanasocial.html\",\"name\":\"Ao Celebrar 30 anos, a Semana Social Brasileira reafirma sua luta pelos Direitos Humanos - Not\u00edcias - Franciscanos\",\"isPartOf\":{\"@id\":\"https:\/\/franciscanos.org.br\/noticias\/#website\"},\"primaryImageOfPage\":{\"@id\":\"https:\/\/franciscanos.org.br\/noticias\/semanasocial.html#primaryimage\"},\"datePublished\":\"2021-01-18T12:55:36+00:00\",\"dateModified\":\"2021-01-18T12:56:16+00:00\",\"author\":{\"@id\":\"https:\/\/franciscanos.org.br\/noticias\/#\/schema\/person\/b5c8cba458c330ccff548b056e95a5d4\"},\"breadcrumb\":{\"@id\":\"https:\/\/franciscanos.org.br\/noticias\/semanasocial.html#breadcrumb\"},\"inLanguage\":\"pt-BR\",\"potentialAction\":[{\"@type\":\"ReadAction\",\"target\":[\"https:\/\/franciscanos.org.br\/noticias\/semanasocial.html\"]}]},{\"@type\":\"BreadcrumbList\",\"@id\":\"https:\/\/franciscanos.org.br\/noticias\/semanasocial.html#breadcrumb\",\"itemListElement\":[{\"@type\":\"ListItem\",\"position\":1,\"name\":\"Home\",\"item\":\"https:\/\/franciscanos.org.br\/noticias\"},{\"@type\":\"ListItem\",\"position\":2,\"name\":\"Ao Celebrar 30 anos, a Semana Social Brasileira reafirma sua luta pelos Direitos Humanos\"}]},{\"@type\":\"Person\",\"@id\":\"https:\/\/franciscanos.org.br\/noticias\/#\/schema\/person\/b5c8cba458c330ccff548b056e95a5d4\",\"name\":\"moacir\",\"image\":{\"@type\":\"ImageObject\",\"inLanguage\":\"pt-BR\",\"@id\":\"https:\/\/franciscanos.org.br\/noticias\/#\/schema\/person\/image\/\",\"url\":\"https:\/\/secure.gravatar.com\/avatar\/d08aa2ce4c8dd416d4479aa8536fcf64?s=96&d=mm&r=g\",\"contentUrl\":\"https:\/\/secure.gravatar.com\/avatar\/d08aa2ce4c8dd416d4479aa8536fcf64?s=96&d=mm&r=g\",\"caption\":\"moacir\"},\"url\":\"https:\/\/franciscanos.org.br\/noticias\/author\/moacir\"}]}<\/script>\n<!-- \/ Yoast SEO plugin. -->","yoast_head_json":{"title":"Ao Celebrar 30 anos, a Semana Social Brasileira reafirma sua luta pelos Direitos Humanos - Not\u00edcias - Franciscanos","robots":{"index":"index","follow":"follow","max-snippet":"max-snippet:-1","max-image-preview":"max-image-preview:large","max-video-preview":"max-video-preview:-1"},"canonical":"https:\/\/franciscanos.org.br\/noticias\/semanasocial.html","og_locale":"pt_BR","og_type":"article","og_title":"Ao Celebrar 30 anos, a Semana Social Brasileira reafirma sua luta pelos Direitos Humanos - Not\u00edcias - Franciscanos","og_description":"30 anos das Semanas Sociais Brasileiras","og_url":"https:\/\/franciscanos.org.br\/noticias\/semanasocial.html","og_site_name":"Not\u00edcias - Franciscanos","article_published_time":"2021-01-18T12:55:36+00:00","article_modified_time":"2021-01-18T12:56:16+00:00","og_image":[{"width":800,"height":600,"url":"https:\/\/franciscanos.org.br\/noticias\/wp-content\/uploads\/2021\/01\/semana_social_01d.jpg","type":"image\/jpeg"}],"author":"moacir","twitter_card":"summary_large_image","twitter_misc":{"Escrito por":"moacir","Est. tempo de leitura":"5 minutos"},"schema":{"@context":"https:\/\/schema.org","@graph":[{"@type":"WebSite","@id":"https:\/\/franciscanos.org.br\/noticias\/#website","url":"https:\/\/franciscanos.org.br\/noticias\/","name":"Not\u00edcias - Franciscanos","description":"Prov\u00edncia Franciscana da Imaculada Concei\u00e7\u00e3o do Brasil - Ordem dos Frades Menores - OFM","potentialAction":[{"@type":"SearchAction","target":{"@type":"EntryPoint","urlTemplate":"https:\/\/franciscanos.org.br\/noticias\/?s={search_term_string}"},"query-input":"required name=search_term_string"}],"inLanguage":"pt-BR"},{"@type":"ImageObject","inLanguage":"pt-BR","@id":"https:\/\/franciscanos.org.br\/noticias\/semanasocial.html#primaryimage","url":"https:\/\/franciscanos.org.br\/noticias\/wp-content\/uploads\/2021\/01\/semana_social_01d.jpg","contentUrl":"https:\/\/franciscanos.org.br\/noticias\/wp-content\/uploads\/2021\/01\/semana_social_01d.jpg","width":800,"height":600},{"@type":"WebPage","@id":"https:\/\/franciscanos.org.br\/noticias\/semanasocial.html#webpage","url":"https:\/\/franciscanos.org.br\/noticias\/semanasocial.html","name":"Ao Celebrar 30 anos, a Semana Social Brasileira reafirma sua luta pelos Direitos Humanos - Not\u00edcias - Franciscanos","isPartOf":{"@id":"https:\/\/franciscanos.org.br\/noticias\/#website"},"primaryImageOfPage":{"@id":"https:\/\/franciscanos.org.br\/noticias\/semanasocial.html#primaryimage"},"datePublished":"2021-01-18T12:55:36+00:00","dateModified":"2021-01-18T12:56:16+00:00","author":{"@id":"https:\/\/franciscanos.org.br\/noticias\/#\/schema\/person\/b5c8cba458c330ccff548b056e95a5d4"},"breadcrumb":{"@id":"https:\/\/franciscanos.org.br\/noticias\/semanasocial.html#breadcrumb"},"inLanguage":"pt-BR","potentialAction":[{"@type":"ReadAction","target":["https:\/\/franciscanos.org.br\/noticias\/semanasocial.html"]}]},{"@type":"BreadcrumbList","@id":"https:\/\/franciscanos.org.br\/noticias\/semanasocial.html#breadcrumb","itemListElement":[{"@type":"ListItem","position":1,"name":"Home","item":"https:\/\/franciscanos.org.br\/noticias"},{"@type":"ListItem","position":2,"name":"Ao Celebrar 30 anos, a Semana Social Brasileira reafirma sua luta pelos Direitos Humanos"}]},{"@type":"Person","@id":"https:\/\/franciscanos.org.br\/noticias\/#\/schema\/person\/b5c8cba458c330ccff548b056e95a5d4","name":"moacir","image":{"@type":"ImageObject","inLanguage":"pt-BR","@id":"https:\/\/franciscanos.org.br\/noticias\/#\/schema\/person\/image\/","url":"https:\/\/secure.gravatar.com\/avatar\/d08aa2ce4c8dd416d4479aa8536fcf64?s=96&d=mm&r=g","contentUrl":"https:\/\/secure.gravatar.com\/avatar\/d08aa2ce4c8dd416d4479aa8536fcf64?s=96&d=mm&r=g","caption":"moacir"},"url":"https:\/\/franciscanos.org.br\/noticias\/author\/moacir"}]}},"_links":{"self":[{"href":"https:\/\/franciscanos.org.br\/noticias\/wp-json\/wp\/v2\/posts\/230422"}],"collection":[{"href":"https:\/\/franciscanos.org.br\/noticias\/wp-json\/wp\/v2\/posts"}],"about":[{"href":"https:\/\/franciscanos.org.br\/noticias\/wp-json\/wp\/v2\/types\/post"}],"author":[{"embeddable":true,"href":"https:\/\/franciscanos.org.br\/noticias\/wp-json\/wp\/v2\/users\/3"}],"replies":[{"embeddable":true,"href":"https:\/\/franciscanos.org.br\/noticias\/wp-json\/wp\/v2\/comments?post=230422"}],"version-history":[{"count":2,"href":"https:\/\/franciscanos.org.br\/noticias\/wp-json\/wp\/v2\/posts\/230422\/revisions"}],"predecessor-version":[{"id":230426,"href":"https:\/\/franciscanos.org.br\/noticias\/wp-json\/wp\/v2\/posts\/230422\/revisions\/230426"}],"wp:featuredmedia":[{"embeddable":true,"href":"https:\/\/franciscanos.org.br\/noticias\/wp-json\/wp\/v2\/media\/230424"}],"wp:attachment":[{"href":"https:\/\/franciscanos.org.br\/noticias\/wp-json\/wp\/v2\/media?parent=230422"}],"wp:term":[{"taxonomy":"category","embeddable":true,"href":"https:\/\/franciscanos.org.br\/noticias\/wp-json\/wp\/v2\/categories?post=230422"},{"taxonomy":"post_tag","embeddable":true,"href":"https:\/\/franciscanos.org.br\/noticias\/wp-json\/wp\/v2\/tags?post=230422"}],"curies":[{"name":"wp","href":"https:\/\/api.w.org\/{rel}","templated":true}]}}