{"id":230409,"date":"2021-01-17T09:03:35","date_gmt":"2021-01-17T12:03:35","guid":{"rendered":"https:\/\/franciscanos.org.br\/noticias\/?p=230409"},"modified":"2021-01-17T09:03:35","modified_gmt":"2021-01-17T12:03:35","slug":"papa-o-verdadeiro-encontro-com-jesus-nunca-se-esquece","status":"publish","type":"post","link":"https:\/\/franciscanos.org.br\/noticias\/papa-o-verdadeiro-encontro-com-jesus-nunca-se-esquece.html","title":{"rendered":"Papa: o verdadeiro encontro com Jesus nunca se esquece"},"content":{"rendered":"<div id=\"attachment_230411\" style=\"width: 1290px\" class=\"wp-caption alignnone\"><img aria-describedby=\"caption-attachment-230411\" loading=\"lazy\" class=\"wp-image-230411 size-full\" src=\"https:\/\/franciscanos.org.br\/noticias\/wp-content\/uploads\/2021\/01\/angelus_17.jpg\" alt=\"\" width=\"1280\" height=\"720\" srcset=\"https:\/\/franciscanos.org.br\/noticias\/wp-content\/uploads\/2021\/01\/angelus_17.jpg 1280w, https:\/\/franciscanos.org.br\/noticias\/wp-content\/uploads\/2021\/01\/angelus_17-450x253.jpg 450w, https:\/\/franciscanos.org.br\/noticias\/wp-content\/uploads\/2021\/01\/angelus_17-1024x576.jpg 1024w, https:\/\/franciscanos.org.br\/noticias\/wp-content\/uploads\/2021\/01\/angelus_17-768x432.jpg 768w, https:\/\/franciscanos.org.br\/noticias\/wp-content\/uploads\/2021\/01\/angelus_17-150x84.jpg 150w\" sizes=\"(max-width: 1280px) 100vw, 1280px\" \/><p id=\"caption-attachment-230411\" class=\"wp-caption-text\">\u00a0 \u00a0 \u00a0 \u00a0 \u00a0 \u00a0 \u00a0 \u00a0 \u00a0 \u00a0 \u00a0 \u00a0 \u00a0 \u00a0 \u00a0 \u00a0 \u00a0 \u00a0 \u00a0 \u00a0 \u00a0 \u00a0 \u00a0 \u00a0 \u00a0 \u00a0 \u00a0 \u00a0 \u00a0 \u00a0 \u00a0 \u00a0 \u00a0 \u00a0 \u00a0 \u00a0 \u00a0 \u00a0 \u00a0 \u00a0 \u00a0 \u00a0 \u00a0 \u00a0 \u00a0 \u00a0 \u00a0 \u00a0 \u00a0 \u00a0 \u00a0 \u00a0 \u00a0 \u00a0 \u00a0 \u00a0 \u00a0 \u00a0 \u00a0 \u00a0 \u00a0<em> \u00a0 \u00a0 Imagem: Vatican Media<\/em><\/p><\/div>\n<p>O projeto de Deus para cada um de n\u00f3s \u00e9 sempre um plano de amor. E ao seu chamado, devemos responder com amor, no servi\u00e7o a Deus e aos irm\u00e3os. Inspirado no Evangelho de Jo\u00e3o &#8211; que apresenta o encontro de Jesus com seus primeiros disc\u00edpulos &#8211; o Papa tamb\u00e9m convidou a recordamos do momento do encontro derradeiro que tivemos com o Senhor, \u201cpara que a recorda\u00e7\u00e3o daquele momento nos renove sempre no encontro com Jesus\u201d. \u201cTodo encontro aut\u00eantico com Jesus fica na mem\u00f3ria viva\u201d.<\/p>\n<p>Da Biblioteca do Pal\u00e1cio Apost\u00f3lico, tamb\u00e9m em observ\u00e2ncia \u00e0s medidas adotadas pelo governo italiano para conter a difus\u00e3o do coronav\u00edrus, Francisco come\u00e7a sua reflex\u00e3o descrevendo a cena de Jesus com dois de seus disc\u00edpulos \u00e0 beira do rio Jord\u00e3o, um deles Andr\u00e9. E foi o pr\u00f3prio Jo\u00e3o Batista \u2013 explicou &#8211; quem apontou o Messias para eles com estas palavras: &#8220;Eis o Cordeiro de Deus!&#8221;<\/p>\n<p>Em respostas \u00e0s perguntas que come\u00e7aram a lhe ser dirigidas, cheias de curiosidades, Jesus n\u00e3o apresenta \u201cum cart\u00e3o de visitas\u201d, mas os convida para um encontro: \u201cVinde e vede!\u201d \u201cOs dois o seguem e naquela tarde permanecem com Ele\u201d:\u00a0N\u00e3o \u00e9 dif\u00edcil imagin\u00e1-los ali sentados, fazendo perguntas a ele e, sobretudo, ouvindo-o, sentindo que seus cora\u00e7\u00f5es se aquecem sempre mais, enquanto o Mestre fala. Eles sentem a beleza das palavras que correspondem \u00e0 sua maior esperan\u00e7a. E de repente descobrem que, \u00e0 medida que escurece \u00e0 sua volta, explode neles, em seus cora\u00e7\u00f5es, uma luz que somente Deus pode dar.<\/p>\n<p><strong>Do verdadeiro encontro com Jesus n\u00e3o se esquece nunca<\/strong><\/p>\n<p>Francisco chama ent\u00e3o a aten\u00e7\u00e3o para a hora precisa deste encontro descrita por Jo\u00e3o: Uma coisa que chama a aten\u00e7\u00e3o: um deles, sessenta anos depois, ou talvez mais, escreveu no Evangelho &#8211; \u201cera por volta das quatro da tarde\u201d &#8211; escreveu a hora. E isso \u00e9 algo que nos faz pensar: todo encontro aut\u00eantico com Jesus fica na mem\u00f3ria viva, nunca \u00e9 esquecido. Voc\u00ea se esquece de tantos encontros, mas o encontro com Jesus verdadeiro permanece sempre. E tantos anos depois eles se recordavam tamb\u00e9m da hora, n\u00e3o puderam esquecer aquele encontro t\u00e3o feliz, t\u00e3o pleno, que havia mudado a vida.<\/p>\n<p>E quando eles saem e voltam para seus irm\u00e3os \u2013 continua explicando o Papa \u2013 \u201cessa alegria, essa luz transborda de seus cora\u00e7\u00f5es como um rio caudaloso\u201d.<\/p>\n<p><strong>Cada encontro com Jesus \u00e9 um chamado de amor<\/strong><\/p>\n<p>Ent\u00e3o, um dos dois, Andr\u00e9, diz a seu irm\u00e3o Sim\u00e3o &#8211; a quem Jesus chamar\u00e1 Pedro quando o encontrar-: &#8220;Encontramos o Messias&#8221;. Estavam certos que Jesus era o Messias: Detenhamo-nos por um momento nesta experi\u00eancia do encontro com Cristo que chama a estar com Ele. Cada chamado de Deus \u00e9 uma iniciativa do seu amor. \u00c9 sempre Ele que toma a iniciativa. Ele te chama. Deus chama \u00e0 vida, chama \u00e0 f\u00e9 e chama a um estado particular de vida: \u201cEu te quero aqui\u201d.<\/p>\n<p>O primeiro chamado de Deus \u2013 explica Francisco \u2013 \u201c\u00e9 para a vida, com a qual nos constitui como pessoas; \u00e9 um chamado individual, porque Deus n\u00e3o faz as coisas em s\u00e9rie\u201d.<\/p>\n<p><strong>Projeto de Deus \u00e9 sempre um plano de amor<\/strong><\/p>\n<p>Depois \u2013 acrescenta \u2013 \u201cDeus nos chama \u00e0 f\u00e9 e para fazer parte da sua fam\u00edlia, como filhos de Deus. Por fim, Deus nos chama a um estado particular de vida: a doar-nos no caminho do matrim\u00f4nio, no do sacerd\u00f3cio ou na vida consagrada: S\u00e3o formas diferentes de realizar o projeto que Deus, aquele que Ele tem para cada um de n\u00f3s, que \u00e9 sempre um plano de amor. Mas Deus chama sempre. E a maior alegria para cada crente (para cada fiel) \u00e9 responder a este chamado, oferecer-se inteiramente ao servi\u00e7o de Deus e dos irm\u00e3os.<\/p>\n<p>Mas diante deste chamado do Senhor \u2013 observa o Pont\u00edfice &#8211; que nos chega \u201cde mil maneiras\u201d, mesmo \u201cpor meio de pessoas, acontecimentos felizes e tristes, \u00e0s vezes a nossa atitude pode ser de rejei\u00e7\u00e3o &#8211; \u201cN\u00e3o&#8230;\u201ctenho medo\u201d&#8230; Recuso porque nos parece em contraste com as nossas aspira\u00e7\u00f5es; e tamb\u00e9m o medo, porque o consideramos muito exigente e inc\u00f4modo: \u201cOh, n\u00e3o conseguirei, melhor n\u00e3o, melhor uma vida mais tranquila. Deus l\u00e1 e eu aqui\u201d: Mas o chamado de Deus \u00e9 amor. Devemos procurar encontrar o amor que est\u00e1 por tr\u00e1s de cada chamado, e se responde a ele somente com o amor. Esta \u00e9 a linguagem: da resposta a um chamado que vem do amor, somente o amor. No in\u00edcio h\u00e1 um encontro, ali\u00e1s, h\u00e1 o encontro com Jesus, que nos fala do Pai, nos faz conhecer o seu amor. E assim tamb\u00e9m em n\u00f3s surge espontaneamente o desejo de comunic\u00e1-lo \u00e0s pessoas que amamos: &#8220;Encontrei o Amor&#8221;, \u201cencontrei o Messias\u201d, \u201cencontrei Jesus\u201d, &#8220;encontrei o sentido da minha vida&#8221;. Em uma palavra: &#8220;Encontrei Deus&#8221;.<\/p>\n<p>Que a Virgem Maria \u2013 foi o pedido do Papa ao concluir &#8211; nos ajude a fazer da nossa vida um hino de louvor a Deus, em resposta ao seu chamado e no cumprimento humilde e alegre da sua vontade: Mas recordemos isso: (para) cada um de n\u00f3s, na sua vida, (houve) um momento em que Deus se fez presente com mais for\u00e7a, com um chamado. Recordemo-lo. Voltemos \u00e0quele momento, para que a mem\u00f3ria daquele momento nos renove sempre no encontro com Jesus.<\/p>\n<hr \/>\n<p><em>Fonte: Vatican News (texto de Jackson Erpen)<\/em><\/p>\n","protected":false},"excerpt":{"rendered":"<p>Angelus<\/p>\n","protected":false},"author":3,"featured_media":230410,"comment_status":"open","ping_status":"open","sticky":false,"template":"","format":"standard","meta":[],"categories":[1428],"tags":[403],"acf":[],"yoast_head":"<!-- This site is optimized with the Yoast SEO plugin v19.2 - https:\/\/yoast.com\/wordpress\/plugins\/seo\/ -->\n<title>Papa: o verdadeiro encontro com Jesus nunca se esquece - Not\u00edcias - Franciscanos<\/title>\n<meta name=\"robots\" content=\"index, follow, max-snippet:-1, max-image-preview:large, max-video-preview:-1\" \/>\n<link rel=\"canonical\" href=\"https:\/\/franciscanos.org.br\/noticias\/papa-o-verdadeiro-encontro-com-jesus-nunca-se-esquece.html\" \/>\n<meta property=\"og:locale\" content=\"pt_BR\" \/>\n<meta property=\"og:type\" content=\"article\" \/>\n<meta property=\"og:title\" content=\"Papa: o verdadeiro encontro com Jesus nunca se esquece - Not\u00edcias - Franciscanos\" \/>\n<meta property=\"og:description\" content=\"Angelus\" \/>\n<meta property=\"og:url\" content=\"https:\/\/franciscanos.org.br\/noticias\/papa-o-verdadeiro-encontro-com-jesus-nunca-se-esquece.html\" \/>\n<meta property=\"og:site_name\" content=\"Not\u00edcias - Franciscanos\" \/>\n<meta property=\"article:published_time\" content=\"2021-01-17T12:03:35+00:00\" \/>\n<meta property=\"og:image\" content=\"https:\/\/franciscanos.org.br\/noticias\/wp-content\/uploads\/2021\/01\/angelus_17d.jpg\" \/>\n\t<meta property=\"og:image:width\" content=\"800\" \/>\n\t<meta property=\"og:image:height\" content=\"600\" \/>\n\t<meta property=\"og:image:type\" content=\"image\/jpeg\" \/>\n<meta name=\"author\" content=\"moacir\" \/>\n<meta name=\"twitter:card\" content=\"summary_large_image\" \/>\n<meta name=\"twitter:label1\" content=\"Escrito por\" \/>\n\t<meta name=\"twitter:data1\" content=\"moacir\" \/>\n\t<meta name=\"twitter:label2\" content=\"Est. tempo de leitura\" \/>\n\t<meta name=\"twitter:data2\" content=\"5 minutos\" \/>\n<script type=\"application\/ld+json\" class=\"yoast-schema-graph\">{\"@context\":\"https:\/\/schema.org\",\"@graph\":[{\"@type\":\"WebSite\",\"@id\":\"https:\/\/franciscanos.org.br\/noticias\/#website\",\"url\":\"https:\/\/franciscanos.org.br\/noticias\/\",\"name\":\"Not\u00edcias - Franciscanos\",\"description\":\"Prov\u00edncia Franciscana da Imaculada Concei\u00e7\u00e3o do Brasil - Ordem dos Frades Menores - OFM\",\"potentialAction\":[{\"@type\":\"SearchAction\",\"target\":{\"@type\":\"EntryPoint\",\"urlTemplate\":\"https:\/\/franciscanos.org.br\/noticias\/?s={search_term_string}\"},\"query-input\":\"required name=search_term_string\"}],\"inLanguage\":\"pt-BR\"},{\"@type\":\"ImageObject\",\"inLanguage\":\"pt-BR\",\"@id\":\"https:\/\/franciscanos.org.br\/noticias\/papa-o-verdadeiro-encontro-com-jesus-nunca-se-esquece.html#primaryimage\",\"url\":\"https:\/\/franciscanos.org.br\/noticias\/wp-content\/uploads\/2021\/01\/angelus_17d.jpg\",\"contentUrl\":\"https:\/\/franciscanos.org.br\/noticias\/wp-content\/uploads\/2021\/01\/angelus_17d.jpg\",\"width\":800,\"height\":600},{\"@type\":\"WebPage\",\"@id\":\"https:\/\/franciscanos.org.br\/noticias\/papa-o-verdadeiro-encontro-com-jesus-nunca-se-esquece.html#webpage\",\"url\":\"https:\/\/franciscanos.org.br\/noticias\/papa-o-verdadeiro-encontro-com-jesus-nunca-se-esquece.html\",\"name\":\"Papa: o verdadeiro encontro com Jesus nunca se esquece - Not\u00edcias - Franciscanos\",\"isPartOf\":{\"@id\":\"https:\/\/franciscanos.org.br\/noticias\/#website\"},\"primaryImageOfPage\":{\"@id\":\"https:\/\/franciscanos.org.br\/noticias\/papa-o-verdadeiro-encontro-com-jesus-nunca-se-esquece.html#primaryimage\"},\"datePublished\":\"2021-01-17T12:03:35+00:00\",\"dateModified\":\"2021-01-17T12:03:35+00:00\",\"author\":{\"@id\":\"https:\/\/franciscanos.org.br\/noticias\/#\/schema\/person\/b5c8cba458c330ccff548b056e95a5d4\"},\"breadcrumb\":{\"@id\":\"https:\/\/franciscanos.org.br\/noticias\/papa-o-verdadeiro-encontro-com-jesus-nunca-se-esquece.html#breadcrumb\"},\"inLanguage\":\"pt-BR\",\"potentialAction\":[{\"@type\":\"ReadAction\",\"target\":[\"https:\/\/franciscanos.org.br\/noticias\/papa-o-verdadeiro-encontro-com-jesus-nunca-se-esquece.html\"]}]},{\"@type\":\"BreadcrumbList\",\"@id\":\"https:\/\/franciscanos.org.br\/noticias\/papa-o-verdadeiro-encontro-com-jesus-nunca-se-esquece.html#breadcrumb\",\"itemListElement\":[{\"@type\":\"ListItem\",\"position\":1,\"name\":\"Home\",\"item\":\"https:\/\/franciscanos.org.br\/noticias\"},{\"@type\":\"ListItem\",\"position\":2,\"name\":\"Papa: o verdadeiro encontro com Jesus nunca se esquece\"}]},{\"@type\":\"Person\",\"@id\":\"https:\/\/franciscanos.org.br\/noticias\/#\/schema\/person\/b5c8cba458c330ccff548b056e95a5d4\",\"name\":\"moacir\",\"image\":{\"@type\":\"ImageObject\",\"inLanguage\":\"pt-BR\",\"@id\":\"https:\/\/franciscanos.org.br\/noticias\/#\/schema\/person\/image\/\",\"url\":\"https:\/\/secure.gravatar.com\/avatar\/d08aa2ce4c8dd416d4479aa8536fcf64?s=96&d=mm&r=g\",\"contentUrl\":\"https:\/\/secure.gravatar.com\/avatar\/d08aa2ce4c8dd416d4479aa8536fcf64?s=96&d=mm&r=g\",\"caption\":\"moacir\"},\"url\":\"https:\/\/franciscanos.org.br\/noticias\/author\/moacir\"}]}<\/script>\n<!-- \/ Yoast SEO plugin. -->","yoast_head_json":{"title":"Papa: o verdadeiro encontro com Jesus nunca se esquece - Not\u00edcias - Franciscanos","robots":{"index":"index","follow":"follow","max-snippet":"max-snippet:-1","max-image-preview":"max-image-preview:large","max-video-preview":"max-video-preview:-1"},"canonical":"https:\/\/franciscanos.org.br\/noticias\/papa-o-verdadeiro-encontro-com-jesus-nunca-se-esquece.html","og_locale":"pt_BR","og_type":"article","og_title":"Papa: o verdadeiro encontro com Jesus nunca se esquece - Not\u00edcias - Franciscanos","og_description":"Angelus","og_url":"https:\/\/franciscanos.org.br\/noticias\/papa-o-verdadeiro-encontro-com-jesus-nunca-se-esquece.html","og_site_name":"Not\u00edcias - Franciscanos","article_published_time":"2021-01-17T12:03:35+00:00","og_image":[{"width":800,"height":600,"url":"https:\/\/franciscanos.org.br\/noticias\/wp-content\/uploads\/2021\/01\/angelus_17d.jpg","type":"image\/jpeg"}],"author":"moacir","twitter_card":"summary_large_image","twitter_misc":{"Escrito por":"moacir","Est. tempo de leitura":"5 minutos"},"schema":{"@context":"https:\/\/schema.org","@graph":[{"@type":"WebSite","@id":"https:\/\/franciscanos.org.br\/noticias\/#website","url":"https:\/\/franciscanos.org.br\/noticias\/","name":"Not\u00edcias - Franciscanos","description":"Prov\u00edncia Franciscana da Imaculada Concei\u00e7\u00e3o do Brasil - Ordem dos Frades Menores - OFM","potentialAction":[{"@type":"SearchAction","target":{"@type":"EntryPoint","urlTemplate":"https:\/\/franciscanos.org.br\/noticias\/?s={search_term_string}"},"query-input":"required name=search_term_string"}],"inLanguage":"pt-BR"},{"@type":"ImageObject","inLanguage":"pt-BR","@id":"https:\/\/franciscanos.org.br\/noticias\/papa-o-verdadeiro-encontro-com-jesus-nunca-se-esquece.html#primaryimage","url":"https:\/\/franciscanos.org.br\/noticias\/wp-content\/uploads\/2021\/01\/angelus_17d.jpg","contentUrl":"https:\/\/franciscanos.org.br\/noticias\/wp-content\/uploads\/2021\/01\/angelus_17d.jpg","width":800,"height":600},{"@type":"WebPage","@id":"https:\/\/franciscanos.org.br\/noticias\/papa-o-verdadeiro-encontro-com-jesus-nunca-se-esquece.html#webpage","url":"https:\/\/franciscanos.org.br\/noticias\/papa-o-verdadeiro-encontro-com-jesus-nunca-se-esquece.html","name":"Papa: o verdadeiro encontro com Jesus nunca se esquece - Not\u00edcias - Franciscanos","isPartOf":{"@id":"https:\/\/franciscanos.org.br\/noticias\/#website"},"primaryImageOfPage":{"@id":"https:\/\/franciscanos.org.br\/noticias\/papa-o-verdadeiro-encontro-com-jesus-nunca-se-esquece.html#primaryimage"},"datePublished":"2021-01-17T12:03:35+00:00","dateModified":"2021-01-17T12:03:35+00:00","author":{"@id":"https:\/\/franciscanos.org.br\/noticias\/#\/schema\/person\/b5c8cba458c330ccff548b056e95a5d4"},"breadcrumb":{"@id":"https:\/\/franciscanos.org.br\/noticias\/papa-o-verdadeiro-encontro-com-jesus-nunca-se-esquece.html#breadcrumb"},"inLanguage":"pt-BR","potentialAction":[{"@type":"ReadAction","target":["https:\/\/franciscanos.org.br\/noticias\/papa-o-verdadeiro-encontro-com-jesus-nunca-se-esquece.html"]}]},{"@type":"BreadcrumbList","@id":"https:\/\/franciscanos.org.br\/noticias\/papa-o-verdadeiro-encontro-com-jesus-nunca-se-esquece.html#breadcrumb","itemListElement":[{"@type":"ListItem","position":1,"name":"Home","item":"https:\/\/franciscanos.org.br\/noticias"},{"@type":"ListItem","position":2,"name":"Papa: o verdadeiro encontro com Jesus nunca se esquece"}]},{"@type":"Person","@id":"https:\/\/franciscanos.org.br\/noticias\/#\/schema\/person\/b5c8cba458c330ccff548b056e95a5d4","name":"moacir","image":{"@type":"ImageObject","inLanguage":"pt-BR","@id":"https:\/\/franciscanos.org.br\/noticias\/#\/schema\/person\/image\/","url":"https:\/\/secure.gravatar.com\/avatar\/d08aa2ce4c8dd416d4479aa8536fcf64?s=96&d=mm&r=g","contentUrl":"https:\/\/secure.gravatar.com\/avatar\/d08aa2ce4c8dd416d4479aa8536fcf64?s=96&d=mm&r=g","caption":"moacir"},"url":"https:\/\/franciscanos.org.br\/noticias\/author\/moacir"}]}},"_links":{"self":[{"href":"https:\/\/franciscanos.org.br\/noticias\/wp-json\/wp\/v2\/posts\/230409"}],"collection":[{"href":"https:\/\/franciscanos.org.br\/noticias\/wp-json\/wp\/v2\/posts"}],"about":[{"href":"https:\/\/franciscanos.org.br\/noticias\/wp-json\/wp\/v2\/types\/post"}],"author":[{"embeddable":true,"href":"https:\/\/franciscanos.org.br\/noticias\/wp-json\/wp\/v2\/users\/3"}],"replies":[{"embeddable":true,"href":"https:\/\/franciscanos.org.br\/noticias\/wp-json\/wp\/v2\/comments?post=230409"}],"version-history":[{"count":1,"href":"https:\/\/franciscanos.org.br\/noticias\/wp-json\/wp\/v2\/posts\/230409\/revisions"}],"predecessor-version":[{"id":230412,"href":"https:\/\/franciscanos.org.br\/noticias\/wp-json\/wp\/v2\/posts\/230409\/revisions\/230412"}],"wp:featuredmedia":[{"embeddable":true,"href":"https:\/\/franciscanos.org.br\/noticias\/wp-json\/wp\/v2\/media\/230410"}],"wp:attachment":[{"href":"https:\/\/franciscanos.org.br\/noticias\/wp-json\/wp\/v2\/media?parent=230409"}],"wp:term":[{"taxonomy":"category","embeddable":true,"href":"https:\/\/franciscanos.org.br\/noticias\/wp-json\/wp\/v2\/categories?post=230409"},{"taxonomy":"post_tag","embeddable":true,"href":"https:\/\/franciscanos.org.br\/noticias\/wp-json\/wp\/v2\/tags?post=230409"}],"curies":[{"name":"wp","href":"https:\/\/api.w.org\/{rel}","templated":true}]}}