{"id":230385,"date":"2021-01-14T09:11:00","date_gmt":"2021-01-14T12:11:00","guid":{"rendered":"https:\/\/franciscanos.org.br\/noticias\/?p=230385"},"modified":"2022-12-31T12:43:34","modified_gmt":"2022-12-31T15:43:34","slug":"campanha-contra-a-covid-19-francisco-e-bento-xvi-foram-vacinados","status":"publish","type":"post","link":"https:\/\/franciscanos.org.br\/noticias\/campanha-contra-a-covid-19-francisco-e-bento-xvi-foram-vacinados.html","title":{"rendered":"Campanha contra a Covid-19: Francisco e Bento XVI foram vacinados"},"content":{"rendered":"<p><img loading=\"lazy\" class=\"alignnone wp-image-230386 size-full\" src=\"https:\/\/franciscanos.org.br\/noticias\/wp-content\/uploads\/2021\/01\/papa_14.jpg\" alt=\"\" width=\"890\" height=\"501\" srcset=\"https:\/\/franciscanos.org.br\/noticias\/wp-content\/uploads\/2021\/01\/papa_14.jpg 890w, https:\/\/franciscanos.org.br\/noticias\/wp-content\/uploads\/2021\/01\/papa_14-450x253.jpg 450w, https:\/\/franciscanos.org.br\/noticias\/wp-content\/uploads\/2021\/01\/papa_14-768x432.jpg 768w, https:\/\/franciscanos.org.br\/noticias\/wp-content\/uploads\/2021\/01\/papa_14-150x84.jpg 150w\" sizes=\"(max-width: 890px) 100vw, 890px\" \/><\/p>\n<p>Prossegue a campanha de vacina\u00e7\u00e3o contra a Covid-19, no Vaticano, iniciada na manh\u00e3 desta quarta-feira, 13 de janeiro, ap\u00f3s a chegada do soro. Tanto o Papa Francisco quanto o Papa em\u00e9rito Bento XVI j\u00e1 receberam a primeira dose da vacina.<\/p>\n<p>\u201cPosso confirmar que como parte do programa de vacina\u00e7\u00e3o do Estado da Cidade do Vaticano\u201d, disse o diretor da Sala de Imprensa da Santa S\u00e9, Matteo Bruni, respondendo \u00e0s perguntas dos jornalistas, \u201cat\u00e9 hoje a primeira dose da vacina para a Covid-19 foi administrada ao Papa Francisco e ao Papa Em\u00e9rito\u201d.<\/p>\n<p>Francisco havia anunciado durante a entrevista ao Tg5 que seria vacinado esta semana, enquanto o secret\u00e1rio particular de Bento XVI, dom Georg Gaenswein, tinha confirmado que o Papa em\u00e9rito tamb\u00e9m seria vacinado.<\/p>\n<p>Recorda-se que na entrevista o Papa Francisco definiu a vacina\u00e7\u00e3o \u201cuma a\u00e7\u00e3o \u00e9tica, porque est\u00e1 em risco a sua sa\u00fade, a sua vida, mas tamb\u00e9m a vida dos outros\u201d.<\/p>\n","protected":false},"excerpt":{"rendered":"<p>Vacina\u00e7\u00e3o contra Covid-19<\/p>\n","protected":false},"author":3,"featured_media":230387,"comment_status":"open","ping_status":"open","sticky":false,"template":"","format":"standard","meta":[],"categories":[1428],"tags":[1759,340,55],"acf":[],"yoast_head":"<!-- This site is optimized with the Yoast SEO plugin v19.2 - https:\/\/yoast.com\/wordpress\/plugins\/seo\/ -->\n<title>Campanha contra a Covid-19: Francisco e Bento XVI foram vacinados - Not\u00edcias - Franciscanos<\/title>\n<meta name=\"robots\" content=\"index, follow, max-snippet:-1, max-image-preview:large, max-video-preview:-1\" \/>\n<link rel=\"canonical\" href=\"https:\/\/franciscanos.org.br\/noticias\/campanha-contra-a-covid-19-francisco-e-bento-xvi-foram-vacinados.html\" \/>\n<meta property=\"og:locale\" content=\"pt_BR\" \/>\n<meta property=\"og:type\" content=\"article\" \/>\n<meta property=\"og:title\" content=\"Campanha contra a Covid-19: Francisco e Bento XVI foram vacinados - Not\u00edcias - Franciscanos\" \/>\n<meta property=\"og:description\" content=\"Vacina\u00e7\u00e3o contra Covid-19\" \/>\n<meta property=\"og:url\" content=\"https:\/\/franciscanos.org.br\/noticias\/campanha-contra-a-covid-19-francisco-e-bento-xvi-foram-vacinados.html\" \/>\n<meta property=\"og:site_name\" content=\"Not\u00edcias - Franciscanos\" \/>\n<meta property=\"article:published_time\" content=\"2021-01-14T12:11:00+00:00\" \/>\n<meta property=\"article:modified_time\" content=\"2022-12-31T15:43:34+00:00\" \/>\n<meta property=\"og:image\" content=\"https:\/\/franciscanos.org.br\/noticias\/wp-content\/uploads\/2021\/01\/papa_14d.jpg\" \/>\n\t<meta property=\"og:image:width\" content=\"800\" \/>\n\t<meta property=\"og:image:height\" content=\"600\" \/>\n\t<meta property=\"og:image:type\" content=\"image\/jpeg\" \/>\n<meta name=\"author\" content=\"moacir\" \/>\n<meta name=\"twitter:card\" content=\"summary_large_image\" \/>\n<meta name=\"twitter:label1\" content=\"Escrito por\" \/>\n\t<meta name=\"twitter:data1\" content=\"moacir\" \/>\n\t<meta name=\"twitter:label2\" content=\"Est. tempo de leitura\" \/>\n\t<meta name=\"twitter:data2\" content=\"1 minuto\" \/>\n<script type=\"application\/ld+json\" class=\"yoast-schema-graph\">{\"@context\":\"https:\/\/schema.org\",\"@graph\":[{\"@type\":\"WebSite\",\"@id\":\"https:\/\/franciscanos.org.br\/noticias\/#website\",\"url\":\"https:\/\/franciscanos.org.br\/noticias\/\",\"name\":\"Not\u00edcias - Franciscanos\",\"description\":\"Prov\u00edncia Franciscana da Imaculada Concei\u00e7\u00e3o do Brasil - Ordem dos Frades Menores - OFM\",\"potentialAction\":[{\"@type\":\"SearchAction\",\"target\":{\"@type\":\"EntryPoint\",\"urlTemplate\":\"https:\/\/franciscanos.org.br\/noticias\/?s={search_term_string}\"},\"query-input\":\"required name=search_term_string\"}],\"inLanguage\":\"pt-BR\"},{\"@type\":\"ImageObject\",\"inLanguage\":\"pt-BR\",\"@id\":\"https:\/\/franciscanos.org.br\/noticias\/campanha-contra-a-covid-19-francisco-e-bento-xvi-foram-vacinados.html#primaryimage\",\"url\":\"https:\/\/franciscanos.org.br\/noticias\/wp-content\/uploads\/2021\/01\/papa_14d.jpg\",\"contentUrl\":\"https:\/\/franciscanos.org.br\/noticias\/wp-content\/uploads\/2021\/01\/papa_14d.jpg\",\"width\":800,\"height\":600},{\"@type\":\"WebPage\",\"@id\":\"https:\/\/franciscanos.org.br\/noticias\/campanha-contra-a-covid-19-francisco-e-bento-xvi-foram-vacinados.html#webpage\",\"url\":\"https:\/\/franciscanos.org.br\/noticias\/campanha-contra-a-covid-19-francisco-e-bento-xvi-foram-vacinados.html\",\"name\":\"Campanha contra a Covid-19: Francisco e Bento XVI foram vacinados - Not\u00edcias - Franciscanos\",\"isPartOf\":{\"@id\":\"https:\/\/franciscanos.org.br\/noticias\/#website\"},\"primaryImageOfPage\":{\"@id\":\"https:\/\/franciscanos.org.br\/noticias\/campanha-contra-a-covid-19-francisco-e-bento-xvi-foram-vacinados.html#primaryimage\"},\"datePublished\":\"2021-01-14T12:11:00+00:00\",\"dateModified\":\"2022-12-31T15:43:34+00:00\",\"author\":{\"@id\":\"https:\/\/franciscanos.org.br\/noticias\/#\/schema\/person\/b5c8cba458c330ccff548b056e95a5d4\"},\"breadcrumb\":{\"@id\":\"https:\/\/franciscanos.org.br\/noticias\/campanha-contra-a-covid-19-francisco-e-bento-xvi-foram-vacinados.html#breadcrumb\"},\"inLanguage\":\"pt-BR\",\"potentialAction\":[{\"@type\":\"ReadAction\",\"target\":[\"https:\/\/franciscanos.org.br\/noticias\/campanha-contra-a-covid-19-francisco-e-bento-xvi-foram-vacinados.html\"]}]},{\"@type\":\"BreadcrumbList\",\"@id\":\"https:\/\/franciscanos.org.br\/noticias\/campanha-contra-a-covid-19-francisco-e-bento-xvi-foram-vacinados.html#breadcrumb\",\"itemListElement\":[{\"@type\":\"ListItem\",\"position\":1,\"name\":\"Home\",\"item\":\"https:\/\/franciscanos.org.br\/noticias\"},{\"@type\":\"ListItem\",\"position\":2,\"name\":\"Campanha contra a Covid-19: Francisco e Bento XVI foram vacinados\"}]},{\"@type\":\"Person\",\"@id\":\"https:\/\/franciscanos.org.br\/noticias\/#\/schema\/person\/b5c8cba458c330ccff548b056e95a5d4\",\"name\":\"moacir\",\"image\":{\"@type\":\"ImageObject\",\"inLanguage\":\"pt-BR\",\"@id\":\"https:\/\/franciscanos.org.br\/noticias\/#\/schema\/person\/image\/\",\"url\":\"https:\/\/secure.gravatar.com\/avatar\/d08aa2ce4c8dd416d4479aa8536fcf64?s=96&d=mm&r=g\",\"contentUrl\":\"https:\/\/secure.gravatar.com\/avatar\/d08aa2ce4c8dd416d4479aa8536fcf64?s=96&d=mm&r=g\",\"caption\":\"moacir\"},\"url\":\"https:\/\/franciscanos.org.br\/noticias\/author\/moacir\"}]}<\/script>\n<!-- \/ Yoast SEO plugin. -->","yoast_head_json":{"title":"Campanha contra a Covid-19: Francisco e Bento XVI foram vacinados - Not\u00edcias - Franciscanos","robots":{"index":"index","follow":"follow","max-snippet":"max-snippet:-1","max-image-preview":"max-image-preview:large","max-video-preview":"max-video-preview:-1"},"canonical":"https:\/\/franciscanos.org.br\/noticias\/campanha-contra-a-covid-19-francisco-e-bento-xvi-foram-vacinados.html","og_locale":"pt_BR","og_type":"article","og_title":"Campanha contra a Covid-19: Francisco e Bento XVI foram vacinados - Not\u00edcias - Franciscanos","og_description":"Vacina\u00e7\u00e3o contra Covid-19","og_url":"https:\/\/franciscanos.org.br\/noticias\/campanha-contra-a-covid-19-francisco-e-bento-xvi-foram-vacinados.html","og_site_name":"Not\u00edcias - Franciscanos","article_published_time":"2021-01-14T12:11:00+00:00","article_modified_time":"2022-12-31T15:43:34+00:00","og_image":[{"width":800,"height":600,"url":"https:\/\/franciscanos.org.br\/noticias\/wp-content\/uploads\/2021\/01\/papa_14d.jpg","type":"image\/jpeg"}],"author":"moacir","twitter_card":"summary_large_image","twitter_misc":{"Escrito por":"moacir","Est. tempo de leitura":"1 minuto"},"schema":{"@context":"https:\/\/schema.org","@graph":[{"@type":"WebSite","@id":"https:\/\/franciscanos.org.br\/noticias\/#website","url":"https:\/\/franciscanos.org.br\/noticias\/","name":"Not\u00edcias - Franciscanos","description":"Prov\u00edncia Franciscana da Imaculada Concei\u00e7\u00e3o do Brasil - Ordem dos Frades Menores - OFM","potentialAction":[{"@type":"SearchAction","target":{"@type":"EntryPoint","urlTemplate":"https:\/\/franciscanos.org.br\/noticias\/?s={search_term_string}"},"query-input":"required name=search_term_string"}],"inLanguage":"pt-BR"},{"@type":"ImageObject","inLanguage":"pt-BR","@id":"https:\/\/franciscanos.org.br\/noticias\/campanha-contra-a-covid-19-francisco-e-bento-xvi-foram-vacinados.html#primaryimage","url":"https:\/\/franciscanos.org.br\/noticias\/wp-content\/uploads\/2021\/01\/papa_14d.jpg","contentUrl":"https:\/\/franciscanos.org.br\/noticias\/wp-content\/uploads\/2021\/01\/papa_14d.jpg","width":800,"height":600},{"@type":"WebPage","@id":"https:\/\/franciscanos.org.br\/noticias\/campanha-contra-a-covid-19-francisco-e-bento-xvi-foram-vacinados.html#webpage","url":"https:\/\/franciscanos.org.br\/noticias\/campanha-contra-a-covid-19-francisco-e-bento-xvi-foram-vacinados.html","name":"Campanha contra a Covid-19: Francisco e Bento XVI foram vacinados - Not\u00edcias - Franciscanos","isPartOf":{"@id":"https:\/\/franciscanos.org.br\/noticias\/#website"},"primaryImageOfPage":{"@id":"https:\/\/franciscanos.org.br\/noticias\/campanha-contra-a-covid-19-francisco-e-bento-xvi-foram-vacinados.html#primaryimage"},"datePublished":"2021-01-14T12:11:00+00:00","dateModified":"2022-12-31T15:43:34+00:00","author":{"@id":"https:\/\/franciscanos.org.br\/noticias\/#\/schema\/person\/b5c8cba458c330ccff548b056e95a5d4"},"breadcrumb":{"@id":"https:\/\/franciscanos.org.br\/noticias\/campanha-contra-a-covid-19-francisco-e-bento-xvi-foram-vacinados.html#breadcrumb"},"inLanguage":"pt-BR","potentialAction":[{"@type":"ReadAction","target":["https:\/\/franciscanos.org.br\/noticias\/campanha-contra-a-covid-19-francisco-e-bento-xvi-foram-vacinados.html"]}]},{"@type":"BreadcrumbList","@id":"https:\/\/franciscanos.org.br\/noticias\/campanha-contra-a-covid-19-francisco-e-bento-xvi-foram-vacinados.html#breadcrumb","itemListElement":[{"@type":"ListItem","position":1,"name":"Home","item":"https:\/\/franciscanos.org.br\/noticias"},{"@type":"ListItem","position":2,"name":"Campanha contra a Covid-19: Francisco e Bento XVI foram vacinados"}]},{"@type":"Person","@id":"https:\/\/franciscanos.org.br\/noticias\/#\/schema\/person\/b5c8cba458c330ccff548b056e95a5d4","name":"moacir","image":{"@type":"ImageObject","inLanguage":"pt-BR","@id":"https:\/\/franciscanos.org.br\/noticias\/#\/schema\/person\/image\/","url":"https:\/\/secure.gravatar.com\/avatar\/d08aa2ce4c8dd416d4479aa8536fcf64?s=96&d=mm&r=g","contentUrl":"https:\/\/secure.gravatar.com\/avatar\/d08aa2ce4c8dd416d4479aa8536fcf64?s=96&d=mm&r=g","caption":"moacir"},"url":"https:\/\/franciscanos.org.br\/noticias\/author\/moacir"}]}},"_links":{"self":[{"href":"https:\/\/franciscanos.org.br\/noticias\/wp-json\/wp\/v2\/posts\/230385"}],"collection":[{"href":"https:\/\/franciscanos.org.br\/noticias\/wp-json\/wp\/v2\/posts"}],"about":[{"href":"https:\/\/franciscanos.org.br\/noticias\/wp-json\/wp\/v2\/types\/post"}],"author":[{"embeddable":true,"href":"https:\/\/franciscanos.org.br\/noticias\/wp-json\/wp\/v2\/users\/3"}],"replies":[{"embeddable":true,"href":"https:\/\/franciscanos.org.br\/noticias\/wp-json\/wp\/v2\/comments?post=230385"}],"version-history":[{"count":1,"href":"https:\/\/franciscanos.org.br\/noticias\/wp-json\/wp\/v2\/posts\/230385\/revisions"}],"predecessor-version":[{"id":230388,"href":"https:\/\/franciscanos.org.br\/noticias\/wp-json\/wp\/v2\/posts\/230385\/revisions\/230388"}],"wp:featuredmedia":[{"embeddable":true,"href":"https:\/\/franciscanos.org.br\/noticias\/wp-json\/wp\/v2\/media\/230387"}],"wp:attachment":[{"href":"https:\/\/franciscanos.org.br\/noticias\/wp-json\/wp\/v2\/media?parent=230385"}],"wp:term":[{"taxonomy":"category","embeddable":true,"href":"https:\/\/franciscanos.org.br\/noticias\/wp-json\/wp\/v2\/categories?post=230385"},{"taxonomy":"post_tag","embeddable":true,"href":"https:\/\/franciscanos.org.br\/noticias\/wp-json\/wp\/v2\/tags?post=230385"}],"curies":[{"name":"wp","href":"https:\/\/api.w.org\/{rel}","templated":true}]}}