{"id":230365,"date":"2021-01-11T08:28:24","date_gmt":"2021-01-11T11:28:24","guid":{"rendered":"https:\/\/franciscanos.org.br\/noticias\/?p=230365"},"modified":"2022-05-19T09:24:01","modified_gmt":"2022-05-19T12:24:01","slug":"papa-os-ministerios-do-leitorado-e-acolitado-abertos-as-mulheres","status":"publish","type":"post","link":"https:\/\/franciscanos.org.br\/noticias\/papa-os-ministerios-do-leitorado-e-acolitado-abertos-as-mulheres.html","title":{"rendered":"Papa: os minist\u00e9rios do Leitorado e Acolitado abertos \u00e0s mulheres"},"content":{"rendered":"<div class=\"article__text \">\n<div id=\"attachment_230366\" style=\"width: 1290px\" class=\"wp-caption alignnone\"><img aria-describedby=\"caption-attachment-230366\" loading=\"lazy\" class=\"wp-image-230366 size-full\" src=\"https:\/\/franciscanos.org.br\/noticias\/wp-content\/uploads\/2021\/01\/leitorado_1101.jpg\" alt=\"\" width=\"1280\" height=\"720\" srcset=\"https:\/\/franciscanos.org.br\/noticias\/wp-content\/uploads\/2021\/01\/leitorado_1101.jpg 1280w, https:\/\/franciscanos.org.br\/noticias\/wp-content\/uploads\/2021\/01\/leitorado_1101-450x253.jpg 450w, https:\/\/franciscanos.org.br\/noticias\/wp-content\/uploads\/2021\/01\/leitorado_1101-1024x576.jpg 1024w, https:\/\/franciscanos.org.br\/noticias\/wp-content\/uploads\/2021\/01\/leitorado_1101-768x432.jpg 768w, https:\/\/franciscanos.org.br\/noticias\/wp-content\/uploads\/2021\/01\/leitorado_1101-150x84.jpg 150w\" sizes=\"(max-width: 1280px) 100vw, 1280px\" \/><p id=\"caption-attachment-230366\" class=\"wp-caption-text\">\u00a0 \u00a0 \u00a0 \u00a0 \u00a0 \u00a0 \u00a0 \u00a0 \u00a0 \u00a0 \u00a0 \u00a0 \u00a0 \u00a0 \u00a0 \u00a0 \u00a0 \u00a0 \u00a0 \u00a0 \u00a0 \u00a0 \u00a0 \u00a0 \u00a0 \u00a0 \u00a0 \u00a0 \u00a0 \u00a0 \u00a0 \u00a0 \u00a0 \u00a0 \u00a0 \u00a0 \u00a0 \u00a0 \u00a0 \u00a0 \u00a0 \u00a0 \u00a0 \u00a0 \u00a0 \u00a0 \u00a0 \u00a0 \u00a0 \u00a0 \u00a0 \u00a0 \u00a0 \u00a0 \u00a0 \u00a0 \u00a0 \u00a0 \u00a0 \u00a0 \u00a0 \u00a0 \u00a0 \u00a0 \u00a0 \u00a0 \u00a0 \u00a0 \u00a0 \u00a0 \u00a0 \u00a0 \u00a0 \u00a0 \u00a0 \u00a0 \u00a0 \u00a0 \u00a0 \u00a0 \u00a0 \u00a0 \u00a0 \u00a0 \u00a0 \u00a0 \u00a0 \u00a0 \u00a0 \u00a0 \u00a0 \u00a0 \u00a0 \u00a0 \u00a0 \u00a0 \u00a0 \u00a0 \u00a0 \u00a0 \u00a0 <em>\u00a0 \u00a0 \u00a0Imagem: Vatican Media<\/em><\/p><\/div>\n<p>O Papa Francisco estabeleceu com um <em>motu proprio<\/em> que os minist\u00e9rios do Leitorado e do Acolitado sejam de agora em diante tamb\u00e9m abertos \u00e0s mulheres, de forma est\u00e1vel e institucionalizada, com um mandato especial. As mulheres que leem a Palavra de Deus durante as celebra\u00e7\u00f5es lit\u00fargicas ou que servem no altar, como ministrantes ou como dispensadoras da Eucaristia, certamente n\u00e3o s\u00e3o uma novidade: em muitas comunidades ao redor do mundo s\u00e3o atualmente uma pr\u00e1tica autorizada pelos bispos. At\u00e9 agora, por\u00e9m, tudo isso ocorria sem um verdadeiro e pr\u00f3prio mandato institucional, em derroga\u00e7\u00e3o ao que foi estabelecido por S\u00e3o Paulo VI, que em 1972, ao abolir as chamadas &#8220;ordens menores&#8221;, decidira manter o acesso a esses minist\u00e9rios reservado apenas ao sexo masculino porque os considerava preparat\u00f3rios para o eventual acesso \u00e0 ordem sagrada. Agora o Papa Francisco, seguindo a rota do discernimento que emergiu nos \u00faltimos S\u00ednodos dos Bispos, quis oficializar e institucionalizar esta presen\u00e7a feminina no altar.<\/p>\n<div>\n<div class=\"article__embed article__embed--unwrap article__embed--dark\">\n<div class=\"article__innerTitle\">Com o motu proprio &#8220;Spiritus Domini&#8221;, que modifica o primeiro par\u00e1grafo do c\u00e2non 230 do C\u00f3digo de Direito Can\u00f4nico que \u00e9 publicado hoje, o Pont\u00edfice estabelece, portanto, que as mulheres podem ter acesso a esses minist\u00e9rios e que a elas sejam atribu\u00eddos tamb\u00e9m atrav\u00e9s de um ato lit\u00fargico que as institucionalize.<\/div>\n<\/div>\n<\/div>\n<p>Francisco especifica que desejou aceitar as recomenda\u00e7\u00f5es que surgiram das v\u00e1rias assembleias sinodais, escrevendo que &#8220;nos \u00faltimos anos foi alcan\u00e7ado um desenvolvimento doutrin\u00e1rio que destacou que certos minist\u00e9rios institu\u00eddos pela Igreja t\u00eam como fundamento a condi\u00e7\u00e3o comum de batizados e o sacerd\u00f3cio real recebido no sacramento do batismo&#8221;. Portanto, o Papa nos convida a reconhecer que estes s\u00e3o minist\u00e9rios leigos &#8220;essencialmente distintos do minist\u00e9rio ordenado que \u00e9 recebido com o sacramento da Ordem&#8221;.<\/p>\n<p>A nova formula\u00e7\u00e3o do c\u00e2non diz: &#8220;Os leigos com idade e dons determinados por decreto da Confer\u00eancia dos Bispos podem ser nomeados em car\u00e1ter permanente, atrav\u00e9s do rito lit\u00fargico estabelecido, para os minist\u00e9rios de leitores e ac\u00f3litos &#8220;. Portanto \u00e9 abolida a especifica\u00e7\u00e3o &#8220;do sexo masculino&#8221; referente aos leigos e presente no texto do C\u00f3digo at\u00e9 a emenda de hoje.<\/p>\n<p>O <em>motu proprio<\/em> \u00e9 acompanhado por uma carta dirigida ao Prefeito da Congrega\u00e7\u00e3o para a Doutrina da F\u00e9, Cardeal Luis Ladaria, na qual Francisco explica as raz\u00f5es teol\u00f3gicas de sua escolha. O Papa escreve que &#8220;no horizonte de renova\u00e7\u00e3o tra\u00e7ado pelo Conc\u00edlio Vaticano II, h\u00e1 hoje uma urg\u00eancia cada vez maior em redescobrir a co-responsabilidade de todos os batizados na Igreja, e em particular a miss\u00e3o dos leigos\u201d. E citando o documento final do S\u00ednodo para a Amaz\u00f4nia, observa que &#8220;para toda a Igreja, na variedade de situa\u00e7\u00f5es, \u00e9 urgente que os minist\u00e9rios sejam promovidos e conferidos a homens e mulheres&#8230;. \u00c9 a Igreja dos batizados que devemos consolidar, promovendo a ministerialidade e, sobretudo, a consci\u00eancia da dignidade batismal&#8221;.<\/p>\n<p>Francisco, em sua carta ao cardeal, depois de recordar com as palavras de S\u00e3o Jo\u00e3o Paulo II que &#8220;com rela\u00e7\u00e3o aos minist\u00e9rios ordenados, a Igreja n\u00e3o tem de forma alguma a faculdade de conferir a ordena\u00e7\u00e3o sacerdotal \u00e0s mulheres&#8221;, acrescenta que &#8220;para minist\u00e9rios n\u00e3o ordenados \u00e9 poss\u00edvel, e hoje parece oportuno, superar esta reserva&#8221;. O Papa explica que &#8220;oferecer aos leigos de ambos os sexos a possibilidade de acesso ao minist\u00e9rio do Acolitado e do Leitorado, em virtude de sua participa\u00e7\u00e3o no sacerd\u00f3cio batismal, aumentar\u00e1 o reconhecimento, tamb\u00e9m atrav\u00e9s de um ato lit\u00fargico (institui\u00e7\u00e3o), da preciosa contribui\u00e7\u00e3o que durante muito tempo muitos leigos, inclusive mulheres, oferecem \u00e0 vida e \u00e0 miss\u00e3o da Igreja&#8221;. E conclui que &#8220;a escolha de conferir tamb\u00e9m \u00e0s mulheres estes cargos, que envolvem estabilidade, reconhecimento p\u00fablico e um mandato do bispo, torna mais eficaz na Igreja a participa\u00e7\u00e3o de todos na obra de evangeliza\u00e7\u00e3o&#8221;.<\/p>\n<p>Esta medida \u00e9 a conclus\u00e3o de um aprofundamento da reflex\u00e3o teol\u00f3gica sobre estes minist\u00e9rios. A teologia p\u00f3s-conciliar redescobriu, de fato, a relev\u00e2ncia do Leitorado e do Acolitado, n\u00e3o somente em rela\u00e7\u00e3o ao sacerd\u00f3cio ordenado, mas tamb\u00e9m e sobretudo em refer\u00eancia ao sacerd\u00f3cio batismal. Estes minist\u00e9rios fazem parte da din\u00e2mica de colabora\u00e7\u00e3o rec\u00edproca que existe entre os dois sacerd\u00f3cios, e t\u00eam destacado cada vez mais seu car\u00e1ter particularmente &#8220;laico&#8221;, ligado ao exerc\u00edcio do sacerd\u00f3cio que pertence a todos os batizados como tais.<\/p>\n<hr \/>\n<p><em>Fonte: Vatican News\u00a0<\/em><\/p>\n<\/div>\n","protected":false},"excerpt":{"rendered":"<p>&#8220;Motu proprio&#8221; para os minist\u00e9rios do Leitorado e do Acolitado<\/p>\n","protected":false},"author":3,"featured_media":230367,"comment_status":"open","ping_status":"open","sticky":false,"template":"","format":"standard","meta":[],"categories":[1428],"tags":[1770],"acf":[],"yoast_head":"<!-- This site is optimized with the Yoast SEO plugin v19.2 - https:\/\/yoast.com\/wordpress\/plugins\/seo\/ -->\n<title>Papa: os minist\u00e9rios do Leitorado e Acolitado abertos \u00e0s mulheres - Not\u00edcias - Franciscanos<\/title>\n<meta name=\"robots\" content=\"index, follow, max-snippet:-1, max-image-preview:large, max-video-preview:-1\" \/>\n<link rel=\"canonical\" href=\"https:\/\/franciscanos.org.br\/noticias\/papa-os-ministerios-do-leitorado-e-acolitado-abertos-as-mulheres.html\" \/>\n<meta property=\"og:locale\" content=\"pt_BR\" \/>\n<meta property=\"og:type\" content=\"article\" \/>\n<meta property=\"og:title\" content=\"Papa: os minist\u00e9rios do Leitorado e Acolitado abertos \u00e0s mulheres - Not\u00edcias - Franciscanos\" \/>\n<meta property=\"og:description\" content=\"&quot;Motu proprio&quot; para os minist\u00e9rios do Leitorado e do Acolitado\" \/>\n<meta property=\"og:url\" content=\"https:\/\/franciscanos.org.br\/noticias\/papa-os-ministerios-do-leitorado-e-acolitado-abertos-as-mulheres.html\" \/>\n<meta property=\"og:site_name\" content=\"Not\u00edcias - Franciscanos\" \/>\n<meta property=\"article:published_time\" content=\"2021-01-11T11:28:24+00:00\" \/>\n<meta property=\"article:modified_time\" content=\"2022-05-19T12:24:01+00:00\" \/>\n<meta property=\"og:image\" content=\"https:\/\/franciscanos.org.br\/noticias\/wp-content\/uploads\/2021\/01\/leitorado_1101d.jpg\" \/>\n\t<meta property=\"og:image:width\" content=\"800\" \/>\n\t<meta property=\"og:image:height\" content=\"600\" \/>\n\t<meta property=\"og:image:type\" content=\"image\/jpeg\" \/>\n<meta name=\"author\" content=\"moacir\" \/>\n<meta name=\"twitter:card\" content=\"summary_large_image\" \/>\n<meta name=\"twitter:label1\" content=\"Escrito por\" \/>\n\t<meta name=\"twitter:data1\" content=\"moacir\" \/>\n\t<meta name=\"twitter:label2\" content=\"Est. tempo de leitura\" \/>\n\t<meta name=\"twitter:data2\" content=\"4 minutos\" \/>\n<script type=\"application\/ld+json\" class=\"yoast-schema-graph\">{\"@context\":\"https:\/\/schema.org\",\"@graph\":[{\"@type\":\"WebSite\",\"@id\":\"https:\/\/franciscanos.org.br\/noticias\/#website\",\"url\":\"https:\/\/franciscanos.org.br\/noticias\/\",\"name\":\"Not\u00edcias - Franciscanos\",\"description\":\"Prov\u00edncia Franciscana da Imaculada Concei\u00e7\u00e3o do Brasil - Ordem dos Frades Menores - OFM\",\"potentialAction\":[{\"@type\":\"SearchAction\",\"target\":{\"@type\":\"EntryPoint\",\"urlTemplate\":\"https:\/\/franciscanos.org.br\/noticias\/?s={search_term_string}\"},\"query-input\":\"required name=search_term_string\"}],\"inLanguage\":\"pt-BR\"},{\"@type\":\"ImageObject\",\"inLanguage\":\"pt-BR\",\"@id\":\"https:\/\/franciscanos.org.br\/noticias\/papa-os-ministerios-do-leitorado-e-acolitado-abertos-as-mulheres.html#primaryimage\",\"url\":\"https:\/\/franciscanos.org.br\/noticias\/wp-content\/uploads\/2021\/01\/leitorado_1101d.jpg\",\"contentUrl\":\"https:\/\/franciscanos.org.br\/noticias\/wp-content\/uploads\/2021\/01\/leitorado_1101d.jpg\",\"width\":800,\"height\":600},{\"@type\":\"WebPage\",\"@id\":\"https:\/\/franciscanos.org.br\/noticias\/papa-os-ministerios-do-leitorado-e-acolitado-abertos-as-mulheres.html#webpage\",\"url\":\"https:\/\/franciscanos.org.br\/noticias\/papa-os-ministerios-do-leitorado-e-acolitado-abertos-as-mulheres.html\",\"name\":\"Papa: os minist\u00e9rios do Leitorado e Acolitado abertos \u00e0s mulheres - Not\u00edcias - Franciscanos\",\"isPartOf\":{\"@id\":\"https:\/\/franciscanos.org.br\/noticias\/#website\"},\"primaryImageOfPage\":{\"@id\":\"https:\/\/franciscanos.org.br\/noticias\/papa-os-ministerios-do-leitorado-e-acolitado-abertos-as-mulheres.html#primaryimage\"},\"datePublished\":\"2021-01-11T11:28:24+00:00\",\"dateModified\":\"2022-05-19T12:24:01+00:00\",\"author\":{\"@id\":\"https:\/\/franciscanos.org.br\/noticias\/#\/schema\/person\/b5c8cba458c330ccff548b056e95a5d4\"},\"breadcrumb\":{\"@id\":\"https:\/\/franciscanos.org.br\/noticias\/papa-os-ministerios-do-leitorado-e-acolitado-abertos-as-mulheres.html#breadcrumb\"},\"inLanguage\":\"pt-BR\",\"potentialAction\":[{\"@type\":\"ReadAction\",\"target\":[\"https:\/\/franciscanos.org.br\/noticias\/papa-os-ministerios-do-leitorado-e-acolitado-abertos-as-mulheres.html\"]}]},{\"@type\":\"BreadcrumbList\",\"@id\":\"https:\/\/franciscanos.org.br\/noticias\/papa-os-ministerios-do-leitorado-e-acolitado-abertos-as-mulheres.html#breadcrumb\",\"itemListElement\":[{\"@type\":\"ListItem\",\"position\":1,\"name\":\"Home\",\"item\":\"https:\/\/franciscanos.org.br\/noticias\"},{\"@type\":\"ListItem\",\"position\":2,\"name\":\"Papa: os minist\u00e9rios do Leitorado e Acolitado abertos \u00e0s mulheres\"}]},{\"@type\":\"Person\",\"@id\":\"https:\/\/franciscanos.org.br\/noticias\/#\/schema\/person\/b5c8cba458c330ccff548b056e95a5d4\",\"name\":\"moacir\",\"image\":{\"@type\":\"ImageObject\",\"inLanguage\":\"pt-BR\",\"@id\":\"https:\/\/franciscanos.org.br\/noticias\/#\/schema\/person\/image\/\",\"url\":\"https:\/\/secure.gravatar.com\/avatar\/d08aa2ce4c8dd416d4479aa8536fcf64?s=96&d=mm&r=g\",\"contentUrl\":\"https:\/\/secure.gravatar.com\/avatar\/d08aa2ce4c8dd416d4479aa8536fcf64?s=96&d=mm&r=g\",\"caption\":\"moacir\"},\"url\":\"https:\/\/franciscanos.org.br\/noticias\/author\/moacir\"}]}<\/script>\n<!-- \/ Yoast SEO plugin. -->","yoast_head_json":{"title":"Papa: os minist\u00e9rios do Leitorado e Acolitado abertos \u00e0s mulheres - Not\u00edcias - Franciscanos","robots":{"index":"index","follow":"follow","max-snippet":"max-snippet:-1","max-image-preview":"max-image-preview:large","max-video-preview":"max-video-preview:-1"},"canonical":"https:\/\/franciscanos.org.br\/noticias\/papa-os-ministerios-do-leitorado-e-acolitado-abertos-as-mulheres.html","og_locale":"pt_BR","og_type":"article","og_title":"Papa: os minist\u00e9rios do Leitorado e Acolitado abertos \u00e0s mulheres - Not\u00edcias - Franciscanos","og_description":"\"Motu proprio\" para os minist\u00e9rios do Leitorado e do Acolitado","og_url":"https:\/\/franciscanos.org.br\/noticias\/papa-os-ministerios-do-leitorado-e-acolitado-abertos-as-mulheres.html","og_site_name":"Not\u00edcias - Franciscanos","article_published_time":"2021-01-11T11:28:24+00:00","article_modified_time":"2022-05-19T12:24:01+00:00","og_image":[{"width":800,"height":600,"url":"https:\/\/franciscanos.org.br\/noticias\/wp-content\/uploads\/2021\/01\/leitorado_1101d.jpg","type":"image\/jpeg"}],"author":"moacir","twitter_card":"summary_large_image","twitter_misc":{"Escrito por":"moacir","Est. tempo de leitura":"4 minutos"},"schema":{"@context":"https:\/\/schema.org","@graph":[{"@type":"WebSite","@id":"https:\/\/franciscanos.org.br\/noticias\/#website","url":"https:\/\/franciscanos.org.br\/noticias\/","name":"Not\u00edcias - Franciscanos","description":"Prov\u00edncia Franciscana da Imaculada Concei\u00e7\u00e3o do Brasil - Ordem dos Frades Menores - OFM","potentialAction":[{"@type":"SearchAction","target":{"@type":"EntryPoint","urlTemplate":"https:\/\/franciscanos.org.br\/noticias\/?s={search_term_string}"},"query-input":"required name=search_term_string"}],"inLanguage":"pt-BR"},{"@type":"ImageObject","inLanguage":"pt-BR","@id":"https:\/\/franciscanos.org.br\/noticias\/papa-os-ministerios-do-leitorado-e-acolitado-abertos-as-mulheres.html#primaryimage","url":"https:\/\/franciscanos.org.br\/noticias\/wp-content\/uploads\/2021\/01\/leitorado_1101d.jpg","contentUrl":"https:\/\/franciscanos.org.br\/noticias\/wp-content\/uploads\/2021\/01\/leitorado_1101d.jpg","width":800,"height":600},{"@type":"WebPage","@id":"https:\/\/franciscanos.org.br\/noticias\/papa-os-ministerios-do-leitorado-e-acolitado-abertos-as-mulheres.html#webpage","url":"https:\/\/franciscanos.org.br\/noticias\/papa-os-ministerios-do-leitorado-e-acolitado-abertos-as-mulheres.html","name":"Papa: os minist\u00e9rios do Leitorado e Acolitado abertos \u00e0s mulheres - Not\u00edcias - Franciscanos","isPartOf":{"@id":"https:\/\/franciscanos.org.br\/noticias\/#website"},"primaryImageOfPage":{"@id":"https:\/\/franciscanos.org.br\/noticias\/papa-os-ministerios-do-leitorado-e-acolitado-abertos-as-mulheres.html#primaryimage"},"datePublished":"2021-01-11T11:28:24+00:00","dateModified":"2022-05-19T12:24:01+00:00","author":{"@id":"https:\/\/franciscanos.org.br\/noticias\/#\/schema\/person\/b5c8cba458c330ccff548b056e95a5d4"},"breadcrumb":{"@id":"https:\/\/franciscanos.org.br\/noticias\/papa-os-ministerios-do-leitorado-e-acolitado-abertos-as-mulheres.html#breadcrumb"},"inLanguage":"pt-BR","potentialAction":[{"@type":"ReadAction","target":["https:\/\/franciscanos.org.br\/noticias\/papa-os-ministerios-do-leitorado-e-acolitado-abertos-as-mulheres.html"]}]},{"@type":"BreadcrumbList","@id":"https:\/\/franciscanos.org.br\/noticias\/papa-os-ministerios-do-leitorado-e-acolitado-abertos-as-mulheres.html#breadcrumb","itemListElement":[{"@type":"ListItem","position":1,"name":"Home","item":"https:\/\/franciscanos.org.br\/noticias"},{"@type":"ListItem","position":2,"name":"Papa: os minist\u00e9rios do Leitorado e Acolitado abertos \u00e0s mulheres"}]},{"@type":"Person","@id":"https:\/\/franciscanos.org.br\/noticias\/#\/schema\/person\/b5c8cba458c330ccff548b056e95a5d4","name":"moacir","image":{"@type":"ImageObject","inLanguage":"pt-BR","@id":"https:\/\/franciscanos.org.br\/noticias\/#\/schema\/person\/image\/","url":"https:\/\/secure.gravatar.com\/avatar\/d08aa2ce4c8dd416d4479aa8536fcf64?s=96&d=mm&r=g","contentUrl":"https:\/\/secure.gravatar.com\/avatar\/d08aa2ce4c8dd416d4479aa8536fcf64?s=96&d=mm&r=g","caption":"moacir"},"url":"https:\/\/franciscanos.org.br\/noticias\/author\/moacir"}]}},"_links":{"self":[{"href":"https:\/\/franciscanos.org.br\/noticias\/wp-json\/wp\/v2\/posts\/230365"}],"collection":[{"href":"https:\/\/franciscanos.org.br\/noticias\/wp-json\/wp\/v2\/posts"}],"about":[{"href":"https:\/\/franciscanos.org.br\/noticias\/wp-json\/wp\/v2\/types\/post"}],"author":[{"embeddable":true,"href":"https:\/\/franciscanos.org.br\/noticias\/wp-json\/wp\/v2\/users\/3"}],"replies":[{"embeddable":true,"href":"https:\/\/franciscanos.org.br\/noticias\/wp-json\/wp\/v2\/comments?post=230365"}],"version-history":[{"count":1,"href":"https:\/\/franciscanos.org.br\/noticias\/wp-json\/wp\/v2\/posts\/230365\/revisions"}],"predecessor-version":[{"id":230368,"href":"https:\/\/franciscanos.org.br\/noticias\/wp-json\/wp\/v2\/posts\/230365\/revisions\/230368"}],"wp:featuredmedia":[{"embeddable":true,"href":"https:\/\/franciscanos.org.br\/noticias\/wp-json\/wp\/v2\/media\/230367"}],"wp:attachment":[{"href":"https:\/\/franciscanos.org.br\/noticias\/wp-json\/wp\/v2\/media?parent=230365"}],"wp:term":[{"taxonomy":"category","embeddable":true,"href":"https:\/\/franciscanos.org.br\/noticias\/wp-json\/wp\/v2\/categories?post=230365"},{"taxonomy":"post_tag","embeddable":true,"href":"https:\/\/franciscanos.org.br\/noticias\/wp-json\/wp\/v2\/tags?post=230365"}],"curies":[{"name":"wp","href":"https:\/\/api.w.org\/{rel}","templated":true}]}}