{"id":230343,"date":"2021-01-10T18:49:10","date_gmt":"2021-01-10T21:49:10","guid":{"rendered":"https:\/\/franciscanos.org.br\/noticias\/?p=230343"},"modified":"2021-01-12T13:25:25","modified_gmt":"2021-01-12T16:25:25","slug":"um-dia-de-graca-abundante-de-deus-diz-frei-cesar-para-a-grande-festa-do-noviciado-de-quibala","status":"publish","type":"post","link":"https:\/\/franciscanos.org.br\/noticias\/um-dia-de-graca-abundante-de-deus-diz-frei-cesar-para-a-grande-festa-do-noviciado-de-quibala.html","title":{"rendered":"&#8220;Um dia de gra\u00e7a abundante de Deus&#8221;, diz Frei C\u00e9sar na grande festa do Noviciado de Quibala"},"content":{"rendered":"<p><img loading=\"lazy\" class=\"alignnone wp-image-230344 size-full\" src=\"https:\/\/franciscanos.org.br\/noticias\/wp-content\/uploads\/2021\/01\/ang_01.jpg\" alt=\"\" width=\"1280\" height=\"720\" srcset=\"https:\/\/franciscanos.org.br\/noticias\/wp-content\/uploads\/2021\/01\/ang_01.jpg 1280w, https:\/\/franciscanos.org.br\/noticias\/wp-content\/uploads\/2021\/01\/ang_01-450x253.jpg 450w, https:\/\/franciscanos.org.br\/noticias\/wp-content\/uploads\/2021\/01\/ang_01-1024x576.jpg 1024w, https:\/\/franciscanos.org.br\/noticias\/wp-content\/uploads\/2021\/01\/ang_01-768x432.jpg 768w, https:\/\/franciscanos.org.br\/noticias\/wp-content\/uploads\/2021\/01\/ang_01-150x84.jpg 150w\" sizes=\"(max-width: 1280px) 100vw, 1280px\" \/><\/p>\n<p><strong>Angola <\/strong>&#8211; &#8220;Hoje \u00e9 um dia de gra\u00e7a abundante de Deus, dentro deste per\u00edodo chamado \u201cAno da Gra\u00e7a\u201d, disse o Ministro Provincial, Frei C\u00e9sar K\u00fclkamp, na manh\u00e3 deste domingo, 10 de janeiro de 2021, quando a Prov\u00edncia Franciscana da Imaculada Concei\u00e7\u00e3o do Brasil\/Funda\u00e7\u00e3o Imaculada M\u00e3e de Deus de Angola acolheu vinte e tr\u00eas jovens que, depois de terem conclu\u00eddo o ano de Noviciado, foram aprovados para a profiss\u00e3o religiosa na Ordem dos Frades Menores com a celebra\u00e7\u00e3o da Missa que teve lugar na Capela da Fraternidade Santo Ant\u00f4nio, o Noviciado S\u00e3o Jos\u00e9 de Quibala.<\/p>\n<p>A Santa Missa teve in\u00edcio por volta das 10 horas e foi presidida pelo Ministro Provincial e concelebrada pelo Mestre dos Novi\u00e7os, Frei Marco Ant\u00f4nio dos Santos, o presidente da Funda\u00e7\u00e3o, Frei Ant\u00f3nio Boaventura Zovo Baza e Frei Laerte de Farias dos Santos, tendo a diaconia de Frei Canga Manuel Mazoa.<\/p>\n<p><img loading=\"lazy\" class=\"alignnone wp-image-230345 size-full\" src=\"https:\/\/franciscanos.org.br\/noticias\/wp-content\/uploads\/2021\/01\/ang_09.jpg\" alt=\"\" width=\"1280\" height=\"852\" srcset=\"https:\/\/franciscanos.org.br\/noticias\/wp-content\/uploads\/2021\/01\/ang_09.jpg 1280w, https:\/\/franciscanos.org.br\/noticias\/wp-content\/uploads\/2021\/01\/ang_09-450x300.jpg 450w, https:\/\/franciscanos.org.br\/noticias\/wp-content\/uploads\/2021\/01\/ang_09-1024x682.jpg 1024w, https:\/\/franciscanos.org.br\/noticias\/wp-content\/uploads\/2021\/01\/ang_09-768x511.jpg 768w, https:\/\/franciscanos.org.br\/noticias\/wp-content\/uploads\/2021\/01\/ang_09-150x100.jpg 150w\" sizes=\"(max-width: 1280px) 100vw, 1280px\" \/><\/p>\n<p>Ap\u00f3s a proclama\u00e7\u00e3o do Santo Evangelho, deu-se in\u00edcio ao rito da profiss\u00e3o com a chamada dos novi\u00e7os, feita pelo guardi\u00e3o da mesma Fraternidade, Frei Ivair Bueno de Carvalho. Em seguida, na sua homilia, Frei C\u00e9sar come\u00e7ou por expressar a gra\u00e7a abundante de Deus que nos chama, atrav\u00e9s do ano de noviciado, ao seguimento de Cristo a exemplo de nosso Pai Ser\u00e1fico. \u201cN\u00f3s o fazemos assumindo e integrando os valores que o Santo de Assis nos deixou e tamb\u00e9m nos deixaram a hist\u00f3ria e a tradi\u00e7\u00e3o da nossa Ordem, juntamente com os valores e dons que cada um traz consigo, herdados de sua fam\u00edlia, de sua comunidade de origem e das pr\u00f3prias convic\u00e7\u00f5es e experi\u00eancias da f\u00e9 crist\u00e3\u201d, disse o Ministro Provincial (<strong>VEJA A HOM\u00cdLIA NA \u00cdNTEGRA ABAIXO<\/strong>). E como exemplo de perseveran\u00e7a, Frei C\u00e9sar lembrou e partilhou um pouco da vida Frei Olavo Seifert, que partiu para a casa do Pai no dia de ontem (9\/01).<\/p>\n<p>Ap\u00f3s a homilia, o presidente da celebra\u00e7\u00e3o pediu que os professandos se levantassem para um di\u00e1logo breve e a invoca\u00e7\u00e3o da gra\u00e7a Divina e, depois deste, prosseguiu-se com o momento da profiss\u00e3o, onde os professandos, diante do Ministro Provincial, fizeram votos de obedi\u00eancia, sem nada de pr\u00f3prio e em castidade, segundo a Regra de S\u00e3o Francisco confirmada pelo Papa Hon\u00f3rio. Em seguida, Frei C\u00e9sar K\u00fclkamp entregou um exemplar da Regra de Vida a cada neoprofesso. Terminado o rito de profiss\u00e3o, os neoprofessos foram acolhidos com abra\u00e7o dos frades que se fizeram presente.<\/p>\n<div id=\"attachment_230346\" style=\"width: 1290px\" class=\"wp-caption alignnone\"><img aria-describedby=\"caption-attachment-230346\" loading=\"lazy\" class=\"wp-image-230346 size-full\" src=\"https:\/\/franciscanos.org.br\/noticias\/wp-content\/uploads\/2021\/01\/ang_03.jpg\" alt=\"\" width=\"1280\" height=\"719\" srcset=\"https:\/\/franciscanos.org.br\/noticias\/wp-content\/uploads\/2021\/01\/ang_03.jpg 1280w, https:\/\/franciscanos.org.br\/noticias\/wp-content\/uploads\/2021\/01\/ang_03-450x253.jpg 450w, https:\/\/franciscanos.org.br\/noticias\/wp-content\/uploads\/2021\/01\/ang_03-1024x575.jpg 1024w, https:\/\/franciscanos.org.br\/noticias\/wp-content\/uploads\/2021\/01\/ang_03-768x431.jpg 768w, https:\/\/franciscanos.org.br\/noticias\/wp-content\/uploads\/2021\/01\/ang_03-150x84.jpg 150w\" sizes=\"(max-width: 1280px) 100vw, 1280px\" \/><p id=\"caption-attachment-230346\" class=\"wp-caption-text\"><em>O Ministro Provincial com os novos professos tempor\u00e1rios de Angola<\/em><\/p><\/div>\n<p>Agora, s\u00e3o professos tempor\u00e1rios e ter\u00e3o de renovar os votos at\u00e9 a Profiss\u00e3o Solene, Frei Abel Ernesto Nene, Frei Alberto Joaquim Manuel Gamba, Frei Borracha Raimundo Eduardo, Frei Dion\u00edsio Kapitango Uyombo Muhele, Frei Escovalo Domingos, Frei Fernando Camaxilo Victor, Frei Gualter Filipe Jo\u00e3o Pascoal, Frei Hil\u00e1rio Kaleka Gon\u00e7alves Barros, Frei Janu\u00e1rio Mendon\u00e7a Barreto de Carvalho, Frei Jos\u00e9 Kapindi, Frei Luis Jos\u00e9 Fernandes, Frei Manuel Coloi Armando Camongua, Frei Manuel Katchingangu Singue, Frei M\u00e1rio Catimba Dumbo Baptista, Frei Paulino Salamba Candondo, Frei Paulo Camuanguina Alexandre, Frei Paulo Kapindali, Frei Paulo Ngungu Ngumbe Gabriel, Frei Silva Kawia Ngueve Tchimo, Frei Sim\u00e3o Albino Katenha Kaquinta, Frie Sime\u00e3o Kapingala Jamba, Frei Tom\u00e1s Gaspar Joaquim e Frei Vicente Chocolate Barros.<\/p>\n<p><img loading=\"lazy\" class=\"alignnone wp-image-230347 size-full\" src=\"https:\/\/franciscanos.org.br\/noticias\/wp-content\/uploads\/2021\/01\/ang_08.jpg\" alt=\"\" width=\"1280\" height=\"852\" srcset=\"https:\/\/franciscanos.org.br\/noticias\/wp-content\/uploads\/2021\/01\/ang_08.jpg 1280w, https:\/\/franciscanos.org.br\/noticias\/wp-content\/uploads\/2021\/01\/ang_08-450x300.jpg 450w, https:\/\/franciscanos.org.br\/noticias\/wp-content\/uploads\/2021\/01\/ang_08-1024x682.jpg 1024w, https:\/\/franciscanos.org.br\/noticias\/wp-content\/uploads\/2021\/01\/ang_08-768x511.jpg 768w, https:\/\/franciscanos.org.br\/noticias\/wp-content\/uploads\/2021\/01\/ang_08-150x100.jpg 150w\" sizes=\"(max-width: 1280px) 100vw, 1280px\" \/><\/p>\n<p>O momento foi de grande alegria porque marcou um momento hist\u00f3rico pelo fato de ser a primeira turma da Funda\u00e7\u00e3o M\u00e3e de Deus de Angola (FIMDA) com o n\u00famero de neoprofessos superior a vinte. No final da Celebra\u00e7\u00e3o, os novi\u00e7os expressaram sua gratid\u00e3o \u00e0 Prov\u00edncia, na pessoa do Ministro provincial Frei C\u00e9sar K\u00fclkamp, \u00e0 Funda\u00e7\u00e3o de Angola, na pessoa do presidente Frei Ant\u00f3nio Boaventura Zovo Baza, aos familiares e amigos e \u00e0s comunidades que os acolheram durantes as etapas do Aspirantado, Postulantado e Noviciado. A celebra\u00e7\u00e3o da Missa terminou as 12h50 e foi sucedida pelo momento fraterno juntamente com aqueles que participaram da celebra\u00e7\u00e3o.<\/p>\n<p><img loading=\"lazy\" class=\"alignnone wp-image-230348 size-full\" src=\"https:\/\/franciscanos.org.br\/noticias\/wp-content\/uploads\/2021\/01\/ang_011.jpg\" alt=\"\" width=\"1280\" height=\"852\" srcset=\"https:\/\/franciscanos.org.br\/noticias\/wp-content\/uploads\/2021\/01\/ang_011.jpg 1280w, https:\/\/franciscanos.org.br\/noticias\/wp-content\/uploads\/2021\/01\/ang_011-450x300.jpg 450w, https:\/\/franciscanos.org.br\/noticias\/wp-content\/uploads\/2021\/01\/ang_011-1024x682.jpg 1024w, https:\/\/franciscanos.org.br\/noticias\/wp-content\/uploads\/2021\/01\/ang_011-768x511.jpg 768w, https:\/\/franciscanos.org.br\/noticias\/wp-content\/uploads\/2021\/01\/ang_011-150x100.jpg 150w\" sizes=\"(max-width: 1280px) 100vw, 1280px\" \/><\/p>\n<p>A celebra\u00e7\u00e3o da Primeira Profiss\u00e3o, contudo, come\u00e7ou no dia anterior (9\/01), com a b\u00ean\u00e7\u00e3o dos h\u00e1bitos dos professandos, \u00e0s 19h30, numa celebra\u00e7\u00e3o dirigida pelo guardi\u00e3o da mesma Fraternidade, Frei Ivair Bueno de Carvalho.<\/p>\n<p><strong>JUBILEUS E ADMISS\u00c3O DOS NOVI\u00c7OS DESTE ANO <\/strong><\/p>\n<p>Durante esta celebra\u00e7\u00e3o, Frei Laerte de Farias dos Santos, 25 anos de vida religiosa franciscana; Frei Marco Ant\u00f4nio dos Santos e Frei C\u00e9sar K\u00fclkamp, 25 anos de vida sacerdotal; e Frei Valdemiro Wastchuk celebraram seus jubileus.<\/p>\n<div id=\"attachment_230349\" style=\"width: 1290px\" class=\"wp-caption alignnone\"><img aria-describedby=\"caption-attachment-230349\" loading=\"lazy\" class=\"wp-image-230349 size-full\" src=\"https:\/\/franciscanos.org.br\/noticias\/wp-content\/uploads\/2021\/01\/ang_012.jpg\" alt=\"\" width=\"1280\" height=\"852\" srcset=\"https:\/\/franciscanos.org.br\/noticias\/wp-content\/uploads\/2021\/01\/ang_012.jpg 1280w, https:\/\/franciscanos.org.br\/noticias\/wp-content\/uploads\/2021\/01\/ang_012-450x300.jpg 450w, https:\/\/franciscanos.org.br\/noticias\/wp-content\/uploads\/2021\/01\/ang_012-1024x682.jpg 1024w, https:\/\/franciscanos.org.br\/noticias\/wp-content\/uploads\/2021\/01\/ang_012-768x511.jpg 768w, https:\/\/franciscanos.org.br\/noticias\/wp-content\/uploads\/2021\/01\/ang_012-150x100.jpg 150w\" sizes=\"(max-width: 1280px) 100vw, 1280px\" \/><p id=\"caption-attachment-230349\" class=\"wp-caption-text\"><em>Frei C\u00e9sar, Frei Laerte e Frei Marcos celebram os seus jubileus neste ano. <\/em><\/p><\/div>\n<p>Primeiro Frei Laerte, diante do Ministro Provincial, renovou os votos que recebera h\u00e1 25 anos. Em suas m\u00e3os, como s\u00edmbolo de luz, havia uma vela acesa que lhe foi entregue por Frei Anfonso K. Quissongo. Em seguida, Frei Marco Ant\u00f4nio dos Santos e Frei C\u00e9sar K\u00fclkamp fizeram a mesma renova\u00e7\u00e3o com a suas respectivas velas que lhes foram entregues por Frei Ant\u00f3nio Boaventura Zovo Baza. Valdemiro Wastchuk, por motivos pastorais e em fun\u00e7\u00e3o da restri\u00e7\u00e3o que se tem observado devido \u00e0 Covid-19, n\u00e3o se fez presente, por\u00e9m foi lembrado v\u00e1rias vezes dentro da celebra\u00e7\u00e3o.<\/p>\n<p>Na verdade, a grande festa deste dia em Quibala come\u00e7ou cedo, \u00e0s 6h30, com o rito de Admiss\u00e3o ao ano de Noviciado dentro da Ora\u00e7\u00e3o das <em>Laudes<\/em>, dirigida pelo Ministro Provincial Frei C\u00e9sar K\u00fclkamp.<\/p>\n<p><img loading=\"lazy\" class=\"alignnone wp-image-230350 size-full\" src=\"https:\/\/franciscanos.org.br\/noticias\/wp-content\/uploads\/2021\/01\/ang_02.jpg\" alt=\"\" width=\"1280\" height=\"726\" srcset=\"https:\/\/franciscanos.org.br\/noticias\/wp-content\/uploads\/2021\/01\/ang_02.jpg 1280w, https:\/\/franciscanos.org.br\/noticias\/wp-content\/uploads\/2021\/01\/ang_02-450x255.jpg 450w, https:\/\/franciscanos.org.br\/noticias\/wp-content\/uploads\/2021\/01\/ang_02-1024x581.jpg 1024w, https:\/\/franciscanos.org.br\/noticias\/wp-content\/uploads\/2021\/01\/ang_02-768x436.jpg 768w, https:\/\/franciscanos.org.br\/noticias\/wp-content\/uploads\/2021\/01\/ang_02-150x85.jpg 150w\" sizes=\"(max-width: 1280px) 100vw, 1280px\" \/><\/p>\n<p>O rito teve in\u00edcio ap\u00f3s a recita\u00e7\u00e3o do salmodia e do Santo Evangelho proclamado por Frei Canga Manuel Mazoa, onde foram admitidos os seguintes candidatos: Benedito Cassoma, Benjamim Njele Songa, Bernardino Quessongo, Castro Domingos Gaspar, D\u00e2maso Tchembeka Muhepe, David Avelino Dami\u00e3o Vicente, Francisco Fernando Kanhanga Tchingandu, Francisco Mulimba Lino Tom\u00e1s, Jos\u00e9 Cambanda Catimba, Jos\u00e9 Greg\u00f3rio Severino, Levi Lubaki Joaquim Afonso, Manuel Mbuta Chicunho, Manuel Sabino Anapaz Kassindula, Miguel Armindo Caquarta, Pio Cutopa Chongolola e Valter Muhongo Quimbundo.<\/p>\n<div id=\"attachment_230351\" style=\"width: 1290px\" class=\"wp-caption alignnone\"><img aria-describedby=\"caption-attachment-230351\" loading=\"lazy\" class=\"wp-image-230351 size-full\" src=\"https:\/\/franciscanos.org.br\/noticias\/wp-content\/uploads\/2021\/01\/ang_07.jpg\" alt=\"\" width=\"1280\" height=\"780\" srcset=\"https:\/\/franciscanos.org.br\/noticias\/wp-content\/uploads\/2021\/01\/ang_07.jpg 1280w, https:\/\/franciscanos.org.br\/noticias\/wp-content\/uploads\/2021\/01\/ang_07-450x274.jpg 450w, https:\/\/franciscanos.org.br\/noticias\/wp-content\/uploads\/2021\/01\/ang_07-1024x624.jpg 1024w, https:\/\/franciscanos.org.br\/noticias\/wp-content\/uploads\/2021\/01\/ang_07-768x468.jpg 768w, https:\/\/franciscanos.org.br\/noticias\/wp-content\/uploads\/2021\/01\/ang_07-150x91.jpg 150w\" sizes=\"(max-width: 1280px) 100vw, 1280px\" \/><p id=\"caption-attachment-230351\" class=\"wp-caption-text\"><em>Frei C\u00e9sar acolhe a turma de novi\u00e7os deste ano na Funda\u00e7\u00e3o Imaculada M\u00e3e de Deus de Angola<\/em><\/p><\/div>\n<hr \/>\n<p><em>Texto de Frei Eduardo Jos\u00e9 Cavita Camunha<\/em><\/p>\n<p>_____________________________________________________________<\/p>\n<p><img loading=\"lazy\" class=\"alignnone wp-image-230352 size-full\" src=\"https:\/\/franciscanos.org.br\/noticias\/wp-content\/uploads\/2021\/01\/ang_010.jpg\" alt=\"\" width=\"1280\" height=\"756\" srcset=\"https:\/\/franciscanos.org.br\/noticias\/wp-content\/uploads\/2021\/01\/ang_010.jpg 1280w, https:\/\/franciscanos.org.br\/noticias\/wp-content\/uploads\/2021\/01\/ang_010-450x266.jpg 450w, https:\/\/franciscanos.org.br\/noticias\/wp-content\/uploads\/2021\/01\/ang_010-1024x605.jpg 1024w, https:\/\/franciscanos.org.br\/noticias\/wp-content\/uploads\/2021\/01\/ang_010-768x454.jpg 768w, https:\/\/franciscanos.org.br\/noticias\/wp-content\/uploads\/2021\/01\/ang_010-150x89.jpg 150w\" sizes=\"(max-width: 1280px) 100vw, 1280px\" \/><\/p>\n<p style=\"text-align: center;\"><strong>\u00cdNTEGRA DA HOMILIA DO MINISTRO PROVINCIAL<\/strong><\/p>\n<p>Caros confrades aqui presentes, especialmente os da fraternidade formadora do Noviciado; Caro Padre Reis, superior da Miss\u00e3o da Quibala e Equipa Mission\u00e1ria;<\/p>\n<p>Queridas religiosas, familiares e o povo amado de Deus; queridosconfrades professandos na Ordem dos Frades Menores, a todos voc\u00eas, Paz e Bem!<\/p>\n<p>Hoje \u00e9 um dia de gra\u00e7a abundante de Deus, dentro deste per\u00edodo chamado \u201cAno da Gra\u00e7a\u201d, este tempo privilegiado em que todos n\u00f3s, os frades menores, somos iniciados no seguimento de Cristo, do jeito que o seguiu o nosso pai, S\u00e3o Francisco de Assis. N\u00f3s o fazemos assumindo e integrando os valores que o Santo de Assis nos deixou e tamb\u00e9m nos deixaram a hist\u00f3ria e a tradi\u00e7\u00e3o da nossa Ordem, juntamente com os valores e dons que cada um traz consigo, herdados de sua fam\u00edlia, de sua comunidade de origem e das pr\u00f3prias convic\u00e7\u00f5es e experi\u00eancias da f\u00e9 crist\u00e3. Esta integra\u00e7\u00e3o \u00e9 o grande trabalho do ano do Noviciado.<\/p>\n<p>Hoje voc\u00eas, caros confrades professandos, vivem conosco e com toda a Prov\u00edncia, a Prov\u00edncia tamb\u00e9m aqui na Funda\u00e7\u00e3o Imaculada M\u00e3e de Deus de Angola, mas tamb\u00e9m com os quatro irm\u00e3os que professaram no Brasil, no fim deste privilegiado tempo do Noviciado Franciscano!<\/p>\n<p><img loading=\"lazy\" class=\"alignnone wp-image-230353 size-full\" src=\"https:\/\/franciscanos.org.br\/noticias\/wp-content\/uploads\/2021\/01\/ang_014.jpg\" alt=\"\" width=\"1280\" height=\"852\" srcset=\"https:\/\/franciscanos.org.br\/noticias\/wp-content\/uploads\/2021\/01\/ang_014.jpg 1280w, https:\/\/franciscanos.org.br\/noticias\/wp-content\/uploads\/2021\/01\/ang_014-450x300.jpg 450w, https:\/\/franciscanos.org.br\/noticias\/wp-content\/uploads\/2021\/01\/ang_014-1024x682.jpg 1024w, https:\/\/franciscanos.org.br\/noticias\/wp-content\/uploads\/2021\/01\/ang_014-768x511.jpg 768w, https:\/\/franciscanos.org.br\/noticias\/wp-content\/uploads\/2021\/01\/ang_014-150x100.jpg 150w\" sizes=\"(max-width: 1280px) 100vw, 1280px\" \/><\/p>\n<p>Nossa Prov\u00edncia hoje devolveu a Deus o seu filho mais antigo, Frei Olavo Seifert. Caminhava para celebrar 80 anos de vida franciscana e 75 de sacerd\u00f3cio. Recebeu o privil\u00e9gio de viver por 101 anos. Tornou-se modelo de fidelidade com humildade do bem viver a voca\u00e7\u00e3o e o servi\u00e7o. Foi mais uma das v\u00edtimas da atual pandemia que assola a humanidade, com quase duas milh\u00f5es de v\u00edtimas fatais, al\u00e9m das quase 90 milh\u00f5es de pessoas que contra\u00edram este v\u00edrus. Rezemos e nos solidarizemos com os que mais sofrem neste momento, os pobres, os doentes, e com os que mais se dedicam, principalmente os profissionais de sa\u00fade. Deus acolha a alma do nosso irm\u00e3o, Frei Olavo, com tamb\u00e9m de todos que perderam a vida.<\/p>\n<p>Hoje, com a toda a Igreja celebramos o Batismo do Senhor. <em>\u201cJesus foi ao Rio Jord\u00e3o at\u00e9 Jo\u00e3o, para ser batizado por ele\u201d<\/em>. Jo\u00e3o oferecia o batismo aos que decidiam mudar de vida. A condi\u00e7\u00e3o era aceitar-se como pecador, necessitado de convers\u00e3o. As \u00e1guas eram um sinal, como se a correnteza lavasse os seus pecados. Por que Jesus quis este rito para si? Ele assumiu a condi\u00e7\u00e3o humana em tudo, menos no pecado. N\u00e3o precisava, portanto, da purifica\u00e7\u00e3o do batismo. No entanto, Ele assume este gesto e o transforma em sacramento, por profunda comunh\u00e3o com o ser humano. O seu minist\u00e9rio, desde o in\u00edcio, est\u00e1 do lado dos pecadores, mergulha na condi\u00e7\u00e3o daqueles que precisam da salva\u00e7\u00e3o para emergir trazendo-os consigo \u00e0 vida nova, \u00e0 liberdade dos <em>filhos amados, de quem o Pai se agrada<\/em>! Este \u00e9 tamb\u00e9m o sentido do batismo crist\u00e3o. Ele recorda nossa filia\u00e7\u00e3o divina e nos prepara para o seguimento de Cristo. Resgatados por tamanho amor, tornemo-nos instrumentos de salva\u00e7\u00e3o para nossos irm\u00e3os e irm\u00e3s!<\/p>\n<p>E na celebra\u00e7\u00e3o lit\u00fargica, o Batismo \u00e9 sinal de convers\u00e3o. \u00c9 a convers\u00e3o que leva os ap\u00f3stolos a mudar de vida e a dar testemunho diante do mundo da raz\u00e3o do seu seguimento a Cristo. Ele veio para nos salvar. Com esse acento encerramos o ciclo do Natal. Com sua encarna\u00e7\u00e3o, Jesus tamb\u00e9m aponta para o sentido da miss\u00e3o crist\u00e3. O Profeta Isa\u00edas j\u00e1 anunciava que este Senhor vem como servo, mas tamb\u00e9m como luz das na\u00e7\u00f5es, para abrir os olhos dos cegos e libertar da pris\u00e3o os que vivem nas trevas.<\/p>\n<p><img loading=\"lazy\" class=\"alignnone wp-image-230354 size-full\" src=\"https:\/\/franciscanos.org.br\/noticias\/wp-content\/uploads\/2021\/01\/ang_015.jpg\" alt=\"\" width=\"1280\" height=\"852\" srcset=\"https:\/\/franciscanos.org.br\/noticias\/wp-content\/uploads\/2021\/01\/ang_015.jpg 1280w, https:\/\/franciscanos.org.br\/noticias\/wp-content\/uploads\/2021\/01\/ang_015-450x300.jpg 450w, https:\/\/franciscanos.org.br\/noticias\/wp-content\/uploads\/2021\/01\/ang_015-1024x682.jpg 1024w, https:\/\/franciscanos.org.br\/noticias\/wp-content\/uploads\/2021\/01\/ang_015-768x511.jpg 768w, https:\/\/franciscanos.org.br\/noticias\/wp-content\/uploads\/2021\/01\/ang_015-150x100.jpg 150w\" sizes=\"(max-width: 1280px) 100vw, 1280px\" \/><\/p>\n<p>Por isso, todos precisamos de convers\u00e3o, o que \u00e9 um caminho dif\u00edcil, mas o \u00fanico verdadeiro.<\/p>\n<p>E foi este o caminho vivido e proposto por S\u00e3o Francisco e que nos deixou em sua Regra de Vida: \u201c<em>seguir a doutrina e as pegadas de Nosso Senhor Jesus Cristo que diz: Se queres ser perfeito, vai e vende tudo que tens e d\u00e1 aos pobres e ter\u00e1s um tesouro no c\u00e9u; e vem e segue-me.<\/em>\u201d (RNB 1)<\/p>\n<p>Estimados confrades, hoje voc\u00eas terminam o ano de prova\u00e7\u00e3o e pedem para ser recebidos na Obedi\u00eancia. O ano do Noviciado, com seus erros e acertos, com a pessoa de cada confrade, ajudou a lhes mostrar o verdadeiro sentido de nossa forma de vida. Mas, principalmente, a pessoa de cada um de voc\u00eas foi importante neste protagonismo de abra\u00e7ar o \u201c<em>esp\u00edrito do Senhor e seu santo modo de operar<\/em>\u201d. Para abra\u00e7ar este verdadeiro esp\u00edrito de penit\u00eancia e convers\u00e3o.<\/p>\n<p>Francisco descobre os valores que nos deixou como heran\u00e7a ao contemplar os mist\u00e9rios da vida de Jesus, especialmente na sua Encarna\u00e7\u00e3o, na Eucaristia e nos sofrimentos de sua Paix\u00e3o. Ele fala alto em cada um destes mist\u00e9rios. Ele mesmo se d\u00e1 a n\u00f3s generosamente e de forma t\u00e3o simples, pequena. Se Deus assim age, que raz\u00f5es temos n\u00f3s para resistirmos ao abaixamento, \u00e0 humildade para construirmos verdadeiras e fraternas comunidades.<\/p>\n<p><img loading=\"lazy\" class=\"alignnone wp-image-230355 size-full\" src=\"https:\/\/franciscanos.org.br\/noticias\/wp-content\/uploads\/2021\/01\/ang_016.jpg\" alt=\"\" width=\"1280\" height=\"852\" srcset=\"https:\/\/franciscanos.org.br\/noticias\/wp-content\/uploads\/2021\/01\/ang_016.jpg 1280w, https:\/\/franciscanos.org.br\/noticias\/wp-content\/uploads\/2021\/01\/ang_016-450x300.jpg 450w, https:\/\/franciscanos.org.br\/noticias\/wp-content\/uploads\/2021\/01\/ang_016-1024x682.jpg 1024w, https:\/\/franciscanos.org.br\/noticias\/wp-content\/uploads\/2021\/01\/ang_016-768x511.jpg 768w, https:\/\/franciscanos.org.br\/noticias\/wp-content\/uploads\/2021\/01\/ang_016-150x100.jpg 150w\" sizes=\"(max-width: 1280px) 100vw, 1280px\" \/><\/p>\n<p>Uma atitude de mais humildade, fundada na f\u00e9 e no amor, \u00e9 o caminho para melhor seguir os passos do Cristo.<\/p>\n<p>A Igreja e a Ordem pedem de cada um de n\u00f3s frades franciscanos, este testemunho diante de outras dire\u00e7\u00f5es propostas pelo mundo.<\/p>\n<p>\u00c9 isto que voc\u00eas pediram para professar agora, entregando-se nas m\u00e3os desta pequena por\u00e7\u00e3o da Ordem chamada Prov\u00edncia Franciscana da Imaculada Concei\u00e7\u00e3o.<\/p>\n<p>O que nos une, os quase 400 frades, \u00e9 a nossa forma de vida, deixada por S\u00e3o Francisco. E ele nos diz que a nossa vida \u00e9 o Evangelho, ou seja, a vida mesma de Jesus. Ele \u00e9 a revela\u00e7\u00e3o amorosa do Pai.<\/p>\n<p>Para enxergar esta revela\u00e7\u00e3o, \u00e9 preciso se converter, transformar nossa vida numa obedi\u00eancia \u00e0 vontade do Pai.<\/p>\n<p>Francisco se fez disc\u00edpulo do verdadeiro Mestre. Procurou interpretar Sua vontade em todos e em tudo. Com sua vida e suas atitudes, ele nos ensinou o que significa transbordar de generosidade. E faz isso porque Deus \u00e9 assim: amou-nos por primeiro e at\u00e9 o fim!<\/p>\n<p>O Noviciado ter\u00e1 sido fundamento para voc\u00eas se ajudou neste exerc\u00edcio do silenciar para poder escutar e para poder ver. Ouvir o que n\u00e3o tem som e ver o que n\u00e3o tem forma.<\/p>\n<p>E hoje tamb\u00e9m celebramos, em fraternidade, a gra\u00e7a do jubileu de prata de vida franciscana do Frei Laerte e de vida sacerdotal do Frei Marco Ant\u00f4nio, do Frei Valdemiro Wastchuk e minha tamb\u00e9m.<\/p>\n<p>Na tradi\u00e7\u00e3o b\u00edblica, do Livro do Lev\u00edtico, cap. 25, a viv\u00eancia do jubileu traz elementos inspiradores? As d\u00edvidas eram perdoadas, as penas esquecidas e os escravos eram libertados.<\/p>\n<p><img loading=\"lazy\" class=\"alignnone wp-image-230356 size-full\" src=\"https:\/\/franciscanos.org.br\/noticias\/wp-content\/uploads\/2021\/01\/ang_17.jpg\" alt=\"\" width=\"1280\" height=\"852\" srcset=\"https:\/\/franciscanos.org.br\/noticias\/wp-content\/uploads\/2021\/01\/ang_17.jpg 1280w, https:\/\/franciscanos.org.br\/noticias\/wp-content\/uploads\/2021\/01\/ang_17-450x300.jpg 450w, https:\/\/franciscanos.org.br\/noticias\/wp-content\/uploads\/2021\/01\/ang_17-1024x682.jpg 1024w, https:\/\/franciscanos.org.br\/noticias\/wp-content\/uploads\/2021\/01\/ang_17-768x511.jpg 768w, https:\/\/franciscanos.org.br\/noticias\/wp-content\/uploads\/2021\/01\/ang_17-150x100.jpg 150w\" sizes=\"(max-width: 1280px) 100vw, 1280px\" \/><\/p>\n<p>Hoje, com voc\u00eas jubilandos, me incluo tamb\u00e9m, queremos pedir o perd\u00e3o jubilar de todas as nossas faltas. Queremos confirmar e reiniciar a nossa consagra\u00e7\u00e3o e o nosso servi\u00e7o ministerial, fundados no primeiro amor, e isto profundamente reconciliados naquele que nos chama a segui-lo. Somos convidados a manter a fidelidade na resposta generosa que um dia j\u00e1 demos a Deus.<\/p>\n<p>Celebrar o jubileu \u00e9 tamb\u00e9m festejar a alegria do bem vivido. \u00c9 dia de gratid\u00e3o a Deus que nos deu o dom da voca\u00e7\u00e3o e o dom de servir em Seu nome.<\/p>\n<p><img loading=\"lazy\" class=\"alignnone wp-image-230357 size-full\" src=\"https:\/\/franciscanos.org.br\/noticias\/wp-content\/uploads\/2021\/01\/ang_018.jpg\" alt=\"\" width=\"1280\" height=\"852\" srcset=\"https:\/\/franciscanos.org.br\/noticias\/wp-content\/uploads\/2021\/01\/ang_018.jpg 1280w, https:\/\/franciscanos.org.br\/noticias\/wp-content\/uploads\/2021\/01\/ang_018-450x300.jpg 450w, https:\/\/franciscanos.org.br\/noticias\/wp-content\/uploads\/2021\/01\/ang_018-1024x682.jpg 1024w, https:\/\/franciscanos.org.br\/noticias\/wp-content\/uploads\/2021\/01\/ang_018-768x511.jpg 768w, https:\/\/franciscanos.org.br\/noticias\/wp-content\/uploads\/2021\/01\/ang_018-150x100.jpg 150w\" sizes=\"(max-width: 1280px) 100vw, 1280px\" \/><\/p>\n<p>Em nome de todos os frades da Prov\u00edncia e de todos os irm\u00e3os e irm\u00e3s que participam da nossa vida e da nossa miss\u00e3o, quero agradecer a voc\u00eas por terem compartilhado sua vida e sua miss\u00e3o em fraternidade conosco. Mais ainda por terem vindo para longe de suas fam\u00edlias, de sua terra Natal, para a Miss\u00e3o em Angola, aceitando o convite de Jesus para deixar tudo e seguir para onde Ele for.<\/p>\n<p>Convido todos voc\u00eas, professandos e jubilandos, a se voltarem para Maria, modelo de discipulado, de consagra\u00e7\u00e3o, de humildade e de servi\u00e7o, a mulher que soube dizer sim \u00e0 vontade de Deus e \u201c<em>fa\u00e7a-se em mim segundo a Vossa vontade<\/em>\u201d. Renovemos o nosso sim no Sim ousado e generoso de Maria. Que a Rainha da Ordem dos Menores ajude a cada um de n\u00f3s a permanecermos firmes na fidelidade, para conhecermos melhor a vontade e a vida daquele que nos convida a seguir os seus passos de verdadeira humildade!<\/p>\n<p><img loading=\"lazy\" class=\"alignnone wp-image-230358 size-full\" src=\"https:\/\/franciscanos.org.br\/noticias\/wp-content\/uploads\/2021\/01\/ang_019.jpg\" alt=\"\" width=\"1280\" height=\"852\" srcset=\"https:\/\/franciscanos.org.br\/noticias\/wp-content\/uploads\/2021\/01\/ang_019.jpg 1280w, https:\/\/franciscanos.org.br\/noticias\/wp-content\/uploads\/2021\/01\/ang_019-450x300.jpg 450w, https:\/\/franciscanos.org.br\/noticias\/wp-content\/uploads\/2021\/01\/ang_019-1024x682.jpg 1024w, https:\/\/franciscanos.org.br\/noticias\/wp-content\/uploads\/2021\/01\/ang_019-768x511.jpg 768w, https:\/\/franciscanos.org.br\/noticias\/wp-content\/uploads\/2021\/01\/ang_019-150x100.jpg 150w\" sizes=\"(max-width: 1280px) 100vw, 1280px\" \/><\/p>\n<p>&nbsp;<\/p>\n","protected":false},"excerpt":{"rendered":"<p>Jubileus, Primeira Profiss\u00e3o e Admiss\u00e3o dos Novi\u00e7os em Angola<\/p>\n","protected":false},"author":3,"featured_media":230360,"comment_status":"open","ping_status":"open","sticky":false,"template":"","format":"standard","meta":[],"categories":[1],"tags":[],"acf":[],"yoast_head":"<!-- This site is optimized with the Yoast SEO plugin v19.2 - https:\/\/yoast.com\/wordpress\/plugins\/seo\/ -->\n<title>&quot;Um dia de gra\u00e7a abundante de Deus&quot;, diz Frei C\u00e9sar na grande festa do Noviciado de Quibala - Not\u00edcias - Franciscanos<\/title>\n<meta name=\"robots\" content=\"index, follow, max-snippet:-1, max-image-preview:large, max-video-preview:-1\" \/>\n<link rel=\"canonical\" href=\"https:\/\/franciscanos.org.br\/noticias\/um-dia-de-graca-abundante-de-deus-diz-frei-cesar-para-a-grande-festa-do-noviciado-de-quibala.html\" \/>\n<meta property=\"og:locale\" content=\"pt_BR\" \/>\n<meta property=\"og:type\" content=\"article\" \/>\n<meta property=\"og:title\" content=\"&quot;Um dia de gra\u00e7a abundante de Deus&quot;, diz Frei C\u00e9sar na grande festa do Noviciado de Quibala - Not\u00edcias - Franciscanos\" \/>\n<meta property=\"og:description\" content=\"Jubileus, Primeira Profiss\u00e3o e Admiss\u00e3o dos Novi\u00e7os em Angola\" \/>\n<meta property=\"og:url\" content=\"https:\/\/franciscanos.org.br\/noticias\/um-dia-de-graca-abundante-de-deus-diz-frei-cesar-para-a-grande-festa-do-noviciado-de-quibala.html\" \/>\n<meta property=\"og:site_name\" content=\"Not\u00edcias - Franciscanos\" \/>\n<meta property=\"article:published_time\" content=\"2021-01-10T21:49:10+00:00\" \/>\n<meta property=\"article:modified_time\" content=\"2021-01-12T16:25:25+00:00\" \/>\n<meta property=\"og:image\" content=\"https:\/\/franciscanos.org.br\/noticias\/wp-content\/uploads\/2021\/01\/ang_d.jpg\" \/>\n\t<meta property=\"og:image:width\" content=\"875\" \/>\n\t<meta property=\"og:image:height\" content=\"583\" \/>\n\t<meta property=\"og:image:type\" content=\"image\/jpeg\" \/>\n<meta name=\"author\" content=\"moacir\" \/>\n<meta name=\"twitter:card\" content=\"summary_large_image\" \/>\n<meta name=\"twitter:label1\" content=\"Escrito por\" \/>\n\t<meta name=\"twitter:data1\" content=\"moacir\" \/>\n\t<meta name=\"twitter:label2\" content=\"Est. tempo de leitura\" \/>\n\t<meta name=\"twitter:data2\" content=\"13 minutos\" \/>\n<script type=\"application\/ld+json\" class=\"yoast-schema-graph\">{\"@context\":\"https:\/\/schema.org\",\"@graph\":[{\"@type\":\"WebSite\",\"@id\":\"https:\/\/franciscanos.org.br\/noticias\/#website\",\"url\":\"https:\/\/franciscanos.org.br\/noticias\/\",\"name\":\"Not\u00edcias - Franciscanos\",\"description\":\"Prov\u00edncia Franciscana da Imaculada Concei\u00e7\u00e3o do Brasil - Ordem dos Frades Menores - OFM\",\"potentialAction\":[{\"@type\":\"SearchAction\",\"target\":{\"@type\":\"EntryPoint\",\"urlTemplate\":\"https:\/\/franciscanos.org.br\/noticias\/?s={search_term_string}\"},\"query-input\":\"required name=search_term_string\"}],\"inLanguage\":\"pt-BR\"},{\"@type\":\"ImageObject\",\"inLanguage\":\"pt-BR\",\"@id\":\"https:\/\/franciscanos.org.br\/noticias\/um-dia-de-graca-abundante-de-deus-diz-frei-cesar-para-a-grande-festa-do-noviciado-de-quibala.html#primaryimage\",\"url\":\"https:\/\/franciscanos.org.br\/noticias\/wp-content\/uploads\/2021\/01\/ang_d.jpg\",\"contentUrl\":\"https:\/\/franciscanos.org.br\/noticias\/wp-content\/uploads\/2021\/01\/ang_d.jpg\",\"width\":875,\"height\":583},{\"@type\":\"WebPage\",\"@id\":\"https:\/\/franciscanos.org.br\/noticias\/um-dia-de-graca-abundante-de-deus-diz-frei-cesar-para-a-grande-festa-do-noviciado-de-quibala.html#webpage\",\"url\":\"https:\/\/franciscanos.org.br\/noticias\/um-dia-de-graca-abundante-de-deus-diz-frei-cesar-para-a-grande-festa-do-noviciado-de-quibala.html\",\"name\":\"\\\"Um dia de gra\u00e7a abundante de Deus\\\", diz Frei C\u00e9sar na grande festa do Noviciado de Quibala - Not\u00edcias - Franciscanos\",\"isPartOf\":{\"@id\":\"https:\/\/franciscanos.org.br\/noticias\/#website\"},\"primaryImageOfPage\":{\"@id\":\"https:\/\/franciscanos.org.br\/noticias\/um-dia-de-graca-abundante-de-deus-diz-frei-cesar-para-a-grande-festa-do-noviciado-de-quibala.html#primaryimage\"},\"datePublished\":\"2021-01-10T21:49:10+00:00\",\"dateModified\":\"2021-01-12T16:25:25+00:00\",\"author\":{\"@id\":\"https:\/\/franciscanos.org.br\/noticias\/#\/schema\/person\/b5c8cba458c330ccff548b056e95a5d4\"},\"breadcrumb\":{\"@id\":\"https:\/\/franciscanos.org.br\/noticias\/um-dia-de-graca-abundante-de-deus-diz-frei-cesar-para-a-grande-festa-do-noviciado-de-quibala.html#breadcrumb\"},\"inLanguage\":\"pt-BR\",\"potentialAction\":[{\"@type\":\"ReadAction\",\"target\":[\"https:\/\/franciscanos.org.br\/noticias\/um-dia-de-graca-abundante-de-deus-diz-frei-cesar-para-a-grande-festa-do-noviciado-de-quibala.html\"]}]},{\"@type\":\"BreadcrumbList\",\"@id\":\"https:\/\/franciscanos.org.br\/noticias\/um-dia-de-graca-abundante-de-deus-diz-frei-cesar-para-a-grande-festa-do-noviciado-de-quibala.html#breadcrumb\",\"itemListElement\":[{\"@type\":\"ListItem\",\"position\":1,\"name\":\"Home\",\"item\":\"https:\/\/franciscanos.org.br\/noticias\"},{\"@type\":\"ListItem\",\"position\":2,\"name\":\"&#8220;Um dia de gra\u00e7a abundante de Deus&#8221;, diz Frei C\u00e9sar na grande festa do Noviciado de Quibala\"}]},{\"@type\":\"Person\",\"@id\":\"https:\/\/franciscanos.org.br\/noticias\/#\/schema\/person\/b5c8cba458c330ccff548b056e95a5d4\",\"name\":\"moacir\",\"image\":{\"@type\":\"ImageObject\",\"inLanguage\":\"pt-BR\",\"@id\":\"https:\/\/franciscanos.org.br\/noticias\/#\/schema\/person\/image\/\",\"url\":\"https:\/\/secure.gravatar.com\/avatar\/d08aa2ce4c8dd416d4479aa8536fcf64?s=96&d=mm&r=g\",\"contentUrl\":\"https:\/\/secure.gravatar.com\/avatar\/d08aa2ce4c8dd416d4479aa8536fcf64?s=96&d=mm&r=g\",\"caption\":\"moacir\"},\"url\":\"https:\/\/franciscanos.org.br\/noticias\/author\/moacir\"}]}<\/script>\n<!-- \/ Yoast SEO plugin. -->","yoast_head_json":{"title":"\"Um dia de gra\u00e7a abundante de Deus\", diz Frei C\u00e9sar na grande festa do Noviciado de Quibala - Not\u00edcias - Franciscanos","robots":{"index":"index","follow":"follow","max-snippet":"max-snippet:-1","max-image-preview":"max-image-preview:large","max-video-preview":"max-video-preview:-1"},"canonical":"https:\/\/franciscanos.org.br\/noticias\/um-dia-de-graca-abundante-de-deus-diz-frei-cesar-para-a-grande-festa-do-noviciado-de-quibala.html","og_locale":"pt_BR","og_type":"article","og_title":"\"Um dia de gra\u00e7a abundante de Deus\", diz Frei C\u00e9sar na grande festa do Noviciado de Quibala - Not\u00edcias - Franciscanos","og_description":"Jubileus, Primeira Profiss\u00e3o e Admiss\u00e3o dos Novi\u00e7os em Angola","og_url":"https:\/\/franciscanos.org.br\/noticias\/um-dia-de-graca-abundante-de-deus-diz-frei-cesar-para-a-grande-festa-do-noviciado-de-quibala.html","og_site_name":"Not\u00edcias - Franciscanos","article_published_time":"2021-01-10T21:49:10+00:00","article_modified_time":"2021-01-12T16:25:25+00:00","og_image":[{"width":875,"height":583,"url":"https:\/\/franciscanos.org.br\/noticias\/wp-content\/uploads\/2021\/01\/ang_d.jpg","type":"image\/jpeg"}],"author":"moacir","twitter_card":"summary_large_image","twitter_misc":{"Escrito por":"moacir","Est. tempo de leitura":"13 minutos"},"schema":{"@context":"https:\/\/schema.org","@graph":[{"@type":"WebSite","@id":"https:\/\/franciscanos.org.br\/noticias\/#website","url":"https:\/\/franciscanos.org.br\/noticias\/","name":"Not\u00edcias - Franciscanos","description":"Prov\u00edncia Franciscana da Imaculada Concei\u00e7\u00e3o do Brasil - Ordem dos Frades Menores - OFM","potentialAction":[{"@type":"SearchAction","target":{"@type":"EntryPoint","urlTemplate":"https:\/\/franciscanos.org.br\/noticias\/?s={search_term_string}"},"query-input":"required name=search_term_string"}],"inLanguage":"pt-BR"},{"@type":"ImageObject","inLanguage":"pt-BR","@id":"https:\/\/franciscanos.org.br\/noticias\/um-dia-de-graca-abundante-de-deus-diz-frei-cesar-para-a-grande-festa-do-noviciado-de-quibala.html#primaryimage","url":"https:\/\/franciscanos.org.br\/noticias\/wp-content\/uploads\/2021\/01\/ang_d.jpg","contentUrl":"https:\/\/franciscanos.org.br\/noticias\/wp-content\/uploads\/2021\/01\/ang_d.jpg","width":875,"height":583},{"@type":"WebPage","@id":"https:\/\/franciscanos.org.br\/noticias\/um-dia-de-graca-abundante-de-deus-diz-frei-cesar-para-a-grande-festa-do-noviciado-de-quibala.html#webpage","url":"https:\/\/franciscanos.org.br\/noticias\/um-dia-de-graca-abundante-de-deus-diz-frei-cesar-para-a-grande-festa-do-noviciado-de-quibala.html","name":"\"Um dia de gra\u00e7a abundante de Deus\", diz Frei C\u00e9sar na grande festa do Noviciado de Quibala - Not\u00edcias - Franciscanos","isPartOf":{"@id":"https:\/\/franciscanos.org.br\/noticias\/#website"},"primaryImageOfPage":{"@id":"https:\/\/franciscanos.org.br\/noticias\/um-dia-de-graca-abundante-de-deus-diz-frei-cesar-para-a-grande-festa-do-noviciado-de-quibala.html#primaryimage"},"datePublished":"2021-01-10T21:49:10+00:00","dateModified":"2021-01-12T16:25:25+00:00","author":{"@id":"https:\/\/franciscanos.org.br\/noticias\/#\/schema\/person\/b5c8cba458c330ccff548b056e95a5d4"},"breadcrumb":{"@id":"https:\/\/franciscanos.org.br\/noticias\/um-dia-de-graca-abundante-de-deus-diz-frei-cesar-para-a-grande-festa-do-noviciado-de-quibala.html#breadcrumb"},"inLanguage":"pt-BR","potentialAction":[{"@type":"ReadAction","target":["https:\/\/franciscanos.org.br\/noticias\/um-dia-de-graca-abundante-de-deus-diz-frei-cesar-para-a-grande-festa-do-noviciado-de-quibala.html"]}]},{"@type":"BreadcrumbList","@id":"https:\/\/franciscanos.org.br\/noticias\/um-dia-de-graca-abundante-de-deus-diz-frei-cesar-para-a-grande-festa-do-noviciado-de-quibala.html#breadcrumb","itemListElement":[{"@type":"ListItem","position":1,"name":"Home","item":"https:\/\/franciscanos.org.br\/noticias"},{"@type":"ListItem","position":2,"name":"&#8220;Um dia de gra\u00e7a abundante de Deus&#8221;, diz Frei C\u00e9sar na grande festa do Noviciado de Quibala"}]},{"@type":"Person","@id":"https:\/\/franciscanos.org.br\/noticias\/#\/schema\/person\/b5c8cba458c330ccff548b056e95a5d4","name":"moacir","image":{"@type":"ImageObject","inLanguage":"pt-BR","@id":"https:\/\/franciscanos.org.br\/noticias\/#\/schema\/person\/image\/","url":"https:\/\/secure.gravatar.com\/avatar\/d08aa2ce4c8dd416d4479aa8536fcf64?s=96&d=mm&r=g","contentUrl":"https:\/\/secure.gravatar.com\/avatar\/d08aa2ce4c8dd416d4479aa8536fcf64?s=96&d=mm&r=g","caption":"moacir"},"url":"https:\/\/franciscanos.org.br\/noticias\/author\/moacir"}]}},"_links":{"self":[{"href":"https:\/\/franciscanos.org.br\/noticias\/wp-json\/wp\/v2\/posts\/230343"}],"collection":[{"href":"https:\/\/franciscanos.org.br\/noticias\/wp-json\/wp\/v2\/posts"}],"about":[{"href":"https:\/\/franciscanos.org.br\/noticias\/wp-json\/wp\/v2\/types\/post"}],"author":[{"embeddable":true,"href":"https:\/\/franciscanos.org.br\/noticias\/wp-json\/wp\/v2\/users\/3"}],"replies":[{"embeddable":true,"href":"https:\/\/franciscanos.org.br\/noticias\/wp-json\/wp\/v2\/comments?post=230343"}],"version-history":[{"count":9,"href":"https:\/\/franciscanos.org.br\/noticias\/wp-json\/wp\/v2\/posts\/230343\/revisions"}],"predecessor-version":[{"id":230373,"href":"https:\/\/franciscanos.org.br\/noticias\/wp-json\/wp\/v2\/posts\/230343\/revisions\/230373"}],"wp:featuredmedia":[{"embeddable":true,"href":"https:\/\/franciscanos.org.br\/noticias\/wp-json\/wp\/v2\/media\/230360"}],"wp:attachment":[{"href":"https:\/\/franciscanos.org.br\/noticias\/wp-json\/wp\/v2\/media?parent=230343"}],"wp:term":[{"taxonomy":"category","embeddable":true,"href":"https:\/\/franciscanos.org.br\/noticias\/wp-json\/wp\/v2\/categories?post=230343"},{"taxonomy":"post_tag","embeddable":true,"href":"https:\/\/franciscanos.org.br\/noticias\/wp-json\/wp\/v2\/tags?post=230343"}],"curies":[{"name":"wp","href":"https:\/\/api.w.org\/{rel}","templated":true}]}}