{"id":230339,"date":"2021-01-10T09:35:04","date_gmt":"2021-01-10T12:35:04","guid":{"rendered":"https:\/\/franciscanos.org.br\/noticias\/?p=230339"},"modified":"2021-01-10T09:35:04","modified_gmt":"2021-01-10T12:35:04","slug":"papa-francisco-deus-nos-acaricia-com-a-sua-misericordia","status":"publish","type":"post","link":"https:\/\/franciscanos.org.br\/noticias\/papa-francisco-deus-nos-acaricia-com-a-sua-misericordia.html","title":{"rendered":"Papa Francisco: Deus nos acaricia com a sua miseric\u00f3rdia"},"content":{"rendered":"<div id=\"attachment_230340\" style=\"width: 1290px\" class=\"wp-caption alignnone\"><img aria-describedby=\"caption-attachment-230340\" loading=\"lazy\" class=\"wp-image-230340 size-full\" src=\"https:\/\/franciscanos.org.br\/noticias\/wp-content\/uploads\/2021\/01\/angelus_01-1.jpg\" alt=\"\" width=\"1280\" height=\"720\" srcset=\"https:\/\/franciscanos.org.br\/noticias\/wp-content\/uploads\/2021\/01\/angelus_01-1.jpg 1280w, https:\/\/franciscanos.org.br\/noticias\/wp-content\/uploads\/2021\/01\/angelus_01-1-450x253.jpg 450w, https:\/\/franciscanos.org.br\/noticias\/wp-content\/uploads\/2021\/01\/angelus_01-1-1024x576.jpg 1024w, https:\/\/franciscanos.org.br\/noticias\/wp-content\/uploads\/2021\/01\/angelus_01-1-768x432.jpg 768w, https:\/\/franciscanos.org.br\/noticias\/wp-content\/uploads\/2021\/01\/angelus_01-1-150x84.jpg 150w\" sizes=\"(max-width: 1280px) 100vw, 1280px\" \/><p id=\"caption-attachment-230340\" class=\"wp-caption-text\">\u00a0 \u00a0 \u00a0 \u00a0 \u00a0 \u00a0 \u00a0 \u00a0 \u00a0 \u00a0 \u00a0 \u00a0 \u00a0 \u00a0 \u00a0 \u00a0 \u00a0 \u00a0 \u00a0 \u00a0 \u00a0 \u00a0 \u00a0 \u00a0 \u00a0 \u00a0 \u00a0 \u00a0 \u00a0 \u00a0 \u00a0 \u00a0 \u00a0 \u00a0 \u00a0 \u00a0 \u00a0 \u00a0 \u00a0 \u00a0 \u00a0 \u00a0 \u00a0 \u00a0 \u00a0 \u00a0 \u00a0 \u00a0 \u00a0 \u00a0 \u00a0 \u00a0 \u00a0 \u00a0 \u00a0 \u00a0 \u00a0 \u00a0 \u00a0 \u00a0 \u00a0 \u00a0 \u00a0 \u00a0<em> \u00a0 Imagem: Vatican Media<\/em><\/p><\/div>\n<p>O Papa Francisco rezou a ora\u00e7\u00e3o mariana do Angelus deste domingo (10\/01), dia que a Igreja celebra o Batismo do Senhor, da Biblioteca do Pal\u00e1cio Apost\u00f3lico.<\/p>\n<p>Poucos dias atr\u00e1s, na Solenidade da Epifania, Jesus foi visitado pelos Reis Magos. \u201cHoje, o encontramos como adulto nas margens do Jord\u00e3o. A Liturgia nos faz dar um salto de cerca de trinta anos, trinta anos dos quais sabemos uma coisa: foram anos de vida escondida, que Jesus transcorreu em fam\u00edlia, alguns anos no Egito, como migrante para fugir da persegui\u00e7\u00e3o de Herodes, outros em Nazar\u00e9, aprendendo a profiss\u00e3o de Jos\u00e9, obedecendo aos pais, estudando e trabalhando\u201d. A seguir, acrescentou:<\/p>\n<p>\u00c9 impressionante que a maior parte do tempo do Senhor na Terra foi passado desta maneira, vivendo a vida de todos os dias, sem aparecer. Pensamos que segundo os Evangelhos foram tr\u00eas anos de prega\u00e7\u00e3o, de milagres e muitas coisas. Os outros anos foram de vida escondida na fam\u00edlia. \u00c9 uma bela mensagem para n\u00f3s: nos revela a grandeza do cotidiano, a import\u00e2ncia aos olhos de Deus de cada gesto e momento da vida, mesmo o mais simples e escondido.<\/p>\n<p>\u201cDepois desses trinta anos de vida oculta, come\u00e7a a vida p\u00fablica de Jesus. E come\u00e7a com o seu batismo no Rio Jord\u00e3o. Jesus \u00e9 Deus. Por que Jesus vai se batizar?\u201d, perguntou o Papa. \u201cO batismo de Jo\u00e3o consistia num rito penitencial, era um sinal da vontade de se converter, de ser melhores, pedindo o perd\u00e3o dos pecados. Jesus certamente n\u00e3o precisava disso. De fato, Jo\u00e3o Batista tenta se opor, mas Jesus insiste. Por qu\u00ea? Porque ele quer estar com os pecadores. Por isso, entra na fila com eles e realiza o mesmo gesto deles. E o faz com um comportamento do povo, com uma atitude do povo, que como diz um hino lit\u00fargico, com a alma nua, sem cobrir nada, assim, pecador. Este \u00e9 o gesto que Jesus faz e entra no rio para se imergir em nossa mesma condi\u00e7\u00e3o. O batismo, de fato, significa precisamente \u201cimers\u00e3o\u201d. No primeiro dia de seu minist\u00e9rio, Jesus nos oferece o seu \u201cmanifesto program\u00e1tico\u201d. Segundo Pont\u00edfice, Jesus \u201cnos diz que n\u00e3o nos salva do alto, com uma decis\u00e3o soberana ou um ato de for\u00e7a, um decreto, n\u00e3o: Ele nos salva vindo ao nosso encontro e tomando sobre si os nossos pecados. \u00c9 assim que Deus vence o mal do mundo: abaixando-se e assumindo\u201d.<\/p>\n<p>\u00c9 tamb\u00e9m a maneira pela qual podemos elevar os outros: n\u00e3o julgando, n\u00e3o intimando, dizendo-lhes o que fazer, mas fazendo-se pr\u00f3ximo, compadecendo, compartilhando o amor de Deus. A proximidade \u00e9 o estilo de Deus em rela\u00e7\u00e3o a n\u00f3s. Ele mesmo disse isto a Mois\u00e9s. Pensem: qual povo tem seus deuses t\u00e3o pr\u00f3ximos como voc\u00eas tem a mim. A proximidade \u00e9 o estilo de Deus para conosco.<\/p>\n<p>Francisco sublinhou que \u201cdepois deste gesto de compaix\u00e3o de Jesus, acontece uma coisa extraordin\u00e1ria: os c\u00e9us se abrem e a Trindade finalmente se revela. O Esp\u00edrito Santo desce em forma de pomba e o Pai diz a Jesus: \u00abTu \u00e9s o meu Filho amado\u00bb\u201d.<\/p>\n<p>Deus se manifesta quando a miseric\u00f3rdia aparece. N\u00e3o se esque\u00e7am disso. Deus se manifesta quando a miseric\u00f3rdia aparece, porque esse \u00e9 o seu rosto. Jesus se torna o servo dos pecadores e \u00e9 proclamado Filho; Ele se abaixa sobre n\u00f3s e o Esp\u00edrito desce sobre Ele. O amor chama o amor. \u00c9 v\u00e1lido tamb\u00e9m para n\u00f3s: em cada gesto de servi\u00e7o, em cada obra de miseric\u00f3rdia que fazemos, Deus se manifesta, Deus pousa o seu olhar sobre o mundo. Isso vale para n\u00f3s.<\/p>\n<p>Segundo o Papa, \u201cmesmo antes que fa\u00e7amos qualquer coisa, a nossa vida \u00e9 marcada pela miseric\u00f3rdia que se pousou sobre n\u00f3s. Fomos salvos gratuitamente. A salva\u00e7\u00e3o \u00e9 gr\u00e1tis\u201d.<\/p>\n<p>\u00c9 o gesto gratuito da miseric\u00f3rdia de Deus para conosco. Sacramentalmente, isto se realiza no dia do nosso Batismo, mas tamb\u00e9m os que n\u00e3o s\u00e3o batizados recebem a miseric\u00f3rdia de Deus sempre, porque deus est\u00e1 ali, espera. Espera que as portas de seus cora\u00e7\u00f5es se abram. Se aproxima, permito-me dizer, nos acaricia com a sua miseric\u00f3rdia.<\/p>\n<p>Francisco concluiu, pedindo a Nossa Senhora para que \u201cnos ajude a salvaguardar a nossa identidade, ou seja, a identidade de ser \u201cmisericordiados\u201d que est\u00e1 na base da f\u00e9 e da vida\u201d.<\/p>\n<hr \/>\n<p><em>Fonte: Vatican News (texto de Mariangela Jaguraba)<\/em><\/p>\n","protected":false},"excerpt":{"rendered":"<p>Angelus<\/p>\n","protected":false},"author":3,"featured_media":230341,"comment_status":"open","ping_status":"open","sticky":false,"template":"","format":"standard","meta":[],"categories":[1428],"tags":[403],"acf":[],"yoast_head":"<!-- This site is optimized with the Yoast SEO plugin v19.2 - https:\/\/yoast.com\/wordpress\/plugins\/seo\/ -->\n<title>Papa Francisco: Deus nos acaricia com a sua miseric\u00f3rdia - Not\u00edcias - Franciscanos<\/title>\n<meta name=\"robots\" content=\"index, follow, max-snippet:-1, max-image-preview:large, max-video-preview:-1\" \/>\n<link rel=\"canonical\" href=\"https:\/\/franciscanos.org.br\/noticias\/papa-francisco-deus-nos-acaricia-com-a-sua-misericordia.html\" \/>\n<meta property=\"og:locale\" content=\"pt_BR\" \/>\n<meta property=\"og:type\" content=\"article\" \/>\n<meta property=\"og:title\" content=\"Papa Francisco: Deus nos acaricia com a sua miseric\u00f3rdia - Not\u00edcias - Franciscanos\" \/>\n<meta property=\"og:description\" content=\"Angelus\" \/>\n<meta property=\"og:url\" content=\"https:\/\/franciscanos.org.br\/noticias\/papa-francisco-deus-nos-acaricia-com-a-sua-misericordia.html\" \/>\n<meta property=\"og:site_name\" content=\"Not\u00edcias - Franciscanos\" \/>\n<meta property=\"article:published_time\" content=\"2021-01-10T12:35:04+00:00\" \/>\n<meta property=\"og:image\" content=\"https:\/\/franciscanos.org.br\/noticias\/wp-content\/uploads\/2021\/01\/angelus_d.jpg\" \/>\n\t<meta property=\"og:image:width\" content=\"800\" \/>\n\t<meta property=\"og:image:height\" content=\"600\" \/>\n\t<meta property=\"og:image:type\" content=\"image\/jpeg\" \/>\n<meta name=\"author\" content=\"moacir\" \/>\n<meta name=\"twitter:card\" content=\"summary_large_image\" \/>\n<meta name=\"twitter:label1\" content=\"Escrito por\" \/>\n\t<meta name=\"twitter:data1\" content=\"moacir\" \/>\n\t<meta name=\"twitter:label2\" content=\"Est. tempo de leitura\" \/>\n\t<meta name=\"twitter:data2\" content=\"4 minutos\" \/>\n<script type=\"application\/ld+json\" class=\"yoast-schema-graph\">{\"@context\":\"https:\/\/schema.org\",\"@graph\":[{\"@type\":\"WebSite\",\"@id\":\"https:\/\/franciscanos.org.br\/noticias\/#website\",\"url\":\"https:\/\/franciscanos.org.br\/noticias\/\",\"name\":\"Not\u00edcias - Franciscanos\",\"description\":\"Prov\u00edncia Franciscana da Imaculada Concei\u00e7\u00e3o do Brasil - Ordem dos Frades Menores - OFM\",\"potentialAction\":[{\"@type\":\"SearchAction\",\"target\":{\"@type\":\"EntryPoint\",\"urlTemplate\":\"https:\/\/franciscanos.org.br\/noticias\/?s={search_term_string}\"},\"query-input\":\"required name=search_term_string\"}],\"inLanguage\":\"pt-BR\"},{\"@type\":\"ImageObject\",\"inLanguage\":\"pt-BR\",\"@id\":\"https:\/\/franciscanos.org.br\/noticias\/papa-francisco-deus-nos-acaricia-com-a-sua-misericordia.html#primaryimage\",\"url\":\"https:\/\/franciscanos.org.br\/noticias\/wp-content\/uploads\/2021\/01\/angelus_d.jpg\",\"contentUrl\":\"https:\/\/franciscanos.org.br\/noticias\/wp-content\/uploads\/2021\/01\/angelus_d.jpg\",\"width\":800,\"height\":600},{\"@type\":\"WebPage\",\"@id\":\"https:\/\/franciscanos.org.br\/noticias\/papa-francisco-deus-nos-acaricia-com-a-sua-misericordia.html#webpage\",\"url\":\"https:\/\/franciscanos.org.br\/noticias\/papa-francisco-deus-nos-acaricia-com-a-sua-misericordia.html\",\"name\":\"Papa Francisco: Deus nos acaricia com a sua miseric\u00f3rdia - Not\u00edcias - Franciscanos\",\"isPartOf\":{\"@id\":\"https:\/\/franciscanos.org.br\/noticias\/#website\"},\"primaryImageOfPage\":{\"@id\":\"https:\/\/franciscanos.org.br\/noticias\/papa-francisco-deus-nos-acaricia-com-a-sua-misericordia.html#primaryimage\"},\"datePublished\":\"2021-01-10T12:35:04+00:00\",\"dateModified\":\"2021-01-10T12:35:04+00:00\",\"author\":{\"@id\":\"https:\/\/franciscanos.org.br\/noticias\/#\/schema\/person\/b5c8cba458c330ccff548b056e95a5d4\"},\"breadcrumb\":{\"@id\":\"https:\/\/franciscanos.org.br\/noticias\/papa-francisco-deus-nos-acaricia-com-a-sua-misericordia.html#breadcrumb\"},\"inLanguage\":\"pt-BR\",\"potentialAction\":[{\"@type\":\"ReadAction\",\"target\":[\"https:\/\/franciscanos.org.br\/noticias\/papa-francisco-deus-nos-acaricia-com-a-sua-misericordia.html\"]}]},{\"@type\":\"BreadcrumbList\",\"@id\":\"https:\/\/franciscanos.org.br\/noticias\/papa-francisco-deus-nos-acaricia-com-a-sua-misericordia.html#breadcrumb\",\"itemListElement\":[{\"@type\":\"ListItem\",\"position\":1,\"name\":\"Home\",\"item\":\"https:\/\/franciscanos.org.br\/noticias\"},{\"@type\":\"ListItem\",\"position\":2,\"name\":\"Papa Francisco: Deus nos acaricia com a sua miseric\u00f3rdia\"}]},{\"@type\":\"Person\",\"@id\":\"https:\/\/franciscanos.org.br\/noticias\/#\/schema\/person\/b5c8cba458c330ccff548b056e95a5d4\",\"name\":\"moacir\",\"image\":{\"@type\":\"ImageObject\",\"inLanguage\":\"pt-BR\",\"@id\":\"https:\/\/franciscanos.org.br\/noticias\/#\/schema\/person\/image\/\",\"url\":\"https:\/\/secure.gravatar.com\/avatar\/d08aa2ce4c8dd416d4479aa8536fcf64?s=96&d=mm&r=g\",\"contentUrl\":\"https:\/\/secure.gravatar.com\/avatar\/d08aa2ce4c8dd416d4479aa8536fcf64?s=96&d=mm&r=g\",\"caption\":\"moacir\"},\"url\":\"https:\/\/franciscanos.org.br\/noticias\/author\/moacir\"}]}<\/script>\n<!-- \/ Yoast SEO plugin. -->","yoast_head_json":{"title":"Papa Francisco: Deus nos acaricia com a sua miseric\u00f3rdia - Not\u00edcias - Franciscanos","robots":{"index":"index","follow":"follow","max-snippet":"max-snippet:-1","max-image-preview":"max-image-preview:large","max-video-preview":"max-video-preview:-1"},"canonical":"https:\/\/franciscanos.org.br\/noticias\/papa-francisco-deus-nos-acaricia-com-a-sua-misericordia.html","og_locale":"pt_BR","og_type":"article","og_title":"Papa Francisco: Deus nos acaricia com a sua miseric\u00f3rdia - Not\u00edcias - Franciscanos","og_description":"Angelus","og_url":"https:\/\/franciscanos.org.br\/noticias\/papa-francisco-deus-nos-acaricia-com-a-sua-misericordia.html","og_site_name":"Not\u00edcias - Franciscanos","article_published_time":"2021-01-10T12:35:04+00:00","og_image":[{"width":800,"height":600,"url":"https:\/\/franciscanos.org.br\/noticias\/wp-content\/uploads\/2021\/01\/angelus_d.jpg","type":"image\/jpeg"}],"author":"moacir","twitter_card":"summary_large_image","twitter_misc":{"Escrito por":"moacir","Est. tempo de leitura":"4 minutos"},"schema":{"@context":"https:\/\/schema.org","@graph":[{"@type":"WebSite","@id":"https:\/\/franciscanos.org.br\/noticias\/#website","url":"https:\/\/franciscanos.org.br\/noticias\/","name":"Not\u00edcias - Franciscanos","description":"Prov\u00edncia Franciscana da Imaculada Concei\u00e7\u00e3o do Brasil - Ordem dos Frades Menores - OFM","potentialAction":[{"@type":"SearchAction","target":{"@type":"EntryPoint","urlTemplate":"https:\/\/franciscanos.org.br\/noticias\/?s={search_term_string}"},"query-input":"required name=search_term_string"}],"inLanguage":"pt-BR"},{"@type":"ImageObject","inLanguage":"pt-BR","@id":"https:\/\/franciscanos.org.br\/noticias\/papa-francisco-deus-nos-acaricia-com-a-sua-misericordia.html#primaryimage","url":"https:\/\/franciscanos.org.br\/noticias\/wp-content\/uploads\/2021\/01\/angelus_d.jpg","contentUrl":"https:\/\/franciscanos.org.br\/noticias\/wp-content\/uploads\/2021\/01\/angelus_d.jpg","width":800,"height":600},{"@type":"WebPage","@id":"https:\/\/franciscanos.org.br\/noticias\/papa-francisco-deus-nos-acaricia-com-a-sua-misericordia.html#webpage","url":"https:\/\/franciscanos.org.br\/noticias\/papa-francisco-deus-nos-acaricia-com-a-sua-misericordia.html","name":"Papa Francisco: Deus nos acaricia com a sua miseric\u00f3rdia - Not\u00edcias - Franciscanos","isPartOf":{"@id":"https:\/\/franciscanos.org.br\/noticias\/#website"},"primaryImageOfPage":{"@id":"https:\/\/franciscanos.org.br\/noticias\/papa-francisco-deus-nos-acaricia-com-a-sua-misericordia.html#primaryimage"},"datePublished":"2021-01-10T12:35:04+00:00","dateModified":"2021-01-10T12:35:04+00:00","author":{"@id":"https:\/\/franciscanos.org.br\/noticias\/#\/schema\/person\/b5c8cba458c330ccff548b056e95a5d4"},"breadcrumb":{"@id":"https:\/\/franciscanos.org.br\/noticias\/papa-francisco-deus-nos-acaricia-com-a-sua-misericordia.html#breadcrumb"},"inLanguage":"pt-BR","potentialAction":[{"@type":"ReadAction","target":["https:\/\/franciscanos.org.br\/noticias\/papa-francisco-deus-nos-acaricia-com-a-sua-misericordia.html"]}]},{"@type":"BreadcrumbList","@id":"https:\/\/franciscanos.org.br\/noticias\/papa-francisco-deus-nos-acaricia-com-a-sua-misericordia.html#breadcrumb","itemListElement":[{"@type":"ListItem","position":1,"name":"Home","item":"https:\/\/franciscanos.org.br\/noticias"},{"@type":"ListItem","position":2,"name":"Papa Francisco: Deus nos acaricia com a sua miseric\u00f3rdia"}]},{"@type":"Person","@id":"https:\/\/franciscanos.org.br\/noticias\/#\/schema\/person\/b5c8cba458c330ccff548b056e95a5d4","name":"moacir","image":{"@type":"ImageObject","inLanguage":"pt-BR","@id":"https:\/\/franciscanos.org.br\/noticias\/#\/schema\/person\/image\/","url":"https:\/\/secure.gravatar.com\/avatar\/d08aa2ce4c8dd416d4479aa8536fcf64?s=96&d=mm&r=g","contentUrl":"https:\/\/secure.gravatar.com\/avatar\/d08aa2ce4c8dd416d4479aa8536fcf64?s=96&d=mm&r=g","caption":"moacir"},"url":"https:\/\/franciscanos.org.br\/noticias\/author\/moacir"}]}},"_links":{"self":[{"href":"https:\/\/franciscanos.org.br\/noticias\/wp-json\/wp\/v2\/posts\/230339"}],"collection":[{"href":"https:\/\/franciscanos.org.br\/noticias\/wp-json\/wp\/v2\/posts"}],"about":[{"href":"https:\/\/franciscanos.org.br\/noticias\/wp-json\/wp\/v2\/types\/post"}],"author":[{"embeddable":true,"href":"https:\/\/franciscanos.org.br\/noticias\/wp-json\/wp\/v2\/users\/3"}],"replies":[{"embeddable":true,"href":"https:\/\/franciscanos.org.br\/noticias\/wp-json\/wp\/v2\/comments?post=230339"}],"version-history":[{"count":1,"href":"https:\/\/franciscanos.org.br\/noticias\/wp-json\/wp\/v2\/posts\/230339\/revisions"}],"predecessor-version":[{"id":230342,"href":"https:\/\/franciscanos.org.br\/noticias\/wp-json\/wp\/v2\/posts\/230339\/revisions\/230342"}],"wp:featuredmedia":[{"embeddable":true,"href":"https:\/\/franciscanos.org.br\/noticias\/wp-json\/wp\/v2\/media\/230341"}],"wp:attachment":[{"href":"https:\/\/franciscanos.org.br\/noticias\/wp-json\/wp\/v2\/media?parent=230339"}],"wp:term":[{"taxonomy":"category","embeddable":true,"href":"https:\/\/franciscanos.org.br\/noticias\/wp-json\/wp\/v2\/categories?post=230339"},{"taxonomy":"post_tag","embeddable":true,"href":"https:\/\/franciscanos.org.br\/noticias\/wp-json\/wp\/v2\/tags?post=230339"}],"curies":[{"name":"wp","href":"https:\/\/api.w.org\/{rel}","templated":true}]}}