{"id":230331,"date":"2021-01-10T05:41:41","date_gmt":"2021-01-10T08:41:41","guid":{"rendered":"https:\/\/franciscanos.org.br\/noticias\/?p=230331"},"modified":"2021-01-10T08:52:44","modified_gmt":"2021-01-10T11:52:44","slug":"falece-o-frade-centenario-da-provincia-frei-olavo-seifert","status":"publish","type":"post","link":"https:\/\/franciscanos.org.br\/noticias\/falece-o-frade-centenario-da-provincia-frei-olavo-seifert.html","title":{"rendered":"Falece o frade centen\u00e1rio da Prov\u00edncia: Frei Olavo Seifert"},"content":{"rendered":"<p><img loading=\"lazy\" class=\"alignnone wp-image-230332 size-full\" src=\"https:\/\/franciscanos.org.br\/noticias\/wp-content\/uploads\/2021\/01\/olavo.png\" alt=\"\" width=\"1200\" height=\"650\" srcset=\"https:\/\/franciscanos.org.br\/noticias\/wp-content\/uploads\/2021\/01\/olavo.png 1200w, https:\/\/franciscanos.org.br\/noticias\/wp-content\/uploads\/2021\/01\/olavo-450x244.png 450w, https:\/\/franciscanos.org.br\/noticias\/wp-content\/uploads\/2021\/01\/olavo-1024x555.png 1024w, https:\/\/franciscanos.org.br\/noticias\/wp-content\/uploads\/2021\/01\/olavo-768x416.png 768w, https:\/\/franciscanos.org.br\/noticias\/wp-content\/uploads\/2021\/01\/olavo-150x81.png 150w\" sizes=\"(max-width: 1200px) 100vw, 1200px\" \/><\/p>\n<p>Faleceu na noite deste s\u00e1bado, dia 09 de janeiro de 2021, em Bragan\u00e7a Paulista, SP, aos 101 anos, Frei Olavo Seifert, nosso confrade mais idoso. H\u00e1 alguns dias, o guardi\u00e3o da Fraternidade, Frei Carlos K\u00f6rber, informou que Frei Olavo havia testado positivo para Covid-19. Dadas as limita\u00e7\u00f5es da idade e outros problemas de sa\u00fade, Frei Olavo, que pediu expressamente para n\u00e3o ser hospitalizado, n\u00e3o resistiu. O sepultamento ser\u00e1 na manh\u00e3 deste domingo, dia 10 de janeiro (Festa do Batismo do Senhor), no Cemit\u00e9rio do Sant\u00edssimo Sacramento, em S\u00e3o Paulo, SP. Por conta das restri\u00e7\u00f5es, n\u00e3o haver\u00e1 vel\u00f3rio, apenas uma celebra\u00e7\u00e3o de despedida com acesso restrito.<\/p>\n<p>O Ministro Provincial, Frei C\u00e9sar K\u00fclkamp, que se encontra em Angola para a Profiss\u00e3o Tempor\u00e1ria dos Novi\u00e7os do ano passado e para a Admiss\u00e3o dos Novi\u00e7os deste ano, fez o seguinte depoimento durante a homilia da Primeira Profiss\u00e3o:<\/p>\n<p>&#8220;Nossa Prov\u00edncia hoje devolveu a Deus o seu filho mais antigo, Frei Olavo Seifert. Caminhava para celebrar 80 anos de vida franciscana e 75 de sacerd\u00f3cio. Recebeu o privil\u00e9gio de viver por 101 anos. Tornou-se modelo de fidelidade com humildade do bem viver a voca\u00e7\u00e3o e o servi\u00e7o. Foi mais uma das v\u00edtimas da atual pandemia que assola a humanidade, com quase duas milh\u00f5es de v\u00edtimas fatais, al\u00e9m das quase 90 milh\u00f5es de pessoas que contra\u00edram este v\u00edrus. Rezemos e nos solidarizemos com os que mais sofrem neste momento, os pobres, os doentes, e com os que mais se dedicam, principalmente os profissionais de sa\u00fade. Deus acolha a alma do nosso irm\u00e3o, Frei Olavo, com tamb\u00e9m de todos que perderam a vida&#8221;.<\/p>\n<h3><strong>Dados pessoais, forma\u00e7\u00e3o e atividades<\/strong><\/h3>\n<p>04\/08\/1919 \u2013 Curitiba-PR\u00a0<strong>(101 anos de idade)<\/strong><\/p>\n<p>21\/12\/1940 &#8211; Vesti\u00e7\u00e3o<br \/>\n22\/12\/1941- Profiss\u00e3o simples\u00a0<strong>(79 anos de Vida Religiosa)<\/strong><br \/>\n22\/12\/1944 &#8211; Profiss\u00e3o solene<br \/>\n1942-1944 &#8211; Filosofia \u2013 Curitiba<br \/>\n1945-1948 &#8211; Teologia \u2013 Petr\u00f3polis<br \/>\n03\/12\/1946 &#8211; Ordena\u00e7\u00e3o presbiteral\u00a0<strong>(74 anos de Sacerd\u00f3cio)<\/strong><br \/>\n13\/02\/1949 a 1956 &#8211; S\u00e3o Paulo \u2013 S\u00e3o Francisco \u2013\u2013 Vig\u00e1rio<br \/>\n28\/01\/1956 &#8211; S\u00e3o Paulo \u2013 Provincialado \u2013\u2013 Secret\u00e1rio particular do Ministro Provincial Frei Heliodoro M\u00fcller, arquivo, procurador vocacional, cronista<br \/>\n12\/01\/1962 &#8211; S\u00e3o Paulo \u2013 Provincialado \u2013\u2013 secret\u00e1rio do Ministro Provincial Frei Walter kempf<br \/>\n15\/01\/1965 &#8211; S\u00e3o Paulo \u2013 Vila Clementino \u2013\u2013 superior e vig\u00e1rio<br \/>\n28\/01\/1968 &#8211; S\u00e3o Paulo \u2013 Provincialado \u2013\u2013 Secret\u00e1rio particular do Ministro provincial Frei Walter Kempf, arquivista<br \/>\n28\/01\/1974 &#8211; S\u00e3o Paulo \u2013 Provincialado \u2013\u2013 secret\u00e1rio particular do Ministro Provincial Frei Ant\u00f4nio Nader e arquivista<br \/>\n21\/12\/1979 &#8211; S\u00e3o Paulo \u2013 Par\u00f3quia \u2013\u2013 vig\u00e1rio e arquivista<br \/>\n21\/01\/1986 &#8211; Rio de Janeiro \u2013 Santo Ant\u00f4nio \u2013\u2013 atendente conventual<br \/>\n16\/04\/2015 &#8211; Bragan\u00e7a Paulista \u2013\u2013 Tratamento<\/p>\n<p><strong>O Frade Menor<\/strong><\/p>\n<p><strong>\u00a0<\/strong>Ervino Ren\u00e9 Seifert \u00e9 natural de Curitiba, onde nasceu no dia 4 de agosto de 1919. Filho de Gustavo e Maria. Quando ingressou na Ordem dos Frades Menores, passou-se a chamar Frei Olavo. Ele teve uma irm\u00e3, cinco anos mais nova, que faleceu em Curitiba aos 88 anos.<\/p>\n<p>Um ano depois do seu nascimento, seus pais se transferiram para S\u00e3o Paulo, onde a princ\u00edpio residiram no centro da cidade, mudando-se, em 1924, para o bairro de Santana. Na Par\u00f3quia dos Padres Saletinos de Santana fez a primeira comunh\u00e3o e serviu por longos anos como coroinha nas fun\u00e7\u00f5es lit\u00fargicas. Segundo Frei Olavo, desde pequeno j\u00e1 sabia o que queria: \u201cEu nunca tive dificuldade na voca\u00e7\u00e3o desde bem cedo\u201d.<\/p>\n<p>\u201cQuando tinha 13 anos, o convite de S\u00e3o Francisco para me tornar franciscano veio at\u00e9 mim na forma de um prospecto do Semin\u00e1rio Ser\u00e1fico S\u00e3o Lu\u00eds de Tolosa de Rio Negro (PR)\u201d. Segundo ele, seus tios residiam no Paran\u00e1 e tinham quatro filhos. \u201cMinha tia rezava para que um se tornasse padre e com eles veio esse prospecto at\u00e9 S\u00e3o Paulo. N\u00e3o tive d\u00favida que ali era o local que queria estar, embora n\u00e3o conhecesse S\u00e3o Francisco de Assis, a n\u00e3o ser o frade que me batizou em Curitiba, Frei Pascoal Reuss.\u201d<\/p>\n<p>Como frade, Frei Olavo passou 21 anos trabalhando na Sede Provincial, como secret\u00e1rio e arquivista. Fazia quest\u00e3o de frisar que era um trabalho prazeroso e gratificante para conhecer a vida da Prov\u00edncia e dos frades.\u00a0\u00a0\u201cEu gosto muito da hist\u00f3ria da Prov\u00edncia. Conheci, mesmo que de passagem, quase todos os restauradores vivos. \u00c9 imprescind\u00edvel que n\u00e3o nos tornemos unicamente questionadores de a\u00e7\u00f5es, h\u00e1bitos, costumes, comportamentos dos nossos confrades de antigamente, pois, n\u00e3o conhecemos mais, ou ao menos n\u00e3o integralmente os pormenores dos desafios e das lutas que enfrentaram, seja pelo distanciamento grande do tempo, seja pelas constantes transforma\u00e7\u00f5es que se realizaram. Ser\u00e1 que para os nossos tempos n\u00e3o estaria faltando um pouco mais do sacrif\u00edcio, atividade, entusiasmo, dinamismo, espiritualidade e aquele otimismo que os animavam?\u201d<\/p>\n<h3><a href=\"https:\/\/franciscanos.org.br\/carisma\/especiais\/festa-da-provincia-frei-olavo-faz-100-anos#gsc.tab=0\">LEIA MAIS: FREI OLAVO FAZ CEM ANOS<\/a><\/h3>\n<p>Sobre a vida em fraternidade Frei Olavo contava: \u201cSempre me dei bem com os frades. Sempre fui muito silencioso, desde crian\u00e7a. Mas me dei bem com todos. Nunca tive disc\u00f3rdia ou desarmonia com ningu\u00e9m. Nesses 100 anos, valeu a pena ser frade. Eu gostei da vida de frade desde o come\u00e7o. Me considero frade desde o dia que ingressei no Semin\u00e1rio de Rio Negro\u201d.<\/p>\n<p>Para Frei Olavo, S\u00e3o Francisco de Assis o escolheu desde pequeno. \u201cVejo S\u00e3o Francisco como um Pai que cuidou sempre de seus filhos e, entre eles, estou eu\u201d.<\/p>\n<p>Na celebra\u00e7\u00e3o de anivers\u00e1rio dos 101 anos de Frei Olavo, h\u00e1 poucos meses, o Ministro Provincial, Frei C\u00e9sar K\u00fclkamp, destacou: \u201cFrei Olavo \u00e9 o nosso s\u00eanior e, por todos os seus valores, tornou-se para todos n\u00f3s uma inspira\u00e7\u00e3o viva. Ele \u00e9 um testemunho da sabedoria que vem da santidade, aliada \u00e0 humildade, \u00e0 fidelidade, ao servi\u00e7o incans\u00e1vel e a uma profunda sensibilidade aos que est\u00e3o ao nosso redor e que mais precisam de n\u00f3s\u201d.<\/p>\n<p>Em 2021, Frei Olavo celebraria 80 anos de Vida Religiosa e 75 anos de Sacerd\u00f3cio. Que o Bom Deus o acolha para o descanso eterno e que este confrade, com a lucidez e a serenidade que conservou at\u00e9 o fim, seja para n\u00f3s sinal de b\u00ean\u00e7\u00e3o e inspira\u00e7\u00e3o.<\/p>\n<p>Que pela miseric\u00f3rdia de Deus Frei Olavo descanse em Paz!<\/p>\n","protected":false},"excerpt":{"rendered":"<p>Prov\u00edncia de Luto<\/p>\n","protected":false},"author":3,"featured_media":230333,"comment_status":"open","ping_status":"open","sticky":false,"template":"","format":"standard","meta":[],"categories":[1],"tags":[1160],"acf":[],"yoast_head":"<!-- This site is optimized with the Yoast SEO plugin v19.2 - https:\/\/yoast.com\/wordpress\/plugins\/seo\/ -->\n<title>Falece o frade centen\u00e1rio da Prov\u00edncia: Frei Olavo Seifert - Not\u00edcias - Franciscanos<\/title>\n<meta name=\"robots\" content=\"index, follow, max-snippet:-1, max-image-preview:large, max-video-preview:-1\" \/>\n<link rel=\"canonical\" href=\"https:\/\/franciscanos.org.br\/noticias\/falece-o-frade-centenario-da-provincia-frei-olavo-seifert.html\" \/>\n<meta property=\"og:locale\" content=\"pt_BR\" \/>\n<meta property=\"og:type\" content=\"article\" \/>\n<meta property=\"og:title\" content=\"Falece o frade centen\u00e1rio da Prov\u00edncia: Frei Olavo Seifert - Not\u00edcias - Franciscanos\" \/>\n<meta property=\"og:description\" content=\"Prov\u00edncia de Luto\" \/>\n<meta property=\"og:url\" content=\"https:\/\/franciscanos.org.br\/noticias\/falece-o-frade-centenario-da-provincia-frei-olavo-seifert.html\" \/>\n<meta property=\"og:site_name\" content=\"Not\u00edcias - Franciscanos\" \/>\n<meta property=\"article:published_time\" content=\"2021-01-10T08:41:41+00:00\" \/>\n<meta property=\"article:modified_time\" content=\"2021-01-10T11:52:44+00:00\" \/>\n<meta property=\"og:image\" content=\"https:\/\/franciscanos.org.br\/noticias\/wp-content\/uploads\/2021\/01\/olavo_d.png\" \/>\n\t<meta property=\"og:image:width\" content=\"800\" \/>\n\t<meta property=\"og:image:height\" content=\"600\" \/>\n\t<meta property=\"og:image:type\" content=\"image\/png\" \/>\n<meta name=\"author\" content=\"moacir\" \/>\n<meta name=\"twitter:card\" content=\"summary_large_image\" \/>\n<meta name=\"twitter:label1\" content=\"Escrito por\" \/>\n\t<meta name=\"twitter:data1\" content=\"moacir\" \/>\n\t<meta name=\"twitter:label2\" content=\"Est. tempo de leitura\" \/>\n\t<meta name=\"twitter:data2\" content=\"5 minutos\" \/>\n<script type=\"application\/ld+json\" class=\"yoast-schema-graph\">{\"@context\":\"https:\/\/schema.org\",\"@graph\":[{\"@type\":\"WebSite\",\"@id\":\"https:\/\/franciscanos.org.br\/noticias\/#website\",\"url\":\"https:\/\/franciscanos.org.br\/noticias\/\",\"name\":\"Not\u00edcias - Franciscanos\",\"description\":\"Prov\u00edncia Franciscana da Imaculada Concei\u00e7\u00e3o do Brasil - Ordem dos Frades Menores - OFM\",\"potentialAction\":[{\"@type\":\"SearchAction\",\"target\":{\"@type\":\"EntryPoint\",\"urlTemplate\":\"https:\/\/franciscanos.org.br\/noticias\/?s={search_term_string}\"},\"query-input\":\"required name=search_term_string\"}],\"inLanguage\":\"pt-BR\"},{\"@type\":\"ImageObject\",\"inLanguage\":\"pt-BR\",\"@id\":\"https:\/\/franciscanos.org.br\/noticias\/falece-o-frade-centenario-da-provincia-frei-olavo-seifert.html#primaryimage\",\"url\":\"https:\/\/franciscanos.org.br\/noticias\/wp-content\/uploads\/2021\/01\/olavo_d.png\",\"contentUrl\":\"https:\/\/franciscanos.org.br\/noticias\/wp-content\/uploads\/2021\/01\/olavo_d.png\",\"width\":800,\"height\":600},{\"@type\":\"WebPage\",\"@id\":\"https:\/\/franciscanos.org.br\/noticias\/falece-o-frade-centenario-da-provincia-frei-olavo-seifert.html#webpage\",\"url\":\"https:\/\/franciscanos.org.br\/noticias\/falece-o-frade-centenario-da-provincia-frei-olavo-seifert.html\",\"name\":\"Falece o frade centen\u00e1rio da Prov\u00edncia: Frei Olavo Seifert - Not\u00edcias - Franciscanos\",\"isPartOf\":{\"@id\":\"https:\/\/franciscanos.org.br\/noticias\/#website\"},\"primaryImageOfPage\":{\"@id\":\"https:\/\/franciscanos.org.br\/noticias\/falece-o-frade-centenario-da-provincia-frei-olavo-seifert.html#primaryimage\"},\"datePublished\":\"2021-01-10T08:41:41+00:00\",\"dateModified\":\"2021-01-10T11:52:44+00:00\",\"author\":{\"@id\":\"https:\/\/franciscanos.org.br\/noticias\/#\/schema\/person\/b5c8cba458c330ccff548b056e95a5d4\"},\"breadcrumb\":{\"@id\":\"https:\/\/franciscanos.org.br\/noticias\/falece-o-frade-centenario-da-provincia-frei-olavo-seifert.html#breadcrumb\"},\"inLanguage\":\"pt-BR\",\"potentialAction\":[{\"@type\":\"ReadAction\",\"target\":[\"https:\/\/franciscanos.org.br\/noticias\/falece-o-frade-centenario-da-provincia-frei-olavo-seifert.html\"]}]},{\"@type\":\"BreadcrumbList\",\"@id\":\"https:\/\/franciscanos.org.br\/noticias\/falece-o-frade-centenario-da-provincia-frei-olavo-seifert.html#breadcrumb\",\"itemListElement\":[{\"@type\":\"ListItem\",\"position\":1,\"name\":\"Home\",\"item\":\"https:\/\/franciscanos.org.br\/noticias\"},{\"@type\":\"ListItem\",\"position\":2,\"name\":\"Falece o frade centen\u00e1rio da Prov\u00edncia: Frei Olavo Seifert\"}]},{\"@type\":\"Person\",\"@id\":\"https:\/\/franciscanos.org.br\/noticias\/#\/schema\/person\/b5c8cba458c330ccff548b056e95a5d4\",\"name\":\"moacir\",\"image\":{\"@type\":\"ImageObject\",\"inLanguage\":\"pt-BR\",\"@id\":\"https:\/\/franciscanos.org.br\/noticias\/#\/schema\/person\/image\/\",\"url\":\"https:\/\/secure.gravatar.com\/avatar\/d08aa2ce4c8dd416d4479aa8536fcf64?s=96&d=mm&r=g\",\"contentUrl\":\"https:\/\/secure.gravatar.com\/avatar\/d08aa2ce4c8dd416d4479aa8536fcf64?s=96&d=mm&r=g\",\"caption\":\"moacir\"},\"url\":\"https:\/\/franciscanos.org.br\/noticias\/author\/moacir\"}]}<\/script>\n<!-- \/ Yoast SEO plugin. -->","yoast_head_json":{"title":"Falece o frade centen\u00e1rio da Prov\u00edncia: Frei Olavo Seifert - Not\u00edcias - Franciscanos","robots":{"index":"index","follow":"follow","max-snippet":"max-snippet:-1","max-image-preview":"max-image-preview:large","max-video-preview":"max-video-preview:-1"},"canonical":"https:\/\/franciscanos.org.br\/noticias\/falece-o-frade-centenario-da-provincia-frei-olavo-seifert.html","og_locale":"pt_BR","og_type":"article","og_title":"Falece o frade centen\u00e1rio da Prov\u00edncia: Frei Olavo Seifert - Not\u00edcias - Franciscanos","og_description":"Prov\u00edncia de Luto","og_url":"https:\/\/franciscanos.org.br\/noticias\/falece-o-frade-centenario-da-provincia-frei-olavo-seifert.html","og_site_name":"Not\u00edcias - Franciscanos","article_published_time":"2021-01-10T08:41:41+00:00","article_modified_time":"2021-01-10T11:52:44+00:00","og_image":[{"width":800,"height":600,"url":"https:\/\/franciscanos.org.br\/noticias\/wp-content\/uploads\/2021\/01\/olavo_d.png","type":"image\/png"}],"author":"moacir","twitter_card":"summary_large_image","twitter_misc":{"Escrito por":"moacir","Est. tempo de leitura":"5 minutos"},"schema":{"@context":"https:\/\/schema.org","@graph":[{"@type":"WebSite","@id":"https:\/\/franciscanos.org.br\/noticias\/#website","url":"https:\/\/franciscanos.org.br\/noticias\/","name":"Not\u00edcias - Franciscanos","description":"Prov\u00edncia Franciscana da Imaculada Concei\u00e7\u00e3o do Brasil - Ordem dos Frades Menores - OFM","potentialAction":[{"@type":"SearchAction","target":{"@type":"EntryPoint","urlTemplate":"https:\/\/franciscanos.org.br\/noticias\/?s={search_term_string}"},"query-input":"required name=search_term_string"}],"inLanguage":"pt-BR"},{"@type":"ImageObject","inLanguage":"pt-BR","@id":"https:\/\/franciscanos.org.br\/noticias\/falece-o-frade-centenario-da-provincia-frei-olavo-seifert.html#primaryimage","url":"https:\/\/franciscanos.org.br\/noticias\/wp-content\/uploads\/2021\/01\/olavo_d.png","contentUrl":"https:\/\/franciscanos.org.br\/noticias\/wp-content\/uploads\/2021\/01\/olavo_d.png","width":800,"height":600},{"@type":"WebPage","@id":"https:\/\/franciscanos.org.br\/noticias\/falece-o-frade-centenario-da-provincia-frei-olavo-seifert.html#webpage","url":"https:\/\/franciscanos.org.br\/noticias\/falece-o-frade-centenario-da-provincia-frei-olavo-seifert.html","name":"Falece o frade centen\u00e1rio da Prov\u00edncia: Frei Olavo Seifert - Not\u00edcias - Franciscanos","isPartOf":{"@id":"https:\/\/franciscanos.org.br\/noticias\/#website"},"primaryImageOfPage":{"@id":"https:\/\/franciscanos.org.br\/noticias\/falece-o-frade-centenario-da-provincia-frei-olavo-seifert.html#primaryimage"},"datePublished":"2021-01-10T08:41:41+00:00","dateModified":"2021-01-10T11:52:44+00:00","author":{"@id":"https:\/\/franciscanos.org.br\/noticias\/#\/schema\/person\/b5c8cba458c330ccff548b056e95a5d4"},"breadcrumb":{"@id":"https:\/\/franciscanos.org.br\/noticias\/falece-o-frade-centenario-da-provincia-frei-olavo-seifert.html#breadcrumb"},"inLanguage":"pt-BR","potentialAction":[{"@type":"ReadAction","target":["https:\/\/franciscanos.org.br\/noticias\/falece-o-frade-centenario-da-provincia-frei-olavo-seifert.html"]}]},{"@type":"BreadcrumbList","@id":"https:\/\/franciscanos.org.br\/noticias\/falece-o-frade-centenario-da-provincia-frei-olavo-seifert.html#breadcrumb","itemListElement":[{"@type":"ListItem","position":1,"name":"Home","item":"https:\/\/franciscanos.org.br\/noticias"},{"@type":"ListItem","position":2,"name":"Falece o frade centen\u00e1rio da Prov\u00edncia: Frei Olavo Seifert"}]},{"@type":"Person","@id":"https:\/\/franciscanos.org.br\/noticias\/#\/schema\/person\/b5c8cba458c330ccff548b056e95a5d4","name":"moacir","image":{"@type":"ImageObject","inLanguage":"pt-BR","@id":"https:\/\/franciscanos.org.br\/noticias\/#\/schema\/person\/image\/","url":"https:\/\/secure.gravatar.com\/avatar\/d08aa2ce4c8dd416d4479aa8536fcf64?s=96&d=mm&r=g","contentUrl":"https:\/\/secure.gravatar.com\/avatar\/d08aa2ce4c8dd416d4479aa8536fcf64?s=96&d=mm&r=g","caption":"moacir"},"url":"https:\/\/franciscanos.org.br\/noticias\/author\/moacir"}]}},"_links":{"self":[{"href":"https:\/\/franciscanos.org.br\/noticias\/wp-json\/wp\/v2\/posts\/230331"}],"collection":[{"href":"https:\/\/franciscanos.org.br\/noticias\/wp-json\/wp\/v2\/posts"}],"about":[{"href":"https:\/\/franciscanos.org.br\/noticias\/wp-json\/wp\/v2\/types\/post"}],"author":[{"embeddable":true,"href":"https:\/\/franciscanos.org.br\/noticias\/wp-json\/wp\/v2\/users\/3"}],"replies":[{"embeddable":true,"href":"https:\/\/franciscanos.org.br\/noticias\/wp-json\/wp\/v2\/comments?post=230331"}],"version-history":[{"count":5,"href":"https:\/\/franciscanos.org.br\/noticias\/wp-json\/wp\/v2\/posts\/230331\/revisions"}],"predecessor-version":[{"id":230338,"href":"https:\/\/franciscanos.org.br\/noticias\/wp-json\/wp\/v2\/posts\/230331\/revisions\/230338"}],"wp:featuredmedia":[{"embeddable":true,"href":"https:\/\/franciscanos.org.br\/noticias\/wp-json\/wp\/v2\/media\/230333"}],"wp:attachment":[{"href":"https:\/\/franciscanos.org.br\/noticias\/wp-json\/wp\/v2\/media?parent=230331"}],"wp:term":[{"taxonomy":"category","embeddable":true,"href":"https:\/\/franciscanos.org.br\/noticias\/wp-json\/wp\/v2\/categories?post=230331"},{"taxonomy":"post_tag","embeddable":true,"href":"https:\/\/franciscanos.org.br\/noticias\/wp-json\/wp\/v2\/tags?post=230331"}],"curies":[{"name":"wp","href":"https:\/\/api.w.org\/{rel}","templated":true}]}}