{"id":230327,"date":"2021-01-08T06:40:55","date_gmt":"2021-01-08T09:40:55","guid":{"rendered":"https:\/\/franciscanos.org.br\/noticias\/?p=230327"},"modified":"2021-01-08T06:40:55","modified_gmt":"2021-01-08T09:40:55","slug":"jmj-de-lisboa-voluntarios-para-areas-de-comunicacao-e-traducao-podem-fazer-contato","status":"publish","type":"post","link":"https:\/\/franciscanos.org.br\/noticias\/jmj-de-lisboa-voluntarios-para-areas-de-comunicacao-e-traducao-podem-fazer-contato.html","title":{"rendered":"JMJ de Lisboa: volunt\u00e1rios para \u00e1reas de comunica\u00e7\u00e3o e tradu\u00e7\u00e3o podem fazer contato"},"content":{"rendered":"<div id=\"attachment_230328\" style=\"width: 900px\" class=\"wp-caption alignnone\"><img aria-describedby=\"caption-attachment-230328\" loading=\"lazy\" class=\"wp-image-230328 size-full\" src=\"https:\/\/franciscanos.org.br\/noticias\/wp-content\/uploads\/2021\/01\/jmj_01.png\" alt=\"\" width=\"890\" height=\"516\" srcset=\"https:\/\/franciscanos.org.br\/noticias\/wp-content\/uploads\/2021\/01\/jmj_01.png 890w, https:\/\/franciscanos.org.br\/noticias\/wp-content\/uploads\/2021\/01\/jmj_01-450x261.png 450w, https:\/\/franciscanos.org.br\/noticias\/wp-content\/uploads\/2021\/01\/jmj_01-768x445.png 768w, https:\/\/franciscanos.org.br\/noticias\/wp-content\/uploads\/2021\/01\/jmj_01-150x87.png 150w\" sizes=\"(max-width: 890px) 100vw, 890px\" \/><p id=\"caption-attachment-230328\" class=\"wp-caption-text\">\u00a0 \u00a0 \u00a0 \u00a0 \u00a0 \u00a0 \u00a0 \u00a0 \u00a0 \u00a0 \u00a0 \u00a0 \u00a0 \u00a0 \u00a0 \u00a0 \u00a0 \u00a0 \u00a0 \u00a0 \u00a0 \u00a0 \u00a0 \u00a0 \u00a0 \u00a0 \u00a0 \u00a0 \u00a0 \u00a0 \u00a0 \u00a0 \u00a0 \u00a0 \u00a0 \u00a0 \u00a0 \u00a0 \u00a0 \u00a0 \u00a0 \u00a0 \u00a0 \u00a0 \u00a0 \u00a0 \u00a0 \u00a0 \u00a0 \u00a0 \u00a0 \u00a0 \u00a0 \u00a0 \u00a0 \u00a0 \u00a0 \u00a0 \u00a0 \u00a0 \u00a0 \u00a0 \u00a0 \u00a0 <em>\u00a0 \u00a0 Imagem ilustrativa (fonte: Jovens Conectados)<\/em><\/p><\/div>\n<p>Com as restri\u00e7\u00f5es impostas pela pandemia do coronav\u00edrus, fica at\u00e9 dif\u00edcil imaginar a realiza\u00e7\u00e3o de uma Jornada Mundial da Juventude que concentra, num \u00fanico pa\u00eds, milhares de jovens provenientes das partes mais distantes. No caso, a pr\u00f3xima edi\u00e7\u00e3o tem Portugal como sede e est\u00e1 prevista para ser realizada em 2023.<\/p>\n<p>Em entrevista \u00e0 imprensa local, o secret\u00e1rio-executivo do Comit\u00ea Organizador local, Duarte Ricciardi, explica que o plano para \u201cum dos maiores eventos que acontecem no pa\u00eds na pr\u00f3xima d\u00e9cada\u201d j\u00e1 est\u00e1 em execu\u00e7\u00e3o. Em tempos de coronav\u00edrus, por\u00e9m, ele chegou a garantir que inclusive j\u00e1 existe um plano \u201cB\u201d para uma eventual necessidade. Al\u00e9m de Ricciardi que se ocupa da organiza\u00e7\u00e3o e coordena todas as opera\u00e7\u00f5es, a JMJ de Lisboa conta com o trabalho de Nuno, nas finan\u00e7as, e da jornalista Ana Catarina Andr\u00e9, diretora de Comunica\u00e7\u00e3o.<\/p>\n<p><strong>O mutir\u00e3o de volunt\u00e1rios<\/strong><br \/>\nJunto ao trabalho deles, centenas de jovens dever\u00e3o se unir, mais pr\u00f3ximo do evento, criando uma grande corrente de voluntariado: \u201cA Jornada Mundial da Juventude s\u00f3 \u00e9 poss\u00edvel gra\u00e7as \u00e0 disponibilidade, gra\u00e7as \u00e0 entrega e ao esp\u00edrito de servi\u00e7o de tantos jovens do mundo inteiro que t\u00eam disponibilidade e oferecem os seus dons neste servi\u00e7o \u00e0 Igreja. Aqui, em Lisboa, desde j\u00e1 temos recebidos muitos e-mails e contatos de jovens de geografias muito distintas do planeta que se mostram interessados em colaborar e de fazer parte deste grande projeto que \u00e9 a JMJ. Nesta fase temos, sobretudo, procurado volunt\u00e1rios nas \u00e1reas da comunica\u00e7\u00e3o e tamb\u00e9m de algumas \u00e1reas espec\u00edficas, como a de tradu\u00e7\u00e3o. Mas em todas as \u00e1reas, inclusive algumas muito distintas, vamos precisar de volunt\u00e1rios. E, por isso, ainda que os pedidos e o recrutamento do voluntariado internacional s\u00f3 abram e s\u00f3 comecem a se realizar em 2022, nesta fase j\u00e1 \u00e9 poss\u00edvel colaborar com a Jornada Mundial nessas \u00e1reas mais espec\u00edficas. E, claro, j\u00e1 ficar tamb\u00e9m com os contatos de todos aqueles que desejam e t\u00eam no seu cora\u00e7\u00e3o essa vontade de fazer parte deste projeto t\u00e3o bonito que \u00e9 a Jornada Mundial da Juventude.\u201d<\/p>\n<p>Em entrevista concedida em dezembro \u00e0<em> Ag\u00eancia de Not\u00edcias Ecclesia,<\/em> dom Am\u00e9rico Aguiar, presidente da Funda\u00e7\u00e3o JMJ Lisboa 2023, falou da import\u00e2ncia desta fase de prepara\u00e7\u00e3o do evento. Ele explicou que o importante n\u00e3o \u00e9 aquela semana de realiza\u00e7\u00e3o da JMJ, mas \u201cs\u00e3o os anos de prepara\u00e7\u00e3o: o envolvimento, o convite, o sentir, o cativar os jovens que est\u00e3o na fronteira ou fora da realidade crist\u00e3 cat\u00f3lica e se sentem cativados e curiosos para vir ao encontro deste movimento que o Papa proporciona desde S\u00e3o Jo\u00e3o Paulo II\u201d. E a diretora de Comunica\u00e7\u00e3o refor\u00e7a tamanha disponibilidade da juventude: \u201cA todos, agradecemos muito desde j\u00e1 a boa vontade, disponibilidade e entrega, esperando a todos poder responder neste caminho at\u00e9 a Jornada Mundial da Juventude que \u00e9 tamb\u00e9m um caminho, sobretudo, de crescimento, e desejamos que seja um caminho de crescimento para todos, para os jovens de todo o mundo, para os jovens portugueses, que possam tamb\u00e9m vir nesse servi\u00e7o de voluntariado &#8211; uma express\u00e3o daquilo que Igreja pede a cada um, daquilo que tamb\u00e9m o Papa tem pedido que, no fundo, cada um possa p\u00f4r os seus donos e os seus talentos a render, para a constru\u00e7\u00e3o de um mundo mais justo, um mundo mais fraterno e com menos desigualdades\u201d.<\/p>\n<hr \/>\n<p><em>Fonte: Vatican News (texto de Andressa Collet)\u00a0<\/em><\/p>\n","protected":false},"excerpt":{"rendered":"<p>JMJ 2023<\/p>\n","protected":false},"author":3,"featured_media":230329,"comment_status":"open","ping_status":"open","sticky":false,"template":"","format":"standard","meta":[],"categories":[1],"tags":[1797],"acf":[],"yoast_head":"<!-- This site is optimized with the Yoast SEO plugin v19.2 - https:\/\/yoast.com\/wordpress\/plugins\/seo\/ -->\n<title>JMJ de Lisboa: volunt\u00e1rios para \u00e1reas de comunica\u00e7\u00e3o e tradu\u00e7\u00e3o podem fazer contato - Not\u00edcias - Franciscanos<\/title>\n<meta name=\"robots\" content=\"index, follow, max-snippet:-1, max-image-preview:large, max-video-preview:-1\" \/>\n<link rel=\"canonical\" href=\"https:\/\/franciscanos.org.br\/noticias\/jmj-de-lisboa-voluntarios-para-areas-de-comunicacao-e-traducao-podem-fazer-contato.html\" \/>\n<meta property=\"og:locale\" content=\"pt_BR\" \/>\n<meta property=\"og:type\" content=\"article\" \/>\n<meta property=\"og:title\" content=\"JMJ de Lisboa: volunt\u00e1rios para \u00e1reas de comunica\u00e7\u00e3o e tradu\u00e7\u00e3o podem fazer contato - Not\u00edcias - Franciscanos\" \/>\n<meta property=\"og:description\" content=\"JMJ 2023\" \/>\n<meta property=\"og:url\" content=\"https:\/\/franciscanos.org.br\/noticias\/jmj-de-lisboa-voluntarios-para-areas-de-comunicacao-e-traducao-podem-fazer-contato.html\" \/>\n<meta property=\"og:site_name\" content=\"Not\u00edcias - Franciscanos\" \/>\n<meta property=\"article:published_time\" content=\"2021-01-08T09:40:55+00:00\" \/>\n<meta property=\"og:image\" content=\"https:\/\/franciscanos.org.br\/noticias\/wp-content\/uploads\/2021\/01\/jmj_d.png\" \/>\n\t<meta property=\"og:image:width\" content=\"800\" \/>\n\t<meta property=\"og:image:height\" content=\"600\" \/>\n\t<meta property=\"og:image:type\" content=\"image\/png\" \/>\n<meta name=\"author\" content=\"moacir\" \/>\n<meta name=\"twitter:card\" content=\"summary_large_image\" \/>\n<meta name=\"twitter:label1\" content=\"Escrito por\" \/>\n\t<meta name=\"twitter:data1\" content=\"moacir\" \/>\n\t<meta name=\"twitter:label2\" content=\"Est. tempo de leitura\" \/>\n\t<meta name=\"twitter:data2\" content=\"3 minutos\" \/>\n<script type=\"application\/ld+json\" class=\"yoast-schema-graph\">{\"@context\":\"https:\/\/schema.org\",\"@graph\":[{\"@type\":\"WebSite\",\"@id\":\"https:\/\/franciscanos.org.br\/noticias\/#website\",\"url\":\"https:\/\/franciscanos.org.br\/noticias\/\",\"name\":\"Not\u00edcias - Franciscanos\",\"description\":\"Prov\u00edncia Franciscana da Imaculada Concei\u00e7\u00e3o do Brasil - Ordem dos Frades Menores - OFM\",\"potentialAction\":[{\"@type\":\"SearchAction\",\"target\":{\"@type\":\"EntryPoint\",\"urlTemplate\":\"https:\/\/franciscanos.org.br\/noticias\/?s={search_term_string}\"},\"query-input\":\"required name=search_term_string\"}],\"inLanguage\":\"pt-BR\"},{\"@type\":\"ImageObject\",\"inLanguage\":\"pt-BR\",\"@id\":\"https:\/\/franciscanos.org.br\/noticias\/jmj-de-lisboa-voluntarios-para-areas-de-comunicacao-e-traducao-podem-fazer-contato.html#primaryimage\",\"url\":\"https:\/\/franciscanos.org.br\/noticias\/wp-content\/uploads\/2021\/01\/jmj_d.png\",\"contentUrl\":\"https:\/\/franciscanos.org.br\/noticias\/wp-content\/uploads\/2021\/01\/jmj_d.png\",\"width\":800,\"height\":600},{\"@type\":\"WebPage\",\"@id\":\"https:\/\/franciscanos.org.br\/noticias\/jmj-de-lisboa-voluntarios-para-areas-de-comunicacao-e-traducao-podem-fazer-contato.html#webpage\",\"url\":\"https:\/\/franciscanos.org.br\/noticias\/jmj-de-lisboa-voluntarios-para-areas-de-comunicacao-e-traducao-podem-fazer-contato.html\",\"name\":\"JMJ de Lisboa: volunt\u00e1rios para \u00e1reas de comunica\u00e7\u00e3o e tradu\u00e7\u00e3o podem fazer contato - Not\u00edcias - Franciscanos\",\"isPartOf\":{\"@id\":\"https:\/\/franciscanos.org.br\/noticias\/#website\"},\"primaryImageOfPage\":{\"@id\":\"https:\/\/franciscanos.org.br\/noticias\/jmj-de-lisboa-voluntarios-para-areas-de-comunicacao-e-traducao-podem-fazer-contato.html#primaryimage\"},\"datePublished\":\"2021-01-08T09:40:55+00:00\",\"dateModified\":\"2021-01-08T09:40:55+00:00\",\"author\":{\"@id\":\"https:\/\/franciscanos.org.br\/noticias\/#\/schema\/person\/b5c8cba458c330ccff548b056e95a5d4\"},\"breadcrumb\":{\"@id\":\"https:\/\/franciscanos.org.br\/noticias\/jmj-de-lisboa-voluntarios-para-areas-de-comunicacao-e-traducao-podem-fazer-contato.html#breadcrumb\"},\"inLanguage\":\"pt-BR\",\"potentialAction\":[{\"@type\":\"ReadAction\",\"target\":[\"https:\/\/franciscanos.org.br\/noticias\/jmj-de-lisboa-voluntarios-para-areas-de-comunicacao-e-traducao-podem-fazer-contato.html\"]}]},{\"@type\":\"BreadcrumbList\",\"@id\":\"https:\/\/franciscanos.org.br\/noticias\/jmj-de-lisboa-voluntarios-para-areas-de-comunicacao-e-traducao-podem-fazer-contato.html#breadcrumb\",\"itemListElement\":[{\"@type\":\"ListItem\",\"position\":1,\"name\":\"Home\",\"item\":\"https:\/\/franciscanos.org.br\/noticias\"},{\"@type\":\"ListItem\",\"position\":2,\"name\":\"JMJ de Lisboa: volunt\u00e1rios para \u00e1reas de comunica\u00e7\u00e3o e tradu\u00e7\u00e3o podem fazer contato\"}]},{\"@type\":\"Person\",\"@id\":\"https:\/\/franciscanos.org.br\/noticias\/#\/schema\/person\/b5c8cba458c330ccff548b056e95a5d4\",\"name\":\"moacir\",\"image\":{\"@type\":\"ImageObject\",\"inLanguage\":\"pt-BR\",\"@id\":\"https:\/\/franciscanos.org.br\/noticias\/#\/schema\/person\/image\/\",\"url\":\"https:\/\/secure.gravatar.com\/avatar\/d08aa2ce4c8dd416d4479aa8536fcf64?s=96&d=mm&r=g\",\"contentUrl\":\"https:\/\/secure.gravatar.com\/avatar\/d08aa2ce4c8dd416d4479aa8536fcf64?s=96&d=mm&r=g\",\"caption\":\"moacir\"},\"url\":\"https:\/\/franciscanos.org.br\/noticias\/author\/moacir\"}]}<\/script>\n<!-- \/ Yoast SEO plugin. -->","yoast_head_json":{"title":"JMJ de Lisboa: volunt\u00e1rios para \u00e1reas de comunica\u00e7\u00e3o e tradu\u00e7\u00e3o podem fazer contato - Not\u00edcias - Franciscanos","robots":{"index":"index","follow":"follow","max-snippet":"max-snippet:-1","max-image-preview":"max-image-preview:large","max-video-preview":"max-video-preview:-1"},"canonical":"https:\/\/franciscanos.org.br\/noticias\/jmj-de-lisboa-voluntarios-para-areas-de-comunicacao-e-traducao-podem-fazer-contato.html","og_locale":"pt_BR","og_type":"article","og_title":"JMJ de Lisboa: volunt\u00e1rios para \u00e1reas de comunica\u00e7\u00e3o e tradu\u00e7\u00e3o podem fazer contato - Not\u00edcias - Franciscanos","og_description":"JMJ 2023","og_url":"https:\/\/franciscanos.org.br\/noticias\/jmj-de-lisboa-voluntarios-para-areas-de-comunicacao-e-traducao-podem-fazer-contato.html","og_site_name":"Not\u00edcias - Franciscanos","article_published_time":"2021-01-08T09:40:55+00:00","og_image":[{"width":800,"height":600,"url":"https:\/\/franciscanos.org.br\/noticias\/wp-content\/uploads\/2021\/01\/jmj_d.png","type":"image\/png"}],"author":"moacir","twitter_card":"summary_large_image","twitter_misc":{"Escrito por":"moacir","Est. tempo de leitura":"3 minutos"},"schema":{"@context":"https:\/\/schema.org","@graph":[{"@type":"WebSite","@id":"https:\/\/franciscanos.org.br\/noticias\/#website","url":"https:\/\/franciscanos.org.br\/noticias\/","name":"Not\u00edcias - Franciscanos","description":"Prov\u00edncia Franciscana da Imaculada Concei\u00e7\u00e3o do Brasil - Ordem dos Frades Menores - OFM","potentialAction":[{"@type":"SearchAction","target":{"@type":"EntryPoint","urlTemplate":"https:\/\/franciscanos.org.br\/noticias\/?s={search_term_string}"},"query-input":"required name=search_term_string"}],"inLanguage":"pt-BR"},{"@type":"ImageObject","inLanguage":"pt-BR","@id":"https:\/\/franciscanos.org.br\/noticias\/jmj-de-lisboa-voluntarios-para-areas-de-comunicacao-e-traducao-podem-fazer-contato.html#primaryimage","url":"https:\/\/franciscanos.org.br\/noticias\/wp-content\/uploads\/2021\/01\/jmj_d.png","contentUrl":"https:\/\/franciscanos.org.br\/noticias\/wp-content\/uploads\/2021\/01\/jmj_d.png","width":800,"height":600},{"@type":"WebPage","@id":"https:\/\/franciscanos.org.br\/noticias\/jmj-de-lisboa-voluntarios-para-areas-de-comunicacao-e-traducao-podem-fazer-contato.html#webpage","url":"https:\/\/franciscanos.org.br\/noticias\/jmj-de-lisboa-voluntarios-para-areas-de-comunicacao-e-traducao-podem-fazer-contato.html","name":"JMJ de Lisboa: volunt\u00e1rios para \u00e1reas de comunica\u00e7\u00e3o e tradu\u00e7\u00e3o podem fazer contato - Not\u00edcias - Franciscanos","isPartOf":{"@id":"https:\/\/franciscanos.org.br\/noticias\/#website"},"primaryImageOfPage":{"@id":"https:\/\/franciscanos.org.br\/noticias\/jmj-de-lisboa-voluntarios-para-areas-de-comunicacao-e-traducao-podem-fazer-contato.html#primaryimage"},"datePublished":"2021-01-08T09:40:55+00:00","dateModified":"2021-01-08T09:40:55+00:00","author":{"@id":"https:\/\/franciscanos.org.br\/noticias\/#\/schema\/person\/b5c8cba458c330ccff548b056e95a5d4"},"breadcrumb":{"@id":"https:\/\/franciscanos.org.br\/noticias\/jmj-de-lisboa-voluntarios-para-areas-de-comunicacao-e-traducao-podem-fazer-contato.html#breadcrumb"},"inLanguage":"pt-BR","potentialAction":[{"@type":"ReadAction","target":["https:\/\/franciscanos.org.br\/noticias\/jmj-de-lisboa-voluntarios-para-areas-de-comunicacao-e-traducao-podem-fazer-contato.html"]}]},{"@type":"BreadcrumbList","@id":"https:\/\/franciscanos.org.br\/noticias\/jmj-de-lisboa-voluntarios-para-areas-de-comunicacao-e-traducao-podem-fazer-contato.html#breadcrumb","itemListElement":[{"@type":"ListItem","position":1,"name":"Home","item":"https:\/\/franciscanos.org.br\/noticias"},{"@type":"ListItem","position":2,"name":"JMJ de Lisboa: volunt\u00e1rios para \u00e1reas de comunica\u00e7\u00e3o e tradu\u00e7\u00e3o podem fazer contato"}]},{"@type":"Person","@id":"https:\/\/franciscanos.org.br\/noticias\/#\/schema\/person\/b5c8cba458c330ccff548b056e95a5d4","name":"moacir","image":{"@type":"ImageObject","inLanguage":"pt-BR","@id":"https:\/\/franciscanos.org.br\/noticias\/#\/schema\/person\/image\/","url":"https:\/\/secure.gravatar.com\/avatar\/d08aa2ce4c8dd416d4479aa8536fcf64?s=96&d=mm&r=g","contentUrl":"https:\/\/secure.gravatar.com\/avatar\/d08aa2ce4c8dd416d4479aa8536fcf64?s=96&d=mm&r=g","caption":"moacir"},"url":"https:\/\/franciscanos.org.br\/noticias\/author\/moacir"}]}},"_links":{"self":[{"href":"https:\/\/franciscanos.org.br\/noticias\/wp-json\/wp\/v2\/posts\/230327"}],"collection":[{"href":"https:\/\/franciscanos.org.br\/noticias\/wp-json\/wp\/v2\/posts"}],"about":[{"href":"https:\/\/franciscanos.org.br\/noticias\/wp-json\/wp\/v2\/types\/post"}],"author":[{"embeddable":true,"href":"https:\/\/franciscanos.org.br\/noticias\/wp-json\/wp\/v2\/users\/3"}],"replies":[{"embeddable":true,"href":"https:\/\/franciscanos.org.br\/noticias\/wp-json\/wp\/v2\/comments?post=230327"}],"version-history":[{"count":1,"href":"https:\/\/franciscanos.org.br\/noticias\/wp-json\/wp\/v2\/posts\/230327\/revisions"}],"predecessor-version":[{"id":230330,"href":"https:\/\/franciscanos.org.br\/noticias\/wp-json\/wp\/v2\/posts\/230327\/revisions\/230330"}],"wp:featuredmedia":[{"embeddable":true,"href":"https:\/\/franciscanos.org.br\/noticias\/wp-json\/wp\/v2\/media\/230329"}],"wp:attachment":[{"href":"https:\/\/franciscanos.org.br\/noticias\/wp-json\/wp\/v2\/media?parent=230327"}],"wp:term":[{"taxonomy":"category","embeddable":true,"href":"https:\/\/franciscanos.org.br\/noticias\/wp-json\/wp\/v2\/categories?post=230327"},{"taxonomy":"post_tag","embeddable":true,"href":"https:\/\/franciscanos.org.br\/noticias\/wp-json\/wp\/v2\/tags?post=230327"}],"curies":[{"name":"wp","href":"https:\/\/api.w.org\/{rel}","templated":true}]}}