{"id":230315,"date":"2021-01-07T13:59:32","date_gmt":"2021-01-07T16:59:32","guid":{"rendered":"https:\/\/franciscanos.org.br\/noticias\/?p=230315"},"modified":"2021-01-07T15:21:06","modified_gmt":"2021-01-07T18:21:06","slug":"falece-frei-juvenal-sansao-aos-93-anos","status":"publish","type":"post","link":"https:\/\/franciscanos.org.br\/noticias\/falece-frei-juvenal-sansao-aos-93-anos.html","title":{"rendered":"Falece Frei Juvenal Sans\u00e3o aos 93 anos"},"content":{"rendered":"<p><img loading=\"lazy\" class=\"alignnone wp-image-230316 size-full\" src=\"https:\/\/franciscanos.org.br\/noticias\/wp-content\/uploads\/2021\/01\/juvenal_07.jpg\" alt=\"\" width=\"1280\" height=\"720\" srcset=\"https:\/\/franciscanos.org.br\/noticias\/wp-content\/uploads\/2021\/01\/juvenal_07.jpg 1280w, https:\/\/franciscanos.org.br\/noticias\/wp-content\/uploads\/2021\/01\/juvenal_07-450x253.jpg 450w, https:\/\/franciscanos.org.br\/noticias\/wp-content\/uploads\/2021\/01\/juvenal_07-1024x576.jpg 1024w, https:\/\/franciscanos.org.br\/noticias\/wp-content\/uploads\/2021\/01\/juvenal_07-768x432.jpg 768w, https:\/\/franciscanos.org.br\/noticias\/wp-content\/uploads\/2021\/01\/juvenal_07-150x84.jpg 150w\" sizes=\"(max-width: 1280px) 100vw, 1280px\" \/><\/p>\n<p>Nesta manh\u00e3, a Irm\u00e3 Morte nos visitou na pessoa do Frei Juvenal Sans\u00e3o, aos 93 anos de idade, em Bragan\u00e7a Paulista. Na noite do dia 4, ele foi internado com quadro de febre, batimentos card\u00edacos alterados e dificuldade de respira\u00e7\u00e3o. No hospital constataram uma infec\u00e7\u00e3o urin\u00e1ria, al\u00e9m da suspeita de ter contra\u00eddo o novo coronav\u00edrus. Desde ontem apresentou dificuldades card\u00edacas e respirat\u00f3rias. Ainda n\u00e3o temos a confirma\u00e7\u00e3o se o v\u00edrus acelerou o processo.<\/p>\n<p>Seu sepultamento ser\u00e1 \u00e0s 17 horas no Cemit\u00e9rio Sant\u00edssimo Sacramento, em S\u00e3o Paulo. Como ele faleceu com suspeita de Covid, a cerim\u00f4nia do sepultamento ser\u00e1 com restri\u00e7\u00f5es de tempo e p\u00fablico.<\/p>\n<p>Que este nosso irm\u00e3o descanse na paz de Deus!<\/p>\n<p><strong>Dados pessoais, forma\u00e7\u00e3o e atividades<\/strong><\/p>\n<p><strong>Nascimento:<\/strong> 08.05.1927 (93 anos de idade)<br \/>\nGaspar, SC.<br \/>\n<strong>Ingresso no Noviciado<\/strong>: 19.12.1947<br \/>\n<strong>Primeira Profiss\u00e3o:<\/strong> 20.12.1948<br \/>\n<strong>Profiss\u00e3o Solene<\/strong>: 20.12.1951<br \/>\n<strong>Ordena\u00e7\u00e3o presbiteral<\/strong>: 1.07.1954<br \/>\n<strong>26.01.1956<\/strong> \u2013 Semin\u00e1rio Santo Ant\u00f4nio\/Agudos-SP &#8211; Professor e orientador<br \/>\n<strong>20.01.1959<\/strong> \u2013 Semin\u00e1rio Frei Galv\u00e3o\/Guaratinguet\u00e1 &#8211; Professor e orientador<br \/>\n<strong>18.01.1962<\/strong> \u2013 Semin\u00e1rio Frei Galv\u00e3o\/Guaratinguet\u00e1 &#8211; Guardi\u00e3o e reitor do semin\u00e1rio<br \/>\n<strong>15.01.1965<\/strong> \u2013 Semin\u00e1rio de Garnstock\/B\u00e9lgica &#8211; Professor (neste mesmo ano fez os estudos de Teologia Pastoral em Lyon, Fran\u00e7a)<br \/>\n<strong>01.07.1970<\/strong> &#8211; Instituto Teol\u00f3gico Franciscano\/Petr\u00f3polis-RJ &#8211; Professor<br \/>\n<strong>10.10.1973<\/strong> &#8211; Convento Santo Ant\u00f4nio\/Rio de Janeiro-RJ &#8211; Subsecret\u00e1rio no Secretariado Geral da CNBB<br \/>\n<strong>04.03.1975<\/strong> &#8211; Fraternidade Santo Ant\u00f4nio do Pari\/S\u00e3o Paulo-SP &#8211; orientador educacional\u00a0 no Col\u00e9gio e vig\u00e1rio paroquial<br \/>\n<strong>20.12.1976<\/strong> &#8211; Col\u00e9gio de Lages\/SC &#8211; Professor e orientador educacional<br \/>\n<strong>26.07.1978<\/strong> &#8211; M\u00f6rmter\/Alemanha &#8211; Vig\u00e1rio de L\u00fcttiingen<br \/>\n<strong>26.10.1984<\/strong> &#8211; Guin\u00e9 Bissau\/\u00c1frica &#8211; Mission\u00e1rio<br \/>\n<strong>29.11.1997<\/strong> &#8211; Par\u00f3quia Nossa Senhora das Gra\u00e7as\/Guaratinguet\u00e1-SP &#8211; Atendente conventual<br \/>\n<strong>23.09.1999<\/strong> &#8211; Israel &#8211; A servi\u00e7o da Cust\u00f3dia da Terra Santa<br \/>\n<strong>2000<\/strong> &#8211; Convento S\u00e3o Francisco\/ S\u00e3o Paulo-SP &#8211; em tratamento<br \/>\n<strong>12.1990<\/strong> &#8211; Malange\/Angola &#8211; Mission\u00e1rio<br \/>\n<strong>01. 1994<\/strong>&#8211; Embu\/SP &#8211; Capel\u00e3o das Irm\u00e3s de Bonlanden<br \/>\n<strong>22.11.2000<\/strong> &#8211; Convento S\u00e3o Francisco &#8211; S\u00e3o Paulo\/SP &#8211; Atendente conventual<br \/>\n<strong>17.09.2009<\/strong> \u2013 Fraternidade S\u00e3o Francisco\/Bragan\u00e7a Paulista-SP \u2013 em tratamento<\/p>\n<p><img loading=\"lazy\" class=\"alignnone wp-image-230320 size-full\" src=\"https:\/\/franciscanos.org.br\/noticias\/wp-content\/uploads\/2021\/01\/juvenal_africa.jpg\" alt=\"\" width=\"1280\" height=\"541\" srcset=\"https:\/\/franciscanos.org.br\/noticias\/wp-content\/uploads\/2021\/01\/juvenal_africa.jpg 1280w, https:\/\/franciscanos.org.br\/noticias\/wp-content\/uploads\/2021\/01\/juvenal_africa-450x190.jpg 450w, https:\/\/franciscanos.org.br\/noticias\/wp-content\/uploads\/2021\/01\/juvenal_africa-1024x433.jpg 1024w, https:\/\/franciscanos.org.br\/noticias\/wp-content\/uploads\/2021\/01\/juvenal_africa-768x325.jpg 768w, https:\/\/franciscanos.org.br\/noticias\/wp-content\/uploads\/2021\/01\/juvenal_africa-150x63.jpg 150w\" sizes=\"(max-width: 1280px) 100vw, 1280px\" \/><\/p>\n<p><strong>O Frade Menor<\/strong><\/p>\n<p>Filho de uma fam\u00edlia de agricultores muito religiosa, o garoto Irineu come\u00e7ou o discernimento vocacional aos 7 anos. &#8220;Senti uma suave e constante inclina\u00e7\u00e3o para a vida religiosa e sacerdotal. Procurei, no entanto, sempre maior esclarecimento sobre a voca\u00e7\u00e3o a que Deus me chamava&#8221;, contou nos seus dados biogr\u00e1ficos. Logo, com 8 anos, ingressou no Semin\u00e1rio Ser\u00e1fico de Rio Negro (PR) e, no Noviciado, recebeu o nome de Frei Juvenal. &#8220;Sinto crescer sempre mais o desejo de ser um religioso segundo o esp\u00edrito de S\u00e3o Francisco e um digno sacerdote de Cristo&#8221;, disse antes de fazer a sua primeira profiss\u00e3o na Ordem dos Frades Menores.<\/p>\n<p>Doutor em Teologia Pastoral, trabalhou grande parte de sua vida na forma\u00e7\u00e3o religiosa franciscana. Fora do territ\u00f3rio brasileiro, foi mission\u00e1rio em Guin\u00e9 Bissau e na Miss\u00e3o de Angola. Ele foi um dos primeiros refor\u00e7os na Miss\u00e3o de Angola, chegando a Luanda em dezembro de 1990, onde ficou at\u00e9 1993 <em>(foto acima).<\/em><\/p>\n<p>Todos conhecemos o zelo apost\u00f3lico de Frei Juvenal, que nunca encontrou impedimentos para levar a Palavra de Deus e a for\u00e7a dos sacramentos. Fez isso at\u00e9 o limite de suas energias. Assim, podemos dizer que foi um mission\u00e1rio em terras estrangeiras, mas tamb\u00e9m o soube ser na complexidade de uma metr\u00f3pole como S\u00e3o Paulo.<\/p>\n<p><strong>R.I.P<\/strong><\/p>\n","protected":false},"excerpt":{"rendered":"<p>Prov\u00edncia de Luto<\/p>\n","protected":false},"author":3,"featured_media":230317,"comment_status":"open","ping_status":"open","sticky":false,"template":"","format":"standard","meta":[],"categories":[1],"tags":[1160],"acf":[],"yoast_head":"<!-- This site is optimized with the Yoast SEO plugin v19.2 - https:\/\/yoast.com\/wordpress\/plugins\/seo\/ -->\n<title>Falece Frei Juvenal Sans\u00e3o aos 93 anos - Not\u00edcias - Franciscanos<\/title>\n<meta name=\"robots\" content=\"index, follow, max-snippet:-1, max-image-preview:large, max-video-preview:-1\" \/>\n<link rel=\"canonical\" href=\"https:\/\/franciscanos.org.br\/noticias\/falece-frei-juvenal-sansao-aos-93-anos.html\" \/>\n<meta property=\"og:locale\" content=\"pt_BR\" \/>\n<meta property=\"og:type\" content=\"article\" \/>\n<meta property=\"og:title\" content=\"Falece Frei Juvenal Sans\u00e3o aos 93 anos - Not\u00edcias - Franciscanos\" \/>\n<meta property=\"og:description\" content=\"Prov\u00edncia de Luto\" \/>\n<meta property=\"og:url\" content=\"https:\/\/franciscanos.org.br\/noticias\/falece-frei-juvenal-sansao-aos-93-anos.html\" \/>\n<meta property=\"og:site_name\" content=\"Not\u00edcias - Franciscanos\" \/>\n<meta property=\"article:published_time\" content=\"2021-01-07T16:59:32+00:00\" \/>\n<meta property=\"article:modified_time\" content=\"2021-01-07T18:21:06+00:00\" \/>\n<meta property=\"og:image\" content=\"https:\/\/franciscanos.org.br\/noticias\/wp-content\/uploads\/2021\/01\/juvenal_d.jpg\" \/>\n\t<meta property=\"og:image:width\" content=\"800\" \/>\n\t<meta property=\"og:image:height\" content=\"600\" \/>\n\t<meta property=\"og:image:type\" content=\"image\/jpeg\" \/>\n<meta name=\"author\" content=\"moacir\" \/>\n<meta name=\"twitter:card\" content=\"summary_large_image\" \/>\n<meta name=\"twitter:label1\" content=\"Escrito por\" \/>\n\t<meta name=\"twitter:data1\" content=\"moacir\" \/>\n\t<meta name=\"twitter:label2\" content=\"Est. tempo de leitura\" \/>\n\t<meta name=\"twitter:data2\" content=\"3 minutos\" \/>\n<script type=\"application\/ld+json\" class=\"yoast-schema-graph\">{\"@context\":\"https:\/\/schema.org\",\"@graph\":[{\"@type\":\"WebSite\",\"@id\":\"https:\/\/franciscanos.org.br\/noticias\/#website\",\"url\":\"https:\/\/franciscanos.org.br\/noticias\/\",\"name\":\"Not\u00edcias - Franciscanos\",\"description\":\"Prov\u00edncia Franciscana da Imaculada Concei\u00e7\u00e3o do Brasil - Ordem dos Frades Menores - OFM\",\"potentialAction\":[{\"@type\":\"SearchAction\",\"target\":{\"@type\":\"EntryPoint\",\"urlTemplate\":\"https:\/\/franciscanos.org.br\/noticias\/?s={search_term_string}\"},\"query-input\":\"required name=search_term_string\"}],\"inLanguage\":\"pt-BR\"},{\"@type\":\"ImageObject\",\"inLanguage\":\"pt-BR\",\"@id\":\"https:\/\/franciscanos.org.br\/noticias\/falece-frei-juvenal-sansao-aos-93-anos.html#primaryimage\",\"url\":\"https:\/\/franciscanos.org.br\/noticias\/wp-content\/uploads\/2021\/01\/juvenal_d.jpg\",\"contentUrl\":\"https:\/\/franciscanos.org.br\/noticias\/wp-content\/uploads\/2021\/01\/juvenal_d.jpg\",\"width\":800,\"height\":600},{\"@type\":\"WebPage\",\"@id\":\"https:\/\/franciscanos.org.br\/noticias\/falece-frei-juvenal-sansao-aos-93-anos.html#webpage\",\"url\":\"https:\/\/franciscanos.org.br\/noticias\/falece-frei-juvenal-sansao-aos-93-anos.html\",\"name\":\"Falece Frei Juvenal Sans\u00e3o aos 93 anos - Not\u00edcias - Franciscanos\",\"isPartOf\":{\"@id\":\"https:\/\/franciscanos.org.br\/noticias\/#website\"},\"primaryImageOfPage\":{\"@id\":\"https:\/\/franciscanos.org.br\/noticias\/falece-frei-juvenal-sansao-aos-93-anos.html#primaryimage\"},\"datePublished\":\"2021-01-07T16:59:32+00:00\",\"dateModified\":\"2021-01-07T18:21:06+00:00\",\"author\":{\"@id\":\"https:\/\/franciscanos.org.br\/noticias\/#\/schema\/person\/b5c8cba458c330ccff548b056e95a5d4\"},\"breadcrumb\":{\"@id\":\"https:\/\/franciscanos.org.br\/noticias\/falece-frei-juvenal-sansao-aos-93-anos.html#breadcrumb\"},\"inLanguage\":\"pt-BR\",\"potentialAction\":[{\"@type\":\"ReadAction\",\"target\":[\"https:\/\/franciscanos.org.br\/noticias\/falece-frei-juvenal-sansao-aos-93-anos.html\"]}]},{\"@type\":\"BreadcrumbList\",\"@id\":\"https:\/\/franciscanos.org.br\/noticias\/falece-frei-juvenal-sansao-aos-93-anos.html#breadcrumb\",\"itemListElement\":[{\"@type\":\"ListItem\",\"position\":1,\"name\":\"Home\",\"item\":\"https:\/\/franciscanos.org.br\/noticias\"},{\"@type\":\"ListItem\",\"position\":2,\"name\":\"Falece Frei Juvenal Sans\u00e3o aos 93 anos\"}]},{\"@type\":\"Person\",\"@id\":\"https:\/\/franciscanos.org.br\/noticias\/#\/schema\/person\/b5c8cba458c330ccff548b056e95a5d4\",\"name\":\"moacir\",\"image\":{\"@type\":\"ImageObject\",\"inLanguage\":\"pt-BR\",\"@id\":\"https:\/\/franciscanos.org.br\/noticias\/#\/schema\/person\/image\/\",\"url\":\"https:\/\/secure.gravatar.com\/avatar\/d08aa2ce4c8dd416d4479aa8536fcf64?s=96&d=mm&r=g\",\"contentUrl\":\"https:\/\/secure.gravatar.com\/avatar\/d08aa2ce4c8dd416d4479aa8536fcf64?s=96&d=mm&r=g\",\"caption\":\"moacir\"},\"url\":\"https:\/\/franciscanos.org.br\/noticias\/author\/moacir\"}]}<\/script>\n<!-- \/ Yoast SEO plugin. -->","yoast_head_json":{"title":"Falece Frei Juvenal Sans\u00e3o aos 93 anos - Not\u00edcias - Franciscanos","robots":{"index":"index","follow":"follow","max-snippet":"max-snippet:-1","max-image-preview":"max-image-preview:large","max-video-preview":"max-video-preview:-1"},"canonical":"https:\/\/franciscanos.org.br\/noticias\/falece-frei-juvenal-sansao-aos-93-anos.html","og_locale":"pt_BR","og_type":"article","og_title":"Falece Frei Juvenal Sans\u00e3o aos 93 anos - Not\u00edcias - Franciscanos","og_description":"Prov\u00edncia de Luto","og_url":"https:\/\/franciscanos.org.br\/noticias\/falece-frei-juvenal-sansao-aos-93-anos.html","og_site_name":"Not\u00edcias - Franciscanos","article_published_time":"2021-01-07T16:59:32+00:00","article_modified_time":"2021-01-07T18:21:06+00:00","og_image":[{"width":800,"height":600,"url":"https:\/\/franciscanos.org.br\/noticias\/wp-content\/uploads\/2021\/01\/juvenal_d.jpg","type":"image\/jpeg"}],"author":"moacir","twitter_card":"summary_large_image","twitter_misc":{"Escrito por":"moacir","Est. tempo de leitura":"3 minutos"},"schema":{"@context":"https:\/\/schema.org","@graph":[{"@type":"WebSite","@id":"https:\/\/franciscanos.org.br\/noticias\/#website","url":"https:\/\/franciscanos.org.br\/noticias\/","name":"Not\u00edcias - Franciscanos","description":"Prov\u00edncia Franciscana da Imaculada Concei\u00e7\u00e3o do Brasil - Ordem dos Frades Menores - OFM","potentialAction":[{"@type":"SearchAction","target":{"@type":"EntryPoint","urlTemplate":"https:\/\/franciscanos.org.br\/noticias\/?s={search_term_string}"},"query-input":"required name=search_term_string"}],"inLanguage":"pt-BR"},{"@type":"ImageObject","inLanguage":"pt-BR","@id":"https:\/\/franciscanos.org.br\/noticias\/falece-frei-juvenal-sansao-aos-93-anos.html#primaryimage","url":"https:\/\/franciscanos.org.br\/noticias\/wp-content\/uploads\/2021\/01\/juvenal_d.jpg","contentUrl":"https:\/\/franciscanos.org.br\/noticias\/wp-content\/uploads\/2021\/01\/juvenal_d.jpg","width":800,"height":600},{"@type":"WebPage","@id":"https:\/\/franciscanos.org.br\/noticias\/falece-frei-juvenal-sansao-aos-93-anos.html#webpage","url":"https:\/\/franciscanos.org.br\/noticias\/falece-frei-juvenal-sansao-aos-93-anos.html","name":"Falece Frei Juvenal Sans\u00e3o aos 93 anos - Not\u00edcias - Franciscanos","isPartOf":{"@id":"https:\/\/franciscanos.org.br\/noticias\/#website"},"primaryImageOfPage":{"@id":"https:\/\/franciscanos.org.br\/noticias\/falece-frei-juvenal-sansao-aos-93-anos.html#primaryimage"},"datePublished":"2021-01-07T16:59:32+00:00","dateModified":"2021-01-07T18:21:06+00:00","author":{"@id":"https:\/\/franciscanos.org.br\/noticias\/#\/schema\/person\/b5c8cba458c330ccff548b056e95a5d4"},"breadcrumb":{"@id":"https:\/\/franciscanos.org.br\/noticias\/falece-frei-juvenal-sansao-aos-93-anos.html#breadcrumb"},"inLanguage":"pt-BR","potentialAction":[{"@type":"ReadAction","target":["https:\/\/franciscanos.org.br\/noticias\/falece-frei-juvenal-sansao-aos-93-anos.html"]}]},{"@type":"BreadcrumbList","@id":"https:\/\/franciscanos.org.br\/noticias\/falece-frei-juvenal-sansao-aos-93-anos.html#breadcrumb","itemListElement":[{"@type":"ListItem","position":1,"name":"Home","item":"https:\/\/franciscanos.org.br\/noticias"},{"@type":"ListItem","position":2,"name":"Falece Frei Juvenal Sans\u00e3o aos 93 anos"}]},{"@type":"Person","@id":"https:\/\/franciscanos.org.br\/noticias\/#\/schema\/person\/b5c8cba458c330ccff548b056e95a5d4","name":"moacir","image":{"@type":"ImageObject","inLanguage":"pt-BR","@id":"https:\/\/franciscanos.org.br\/noticias\/#\/schema\/person\/image\/","url":"https:\/\/secure.gravatar.com\/avatar\/d08aa2ce4c8dd416d4479aa8536fcf64?s=96&d=mm&r=g","contentUrl":"https:\/\/secure.gravatar.com\/avatar\/d08aa2ce4c8dd416d4479aa8536fcf64?s=96&d=mm&r=g","caption":"moacir"},"url":"https:\/\/franciscanos.org.br\/noticias\/author\/moacir"}]}},"_links":{"self":[{"href":"https:\/\/franciscanos.org.br\/noticias\/wp-json\/wp\/v2\/posts\/230315"}],"collection":[{"href":"https:\/\/franciscanos.org.br\/noticias\/wp-json\/wp\/v2\/posts"}],"about":[{"href":"https:\/\/franciscanos.org.br\/noticias\/wp-json\/wp\/v2\/types\/post"}],"author":[{"embeddable":true,"href":"https:\/\/franciscanos.org.br\/noticias\/wp-json\/wp\/v2\/users\/3"}],"replies":[{"embeddable":true,"href":"https:\/\/franciscanos.org.br\/noticias\/wp-json\/wp\/v2\/comments?post=230315"}],"version-history":[{"count":8,"href":"https:\/\/franciscanos.org.br\/noticias\/wp-json\/wp\/v2\/posts\/230315\/revisions"}],"predecessor-version":[{"id":230326,"href":"https:\/\/franciscanos.org.br\/noticias\/wp-json\/wp\/v2\/posts\/230315\/revisions\/230326"}],"wp:featuredmedia":[{"embeddable":true,"href":"https:\/\/franciscanos.org.br\/noticias\/wp-json\/wp\/v2\/media\/230317"}],"wp:attachment":[{"href":"https:\/\/franciscanos.org.br\/noticias\/wp-json\/wp\/v2\/media?parent=230315"}],"wp:term":[{"taxonomy":"category","embeddable":true,"href":"https:\/\/franciscanos.org.br\/noticias\/wp-json\/wp\/v2\/categories?post=230315"},{"taxonomy":"post_tag","embeddable":true,"href":"https:\/\/franciscanos.org.br\/noticias\/wp-json\/wp\/v2\/tags?post=230315"}],"curies":[{"name":"wp","href":"https:\/\/api.w.org\/{rel}","templated":true}]}}