{"id":230310,"date":"2021-01-07T07:13:40","date_gmt":"2021-01-07T10:13:40","guid":{"rendered":"https:\/\/franciscanos.org.br\/noticias\/?p=230310"},"modified":"2021-01-07T07:13:40","modified_gmt":"2021-01-07T10:13:40","slug":"em-mensagem-cnbb-defende-a-vacina-para-todos-os-brasileiros-e-equidade-no-seu-acesso","status":"publish","type":"post","link":"https:\/\/franciscanos.org.br\/noticias\/em-mensagem-cnbb-defende-a-vacina-para-todos-os-brasileiros-e-equidade-no-seu-acesso.html","title":{"rendered":"Em mensagem, CNBB defende a vacina para todos os brasileiros e equidade no seu acesso"},"content":{"rendered":"<section class=\"elementor-section elementor-top-section elementor-element elementor-element-63e64f4 elementor-section-boxed elementor-section-height-default elementor-section-height-default\" data-id=\"63e64f4\" data-element_type=\"section\">\n<div class=\"elementor-container elementor-column-gap-default\">\n<div class=\"elementor-row\">\n<div class=\"elementor-column elementor-col-100 elementor-top-column elementor-element elementor-element-60007b31\" data-id=\"60007b31\" data-element_type=\"column\">\n<div class=\"elementor-column-wrap elementor-element-populated\">\n<div class=\"elementor-widget-wrap\">\n<section class=\"elementor-section elementor-inner-section elementor-element elementor-element-7e55c3b elementor-section-boxed elementor-section-height-default elementor-section-height-default\" data-id=\"7e55c3b\" data-element_type=\"section\">\n<div class=\"elementor-container elementor-column-gap-default\">\n<div class=\"elementor-row\">\n<div class=\"elementor-column elementor-col-50 elementor-inner-column elementor-element elementor-element-f2b1fed\" data-id=\"f2b1fed\" data-element_type=\"column\">\n<div class=\"elementor-column-wrap elementor-element-populated\">\n<div class=\"elementor-widget-wrap\">\n<div class=\"elementor-element elementor-element-19d7f321 elementor-widget elementor-widget-heading\" data-id=\"19d7f321\" data-element_type=\"widget\" data-widget_type=\"heading.default\">\n<div class=\"elementor-widget-container\"><\/div>\n<\/div>\n<\/div>\n<\/div>\n<\/div>\n<\/div>\n<\/div>\n<\/section>\n<section class=\"elementor-section elementor-inner-section elementor-element elementor-element-6391dca5 elementor-section-boxed elementor-section-height-default elementor-section-height-default\" data-id=\"6391dca5\" data-element_type=\"section\">\n<div class=\"elementor-container elementor-column-gap-no\">\n<div class=\"elementor-row\">\n<div class=\"elementor-column elementor-col-33 elementor-inner-column elementor-element elementor-element-66a8fe41\" data-id=\"66a8fe41\" data-element_type=\"column\">\n<div class=\"elementor-column-wrap\">\n<div class=\"elementor-widget-wrap\">\n<div id=\"attachment_230311\" style=\"width: 900px\" class=\"wp-caption alignnone\"><img aria-describedby=\"caption-attachment-230311\" loading=\"lazy\" class=\"wp-image-230311 size-full\" src=\"https:\/\/franciscanos.org.br\/noticias\/wp-content\/uploads\/2021\/01\/cnbb_01_arte.jpg\" alt=\"\" width=\"890\" height=\"510\" srcset=\"https:\/\/franciscanos.org.br\/noticias\/wp-content\/uploads\/2021\/01\/cnbb_01_arte.jpg 890w, https:\/\/franciscanos.org.br\/noticias\/wp-content\/uploads\/2021\/01\/cnbb_01_arte-450x258.jpg 450w, https:\/\/franciscanos.org.br\/noticias\/wp-content\/uploads\/2021\/01\/cnbb_01_arte-768x440.jpg 768w, https:\/\/franciscanos.org.br\/noticias\/wp-content\/uploads\/2021\/01\/cnbb_01_arte-150x86.jpg 150w\" sizes=\"(max-width: 890px) 100vw, 890px\" \/><p id=\"caption-attachment-230311\" class=\"wp-caption-text\">\u00a0 \u00a0 \u00a0 \u00a0 \u00a0 \u00a0 \u00a0 \u00a0 \u00a0 \u00a0 \u00a0 \u00a0 \u00a0 \u00a0 \u00a0 \u00a0 \u00a0 \u00a0 \u00a0 \u00a0 \u00a0 \u00a0 \u00a0 \u00a0 \u00a0 \u00a0 \u00a0 \u00a0 \u00a0 \u00a0 \u00a0 \u00a0 \u00a0 \u00a0 \u00a0 \u00a0 \u00a0 \u00a0 \u00a0 \u00a0 \u00a0 \u00a0 \u00a0 \u00a0 \u00a0 \u00a0 \u00a0 \u00a0 \u00a0 \u00a0 \u00a0 \u00a0 \u00a0 \u00a0 \u00a0 \u00a0 \u00a0 \u00a0 \u00a0 \u00a0 \u00a0 \u00a0 \u00a0 \u00a0 \u00a0 \u00a0 \u00a0 \u00a0 \u00a0 \u00a0 \u00a0 \u00a0 <em>\u00a0 Imagem ilustrativa (fonte: CNBB)<\/em><\/p><\/div>\n<\/div>\n<\/div>\n<\/div>\n<\/div>\n<\/div>\n<\/section>\n<\/div>\n<\/div>\n<\/div>\n<\/div>\n<\/div>\n<\/section>\n<section class=\"elementor-section elementor-top-section elementor-element elementor-element-254fd40d elementor-section-stretched elementor-section-full_width elementor-section-height-default elementor-section-height-default\" data-id=\"254fd40d\" data-element_type=\"section\" data-settings=\"{&quot;stretch_section&quot;:&quot;section-stretched&quot;}\">\n<div class=\"elementor-container elementor-column-gap-default\">\n<div class=\"elementor-row\">\n<div class=\"elementor-column elementor-col-100 elementor-top-column elementor-element elementor-element-25e9ab4e\" data-id=\"25e9ab4e\" data-element_type=\"column\">\n<div class=\"elementor-column-wrap elementor-element-populated\">\n<div class=\"elementor-widget-wrap\">\n<section class=\"elementor-section elementor-inner-section elementor-element elementor-element-4118c185 elementor-section-boxed elementor-section-height-default elementor-section-height-default\" data-id=\"4118c185\" data-element_type=\"section\">\n<div class=\"elementor-container elementor-column-gap-default\">\n<div class=\"elementor-row\">\n<div class=\"elementor-column elementor-col-50 elementor-inner-column elementor-element elementor-element-798e2db8\" data-id=\"798e2db8\" data-element_type=\"column\">\n<div class=\"elementor-column-wrap elementor-element-populated\">\n<div class=\"elementor-widget-wrap\">\n<div class=\"elementor-element elementor-element-1fe4726 elementor-widget elementor-widget-theme-post-featured-image elementor-widget-image\" data-id=\"1fe4726\" data-element_type=\"widget\" data-widget_type=\"theme-post-featured-image.default\">\n<div class=\"elementor-widget-container\">\n<div class=\"elementor-image\"><\/div>\n<\/div>\n<\/div>\n<div class=\"elementor-element elementor-element-3a087bd2 elementor-widget elementor-widget-theme-post-content\" data-id=\"3a087bd2\" data-element_type=\"widget\" data-widget_type=\"theme-post-content.default\">\n<div class=\"elementor-widget-container\">\n<p>Em sua primeira mensagem de 2021, a presid\u00eancia da Confer\u00eancia Nacional dos Bispos do Brasil (CNBB) defende que a vacina contra a covid-19 \u00e9 um direito de todos os brasileiros. A vacina\u00e7\u00e3o, de acordo com os bispos, \u00e9\u00a0compreendida como fato social, n\u00e3o individual, para alcan\u00e7ar metas indicadas pelos epidemiologistas.<\/p>\n<blockquote><p>\u201c\u00c9 uma quest\u00e3o de responsabilidade a r\u00e1pida defini\u00e7\u00e3o de estrat\u00e9gias para se come\u00e7ar imediatamente a vacina\u00e7\u00e3o\u201d, defende o documento.<\/p><\/blockquote>\n<p>Segundo a presid\u00eancia da CNBB, \u00e9 imprescind\u00edvel que todos caminhem juntos, solidariamente, sem exclus\u00f5es para a erradica\u00e7\u00e3o da covid-19 do mapa do Brasil. \u201cN\u00e3o se vence uma pandemia isoladamente\u201d, refor\u00e7am os bispos. \u201cO novo que buscamos neste ano de 2021 requer a uni\u00e3o de todos os cidad\u00e3os de boa vontade\u201d, afirmam.<\/p>\n<p>As vidas perdidas, segundo o texto, n\u00e3o podem simplesmente compor quadros estat\u00edsticos. \u201c\u00c9 luto e dor no cora\u00e7\u00e3o das fam\u00edlias. S\u00e3o hist\u00f3rias interrompidas por uma amea\u00e7a \u00e1gil, perigosa e invis\u00edvel, por\u00e9m real\u201d, defendem.<\/p>\n<p>Os bispos tamb\u00e9m conclamam os fi\u00e9is a n\u00e3o se deixarem vencer pelo cansa\u00e7o, pelas desinforma\u00e7\u00f5es e a evitar as aglomera\u00e7\u00f5es. \u201cN\u00e3o podemos nos render \u00e0 indiferen\u00e7a de alguns, negacionismos de outros ou \u00e0 tenta\u00e7\u00e3o de nos aglomerarmos, permitindo que nos contaminemos e nos tornemos instrumentos de contamina\u00e7\u00e3o, sofrimento e morte de outras pessoas\u201d, aponta o documento.<\/p>\n<p>Em outro trecho, a mensagem defende que a\u00a0sociedade brasileira exige pronta uni\u00e3o e atua\u00e7\u00e3o dos governantes, nas diferentes esferas do poder, guiados pela ci\u00eancia e s\u00e9rias indica\u00e7\u00f5es dos epidemiologistas, para que a vacina\u00e7\u00e3o comece urgentemente, pois, a cada dia, vidas s\u00e3o perdidas para a pandemia, agravada tamb\u00e9m por seus impactos econ\u00f4mico-sociais.<\/p>\n<p>Confira, abaixo, a \u00edntegra do documento. A \u00edntegra da vers\u00e3o em formato pdf\u00a0 <a href=\"https:\/\/www.cnbb.org.br\/wp-content\/uploads\/2021\/01\/Mensagem-presid%C3%AAncia-CNBB-001-Unidos-e-respons%C3%A1veis-rumo-ao-novo-que-desejamos-1.pdf\">aqui<\/a>:<\/p>\n<blockquote>\n<h3><em>UNIDOS E RESPONS\u00c1VEIS RUMO AO NOVO QUE DESEJAMOS<\/em><\/h3>\n<p><em><br \/>\n\u201cEu vim para que todos tenham vida e vida em abund\u00e2ncia\u201d (Jo 10,10)<\/em><\/p>\n<p>1. O novo que buscamos neste ano de 2021 requer a uni\u00e3o de todos os cidad\u00e3os de boa vontade para enfrentamento da covid-19. Os n\u00fameros mostram que a pandemia est\u00e1 se tornando mais grave no Brasil. J\u00e1 s\u00e3o cerca de 200 mil mortos.<\/p>\n<p>2. As vidas perdidas n\u00e3o podem simplesmente compor quadros estat\u00edsticos. \u00c9 luto e dor no cora\u00e7\u00e3o das fam\u00edlias. S\u00e3o hist\u00f3rias interrompidas por uma amea\u00e7a \u00e1gil, perigosa e invis\u00edvel, por\u00e9m real.<\/p>\n<p>3. Para erradicar a covid-19, \u00e9 imprescind\u00edvel que todos caminhem juntos, solidariamente, sem exclus\u00f5es. \u00c9 preciso reconhecer que o v\u00edrus n\u00e3o respeita fronteiras, classes sociais e qualquer outra forma de categoriza\u00e7\u00e3o que, com tanta frequ\u00eancia, fundamentam lament\u00e1veis discrimina\u00e7\u00f5es.<\/p>\n<p>4. A palavra de ordem \u00e9, portanto, uni\u00e3o. \u00c9 preciso haver, cada vez mais, corresponsabilidade no enfrentamento deste desafio sanit\u00e1rio e social. N\u00e3o se vence uma pandemia isoladamente. Cada pessoa deve cuidar de si e, principalmente, do outro, que \u00e9 irm\u00e3o e irm\u00e3, com profundo respeito ao distanciamento social e aten\u00e7\u00e3o aos protocolos sanit\u00e1rios indicados pelas autoridades em sa\u00fade.<\/p>\n<p>5. N\u00e3o podemos nos render \u00e0 indiferen\u00e7a de alguns, negacionismos de outros ou \u00e0 tenta\u00e7\u00e3o de nos aglomerarmos, permitindo que nos contaminemos e nos tornemos instrumentos de contamina\u00e7\u00e3o, sofrimento e morte de outras pessoas. N\u00e3o deixemos que o cansa\u00e7o e a desinforma\u00e7\u00e3o nos levem a atitudes irrespons\u00e1veis. Sejamos fortes! Permane\u00e7amos firmes!<\/p>\n<p>6. A vacina seja para todos. \u00c9 uma quest\u00e3o de responsabilidade a r\u00e1pida defini\u00e7\u00e3o de estrat\u00e9gias para se come\u00e7ar imediatamente a vacina\u00e7\u00e3o, compreendida como fato social, n\u00e3o individual, para alcan\u00e7ar metas indicadas pelos epidemiologistas.<\/p>\n<p>7. Justi\u00e7a, solidariedade e inclus\u00e3o s\u00e3o os principais crit\u00e9rios a serem seguidos no enfrentamento desta pandemia. Cada institui\u00e7\u00e3o e segmento da sociedade t\u00eam graves responsabilidades neste processo. Por isso, a Igreja Cat\u00f3lica assume seu compromisso de colaborar como for\u00e7a educativa e solid\u00e1ria rumo a um novo estilo de vida.<\/p>\n<p>8. A sociedade brasileira exige pronta uni\u00e3o e atua\u00e7\u00e3o dos governantes, nas diferentes esferas do poder, guiados pela ci\u00eancia e s\u00e9rias indica\u00e7\u00f5es dos epidemiologistas, para que a vacina\u00e7\u00e3o comece urgentemente, pois, a cada dia, vidas s\u00e3o perdidas para a pandemia, agravada tamb\u00e9m por seus impactos econ\u00f4mico-sociais.<\/p>\n<p>9. Especial aten\u00e7\u00e3o seja dedicada aos mais vulner\u00e1veis e pobres. \u00c9 inaceit\u00e1vel e pouco inteligente que a vacina chegue mais rapidamente a alguns, deixando a descoberto a maior parte da popula\u00e7\u00e3o.<\/p>\n<p>10. O Papa Francisco, na Carta Enc\u00edclica Fratelli Tutti, ensina que a palavra solidariedade expressa muito mais do que gestos espor\u00e1dicos. \u201cA solidariedade, no seu sentido mais profundo, \u00e9 uma forma de fazer hist\u00f3ria\u201d (Carta Enc\u00edclica Fratelli Tutti, n. 116). A humanidade est\u00e1 adoecida pela pandemia e s\u00f3 encontrar\u00e1 a cura se caminhar unida, adotando a solidariedade como princ\u00edpio que orienta as rela\u00e7\u00f5es, para que todos tenham a oportunidade de se vacinar, para que cada pessoa assuma a pr\u00f3pria responsabilidade no cuidado com o seu semelhante e com a Casa Comum.<\/p>\n<p>11. Deus, que nos fez livres e correspons\u00e1veis pela obra da Cria\u00e7\u00e3o, pelo cuidado uns dos outros, ajude-nos a aprender com as li\u00e7\u00f5es desta pandemia, para que possamos super\u00e1-la e avan\u00e7armos na constru\u00e7\u00e3o de um mundo mais saud\u00e1vel, a partir da fraternidade e da solidariedade universal.<\/p>\n<p><em>Bras\u00edlia-DF, 6 de janeiro de 2021<\/em><\/p>\n<p><strong>Dom Walmor Oliveira de Azevedo<\/strong><br \/>\nArcebispo de Belo Horizonte (MG)<br \/>\nPresidente da CNBB<\/p>\n<p><strong>Dom Jaime Spengler<\/strong><br \/>\nArcebispo de Porto Alegre (RS)<br \/>\nPrimeiro Vice-Presidente da CNBB<\/p>\n<p><strong>Dom M\u00e1rio Ant\u00f4nio da Silva<\/strong><br \/>\nBispo de Roraima (RR)<br \/>\nSegundo Vice-Presidente da CNBB<\/p>\n<p><strong>Dom Joel Portella Amado<\/strong><br \/>\nBispo auxiliar da arquidiocese de S\u00e3o Sebasti\u00e3o do Rio de Janeiro (RJ)<br \/>\nSecret\u00e1rio-geral da CNBB<\/p>\n<hr \/>\n<p><em>Texto reproduzido do site da CNBB<\/em><\/p><\/blockquote>\n<\/div>\n<\/div>\n<\/div>\n<\/div>\n<\/div>\n<\/div>\n<\/div>\n<\/section>\n<\/div>\n<\/div>\n<\/div>\n<\/div>\n<\/div>\n<\/section>\n","protected":false},"excerpt":{"rendered":"<p>CNBB<\/p>\n","protected":false},"author":3,"featured_media":230312,"comment_status":"open","ping_status":"open","sticky":false,"template":"","format":"standard","meta":[],"categories":[1],"tags":[1796],"acf":[],"yoast_head":"<!-- This site is optimized with the Yoast SEO plugin v19.2 - https:\/\/yoast.com\/wordpress\/plugins\/seo\/ -->\n<title>Em mensagem, CNBB defende a vacina para todos os brasileiros e equidade no seu acesso - Not\u00edcias - Franciscanos<\/title>\n<meta name=\"robots\" content=\"index, follow, max-snippet:-1, max-image-preview:large, max-video-preview:-1\" \/>\n<link rel=\"canonical\" href=\"https:\/\/franciscanos.org.br\/noticias\/em-mensagem-cnbb-defende-a-vacina-para-todos-os-brasileiros-e-equidade-no-seu-acesso.html\" \/>\n<meta property=\"og:locale\" content=\"pt_BR\" \/>\n<meta property=\"og:type\" content=\"article\" \/>\n<meta property=\"og:title\" content=\"Em mensagem, CNBB defende a vacina para todos os brasileiros e equidade no seu acesso - Not\u00edcias - Franciscanos\" \/>\n<meta property=\"og:description\" content=\"CNBB\" \/>\n<meta property=\"og:url\" content=\"https:\/\/franciscanos.org.br\/noticias\/em-mensagem-cnbb-defende-a-vacina-para-todos-os-brasileiros-e-equidade-no-seu-acesso.html\" \/>\n<meta property=\"og:site_name\" content=\"Not\u00edcias - Franciscanos\" \/>\n<meta property=\"article:published_time\" content=\"2021-01-07T10:13:40+00:00\" \/>\n<meta property=\"og:image\" content=\"https:\/\/franciscanos.org.br\/noticias\/wp-content\/uploads\/2021\/01\/cnbb_arte_d.jpg\" \/>\n\t<meta property=\"og:image:width\" content=\"800\" \/>\n\t<meta property=\"og:image:height\" content=\"600\" \/>\n\t<meta property=\"og:image:type\" content=\"image\/jpeg\" \/>\n<meta name=\"author\" content=\"moacir\" \/>\n<meta name=\"twitter:card\" content=\"summary_large_image\" \/>\n<meta name=\"twitter:label1\" content=\"Escrito por\" \/>\n\t<meta name=\"twitter:data1\" content=\"moacir\" \/>\n\t<meta name=\"twitter:label2\" content=\"Est. tempo de leitura\" \/>\n\t<meta name=\"twitter:data2\" content=\"5 minutos\" \/>\n<script type=\"application\/ld+json\" class=\"yoast-schema-graph\">{\"@context\":\"https:\/\/schema.org\",\"@graph\":[{\"@type\":\"WebSite\",\"@id\":\"https:\/\/franciscanos.org.br\/noticias\/#website\",\"url\":\"https:\/\/franciscanos.org.br\/noticias\/\",\"name\":\"Not\u00edcias - Franciscanos\",\"description\":\"Prov\u00edncia Franciscana da Imaculada Concei\u00e7\u00e3o do Brasil - Ordem dos Frades Menores - OFM\",\"potentialAction\":[{\"@type\":\"SearchAction\",\"target\":{\"@type\":\"EntryPoint\",\"urlTemplate\":\"https:\/\/franciscanos.org.br\/noticias\/?s={search_term_string}\"},\"query-input\":\"required name=search_term_string\"}],\"inLanguage\":\"pt-BR\"},{\"@type\":\"ImageObject\",\"inLanguage\":\"pt-BR\",\"@id\":\"https:\/\/franciscanos.org.br\/noticias\/em-mensagem-cnbb-defende-a-vacina-para-todos-os-brasileiros-e-equidade-no-seu-acesso.html#primaryimage\",\"url\":\"https:\/\/franciscanos.org.br\/noticias\/wp-content\/uploads\/2021\/01\/cnbb_arte_d.jpg\",\"contentUrl\":\"https:\/\/franciscanos.org.br\/noticias\/wp-content\/uploads\/2021\/01\/cnbb_arte_d.jpg\",\"width\":800,\"height\":600},{\"@type\":\"WebPage\",\"@id\":\"https:\/\/franciscanos.org.br\/noticias\/em-mensagem-cnbb-defende-a-vacina-para-todos-os-brasileiros-e-equidade-no-seu-acesso.html#webpage\",\"url\":\"https:\/\/franciscanos.org.br\/noticias\/em-mensagem-cnbb-defende-a-vacina-para-todos-os-brasileiros-e-equidade-no-seu-acesso.html\",\"name\":\"Em mensagem, CNBB defende a vacina para todos os brasileiros e equidade no seu acesso - Not\u00edcias - Franciscanos\",\"isPartOf\":{\"@id\":\"https:\/\/franciscanos.org.br\/noticias\/#website\"},\"primaryImageOfPage\":{\"@id\":\"https:\/\/franciscanos.org.br\/noticias\/em-mensagem-cnbb-defende-a-vacina-para-todos-os-brasileiros-e-equidade-no-seu-acesso.html#primaryimage\"},\"datePublished\":\"2021-01-07T10:13:40+00:00\",\"dateModified\":\"2021-01-07T10:13:40+00:00\",\"author\":{\"@id\":\"https:\/\/franciscanos.org.br\/noticias\/#\/schema\/person\/b5c8cba458c330ccff548b056e95a5d4\"},\"breadcrumb\":{\"@id\":\"https:\/\/franciscanos.org.br\/noticias\/em-mensagem-cnbb-defende-a-vacina-para-todos-os-brasileiros-e-equidade-no-seu-acesso.html#breadcrumb\"},\"inLanguage\":\"pt-BR\",\"potentialAction\":[{\"@type\":\"ReadAction\",\"target\":[\"https:\/\/franciscanos.org.br\/noticias\/em-mensagem-cnbb-defende-a-vacina-para-todos-os-brasileiros-e-equidade-no-seu-acesso.html\"]}]},{\"@type\":\"BreadcrumbList\",\"@id\":\"https:\/\/franciscanos.org.br\/noticias\/em-mensagem-cnbb-defende-a-vacina-para-todos-os-brasileiros-e-equidade-no-seu-acesso.html#breadcrumb\",\"itemListElement\":[{\"@type\":\"ListItem\",\"position\":1,\"name\":\"Home\",\"item\":\"https:\/\/franciscanos.org.br\/noticias\"},{\"@type\":\"ListItem\",\"position\":2,\"name\":\"Em mensagem, CNBB defende a vacina para todos os brasileiros e equidade no seu acesso\"}]},{\"@type\":\"Person\",\"@id\":\"https:\/\/franciscanos.org.br\/noticias\/#\/schema\/person\/b5c8cba458c330ccff548b056e95a5d4\",\"name\":\"moacir\",\"image\":{\"@type\":\"ImageObject\",\"inLanguage\":\"pt-BR\",\"@id\":\"https:\/\/franciscanos.org.br\/noticias\/#\/schema\/person\/image\/\",\"url\":\"https:\/\/secure.gravatar.com\/avatar\/d08aa2ce4c8dd416d4479aa8536fcf64?s=96&d=mm&r=g\",\"contentUrl\":\"https:\/\/secure.gravatar.com\/avatar\/d08aa2ce4c8dd416d4479aa8536fcf64?s=96&d=mm&r=g\",\"caption\":\"moacir\"},\"url\":\"https:\/\/franciscanos.org.br\/noticias\/author\/moacir\"}]}<\/script>\n<!-- \/ Yoast SEO plugin. -->","yoast_head_json":{"title":"Em mensagem, CNBB defende a vacina para todos os brasileiros e equidade no seu acesso - Not\u00edcias - Franciscanos","robots":{"index":"index","follow":"follow","max-snippet":"max-snippet:-1","max-image-preview":"max-image-preview:large","max-video-preview":"max-video-preview:-1"},"canonical":"https:\/\/franciscanos.org.br\/noticias\/em-mensagem-cnbb-defende-a-vacina-para-todos-os-brasileiros-e-equidade-no-seu-acesso.html","og_locale":"pt_BR","og_type":"article","og_title":"Em mensagem, CNBB defende a vacina para todos os brasileiros e equidade no seu acesso - Not\u00edcias - Franciscanos","og_description":"CNBB","og_url":"https:\/\/franciscanos.org.br\/noticias\/em-mensagem-cnbb-defende-a-vacina-para-todos-os-brasileiros-e-equidade-no-seu-acesso.html","og_site_name":"Not\u00edcias - Franciscanos","article_published_time":"2021-01-07T10:13:40+00:00","og_image":[{"width":800,"height":600,"url":"https:\/\/franciscanos.org.br\/noticias\/wp-content\/uploads\/2021\/01\/cnbb_arte_d.jpg","type":"image\/jpeg"}],"author":"moacir","twitter_card":"summary_large_image","twitter_misc":{"Escrito por":"moacir","Est. tempo de leitura":"5 minutos"},"schema":{"@context":"https:\/\/schema.org","@graph":[{"@type":"WebSite","@id":"https:\/\/franciscanos.org.br\/noticias\/#website","url":"https:\/\/franciscanos.org.br\/noticias\/","name":"Not\u00edcias - Franciscanos","description":"Prov\u00edncia Franciscana da Imaculada Concei\u00e7\u00e3o do Brasil - Ordem dos Frades Menores - OFM","potentialAction":[{"@type":"SearchAction","target":{"@type":"EntryPoint","urlTemplate":"https:\/\/franciscanos.org.br\/noticias\/?s={search_term_string}"},"query-input":"required name=search_term_string"}],"inLanguage":"pt-BR"},{"@type":"ImageObject","inLanguage":"pt-BR","@id":"https:\/\/franciscanos.org.br\/noticias\/em-mensagem-cnbb-defende-a-vacina-para-todos-os-brasileiros-e-equidade-no-seu-acesso.html#primaryimage","url":"https:\/\/franciscanos.org.br\/noticias\/wp-content\/uploads\/2021\/01\/cnbb_arte_d.jpg","contentUrl":"https:\/\/franciscanos.org.br\/noticias\/wp-content\/uploads\/2021\/01\/cnbb_arte_d.jpg","width":800,"height":600},{"@type":"WebPage","@id":"https:\/\/franciscanos.org.br\/noticias\/em-mensagem-cnbb-defende-a-vacina-para-todos-os-brasileiros-e-equidade-no-seu-acesso.html#webpage","url":"https:\/\/franciscanos.org.br\/noticias\/em-mensagem-cnbb-defende-a-vacina-para-todos-os-brasileiros-e-equidade-no-seu-acesso.html","name":"Em mensagem, CNBB defende a vacina para todos os brasileiros e equidade no seu acesso - Not\u00edcias - Franciscanos","isPartOf":{"@id":"https:\/\/franciscanos.org.br\/noticias\/#website"},"primaryImageOfPage":{"@id":"https:\/\/franciscanos.org.br\/noticias\/em-mensagem-cnbb-defende-a-vacina-para-todos-os-brasileiros-e-equidade-no-seu-acesso.html#primaryimage"},"datePublished":"2021-01-07T10:13:40+00:00","dateModified":"2021-01-07T10:13:40+00:00","author":{"@id":"https:\/\/franciscanos.org.br\/noticias\/#\/schema\/person\/b5c8cba458c330ccff548b056e95a5d4"},"breadcrumb":{"@id":"https:\/\/franciscanos.org.br\/noticias\/em-mensagem-cnbb-defende-a-vacina-para-todos-os-brasileiros-e-equidade-no-seu-acesso.html#breadcrumb"},"inLanguage":"pt-BR","potentialAction":[{"@type":"ReadAction","target":["https:\/\/franciscanos.org.br\/noticias\/em-mensagem-cnbb-defende-a-vacina-para-todos-os-brasileiros-e-equidade-no-seu-acesso.html"]}]},{"@type":"BreadcrumbList","@id":"https:\/\/franciscanos.org.br\/noticias\/em-mensagem-cnbb-defende-a-vacina-para-todos-os-brasileiros-e-equidade-no-seu-acesso.html#breadcrumb","itemListElement":[{"@type":"ListItem","position":1,"name":"Home","item":"https:\/\/franciscanos.org.br\/noticias"},{"@type":"ListItem","position":2,"name":"Em mensagem, CNBB defende a vacina para todos os brasileiros e equidade no seu acesso"}]},{"@type":"Person","@id":"https:\/\/franciscanos.org.br\/noticias\/#\/schema\/person\/b5c8cba458c330ccff548b056e95a5d4","name":"moacir","image":{"@type":"ImageObject","inLanguage":"pt-BR","@id":"https:\/\/franciscanos.org.br\/noticias\/#\/schema\/person\/image\/","url":"https:\/\/secure.gravatar.com\/avatar\/d08aa2ce4c8dd416d4479aa8536fcf64?s=96&d=mm&r=g","contentUrl":"https:\/\/secure.gravatar.com\/avatar\/d08aa2ce4c8dd416d4479aa8536fcf64?s=96&d=mm&r=g","caption":"moacir"},"url":"https:\/\/franciscanos.org.br\/noticias\/author\/moacir"}]}},"_links":{"self":[{"href":"https:\/\/franciscanos.org.br\/noticias\/wp-json\/wp\/v2\/posts\/230310"}],"collection":[{"href":"https:\/\/franciscanos.org.br\/noticias\/wp-json\/wp\/v2\/posts"}],"about":[{"href":"https:\/\/franciscanos.org.br\/noticias\/wp-json\/wp\/v2\/types\/post"}],"author":[{"embeddable":true,"href":"https:\/\/franciscanos.org.br\/noticias\/wp-json\/wp\/v2\/users\/3"}],"replies":[{"embeddable":true,"href":"https:\/\/franciscanos.org.br\/noticias\/wp-json\/wp\/v2\/comments?post=230310"}],"version-history":[{"count":1,"href":"https:\/\/franciscanos.org.br\/noticias\/wp-json\/wp\/v2\/posts\/230310\/revisions"}],"predecessor-version":[{"id":230313,"href":"https:\/\/franciscanos.org.br\/noticias\/wp-json\/wp\/v2\/posts\/230310\/revisions\/230313"}],"wp:featuredmedia":[{"embeddable":true,"href":"https:\/\/franciscanos.org.br\/noticias\/wp-json\/wp\/v2\/media\/230312"}],"wp:attachment":[{"href":"https:\/\/franciscanos.org.br\/noticias\/wp-json\/wp\/v2\/media?parent=230310"}],"wp:term":[{"taxonomy":"category","embeddable":true,"href":"https:\/\/franciscanos.org.br\/noticias\/wp-json\/wp\/v2\/categories?post=230310"},{"taxonomy":"post_tag","embeddable":true,"href":"https:\/\/franciscanos.org.br\/noticias\/wp-json\/wp\/v2\/tags?post=230310"}],"curies":[{"name":"wp","href":"https:\/\/api.w.org\/{rel}","templated":true}]}}