{"id":230303,"date":"2021-01-07T06:53:39","date_gmt":"2021-01-07T09:53:39","guid":{"rendered":"https:\/\/franciscanos.org.br\/noticias\/?p=230303"},"modified":"2021-01-07T07:15:29","modified_gmt":"2021-01-07T10:15:29","slug":"diante-de-todos-os-desafios-da-humanidade-papa-faz-apelo-de-se-voltar-ao-essencial-o-amor-ao-proximo","status":"publish","type":"post","link":"https:\/\/franciscanos.org.br\/noticias\/diante-de-todos-os-desafios-da-humanidade-papa-faz-apelo-de-se-voltar-ao-essencial-o-amor-ao-proximo.html","title":{"rendered":"Diante de todos os desafios da humanidade, Papa faz apelo para se voltar ao essencial: o amor ao pr\u00f3ximo"},"content":{"rendered":"<p><img loading=\"lazy\" class=\"alignnone wp-image-230304 size-full\" src=\"https:\/\/franciscanos.org.br\/noticias\/wp-content\/uploads\/2021\/01\/janeiro_0701.jpg\" alt=\"\" width=\"890\" height=\"501\" srcset=\"https:\/\/franciscanos.org.br\/noticias\/wp-content\/uploads\/2021\/01\/janeiro_0701.jpg 890w, https:\/\/franciscanos.org.br\/noticias\/wp-content\/uploads\/2021\/01\/janeiro_0701-450x253.jpg 450w, https:\/\/franciscanos.org.br\/noticias\/wp-content\/uploads\/2021\/01\/janeiro_0701-768x432.jpg 768w, https:\/\/franciscanos.org.br\/noticias\/wp-content\/uploads\/2021\/01\/janeiro_0701-150x84.jpg 150w\" sizes=\"(max-width: 890px) 100vw, 890px\" \/><\/p>\n<p>\u201cAo rezar a Deus seguindo Jesus, unimo-nos como irm\u00e3os \u00e0queles que rezam seguindo outras culturas, outras tradi\u00e7\u00f5es e outras cren\u00e7as. Somos irm\u00e3os que rezam. A fraternidade leva-nos a abrirmo-nos ao Pai de todos e a ver no outro um irm\u00e3o, uma irm\u00e3, para partilhar a vida ou para se apoiar mutuamente, para amar, para conhecer. A Igreja valoriza a a\u00e7\u00e3o de Deus nas outras religi\u00f5es, sem esquecer que para n\u00f3s, crist\u00e3os, a fonte da dignidade humana e da fraternidade est\u00e1 no Evangelho de Jesus Cristo. N\u00f3s, que cremos, devemos voltar \u00e0s nossas fontes e nos concentrar no que \u00e9 essencial. O que \u00e9 essencial da nossa f\u00e9, a adora\u00e7\u00e3o a Deus e o amor ao pr\u00f3ximo.\u201d<\/p>\n<p>Assim, com um apelo \u00e0 fraternidade humana, o Papa abre o ano de 2021 ao lan\u00e7ar nesta ter\u00e7a-feira (5) o primeiro v\u00eddeo de inten\u00e7\u00e3o de ora\u00e7\u00e3o do ano que Francisco confia a toda Igreja Cat\u00f3lica por meio da Rede Mundial de Ora\u00e7\u00e3o do Papa. O Pont\u00edfice pede, diante de todos os desafios da humanidade, para nos abrir e nos unir, como seres humanos, como irm\u00e3os e irm\u00e3s, \u201ccom aqueles que rezam seguindo outras culturas, outras tradi\u00e7\u00f5es e outras cren\u00e7as\u201d. Como o Papa disse em outras ocasi\u00f5es, \u201cn\u00e3o h\u00e1 alternativa: ou constru\u00edmos o futuro juntos ou n\u00e3o haver\u00e1 futuro. As religi\u00f5es, em particular, n\u00e3o podem renunciar \u00e0 tarefa urgente de construir pontes entre povos e culturas\u201d.<\/p>\n<p><iframe loading=\"lazy\" src=\"https:\/\/www.youtube.com\/embed\/D-xjJj7IBP8\" width=\"100%\" height=\"480\" frameborder=\"0\" allowfullscreen=\"allowfullscreen\"><\/iframe><\/p>\n<p><strong>Filhos e filhas do mesmo Pai<\/strong><br \/>\nO caminho rumo \u00e0 fraternidade que o Papa prop\u00f5e no v\u00eddeo parte de uma abertura &#8220;ao Pai de todos&#8221; e de &#8220;ver no outro um irm\u00e3o, uma irm\u00e3&#8221;. Ele tamb\u00e9m apresentou essa mesma ideia em sua \u00faltima enc\u00edclica, \u201cFratelli tutti\u201d: \u201cestamos convencidos de que &#8216;somente com esta consci\u00eancia de filhos que n\u00e3o s\u00e3o \u00f3rf\u00e3os podemos viver em paz entre n\u00f3s&#8217;\u201d. Para Francisco, as diferen\u00e7as entre as pessoas que professam distintas religi\u00f5es ou vivem de acordo com outras tradi\u00e7\u00f5es n\u00e3o devem impedir que se chegue a uma cultura do encontro, pois, afinal, \u201csomos irm\u00e3os que rezam\u201d.<\/p>\n<p><strong>O essencial da nossa f\u00e9<\/strong><br \/>\nNa busca desse esp\u00edrito de fraternidade, o Pont\u00edfice tamb\u00e9m convida a n\u00e3o esquecer que, para os crist\u00e3os, \u201ca fonte da dignidade humana e da fraternidade est\u00e1 no Evangelho de Jesus Cristo\u201d. Nesse sentido, o Papa pede aos fi\u00e9is que se voltem ao essencial da f\u00e9: \u201ca adora\u00e7\u00e3o a Deus e o amor ao pr\u00f3ximo\u201d. No di\u00e1logo com outras religi\u00f5es, e como explica o Papa em \u201cFratelli tutti\u201d, isso se torna fundamental, pois embora outros bebam de outras fontes, \u201cpara n\u00f3s, essa fonte de dignidade humana e de fraternidade est\u00e1 no Evangelho de Jesus Cristo\u201d.<\/p>\n<p><strong>As religi\u00f5es a servi\u00e7o da fraternidade<\/strong><br \/>\nO Pe. Fr\u00e9d\u00e9ric Fornos, diretor internacional da Rede Mundial de Ora\u00e7\u00e3o do Papa, destacou a import\u00e2ncia desta inten\u00e7\u00e3o de ora\u00e7\u00e3o que inaugura 2021: \u201cdepois de um 2020 marcado pelo impacto da pandemia, tanto na sa\u00fade em n\u00edvel socioecon\u00f4mico, \u00e9 especialmente importante que essa inten\u00e7\u00e3o do Santo Padre nos ajude a nos ver verdadeiramente mais como irm\u00e3os e irm\u00e3s no caminho da paz que se torna cada vez mais necess\u00e1ria. Para Francisco, o papel das religi\u00f5es nesse prop\u00f3sito \u00e9 fundamental, e ele deu um grande passo nessa dire\u00e7\u00e3o ao assinar o Documento sobre a Fraternidade Humana pela paz mundial e a conviv\u00eancia comum, junto com o Grande Im\u00e3 de Al-Azhar\u201d.<\/p>\n<p>O diretor, ent\u00e3o, fala da import\u00e2ncia da Enc\u00edclica Fratelli tutti, lan\u00e7ada pouco mais de um ano depois, atrav\u00e9s da qual o Papa aprofunda o pensamento sobre a fraternidade humana. O Pe. Fr\u00e9d\u00e9ric cita o cap\u00edtulo 8 sobre \u201ca preciosa contribui\u00e7\u00e3o para a constru\u00e7\u00e3o da fraternidade e a defesa da justi\u00e7a na sociedade\u201d a partir das v\u00e1rias religi\u00f5es:<\/p>\n<p>\u201cEspero que possamos, em nome de Deus que nos criou todos iguais em direitos, deveres e dignidade, e que nos chamou a viver juntos como irm\u00e3os e irm\u00e3s, promover esta fraternidade para enfrentarmos juntos os desafios do mundo e da nossa Casa Comum.\u201d<\/p>\n<p>O Papa Francisco, assim, pede ora\u00e7\u00f5es por uma fraternidade que respeita e valoriza a diversidade, e representa o estilo do Reino de Deus:<\/p>\n<p>\u201cRezemos para que o Senhor nos d\u00ea a gra\u00e7a de viver em plena fraternidade com os irm\u00e3os e irm\u00e3s de outras religi\u00f5es e n\u00e3o andar discutindo, mas rezando uns pelos outros, abrindo-nos a todos.\u201d<\/p>\n<hr \/>\n<p><em>Fonte: Vatican News (texto de Andressa Collet)<\/em><\/p>\n","protected":false},"excerpt":{"rendered":"<p>Inten\u00e7\u00e3o de Ora\u00e7\u00e3o do Papa para o primeiro m\u00eas de 2021 <\/p>\n","protected":false},"author":3,"featured_media":230305,"comment_status":"open","ping_status":"open","sticky":false,"template":"","format":"standard","meta":[],"categories":[1428],"tags":[542],"acf":[],"yoast_head":"<!-- This site is optimized with the Yoast SEO plugin v19.2 - https:\/\/yoast.com\/wordpress\/plugins\/seo\/ -->\n<title>Diante de todos os desafios da humanidade, Papa faz apelo para se voltar ao essencial: o amor ao pr\u00f3ximo - Not\u00edcias - Franciscanos<\/title>\n<meta name=\"robots\" content=\"index, follow, max-snippet:-1, max-image-preview:large, max-video-preview:-1\" \/>\n<link rel=\"canonical\" href=\"https:\/\/franciscanos.org.br\/noticias\/diante-de-todos-os-desafios-da-humanidade-papa-faz-apelo-de-se-voltar-ao-essencial-o-amor-ao-proximo.html\" \/>\n<meta property=\"og:locale\" content=\"pt_BR\" \/>\n<meta property=\"og:type\" content=\"article\" \/>\n<meta property=\"og:title\" content=\"Diante de todos os desafios da humanidade, Papa faz apelo para se voltar ao essencial: o amor ao pr\u00f3ximo - Not\u00edcias - Franciscanos\" \/>\n<meta property=\"og:description\" content=\"Inten\u00e7\u00e3o de Ora\u00e7\u00e3o do Papa para o primeiro m\u00eas de 2021\" \/>\n<meta property=\"og:url\" content=\"https:\/\/franciscanos.org.br\/noticias\/diante-de-todos-os-desafios-da-humanidade-papa-faz-apelo-de-se-voltar-ao-essencial-o-amor-ao-proximo.html\" \/>\n<meta property=\"og:site_name\" content=\"Not\u00edcias - Franciscanos\" \/>\n<meta property=\"article:published_time\" content=\"2021-01-07T09:53:39+00:00\" \/>\n<meta property=\"article:modified_time\" content=\"2021-01-07T10:15:29+00:00\" \/>\n<meta property=\"og:image\" content=\"https:\/\/franciscanos.org.br\/noticias\/wp-content\/uploads\/2021\/01\/janeiro_0701d.jpg\" \/>\n\t<meta property=\"og:image:width\" content=\"800\" \/>\n\t<meta property=\"og:image:height\" content=\"600\" \/>\n\t<meta property=\"og:image:type\" content=\"image\/jpeg\" \/>\n<meta name=\"author\" content=\"moacir\" \/>\n<meta name=\"twitter:card\" content=\"summary_large_image\" \/>\n<meta name=\"twitter:label1\" content=\"Escrito por\" \/>\n\t<meta name=\"twitter:data1\" content=\"moacir\" \/>\n\t<meta name=\"twitter:label2\" content=\"Est. tempo de leitura\" \/>\n\t<meta name=\"twitter:data2\" content=\"4 minutos\" \/>\n<script type=\"application\/ld+json\" class=\"yoast-schema-graph\">{\"@context\":\"https:\/\/schema.org\",\"@graph\":[{\"@type\":\"WebSite\",\"@id\":\"https:\/\/franciscanos.org.br\/noticias\/#website\",\"url\":\"https:\/\/franciscanos.org.br\/noticias\/\",\"name\":\"Not\u00edcias - Franciscanos\",\"description\":\"Prov\u00edncia Franciscana da Imaculada Concei\u00e7\u00e3o do Brasil - Ordem dos Frades Menores - OFM\",\"potentialAction\":[{\"@type\":\"SearchAction\",\"target\":{\"@type\":\"EntryPoint\",\"urlTemplate\":\"https:\/\/franciscanos.org.br\/noticias\/?s={search_term_string}\"},\"query-input\":\"required name=search_term_string\"}],\"inLanguage\":\"pt-BR\"},{\"@type\":\"ImageObject\",\"inLanguage\":\"pt-BR\",\"@id\":\"https:\/\/franciscanos.org.br\/noticias\/diante-de-todos-os-desafios-da-humanidade-papa-faz-apelo-de-se-voltar-ao-essencial-o-amor-ao-proximo.html#primaryimage\",\"url\":\"https:\/\/franciscanos.org.br\/noticias\/wp-content\/uploads\/2021\/01\/janeiro_0701d.jpg\",\"contentUrl\":\"https:\/\/franciscanos.org.br\/noticias\/wp-content\/uploads\/2021\/01\/janeiro_0701d.jpg\",\"width\":800,\"height\":600},{\"@type\":\"WebPage\",\"@id\":\"https:\/\/franciscanos.org.br\/noticias\/diante-de-todos-os-desafios-da-humanidade-papa-faz-apelo-de-se-voltar-ao-essencial-o-amor-ao-proximo.html#webpage\",\"url\":\"https:\/\/franciscanos.org.br\/noticias\/diante-de-todos-os-desafios-da-humanidade-papa-faz-apelo-de-se-voltar-ao-essencial-o-amor-ao-proximo.html\",\"name\":\"Diante de todos os desafios da humanidade, Papa faz apelo para se voltar ao essencial: o amor ao pr\u00f3ximo - Not\u00edcias - Franciscanos\",\"isPartOf\":{\"@id\":\"https:\/\/franciscanos.org.br\/noticias\/#website\"},\"primaryImageOfPage\":{\"@id\":\"https:\/\/franciscanos.org.br\/noticias\/diante-de-todos-os-desafios-da-humanidade-papa-faz-apelo-de-se-voltar-ao-essencial-o-amor-ao-proximo.html#primaryimage\"},\"datePublished\":\"2021-01-07T09:53:39+00:00\",\"dateModified\":\"2021-01-07T10:15:29+00:00\",\"author\":{\"@id\":\"https:\/\/franciscanos.org.br\/noticias\/#\/schema\/person\/b5c8cba458c330ccff548b056e95a5d4\"},\"breadcrumb\":{\"@id\":\"https:\/\/franciscanos.org.br\/noticias\/diante-de-todos-os-desafios-da-humanidade-papa-faz-apelo-de-se-voltar-ao-essencial-o-amor-ao-proximo.html#breadcrumb\"},\"inLanguage\":\"pt-BR\",\"potentialAction\":[{\"@type\":\"ReadAction\",\"target\":[\"https:\/\/franciscanos.org.br\/noticias\/diante-de-todos-os-desafios-da-humanidade-papa-faz-apelo-de-se-voltar-ao-essencial-o-amor-ao-proximo.html\"]}]},{\"@type\":\"BreadcrumbList\",\"@id\":\"https:\/\/franciscanos.org.br\/noticias\/diante-de-todos-os-desafios-da-humanidade-papa-faz-apelo-de-se-voltar-ao-essencial-o-amor-ao-proximo.html#breadcrumb\",\"itemListElement\":[{\"@type\":\"ListItem\",\"position\":1,\"name\":\"Home\",\"item\":\"https:\/\/franciscanos.org.br\/noticias\"},{\"@type\":\"ListItem\",\"position\":2,\"name\":\"Diante de todos os desafios da humanidade, Papa faz apelo para se voltar ao essencial: o amor ao pr\u00f3ximo\"}]},{\"@type\":\"Person\",\"@id\":\"https:\/\/franciscanos.org.br\/noticias\/#\/schema\/person\/b5c8cba458c330ccff548b056e95a5d4\",\"name\":\"moacir\",\"image\":{\"@type\":\"ImageObject\",\"inLanguage\":\"pt-BR\",\"@id\":\"https:\/\/franciscanos.org.br\/noticias\/#\/schema\/person\/image\/\",\"url\":\"https:\/\/secure.gravatar.com\/avatar\/d08aa2ce4c8dd416d4479aa8536fcf64?s=96&d=mm&r=g\",\"contentUrl\":\"https:\/\/secure.gravatar.com\/avatar\/d08aa2ce4c8dd416d4479aa8536fcf64?s=96&d=mm&r=g\",\"caption\":\"moacir\"},\"url\":\"https:\/\/franciscanos.org.br\/noticias\/author\/moacir\"}]}<\/script>\n<!-- \/ Yoast SEO plugin. -->","yoast_head_json":{"title":"Diante de todos os desafios da humanidade, Papa faz apelo para se voltar ao essencial: o amor ao pr\u00f3ximo - Not\u00edcias - Franciscanos","robots":{"index":"index","follow":"follow","max-snippet":"max-snippet:-1","max-image-preview":"max-image-preview:large","max-video-preview":"max-video-preview:-1"},"canonical":"https:\/\/franciscanos.org.br\/noticias\/diante-de-todos-os-desafios-da-humanidade-papa-faz-apelo-de-se-voltar-ao-essencial-o-amor-ao-proximo.html","og_locale":"pt_BR","og_type":"article","og_title":"Diante de todos os desafios da humanidade, Papa faz apelo para se voltar ao essencial: o amor ao pr\u00f3ximo - Not\u00edcias - Franciscanos","og_description":"Inten\u00e7\u00e3o de Ora\u00e7\u00e3o do Papa para o primeiro m\u00eas de 2021","og_url":"https:\/\/franciscanos.org.br\/noticias\/diante-de-todos-os-desafios-da-humanidade-papa-faz-apelo-de-se-voltar-ao-essencial-o-amor-ao-proximo.html","og_site_name":"Not\u00edcias - Franciscanos","article_published_time":"2021-01-07T09:53:39+00:00","article_modified_time":"2021-01-07T10:15:29+00:00","og_image":[{"width":800,"height":600,"url":"https:\/\/franciscanos.org.br\/noticias\/wp-content\/uploads\/2021\/01\/janeiro_0701d.jpg","type":"image\/jpeg"}],"author":"moacir","twitter_card":"summary_large_image","twitter_misc":{"Escrito por":"moacir","Est. tempo de leitura":"4 minutos"},"schema":{"@context":"https:\/\/schema.org","@graph":[{"@type":"WebSite","@id":"https:\/\/franciscanos.org.br\/noticias\/#website","url":"https:\/\/franciscanos.org.br\/noticias\/","name":"Not\u00edcias - Franciscanos","description":"Prov\u00edncia Franciscana da Imaculada Concei\u00e7\u00e3o do Brasil - Ordem dos Frades Menores - OFM","potentialAction":[{"@type":"SearchAction","target":{"@type":"EntryPoint","urlTemplate":"https:\/\/franciscanos.org.br\/noticias\/?s={search_term_string}"},"query-input":"required name=search_term_string"}],"inLanguage":"pt-BR"},{"@type":"ImageObject","inLanguage":"pt-BR","@id":"https:\/\/franciscanos.org.br\/noticias\/diante-de-todos-os-desafios-da-humanidade-papa-faz-apelo-de-se-voltar-ao-essencial-o-amor-ao-proximo.html#primaryimage","url":"https:\/\/franciscanos.org.br\/noticias\/wp-content\/uploads\/2021\/01\/janeiro_0701d.jpg","contentUrl":"https:\/\/franciscanos.org.br\/noticias\/wp-content\/uploads\/2021\/01\/janeiro_0701d.jpg","width":800,"height":600},{"@type":"WebPage","@id":"https:\/\/franciscanos.org.br\/noticias\/diante-de-todos-os-desafios-da-humanidade-papa-faz-apelo-de-se-voltar-ao-essencial-o-amor-ao-proximo.html#webpage","url":"https:\/\/franciscanos.org.br\/noticias\/diante-de-todos-os-desafios-da-humanidade-papa-faz-apelo-de-se-voltar-ao-essencial-o-amor-ao-proximo.html","name":"Diante de todos os desafios da humanidade, Papa faz apelo para se voltar ao essencial: o amor ao pr\u00f3ximo - Not\u00edcias - Franciscanos","isPartOf":{"@id":"https:\/\/franciscanos.org.br\/noticias\/#website"},"primaryImageOfPage":{"@id":"https:\/\/franciscanos.org.br\/noticias\/diante-de-todos-os-desafios-da-humanidade-papa-faz-apelo-de-se-voltar-ao-essencial-o-amor-ao-proximo.html#primaryimage"},"datePublished":"2021-01-07T09:53:39+00:00","dateModified":"2021-01-07T10:15:29+00:00","author":{"@id":"https:\/\/franciscanos.org.br\/noticias\/#\/schema\/person\/b5c8cba458c330ccff548b056e95a5d4"},"breadcrumb":{"@id":"https:\/\/franciscanos.org.br\/noticias\/diante-de-todos-os-desafios-da-humanidade-papa-faz-apelo-de-se-voltar-ao-essencial-o-amor-ao-proximo.html#breadcrumb"},"inLanguage":"pt-BR","potentialAction":[{"@type":"ReadAction","target":["https:\/\/franciscanos.org.br\/noticias\/diante-de-todos-os-desafios-da-humanidade-papa-faz-apelo-de-se-voltar-ao-essencial-o-amor-ao-proximo.html"]}]},{"@type":"BreadcrumbList","@id":"https:\/\/franciscanos.org.br\/noticias\/diante-de-todos-os-desafios-da-humanidade-papa-faz-apelo-de-se-voltar-ao-essencial-o-amor-ao-proximo.html#breadcrumb","itemListElement":[{"@type":"ListItem","position":1,"name":"Home","item":"https:\/\/franciscanos.org.br\/noticias"},{"@type":"ListItem","position":2,"name":"Diante de todos os desafios da humanidade, Papa faz apelo para se voltar ao essencial: o amor ao pr\u00f3ximo"}]},{"@type":"Person","@id":"https:\/\/franciscanos.org.br\/noticias\/#\/schema\/person\/b5c8cba458c330ccff548b056e95a5d4","name":"moacir","image":{"@type":"ImageObject","inLanguage":"pt-BR","@id":"https:\/\/franciscanos.org.br\/noticias\/#\/schema\/person\/image\/","url":"https:\/\/secure.gravatar.com\/avatar\/d08aa2ce4c8dd416d4479aa8536fcf64?s=96&d=mm&r=g","contentUrl":"https:\/\/secure.gravatar.com\/avatar\/d08aa2ce4c8dd416d4479aa8536fcf64?s=96&d=mm&r=g","caption":"moacir"},"url":"https:\/\/franciscanos.org.br\/noticias\/author\/moacir"}]}},"_links":{"self":[{"href":"https:\/\/franciscanos.org.br\/noticias\/wp-json\/wp\/v2\/posts\/230303"}],"collection":[{"href":"https:\/\/franciscanos.org.br\/noticias\/wp-json\/wp\/v2\/posts"}],"about":[{"href":"https:\/\/franciscanos.org.br\/noticias\/wp-json\/wp\/v2\/types\/post"}],"author":[{"embeddable":true,"href":"https:\/\/franciscanos.org.br\/noticias\/wp-json\/wp\/v2\/users\/3"}],"replies":[{"embeddable":true,"href":"https:\/\/franciscanos.org.br\/noticias\/wp-json\/wp\/v2\/comments?post=230303"}],"version-history":[{"count":4,"href":"https:\/\/franciscanos.org.br\/noticias\/wp-json\/wp\/v2\/posts\/230303\/revisions"}],"predecessor-version":[{"id":230314,"href":"https:\/\/franciscanos.org.br\/noticias\/wp-json\/wp\/v2\/posts\/230303\/revisions\/230314"}],"wp:featuredmedia":[{"embeddable":true,"href":"https:\/\/franciscanos.org.br\/noticias\/wp-json\/wp\/v2\/media\/230305"}],"wp:attachment":[{"href":"https:\/\/franciscanos.org.br\/noticias\/wp-json\/wp\/v2\/media?parent=230303"}],"wp:term":[{"taxonomy":"category","embeddable":true,"href":"https:\/\/franciscanos.org.br\/noticias\/wp-json\/wp\/v2\/categories?post=230303"},{"taxonomy":"post_tag","embeddable":true,"href":"https:\/\/franciscanos.org.br\/noticias\/wp-json\/wp\/v2\/tags?post=230303"}],"curies":[{"name":"wp","href":"https:\/\/api.w.org\/{rel}","templated":true}]}}