{"id":230296,"date":"2021-01-06T07:14:59","date_gmt":"2021-01-06T10:14:59","guid":{"rendered":"https:\/\/franciscanos.org.br\/noticias\/?p=230296"},"modified":"2021-01-06T13:24:29","modified_gmt":"2021-01-06T16:24:29","slug":"papa-a-vida-nao-e-uma-demonstracao-de-habilidades-mas-uma-viagem-rumo-aquele-que-nos-ama","status":"publish","type":"post","link":"https:\/\/franciscanos.org.br\/noticias\/papa-a-vida-nao-e-uma-demonstracao-de-habilidades-mas-uma-viagem-rumo-aquele-que-nos-ama.html","title":{"rendered":"Papa: &#8220;A vida n\u00e3o \u00e9 uma demonstra\u00e7\u00e3o de habilidades, mas uma viagem rumo \u00c0quele que nos ama&#8221;"},"content":{"rendered":"<div class=\"article__subTitle\">\n<div id=\"attachment_230297\" style=\"width: 1290px\" class=\"wp-caption alignnone\"><img aria-describedby=\"caption-attachment-230297\" loading=\"lazy\" class=\"wp-image-230297 size-full\" src=\"https:\/\/franciscanos.org.br\/noticias\/wp-content\/uploads\/2021\/01\/papa_0601.jpg\" alt=\"\" width=\"1280\" height=\"720\" srcset=\"https:\/\/franciscanos.org.br\/noticias\/wp-content\/uploads\/2021\/01\/papa_0601.jpg 1280w, https:\/\/franciscanos.org.br\/noticias\/wp-content\/uploads\/2021\/01\/papa_0601-450x253.jpg 450w, https:\/\/franciscanos.org.br\/noticias\/wp-content\/uploads\/2021\/01\/papa_0601-1024x576.jpg 1024w, https:\/\/franciscanos.org.br\/noticias\/wp-content\/uploads\/2021\/01\/papa_0601-768x432.jpg 768w, https:\/\/franciscanos.org.br\/noticias\/wp-content\/uploads\/2021\/01\/papa_0601-150x84.jpg 150w\" sizes=\"(max-width: 1280px) 100vw, 1280px\" \/><p id=\"caption-attachment-230297\" class=\"wp-caption-text\"><em>\u00a0 \u00a0 \u00a0 \u00a0 \u00a0 \u00a0 \u00a0 \u00a0 \u00a0 \u00a0 \u00a0 \u00a0 \u00a0 \u00a0 \u00a0 \u00a0 \u00a0 \u00a0 \u00a0 \u00a0 \u00a0 \u00a0 \u00a0 \u00a0 \u00a0 \u00a0 \u00a0 \u00a0 \u00a0 \u00a0 \u00a0 \u00a0 \u00a0 \u00a0 \u00a0 \u00a0 \u00a0 \u00a0 \u00a0 \u00a0 \u00a0 \u00a0 \u00a0 \u00a0 \u00a0 \u00a0 \u00a0 \u00a0 \u00a0 \u00a0 \u00a0 \u00a0 \u00a0 \u00a0 \u00a0 \u00a0 \u00a0 \u00a0 \u00a0 \u00a0 \u00a0 \u00a0 \u00a0 \u00a0 \u00a0 \u00a0 \u00a0 \u00a0 \u00a0 \u00a0 \u00a0 \u00a0 \u00a0 \u00a0 \u00a0 \u00a0 \u00a0 \u00a0 \u00a0 \u00a0 \u00a0 \u00a0 \u00a0 \u00a0 \u00a0 \u00a0 \u00a0 \u00a0Imagem: Vatican Media<\/em><\/p><\/div>\n<\/div>\n<div class=\"title__separator\"><\/div>\n<div class=\"article__text \">\n<p>Na Festa da Epifania, o Papa Francisco presidiu a celebra\u00e7\u00e3o da Santa Missa na Bas\u00edlica de S\u00e3o Pedro. Eis sua homilia na \u00edntegra:<\/p>\n<p>&#8220;O evangelista Mateus assinala que os Magos, quando chegaram a Bel\u00e9m, \u00abviram o Menino com Maria, sua m\u00e3e. Prostrando-se, adoraram-No\u00bb (<i>Mt<\/i> 2, 11). Adorar o Senhor n\u00e3o \u00e9 f\u00e1cil, n\u00e3o \u00e9 um dado imediato: requer uma certa maturidade espiritual, sendo o ponto de chegada de um caminho interior, por vezes longo. N\u00e3o \u00e9 espont\u00e2nea em n\u00f3s a atitude de adorar a Deus. \u00c9 verdade que o ser humano precisa de adorar, mas corre o risco de errar o alvo; com efeito, se n\u00e3o adorar a Deus, adorar\u00e1 \u00eddolos e, em vez de ser crente, tornar-se-\u00e1 id\u00f3latra.<\/p>\n<p>Neste nosso tempo, h\u00e1 particular necessidade de dedicarmos, tanto individualmente como em comunidade, mais tempo \u00e0 adora\u00e7\u00e3o, aprendendo cada vez melhor a contemplar o Senhor. Por isso, hoje, queremos aprender com os Magos algumas li\u00e7\u00f5es \u00fateis: como eles, queremos prostrar-nos e adorar o Senhor.<\/p>\n<p>Das leituras desta Eucaristia, recolhemos tr\u00eas express\u00f5es que podem ajudar-nos a entender melhor o que significa ser adorador do Senhor; ei-las: <strong>\u00ablevantar os olhos\u00bb, \u00abp\u00f4r-se a caminho\u00bb e \u00abver\u00bb.<\/strong><\/p>\n<p>A primeira express\u00e3o \u2013\u00a0<i>levantar os olhos<\/i>\u00a0\u2013, encontramo-la em Isa\u00edas. \u00c0 comunidade de Jerusal\u00e9m, pouco antes regressada do ex\u00edlio e agora ca\u00edda em des\u00e2nimo por causa de dificuldades sem fim, o profeta dirige-lhe este forte convite: \u00abLevanta os olhos e v\u00ea\u00bb (<i>Is<\/i> 60, 4). Convida-a a deixar de lado cansa\u00e7o e lamentos, sair das estreitezas de uma vis\u00e3o limitada, libertar-se da ditadura do pr\u00f3prio eu, sempre propenso a fechar-se em si mesmo e nas preocupa\u00e7\u00f5es particulares. Para adorar o Senhor, \u00e9 preciso antes de mais nada \u00ablevantar os olhos\u00bb, ou seja, n\u00e3o se deixar enredar pelos fantasmas interiores que apagam a esperan\u00e7a, nem fazer dos problemas e dificuldades o centro da pr\u00f3pria exist\u00eancia. Isto n\u00e3o significa negar a realidade, fingindo-se ou iludindo-se que tudo corre bem; mas olhar de modo novo os problemas e as ang\u00fastias, sabendo que o Senhor conhece as nossas situa\u00e7\u00f5es dif\u00edceis, escuta atentamente as nossas s\u00faplicas e n\u00e3o fica indiferente \u00e0s l\u00e1grimas que derramamos.<\/p>\n<p>Este olhar que, apesar das vicissitudes da vida, permanece confiante no Senhor, gera a gratid\u00e3o filial. E, quando isto acontece, o cora\u00e7\u00e3o abre-se \u00e0 adora\u00e7\u00e3o. Pelo contr\u00e1rio, quando fixamos a aten\u00e7\u00e3o exclusivamente nos problemas, recusando-nos a levantar os olhos para Deus, o medo invade o cora\u00e7\u00e3o e desorienta-o, gerando irrita\u00e7\u00e3o, perplexidade, ang\u00fastia, depress\u00e3o. Nestas condi\u00e7\u00f5es, \u00e9 dif\u00edcil adorar ao Senhor. Se isto acontecer, \u00e9 preciso ter a coragem de romper o c\u00edrculo das nossas conclus\u00f5es precipitadas, sabendo que a realidade \u00e9 maior do que os nossos pensamentos.\u00a0<i>Levanta os olhos e v\u00ea<\/i>: o Senhor convida-nos, em primeiro lugar, a ter confian\u00e7a n\u2019Ele, porque cuida realmente de todos. Ora, se Deus veste t\u00e3o bem a erva no campo, que hoje existe e amanh\u00e3 \u00e9 lan\u00e7ada ao fogo, quanto mais n\u00e3o far\u00e1 Ele por n\u00f3s? (cf.\u00a0<i>Lc<\/i>\u00a012, 28). Se levantarmos o olhar para o Senhor e considerarmos a realidade \u00e0 sua luz, descobrimos que Ele nunca nos abandona: o Verbo fez-Se carne (cf.\u00a0<i>Jo<\/i>\u00a01, 14) e permanece connosco sempre todos os dias (cf.\u00a0<i>Mt<\/i>\u00a028, 20).<\/p>\n<p>Quando levantamos os olhos para Deus, os problemas da vida n\u00e3o desaparecem, mas sentimos que o Senhor nos d\u00e1 a for\u00e7a necess\u00e1ria para enfrent\u00e1-los. Assim, \u00ablevantar os olhos\u00bb \u00e9 o primeiro passo que predisp\u00f5e para a adora\u00e7\u00e3o. Trata-se da adora\u00e7\u00e3o do disc\u00edpulo que descobriu, em Deus, uma alegria nova, diferente. A alegria do mundo est\u00e1 fundada na posse dos bens, no sucesso ou noutras coisas semelhantes, ao passo que a alegria do disc\u00edpulo de Cristo tem o seu fundamento na fidelidade de Deus, cujas promessas nunca falham, apesar das situa\u00e7\u00f5es de crise em que possamos chegar a encontrar-nos. Ent\u00e3o, a gratid\u00e3o filial e a alegria suscitam o desejo de adorar o Senhor, que \u00e9 fiel e nunca nos deixa sozinhos.<\/p>\n<p>A segunda express\u00e3o, que nos pode ajudar, \u00e9\u00a0<i>p\u00f4r-se a caminho<\/i>. Antes de poder adorar o Menino nascido em Bel\u00e9m, os Magos tiveram que enfrentar uma longa viagem. L\u00ea-se em Mateus: \u00abChegaram a Jerusal\u00e9m uns Magos vindos do Oriente. E perguntaram: \u201cOnde est\u00e1 o Rei dos judeus que acaba de nascer? Vimos a sua estrela no Oriente e viemos ador\u00e1-Lo\u201d\u00bb (<i>Mt<\/i> 2, 1-2). A viagem implica sempre uma transforma\u00e7\u00e3o, uma mudan\u00e7a. A pessoa, depois de uma viagem, j\u00e1 n\u00e3o fica como antes; h\u00e1 sempre algo de novo em quem viajou: os seus conhecimentos alargaram-se, viu pessoas e coisas novas, sentiu fortalecer-se a vontade ao enfrentar as dificuldades e os riscos do trajeto. N\u00e3o se chega a adorar o Senhor sem antes passar pelo amadurecimento interior que nos d\u00e1 o p\u00f4r-se a caminho.<\/p>\n<p>\u00c9 atrav\u00e9s de um caminho gradual que nos tornamos adoradores do Senhor. Por exemplo, a experi\u00eancia ensina que a pessoa, aos cinquenta anos, vive a adora\u00e7\u00e3o com um esp\u00edrito diferente de quando tinha trinta. Quem se deixa moldar pela gra\u00e7a, costuma melhorar com o passar do tempo: enquanto o homem exterior envelhece, diz S\u00e3o Paulo, o homem interior renova-se dia ap\u00f3s dia (cf. <i>2 Cor<\/i>\u00a04, 16), predispondo-se cada vez melhor a adorar o Senhor. Deste ponto de vista, os falimentos, as crises, os erros podem tornar-se experi\u00eancias instrutivas: n\u00e3o \u00e9 raro servirem para nos tornar conscientes de que s\u00f3 o Senhor \u00e9 digno de ser adorado, porque s\u00f3 Ele satisfaz o desejo de vida e eternidade presente no \u00edntimo de cada pessoa. Al\u00e9m disso, com o passar do tempo, as provas e adversidades da exist\u00eancia \u2013 vividas na f\u00e9 \u2013 contribuem para purificar o cora\u00e7\u00e3o, torn\u00e1-lo mais humilde e, consequentemente, mais dispon\u00edvel para se abrir a Deus.<\/p>\n<p>Como os Magos, tamb\u00e9m n\u00f3s devemos deixar-nos instruir pelo caminho da vida, marcado pelas dificuldades inevit\u00e1veis da viagem. N\u00e3o deixemos que o cansa\u00e7o, as quedas e os fracassos nos precipitem no des\u00e2nimo; antes, pelo contr\u00e1rio, reconhecendo-os com humildade, devemos fazer deles ocasi\u00e3o de progredir para o Senhor Jesus. A vida n\u00e3o \u00e9 uma demonstra\u00e7\u00e3o de habilidades, mas uma viagem rumo \u00c0quele que nos ama: olhando para o Senhor, encontraremos a for\u00e7a para continuar com renovada alegria.<\/p>\n<p>E chegamos \u00e0 terceira express\u00e3o:\u00a0<i>ver<\/i>. Como se l\u00ea no Evangelho, \u00abentrando em casa, [os Magos] viram o Menino com Maria, sua m\u00e3e. Prostrando-se, adoraram-No\u00bb (<i>Mt<\/i>\u00a02, 11). A adora\u00e7\u00e3o era o ato de homenagem reservado aos soberanos, aos grandes dignit\u00e1rios. Com efeito, os Magos adoraram Aquele que sabiam ser o Rei dos judeus (cf.\u00a0<i>Mt<\/i> 2, 2). Mas, na realidade, que viram eles? Viram um menino pobre com a sua m\u00e3e. E contudo estes s\u00e1bios, vindos de pa\u00edses distantes, souberam transcender aquela cena t\u00e3o humilde e quase deprimente, reconhecendo naquele Menino a presen\u00e7a de um soberano. Por outras palavras, foram capazes de \u00abver\u00bb para al\u00e9m das apar\u00eancias. Prostrando-se diante do Menino nascido em Bel\u00e9m, exprimiram uma adora\u00e7\u00e3o era primariamente interior: a abertura dos cestos trazidos de prenda foi sinal da oferta dos seus cora\u00e7\u00f5es.<\/p>\n<p>Para adorar o Senhor, \u00e9 preciso \u00abver\u00bb al\u00e9m do v\u00e9u do vis\u00edvel, pois este muitas vezes mostra-se enganador. Herodes e os not\u00e1veis de Jerusal\u00e9m representam a mundanidade, perenemente escrava da apar\u00eancia e \u00e0 procura de atrativos: d\u00e1 valor apenas \u00e0s coisas sensacionais, aquilo que chama a aten\u00e7\u00e3o do vulgo. Entretanto, nos Magos, vemos um comportamento diferente, que poder\u00edamos definir\u00a0<i>realismo teologal<\/i>: este percebe com objetividade a realidade das coisas, chegando enfim a compreender que Deus evita toda a ostenta\u00e7\u00e3o. Esta forma de \u00abver\u00bb que transcende o vis\u00edvel, faz-nos adorar o Senhor muitas vezes escondido em situa\u00e7\u00f5es simples, em pessoas humildes e marginais. Trata-se, pois, de um olhar que, n\u00e3o se deixando encandear pelos fogos de artif\u00edcio do exibicionismo, procura em cada ocasi\u00e3o aquilo que n\u00e3o passa. Por isso, como escreve o ap\u00f3stolo Paulo, \u00abn\u00e3o olhamos para as coisas vis\u00edveis, mas para as invis\u00edveis, porque as vis\u00edveis s\u00e3o passageiras, ao passo que as invis\u00edveis s\u00e3o eternas\u00bb (<i>2 Cor<\/i>\u00a04, 18).<\/p>\n<p>Que o Senhor Jesus nos torne seus verdadeiros adoradores, capazes de manifestar com a vida o seu des\u00edgnio de amor, que abra\u00e7a a humanidade inteira.&#8221;<\/p>\n<hr \/>\n<\/div>\n<h3>ANGELUS<\/h3>\n<p>No Angelus na Solenidade da Epifania, rezado na Biblioteca do Pal\u00e1cio Apost\u00f3lico, o Papa invocou a prote\u00e7\u00e3o de Maria sobre a Igreja universal, \u201cpara que possa difundir no mundo inteiro o Evangelho de Cristo, luz de todos os povos.\u201d<\/p>\n<p>\u201cA salva\u00e7\u00e3o operada por Cristo \u2013 come\u00e7ou explicando Francisco &#8211; n\u00e3o conhece fronteiras, \u00e9 para todos. A Epifania n\u00e3o \u00e9 outro mist\u00e9rio, \u00e9 sempre o mesmo mist\u00e9rio da Natividade, mas visto na sua dimens\u00e3o de luz: luz que ilumina cada pessoa, luz para ser acolhida na f\u00e9 e luz para ser levada aos outros na caridade, no testemunho, no an\u00fancio do Evangelho.\u201d<\/p>\n<p><strong>Luz de Deus \u00e9 mais poderosa que as trevas deste mundo<\/strong><\/p>\n<p>Falando da atualidade da vis\u00e3o do Profeta Isa\u00edas narrada na primeira leitura, o Santo Padre recorda que a luz dada por Deus a Jerusal\u00e9m \u00e9 destinada a iluminar o caminho de todos os povos. \u201cEsta luz tem o poder de atrair todos, pr\u00f3ximos e distantes, e todos se p\u00f5em a caminho para a alcan\u00e7ar\u201d:<\/p>\n<p>\u00c9 uma vis\u00e3o que abre o cora\u00e7\u00e3o, que alarga o respiro, que convida \u00e0 esperan\u00e7a. Certamente, as trevas est\u00e3o presente e amea\u00e7adoras na vida de cada pessoa e na hist\u00f3ria da humanidade, mas a luz de Deus \u00e9 mais poderosa. Trata-se de a acolher acolher a fim de que possa resplandecer para todos. Onde est\u00e1 esta luz? O profeta vislumbrou-a de longe, mas j\u00e1 era suficiente para encher o cora\u00e7\u00e3o de Jerusal\u00e9m de uma alegria incontrol\u00e1vel.<\/p>\n<p>J\u00e1 a narrativa de Mateus, no Evangelho do dia, mostra que a luz \u201c\u00e9 o Menino de Bel\u00e9m, \u00e9 Jesus, mesmo que sua realeza n\u00e3o seja aceita por todos. Alguns a rejeitam, como Herodes\u201d. Por meio dele, \u201cDeus realiza o seu reino de amor, seu reino de justi\u00e7a e paz. Ele nasceu n\u00e3o s\u00f3 para alguns mas para todos os homens, para todos os povos,\u201d sua luz &#8220;\u00e9 para todos os povos, a salva\u00e7\u00e3o \u00e9 para todos os povos.<\/p>\n<p><strong>A encarna\u00e7\u00e3o, &#8220;m\u00e9todo&#8221; de Deus a ser seguido<\/strong><\/p>\n<p>O Papa ent\u00e3o pergunta \u201ccomo se difunde a luz de Cristo em todos os lugares e tempos\u201d, explicando que &#8220;ela tem o seu m\u00e9todo&#8221;:<\/p>\n<p>N\u00e3o o faz por meio dos poderosos meios dos imp\u00e9rios deste mundo, que procuram sempre apoderar-se do dom\u00ednio sobre ele. N\u00e3o, a luz de Cristo se difunde pelo an\u00fancio do Evangelho. O an\u00fancio, a palavra, o testemunho. E com o mesmo \u201cm\u00e9todo\u201d escolhido por Deus para vir no meio de n\u00f3s: a encarna\u00e7\u00e3o, isto \u00e9, aproximar-se do outro, conhecendo-o, assumir a sua realidade e levar o testemunho de nossa f\u00e9, cada um. Somente assim a luz de Cristo, que \u00e9 Amor, pode brilhar naqueles que a acolherem e atrair os outros. A luz de Cristo n\u00e3o se expande somente com as palavras, com falsos m\u00e9todos empreendedores. N\u00e3o, n\u00e3o. A f\u00e9, a palavra, o testemunho.<\/p>\n<p>\u201cCristo \u00e9 a estrela, mas tamb\u00e9m n\u00f3s podemos e devemos ser a estrela, para os nossos irm\u00e3os e irm\u00e3s, como testemunhas dos tesouros de bondade e infinita miseric\u00f3rdia que o Redentor oferece gratuitamente a todos. A luz de Cristo n\u00e3o se expande por proselitismo, mas pelo testemunho, pela confiss\u00e3o da f\u00e9. Tamb\u00e9m pelo mart\u00edrio.\u201d<\/p>\n<p><strong>Deixar-se fascinar e converter por Cristo<\/strong><\/p>\n<p>E a condi\u00e7\u00e3o para isso, observou \u2013 \u201c\u00e9 acolher em n\u00f3s esta luz, acolh\u00ea-la cada vez mais\u201d. E advertiu:\u00a0Ai de n\u00f3s se pensarmos que a possu\u00edmos, ai de n\u00f3s se pemsamos que devemos somente \u201cgeri-la\u201d! Tamb\u00e9m n\u00f3s, como os Magos, somos chamados a deixar-nos sempre fascinar, atrair, guiar, iluminar e converter por Cristo: \u00e9 o caminho da f\u00e9, atrav\u00e9s da ora\u00e7\u00e3o e da contempla\u00e7\u00e3o das obras de Deus, que nos enche continuamente de alegria e de admira\u00e7\u00e3o sempre nova. O fasc\u00ednio \u00e9 sempre o primeiro passo para seguir em frente.<\/p>\n<div class=\"article__text \">\n<hr \/>\n<p><em>Fonte: Vatican News<\/em><\/p>\n<\/div>\n","protected":false},"excerpt":{"rendered":"<p>Celebra\u00e7\u00e3o Eucar\u00edstica na Festa da Epifania<\/p>\n","protected":false},"author":3,"featured_media":230298,"comment_status":"open","ping_status":"open","sticky":false,"template":"","format":"standard","meta":[],"categories":[1428],"tags":[55],"acf":[],"yoast_head":"<!-- This site is optimized with the Yoast SEO plugin v19.2 - https:\/\/yoast.com\/wordpress\/plugins\/seo\/ -->\n<title>Papa: &quot;A vida n\u00e3o \u00e9 uma demonstra\u00e7\u00e3o de habilidades, mas uma viagem rumo \u00c0quele que nos ama&quot; - Not\u00edcias - Franciscanos<\/title>\n<meta name=\"robots\" content=\"index, follow, max-snippet:-1, max-image-preview:large, max-video-preview:-1\" \/>\n<link rel=\"canonical\" href=\"https:\/\/franciscanos.org.br\/noticias\/papa-a-vida-nao-e-uma-demonstracao-de-habilidades-mas-uma-viagem-rumo-aquele-que-nos-ama.html\" \/>\n<meta property=\"og:locale\" content=\"pt_BR\" \/>\n<meta property=\"og:type\" content=\"article\" \/>\n<meta property=\"og:title\" content=\"Papa: &quot;A vida n\u00e3o \u00e9 uma demonstra\u00e7\u00e3o de habilidades, mas uma viagem rumo \u00c0quele que nos ama&quot; - Not\u00edcias - Franciscanos\" \/>\n<meta property=\"og:description\" content=\"Celebra\u00e7\u00e3o Eucar\u00edstica na Festa da Epifania\" \/>\n<meta property=\"og:url\" content=\"https:\/\/franciscanos.org.br\/noticias\/papa-a-vida-nao-e-uma-demonstracao-de-habilidades-mas-uma-viagem-rumo-aquele-que-nos-ama.html\" \/>\n<meta property=\"og:site_name\" content=\"Not\u00edcias - Franciscanos\" \/>\n<meta property=\"article:published_time\" content=\"2021-01-06T10:14:59+00:00\" \/>\n<meta property=\"article:modified_time\" content=\"2021-01-06T16:24:29+00:00\" \/>\n<meta property=\"og:image\" content=\"https:\/\/franciscanos.org.br\/noticias\/wp-content\/uploads\/2021\/01\/papa_0601d.jpg\" \/>\n\t<meta property=\"og:image:width\" content=\"800\" \/>\n\t<meta property=\"og:image:height\" content=\"600\" \/>\n\t<meta property=\"og:image:type\" content=\"image\/jpeg\" \/>\n<meta name=\"author\" content=\"moacir\" \/>\n<meta name=\"twitter:card\" content=\"summary_large_image\" \/>\n<meta name=\"twitter:label1\" content=\"Escrito por\" \/>\n\t<meta name=\"twitter:data1\" content=\"moacir\" \/>\n\t<meta name=\"twitter:label2\" content=\"Est. tempo de leitura\" \/>\n\t<meta name=\"twitter:data2\" content=\"11 minutos\" \/>\n<script type=\"application\/ld+json\" class=\"yoast-schema-graph\">{\"@context\":\"https:\/\/schema.org\",\"@graph\":[{\"@type\":\"WebSite\",\"@id\":\"https:\/\/franciscanos.org.br\/noticias\/#website\",\"url\":\"https:\/\/franciscanos.org.br\/noticias\/\",\"name\":\"Not\u00edcias - Franciscanos\",\"description\":\"Prov\u00edncia Franciscana da Imaculada Concei\u00e7\u00e3o do Brasil - Ordem dos Frades Menores - OFM\",\"potentialAction\":[{\"@type\":\"SearchAction\",\"target\":{\"@type\":\"EntryPoint\",\"urlTemplate\":\"https:\/\/franciscanos.org.br\/noticias\/?s={search_term_string}\"},\"query-input\":\"required name=search_term_string\"}],\"inLanguage\":\"pt-BR\"},{\"@type\":\"ImageObject\",\"inLanguage\":\"pt-BR\",\"@id\":\"https:\/\/franciscanos.org.br\/noticias\/papa-a-vida-nao-e-uma-demonstracao-de-habilidades-mas-uma-viagem-rumo-aquele-que-nos-ama.html#primaryimage\",\"url\":\"https:\/\/franciscanos.org.br\/noticias\/wp-content\/uploads\/2021\/01\/papa_0601d.jpg\",\"contentUrl\":\"https:\/\/franciscanos.org.br\/noticias\/wp-content\/uploads\/2021\/01\/papa_0601d.jpg\",\"width\":800,\"height\":600},{\"@type\":\"WebPage\",\"@id\":\"https:\/\/franciscanos.org.br\/noticias\/papa-a-vida-nao-e-uma-demonstracao-de-habilidades-mas-uma-viagem-rumo-aquele-que-nos-ama.html#webpage\",\"url\":\"https:\/\/franciscanos.org.br\/noticias\/papa-a-vida-nao-e-uma-demonstracao-de-habilidades-mas-uma-viagem-rumo-aquele-que-nos-ama.html\",\"name\":\"Papa: \\\"A vida n\u00e3o \u00e9 uma demonstra\u00e7\u00e3o de habilidades, mas uma viagem rumo \u00c0quele que nos ama\\\" - Not\u00edcias - Franciscanos\",\"isPartOf\":{\"@id\":\"https:\/\/franciscanos.org.br\/noticias\/#website\"},\"primaryImageOfPage\":{\"@id\":\"https:\/\/franciscanos.org.br\/noticias\/papa-a-vida-nao-e-uma-demonstracao-de-habilidades-mas-uma-viagem-rumo-aquele-que-nos-ama.html#primaryimage\"},\"datePublished\":\"2021-01-06T10:14:59+00:00\",\"dateModified\":\"2021-01-06T16:24:29+00:00\",\"author\":{\"@id\":\"https:\/\/franciscanos.org.br\/noticias\/#\/schema\/person\/b5c8cba458c330ccff548b056e95a5d4\"},\"breadcrumb\":{\"@id\":\"https:\/\/franciscanos.org.br\/noticias\/papa-a-vida-nao-e-uma-demonstracao-de-habilidades-mas-uma-viagem-rumo-aquele-que-nos-ama.html#breadcrumb\"},\"inLanguage\":\"pt-BR\",\"potentialAction\":[{\"@type\":\"ReadAction\",\"target\":[\"https:\/\/franciscanos.org.br\/noticias\/papa-a-vida-nao-e-uma-demonstracao-de-habilidades-mas-uma-viagem-rumo-aquele-que-nos-ama.html\"]}]},{\"@type\":\"BreadcrumbList\",\"@id\":\"https:\/\/franciscanos.org.br\/noticias\/papa-a-vida-nao-e-uma-demonstracao-de-habilidades-mas-uma-viagem-rumo-aquele-que-nos-ama.html#breadcrumb\",\"itemListElement\":[{\"@type\":\"ListItem\",\"position\":1,\"name\":\"Home\",\"item\":\"https:\/\/franciscanos.org.br\/noticias\"},{\"@type\":\"ListItem\",\"position\":2,\"name\":\"Papa: &#8220;A vida n\u00e3o \u00e9 uma demonstra\u00e7\u00e3o de habilidades, mas uma viagem rumo \u00c0quele que nos ama&#8221;\"}]},{\"@type\":\"Person\",\"@id\":\"https:\/\/franciscanos.org.br\/noticias\/#\/schema\/person\/b5c8cba458c330ccff548b056e95a5d4\",\"name\":\"moacir\",\"image\":{\"@type\":\"ImageObject\",\"inLanguage\":\"pt-BR\",\"@id\":\"https:\/\/franciscanos.org.br\/noticias\/#\/schema\/person\/image\/\",\"url\":\"https:\/\/secure.gravatar.com\/avatar\/d08aa2ce4c8dd416d4479aa8536fcf64?s=96&d=mm&r=g\",\"contentUrl\":\"https:\/\/secure.gravatar.com\/avatar\/d08aa2ce4c8dd416d4479aa8536fcf64?s=96&d=mm&r=g\",\"caption\":\"moacir\"},\"url\":\"https:\/\/franciscanos.org.br\/noticias\/author\/moacir\"}]}<\/script>\n<!-- \/ Yoast SEO plugin. -->","yoast_head_json":{"title":"Papa: \"A vida n\u00e3o \u00e9 uma demonstra\u00e7\u00e3o de habilidades, mas uma viagem rumo \u00c0quele que nos ama\" - Not\u00edcias - Franciscanos","robots":{"index":"index","follow":"follow","max-snippet":"max-snippet:-1","max-image-preview":"max-image-preview:large","max-video-preview":"max-video-preview:-1"},"canonical":"https:\/\/franciscanos.org.br\/noticias\/papa-a-vida-nao-e-uma-demonstracao-de-habilidades-mas-uma-viagem-rumo-aquele-que-nos-ama.html","og_locale":"pt_BR","og_type":"article","og_title":"Papa: \"A vida n\u00e3o \u00e9 uma demonstra\u00e7\u00e3o de habilidades, mas uma viagem rumo \u00c0quele que nos ama\" - Not\u00edcias - Franciscanos","og_description":"Celebra\u00e7\u00e3o Eucar\u00edstica na Festa da Epifania","og_url":"https:\/\/franciscanos.org.br\/noticias\/papa-a-vida-nao-e-uma-demonstracao-de-habilidades-mas-uma-viagem-rumo-aquele-que-nos-ama.html","og_site_name":"Not\u00edcias - Franciscanos","article_published_time":"2021-01-06T10:14:59+00:00","article_modified_time":"2021-01-06T16:24:29+00:00","og_image":[{"width":800,"height":600,"url":"https:\/\/franciscanos.org.br\/noticias\/wp-content\/uploads\/2021\/01\/papa_0601d.jpg","type":"image\/jpeg"}],"author":"moacir","twitter_card":"summary_large_image","twitter_misc":{"Escrito por":"moacir","Est. tempo de leitura":"11 minutos"},"schema":{"@context":"https:\/\/schema.org","@graph":[{"@type":"WebSite","@id":"https:\/\/franciscanos.org.br\/noticias\/#website","url":"https:\/\/franciscanos.org.br\/noticias\/","name":"Not\u00edcias - Franciscanos","description":"Prov\u00edncia Franciscana da Imaculada Concei\u00e7\u00e3o do Brasil - Ordem dos Frades Menores - OFM","potentialAction":[{"@type":"SearchAction","target":{"@type":"EntryPoint","urlTemplate":"https:\/\/franciscanos.org.br\/noticias\/?s={search_term_string}"},"query-input":"required name=search_term_string"}],"inLanguage":"pt-BR"},{"@type":"ImageObject","inLanguage":"pt-BR","@id":"https:\/\/franciscanos.org.br\/noticias\/papa-a-vida-nao-e-uma-demonstracao-de-habilidades-mas-uma-viagem-rumo-aquele-que-nos-ama.html#primaryimage","url":"https:\/\/franciscanos.org.br\/noticias\/wp-content\/uploads\/2021\/01\/papa_0601d.jpg","contentUrl":"https:\/\/franciscanos.org.br\/noticias\/wp-content\/uploads\/2021\/01\/papa_0601d.jpg","width":800,"height":600},{"@type":"WebPage","@id":"https:\/\/franciscanos.org.br\/noticias\/papa-a-vida-nao-e-uma-demonstracao-de-habilidades-mas-uma-viagem-rumo-aquele-que-nos-ama.html#webpage","url":"https:\/\/franciscanos.org.br\/noticias\/papa-a-vida-nao-e-uma-demonstracao-de-habilidades-mas-uma-viagem-rumo-aquele-que-nos-ama.html","name":"Papa: \"A vida n\u00e3o \u00e9 uma demonstra\u00e7\u00e3o de habilidades, mas uma viagem rumo \u00c0quele que nos ama\" - Not\u00edcias - Franciscanos","isPartOf":{"@id":"https:\/\/franciscanos.org.br\/noticias\/#website"},"primaryImageOfPage":{"@id":"https:\/\/franciscanos.org.br\/noticias\/papa-a-vida-nao-e-uma-demonstracao-de-habilidades-mas-uma-viagem-rumo-aquele-que-nos-ama.html#primaryimage"},"datePublished":"2021-01-06T10:14:59+00:00","dateModified":"2021-01-06T16:24:29+00:00","author":{"@id":"https:\/\/franciscanos.org.br\/noticias\/#\/schema\/person\/b5c8cba458c330ccff548b056e95a5d4"},"breadcrumb":{"@id":"https:\/\/franciscanos.org.br\/noticias\/papa-a-vida-nao-e-uma-demonstracao-de-habilidades-mas-uma-viagem-rumo-aquele-que-nos-ama.html#breadcrumb"},"inLanguage":"pt-BR","potentialAction":[{"@type":"ReadAction","target":["https:\/\/franciscanos.org.br\/noticias\/papa-a-vida-nao-e-uma-demonstracao-de-habilidades-mas-uma-viagem-rumo-aquele-que-nos-ama.html"]}]},{"@type":"BreadcrumbList","@id":"https:\/\/franciscanos.org.br\/noticias\/papa-a-vida-nao-e-uma-demonstracao-de-habilidades-mas-uma-viagem-rumo-aquele-que-nos-ama.html#breadcrumb","itemListElement":[{"@type":"ListItem","position":1,"name":"Home","item":"https:\/\/franciscanos.org.br\/noticias"},{"@type":"ListItem","position":2,"name":"Papa: &#8220;A vida n\u00e3o \u00e9 uma demonstra\u00e7\u00e3o de habilidades, mas uma viagem rumo \u00c0quele que nos ama&#8221;"}]},{"@type":"Person","@id":"https:\/\/franciscanos.org.br\/noticias\/#\/schema\/person\/b5c8cba458c330ccff548b056e95a5d4","name":"moacir","image":{"@type":"ImageObject","inLanguage":"pt-BR","@id":"https:\/\/franciscanos.org.br\/noticias\/#\/schema\/person\/image\/","url":"https:\/\/secure.gravatar.com\/avatar\/d08aa2ce4c8dd416d4479aa8536fcf64?s=96&d=mm&r=g","contentUrl":"https:\/\/secure.gravatar.com\/avatar\/d08aa2ce4c8dd416d4479aa8536fcf64?s=96&d=mm&r=g","caption":"moacir"},"url":"https:\/\/franciscanos.org.br\/noticias\/author\/moacir"}]}},"_links":{"self":[{"href":"https:\/\/franciscanos.org.br\/noticias\/wp-json\/wp\/v2\/posts\/230296"}],"collection":[{"href":"https:\/\/franciscanos.org.br\/noticias\/wp-json\/wp\/v2\/posts"}],"about":[{"href":"https:\/\/franciscanos.org.br\/noticias\/wp-json\/wp\/v2\/types\/post"}],"author":[{"embeddable":true,"href":"https:\/\/franciscanos.org.br\/noticias\/wp-json\/wp\/v2\/users\/3"}],"replies":[{"embeddable":true,"href":"https:\/\/franciscanos.org.br\/noticias\/wp-json\/wp\/v2\/comments?post=230296"}],"version-history":[{"count":3,"href":"https:\/\/franciscanos.org.br\/noticias\/wp-json\/wp\/v2\/posts\/230296\/revisions"}],"predecessor-version":[{"id":230302,"href":"https:\/\/franciscanos.org.br\/noticias\/wp-json\/wp\/v2\/posts\/230296\/revisions\/230302"}],"wp:featuredmedia":[{"embeddable":true,"href":"https:\/\/franciscanos.org.br\/noticias\/wp-json\/wp\/v2\/media\/230298"}],"wp:attachment":[{"href":"https:\/\/franciscanos.org.br\/noticias\/wp-json\/wp\/v2\/media?parent=230296"}],"wp:term":[{"taxonomy":"category","embeddable":true,"href":"https:\/\/franciscanos.org.br\/noticias\/wp-json\/wp\/v2\/categories?post=230296"},{"taxonomy":"post_tag","embeddable":true,"href":"https:\/\/franciscanos.org.br\/noticias\/wp-json\/wp\/v2\/tags?post=230296"}],"curies":[{"name":"wp","href":"https:\/\/api.w.org\/{rel}","templated":true}]}}