{"id":230241,"date":"2021-01-04T09:00:35","date_gmt":"2021-01-04T12:00:35","guid":{"rendered":"https:\/\/franciscanos.org.br\/noticias\/?p=230241"},"modified":"2021-01-04T09:00:35","modified_gmt":"2021-01-04T12:00:35","slug":"solenidade-da-epifania-do-senhor-marca-jubileu-dos-frades-da-paroquia-do-rosario","status":"publish","type":"post","link":"https:\/\/franciscanos.org.br\/noticias\/solenidade-da-epifania-do-senhor-marca-jubileu-dos-frades-da-paroquia-do-rosario.html","title":{"rendered":"Solenidade da Epifania do Senhor marca Jubileu dos Frades da Par\u00f3quia do Ros\u00e1rio"},"content":{"rendered":"<p><img loading=\"lazy\" class=\"alignnone wp-image-230243 size-full\" src=\"https:\/\/franciscanos.org.br\/noticias\/wp-content\/uploads\/2021\/01\/vila_velha_05.jpg\" alt=\"\" width=\"1280\" height=\"720\" srcset=\"https:\/\/franciscanos.org.br\/noticias\/wp-content\/uploads\/2021\/01\/vila_velha_05.jpg 1280w, https:\/\/franciscanos.org.br\/noticias\/wp-content\/uploads\/2021\/01\/vila_velha_05-450x253.jpg 450w, https:\/\/franciscanos.org.br\/noticias\/wp-content\/uploads\/2021\/01\/vila_velha_05-1024x576.jpg 1024w, https:\/\/franciscanos.org.br\/noticias\/wp-content\/uploads\/2021\/01\/vila_velha_05-768x432.jpg 768w, https:\/\/franciscanos.org.br\/noticias\/wp-content\/uploads\/2021\/01\/vila_velha_05-150x84.jpg 150w\" sizes=\"(max-width: 1280px) 100vw, 1280px\" \/><\/p>\n<p><strong>Vila Velha (ES)<\/strong> &#8211; Celebrando a Solenidade da Epifania do Senhor, na manh\u00e3 deste domingo (03), a comunidade da Par\u00f3quia Nossa Senhora do Ros\u00e1rio, de Vila Velha &#8211; ES, se reuniu no Santu\u00e1rio do Divino Esp\u00edrito Santo, para louvar e bendizer a vida de Frei Clar\u00eancio Neotti e Frei Djalmo Fuck, ambos jubilandos da Prov\u00edncia da Imaculada Concei\u00e7\u00e3o do Brasil.<\/p>\n<p>Frei Djalmo \u00e9 natural de Angelina (SC), nasceu no dia 31 de mar\u00e7o de 1974; vestiu o h\u00e1bito franciscano em 12\/01\/1995; fez a profiss\u00e3o solene na Ordem Franciscana em 02\/08\/2000 e foi ordenado presb\u00edtero em 10\/05\/2003. Frei Clar\u00eancio \u00e9 natural de Salete (SC), nasceu no dia 29 de dezembro de 1934; vestiu o h\u00e1bito franciscano em 23\/12\/1954; fez a profiss\u00e3o solene na Ordem Franciscana em 24\/12\/1958 e foi ordenado presb\u00edtero em 06\/01\/1961.<\/p>\n<p><img loading=\"lazy\" class=\"alignnone wp-image-230242 size-full\" src=\"https:\/\/franciscanos.org.br\/noticias\/wp-content\/uploads\/2021\/01\/vila_velha_01.jpg\" alt=\"\" width=\"1280\" height=\"720\" srcset=\"https:\/\/franciscanos.org.br\/noticias\/wp-content\/uploads\/2021\/01\/vila_velha_01.jpg 1280w, https:\/\/franciscanos.org.br\/noticias\/wp-content\/uploads\/2021\/01\/vila_velha_01-450x253.jpg 450w, https:\/\/franciscanos.org.br\/noticias\/wp-content\/uploads\/2021\/01\/vila_velha_01-1024x576.jpg 1024w, https:\/\/franciscanos.org.br\/noticias\/wp-content\/uploads\/2021\/01\/vila_velha_01-768x432.jpg 768w, https:\/\/franciscanos.org.br\/noticias\/wp-content\/uploads\/2021\/01\/vila_velha_01-150x84.jpg 150w\" sizes=\"(max-width: 1280px) 100vw, 1280px\" \/><\/p>\n<p>A Santa Missa teve in\u00edcio \u00e0s 10 horas, tendo como presid\u00eancia inicial, de Dom Frei Dario Campos. Se fizeram presentes tamb\u00e9m, na celebra\u00e7\u00e3o, os freis do Convento da Penha, a Fraternidade Local do Santu\u00e1rio e o animador do Servi\u00e7o de Anima\u00e7\u00e3o Vocacional provincial, Frei Leandro Costa, que em sua primeira transfer\u00eancia morou com Frei Clar\u00eancio e Frei Djalmo.<\/p>\n<p>Como j\u00e1 dito, Dom Dario iniciou a presid\u00eancia da celebra\u00e7\u00e3o, por\u00e9m ap\u00f3s o Sinal da Cruz e sauda\u00e7\u00e3o inicial, pediu licen\u00e7a \u00e0 Assembleia presente, e num gesto fraterno e de respeito, entregou a presid\u00eancia da celebra\u00e7\u00e3o a Frei Clar\u00eancio. Nas palavras do Bispo: \u201cO aluno entrega a presid\u00eancia da celebra\u00e7\u00e3o \u00e0quele que j\u00e1 foi meu professor\u201d. O Jubilando sacerdotal continuou a presid\u00eancia da celebra\u00e7\u00e3o, invocando a miseric\u00f3rdia e dizendo que sua voca\u00e7\u00e3o n\u00e3o era somente responsabilidade sua, mas de toda a comunidade local que, como ele, tem igual compromisso com seu minist\u00e9rio.<\/p>\n<p>&nbsp;<\/p>\n<p><img loading=\"lazy\" class=\"alignnone wp-image-230246 size-full\" src=\"https:\/\/franciscanos.org.br\/noticias\/wp-content\/uploads\/2021\/01\/vila_velha_04.jpg\" alt=\"\" width=\"1280\" height=\"720\" srcset=\"https:\/\/franciscanos.org.br\/noticias\/wp-content\/uploads\/2021\/01\/vila_velha_04.jpg 1280w, https:\/\/franciscanos.org.br\/noticias\/wp-content\/uploads\/2021\/01\/vila_velha_04-450x253.jpg 450w, https:\/\/franciscanos.org.br\/noticias\/wp-content\/uploads\/2021\/01\/vila_velha_04-1024x576.jpg 1024w, https:\/\/franciscanos.org.br\/noticias\/wp-content\/uploads\/2021\/01\/vila_velha_04-768x432.jpg 768w, https:\/\/franciscanos.org.br\/noticias\/wp-content\/uploads\/2021\/01\/vila_velha_04-150x84.jpg 150w\" sizes=\"(max-width: 1280px) 100vw, 1280px\" \/><\/p>\n<p>A homilia da Santa Missa ficou ao encargo de Dom Frei Dario. Suas palavras, al\u00e9m de serem dirigidas ao povo, foram em especial aos jubilandos. No in\u00edcio de sua prega\u00e7\u00e3o, o bispo saudou a todos os presentes na missa, religiosos, o clero, freis, o povo e, em especial, aos parentes e amigos de Frei Clar\u00eancio e Djalmo.<\/p>\n<p>&#8220;Na solenidade de hoje n\u00f3s queremos celebrar a vida, a entrega e a consagra\u00e7\u00e3o religiosa e sacerdotal desses dois irm\u00e3os&#8221;, falou Dom Dario. Parafraseando Frei Clar\u00eancio, o bispo citou: &#8220;O sacerd\u00f3cio \u00e9 um dom que traz consigo a chave que abre os cofres da gra\u00e7a misericordiosa de Deus a quantos pedirem sua ajuda&#8221;. (Homilia de Frei Clar\u00eancio, primeira missa de Frei Leandro 09\/02\/19). Ressaltando assim que a consagra\u00e7\u00e3o sacerdotal de Frei Clar\u00eancio \u00e9 o rosto da miseric\u00f3rdia de Deus, e a vida religiosa de Frei Djalmo mostra que somente algu\u00e9m apaixonado pela vida pode mostrar o caminho de Jesus de Nazar\u00e9.<\/p>\n<p>Finalizou o bispo: &#8220;Enfim, obrigado por vossos sim ao longo desses anos ao povo e a Deus pela miseric\u00f3rdia com a ess\u00eancia do mist\u00e9rio celebrado na Epifania. Que a Virgem da Penha continue intercedendo aos anjos por todos n\u00f3s, mas principalmente ao nosso p\u00e1roco Frei Djalmo e a Frei Clar\u00eancio, uma salva de palmas aos dois&#8221;.<\/p>\n<p><img loading=\"lazy\" class=\"alignnone wp-image-230247 size-full\" src=\"https:\/\/franciscanos.org.br\/noticias\/wp-content\/uploads\/2021\/01\/vila_velha_03.jpg\" alt=\"\" width=\"1280\" height=\"694\" srcset=\"https:\/\/franciscanos.org.br\/noticias\/wp-content\/uploads\/2021\/01\/vila_velha_03.jpg 1280w, https:\/\/franciscanos.org.br\/noticias\/wp-content\/uploads\/2021\/01\/vila_velha_03-450x244.jpg 450w, https:\/\/franciscanos.org.br\/noticias\/wp-content\/uploads\/2021\/01\/vila_velha_03-1024x555.jpg 1024w, https:\/\/franciscanos.org.br\/noticias\/wp-content\/uploads\/2021\/01\/vila_velha_03-768x416.jpg 768w, https:\/\/franciscanos.org.br\/noticias\/wp-content\/uploads\/2021\/01\/vila_velha_03-150x81.jpg 150w\" sizes=\"(max-width: 1280px) 100vw, 1280px\" \/><\/p>\n<p>Um momento muito marcante da celebra\u00e7\u00e3o foi o momento do ofert\u00f3rio: o c\u00e1lice junto ao p\u00e3o e vinho foram trazidos pelos sobrinhos de Frei Clar\u00eancio, que no dia de sua Primeira Missa fizeram a sua 1\u00aa Eucaristia. Ambos entregaram ao tio, o p\u00e3o e o vinho, que pelas m\u00e3os dele, h\u00e1 60 anos, tornam-se Corpo e Sangue de Cristo!<\/p>\n<p>Ap\u00f3s a comunh\u00e3o, momento de homenagens. A Par\u00f3quia do Ros\u00e1rio preparou uma lembran\u00e7a a cada frei que foi entregue ao som da Ora\u00e7\u00e3o de S\u00e3o Francisco, cantada por dois jovens da Par\u00f3quia. Logo ap\u00f3s as homenagens dos paroquianos, momento dos freis agradecerem, um por seu minist\u00e9rio e outro por sua vida consagrada.<\/p>\n<p>&#8220;Queria agradecer a todos voc\u00eas. Agrade\u00e7o a Dom Dario pela sua presen\u00e7a. Agrade\u00e7o a sua presen\u00e7a pessoal, mas principalmente a presen\u00e7a como bispo, o bispo que me ordenou. Me emocionou muito ao final da ordena\u00e7\u00e3o, que, com voz poderosa, o bispo que me ordenou gritou: &#8220;Frei Clar\u00eancio&#8221;, repetindo tr\u00eas vezes, e falou pra mim, eu acabo de te gerar, o meu sacerd\u00f3cio, ent\u00e3o foi o filho de um bispo. No dia da minha ordena\u00e7\u00e3o em sua homilia, ele gritou v\u00e1rias vezes a frase do Apocalipse, &#8220;Segura o que tens&#8221;. Outro evento que me marcou foi ao voltar de Roma: o ent\u00e3o Papa Jo\u00e3o Paulo II, hoje S\u00e3o Jo\u00e3o Paulo, com sua m\u00e3o j\u00e1 velha me segurou pelo bra\u00e7o e repetiu a mesma frase: &#8216;Segura o que tens'&#8221;.<\/p>\n<p><img loading=\"lazy\" class=\"alignnone wp-image-230245 size-full\" src=\"https:\/\/franciscanos.org.br\/noticias\/wp-content\/uploads\/2021\/01\/vila_velha_02.jpg\" alt=\"\" width=\"1280\" height=\"692\" srcset=\"https:\/\/franciscanos.org.br\/noticias\/wp-content\/uploads\/2021\/01\/vila_velha_02.jpg 1280w, https:\/\/franciscanos.org.br\/noticias\/wp-content\/uploads\/2021\/01\/vila_velha_02-450x243.jpg 450w, https:\/\/franciscanos.org.br\/noticias\/wp-content\/uploads\/2021\/01\/vila_velha_02-1024x554.jpg 1024w, https:\/\/franciscanos.org.br\/noticias\/wp-content\/uploads\/2021\/01\/vila_velha_02-768x415.jpg 768w, https:\/\/franciscanos.org.br\/noticias\/wp-content\/uploads\/2021\/01\/vila_velha_02-150x81.jpg 150w\" sizes=\"(max-width: 1280px) 100vw, 1280px\" \/><\/p>\n<p>Al\u00e9m do agradecimento, Frei Clar\u00eancio contou a hist\u00f3ria do desenho de sua lembran\u00e7a: suas m\u00e3os mostrando o Cristo, porque, quando na Epifania, fora encontrar o Menino Deus, n\u00e3o tinha nada, mas suas m\u00e3os puderam apresentar o menino Deus.<\/p>\n<p>Frei Djalmo, no seus agradecimentos, aproveitou para dar os avisos paroquiais, agradecer a todos os que preparam a liturgia, a todo o povo presente e para finalizar em forma de prece, leu o seguinte poema de Jos\u00e9 Tolentino: \u201cD\u00e1-nos Senhor, a coragem dos recome\u00e7os&#8221;:<\/p>\n<p><img loading=\"lazy\" class=\"wp-image-230248 size-full alignleft\" src=\"https:\/\/franciscanos.org.br\/noticias\/wp-content\/uploads\/2021\/01\/14.jpg\" alt=\"\" width=\"640\" height=\"428\" srcset=\"https:\/\/franciscanos.org.br\/noticias\/wp-content\/uploads\/2021\/01\/14.jpg 640w, https:\/\/franciscanos.org.br\/noticias\/wp-content\/uploads\/2021\/01\/14-450x301.jpg 450w, https:\/\/franciscanos.org.br\/noticias\/wp-content\/uploads\/2021\/01\/14-150x100.jpg 150w\" sizes=\"(max-width: 640px) 100vw, 640px\" \/>Mesmo nos dias quebrados faz-nos descobrir limiares l\u00edmpidos. N\u00e3o nos deixes acomodar ao saber daquilo que foi: d\u00e1-nos largueza de cora\u00e7\u00e3o para abra\u00e7ar aquilo que \u00e9. Afasta-nos do repetido, do ju\u00edzo mec\u00e2nico que banaliza a hist\u00f3ria. Torna-nos confiantes como os que se atrevem a olhar tudo, e a si mesmos, com o encanto e a disponibilidade de uma primeira vez\u201d.<\/p>\n<p>E nesse esp\u00edrito de gratid\u00e3o e alegria, Frei Clar\u00eancio devolveu a presid\u00eancia da celebra\u00e7\u00e3o a Dom Dario, que deu a b\u00ean\u00e7\u00e3o solene a todos e pediu vivas aos freis jubilandos.<\/p>\n<p>Mesmo n\u00e3o tendo festa nem confraterniza\u00e7\u00e3o, o povo da Par\u00f3quia se fez presente na missa, respeitando todas as normas sanit\u00e1rias. O povo n\u00e3o p\u00f4de abra\u00e7ar os freis, mas o afeto e o carinho podiam ser sentidos de longe. Os votos de toda a comunidade para os freis eram os melhores, de perseveran\u00e7a e que, por muitos anos possam servir a todo o povo, com muito amor como j\u00e1 fazem.<\/p>\n<hr \/>\n<p><em>Pascom da Par\u00f3quia do Ros\u00e1rio<\/em><\/p>\n","protected":false},"excerpt":{"rendered":"<p>Jubileus de Frei  Clar\u00eancio Neotti e Frei Djalma Fuck<\/p>\n","protected":false},"author":3,"featured_media":230244,"comment_status":"open","ping_status":"open","sticky":false,"template":"","format":"standard","meta":[],"categories":[1],"tags":[332],"acf":[],"yoast_head":"<!-- This site is optimized with the Yoast SEO plugin v19.2 - https:\/\/yoast.com\/wordpress\/plugins\/seo\/ -->\n<title>Solenidade da Epifania do Senhor marca Jubileu dos Frades da Par\u00f3quia do Ros\u00e1rio - Not\u00edcias - Franciscanos<\/title>\n<meta name=\"robots\" content=\"index, follow, max-snippet:-1, max-image-preview:large, max-video-preview:-1\" \/>\n<link rel=\"canonical\" href=\"https:\/\/franciscanos.org.br\/noticias\/solenidade-da-epifania-do-senhor-marca-jubileu-dos-frades-da-paroquia-do-rosario.html\" \/>\n<meta property=\"og:locale\" content=\"pt_BR\" \/>\n<meta property=\"og:type\" content=\"article\" \/>\n<meta property=\"og:title\" content=\"Solenidade da Epifania do Senhor marca Jubileu dos Frades da Par\u00f3quia do Ros\u00e1rio - Not\u00edcias - Franciscanos\" \/>\n<meta property=\"og:description\" content=\"Jubileus de Frei Clar\u00eancio Neotti e Frei Djalma Fuck\" \/>\n<meta property=\"og:url\" content=\"https:\/\/franciscanos.org.br\/noticias\/solenidade-da-epifania-do-senhor-marca-jubileu-dos-frades-da-paroquia-do-rosario.html\" \/>\n<meta property=\"og:site_name\" content=\"Not\u00edcias - Franciscanos\" \/>\n<meta property=\"article:published_time\" content=\"2021-01-04T12:00:35+00:00\" \/>\n<meta property=\"og:image\" content=\"https:\/\/franciscanos.org.br\/noticias\/wp-content\/uploads\/2021\/01\/vila_velha_01d.jpg\" \/>\n\t<meta property=\"og:image:width\" content=\"800\" \/>\n\t<meta property=\"og:image:height\" content=\"600\" \/>\n\t<meta property=\"og:image:type\" content=\"image\/jpeg\" \/>\n<meta name=\"author\" content=\"moacir\" \/>\n<meta name=\"twitter:card\" content=\"summary_large_image\" \/>\n<meta name=\"twitter:label1\" content=\"Escrito por\" \/>\n\t<meta name=\"twitter:data1\" content=\"moacir\" \/>\n\t<meta name=\"twitter:label2\" content=\"Est. tempo de leitura\" \/>\n\t<meta name=\"twitter:data2\" content=\"5 minutos\" \/>\n<script type=\"application\/ld+json\" class=\"yoast-schema-graph\">{\"@context\":\"https:\/\/schema.org\",\"@graph\":[{\"@type\":\"WebSite\",\"@id\":\"https:\/\/franciscanos.org.br\/noticias\/#website\",\"url\":\"https:\/\/franciscanos.org.br\/noticias\/\",\"name\":\"Not\u00edcias - Franciscanos\",\"description\":\"Prov\u00edncia Franciscana da Imaculada Concei\u00e7\u00e3o do Brasil - Ordem dos Frades Menores - OFM\",\"potentialAction\":[{\"@type\":\"SearchAction\",\"target\":{\"@type\":\"EntryPoint\",\"urlTemplate\":\"https:\/\/franciscanos.org.br\/noticias\/?s={search_term_string}\"},\"query-input\":\"required name=search_term_string\"}],\"inLanguage\":\"pt-BR\"},{\"@type\":\"ImageObject\",\"inLanguage\":\"pt-BR\",\"@id\":\"https:\/\/franciscanos.org.br\/noticias\/solenidade-da-epifania-do-senhor-marca-jubileu-dos-frades-da-paroquia-do-rosario.html#primaryimage\",\"url\":\"https:\/\/franciscanos.org.br\/noticias\/wp-content\/uploads\/2021\/01\/vila_velha_01d.jpg\",\"contentUrl\":\"https:\/\/franciscanos.org.br\/noticias\/wp-content\/uploads\/2021\/01\/vila_velha_01d.jpg\",\"width\":800,\"height\":600},{\"@type\":\"WebPage\",\"@id\":\"https:\/\/franciscanos.org.br\/noticias\/solenidade-da-epifania-do-senhor-marca-jubileu-dos-frades-da-paroquia-do-rosario.html#webpage\",\"url\":\"https:\/\/franciscanos.org.br\/noticias\/solenidade-da-epifania-do-senhor-marca-jubileu-dos-frades-da-paroquia-do-rosario.html\",\"name\":\"Solenidade da Epifania do Senhor marca Jubileu dos Frades da Par\u00f3quia do Ros\u00e1rio - Not\u00edcias - Franciscanos\",\"isPartOf\":{\"@id\":\"https:\/\/franciscanos.org.br\/noticias\/#website\"},\"primaryImageOfPage\":{\"@id\":\"https:\/\/franciscanos.org.br\/noticias\/solenidade-da-epifania-do-senhor-marca-jubileu-dos-frades-da-paroquia-do-rosario.html#primaryimage\"},\"datePublished\":\"2021-01-04T12:00:35+00:00\",\"dateModified\":\"2021-01-04T12:00:35+00:00\",\"author\":{\"@id\":\"https:\/\/franciscanos.org.br\/noticias\/#\/schema\/person\/b5c8cba458c330ccff548b056e95a5d4\"},\"breadcrumb\":{\"@id\":\"https:\/\/franciscanos.org.br\/noticias\/solenidade-da-epifania-do-senhor-marca-jubileu-dos-frades-da-paroquia-do-rosario.html#breadcrumb\"},\"inLanguage\":\"pt-BR\",\"potentialAction\":[{\"@type\":\"ReadAction\",\"target\":[\"https:\/\/franciscanos.org.br\/noticias\/solenidade-da-epifania-do-senhor-marca-jubileu-dos-frades-da-paroquia-do-rosario.html\"]}]},{\"@type\":\"BreadcrumbList\",\"@id\":\"https:\/\/franciscanos.org.br\/noticias\/solenidade-da-epifania-do-senhor-marca-jubileu-dos-frades-da-paroquia-do-rosario.html#breadcrumb\",\"itemListElement\":[{\"@type\":\"ListItem\",\"position\":1,\"name\":\"Home\",\"item\":\"https:\/\/franciscanos.org.br\/noticias\"},{\"@type\":\"ListItem\",\"position\":2,\"name\":\"Solenidade da Epifania do Senhor marca Jubileu dos Frades da Par\u00f3quia do Ros\u00e1rio\"}]},{\"@type\":\"Person\",\"@id\":\"https:\/\/franciscanos.org.br\/noticias\/#\/schema\/person\/b5c8cba458c330ccff548b056e95a5d4\",\"name\":\"moacir\",\"image\":{\"@type\":\"ImageObject\",\"inLanguage\":\"pt-BR\",\"@id\":\"https:\/\/franciscanos.org.br\/noticias\/#\/schema\/person\/image\/\",\"url\":\"https:\/\/secure.gravatar.com\/avatar\/d08aa2ce4c8dd416d4479aa8536fcf64?s=96&d=mm&r=g\",\"contentUrl\":\"https:\/\/secure.gravatar.com\/avatar\/d08aa2ce4c8dd416d4479aa8536fcf64?s=96&d=mm&r=g\",\"caption\":\"moacir\"},\"url\":\"https:\/\/franciscanos.org.br\/noticias\/author\/moacir\"}]}<\/script>\n<!-- \/ Yoast SEO plugin. -->","yoast_head_json":{"title":"Solenidade da Epifania do Senhor marca Jubileu dos Frades da Par\u00f3quia do Ros\u00e1rio - Not\u00edcias - Franciscanos","robots":{"index":"index","follow":"follow","max-snippet":"max-snippet:-1","max-image-preview":"max-image-preview:large","max-video-preview":"max-video-preview:-1"},"canonical":"https:\/\/franciscanos.org.br\/noticias\/solenidade-da-epifania-do-senhor-marca-jubileu-dos-frades-da-paroquia-do-rosario.html","og_locale":"pt_BR","og_type":"article","og_title":"Solenidade da Epifania do Senhor marca Jubileu dos Frades da Par\u00f3quia do Ros\u00e1rio - Not\u00edcias - Franciscanos","og_description":"Jubileus de Frei Clar\u00eancio Neotti e Frei Djalma Fuck","og_url":"https:\/\/franciscanos.org.br\/noticias\/solenidade-da-epifania-do-senhor-marca-jubileu-dos-frades-da-paroquia-do-rosario.html","og_site_name":"Not\u00edcias - Franciscanos","article_published_time":"2021-01-04T12:00:35+00:00","og_image":[{"width":800,"height":600,"url":"https:\/\/franciscanos.org.br\/noticias\/wp-content\/uploads\/2021\/01\/vila_velha_01d.jpg","type":"image\/jpeg"}],"author":"moacir","twitter_card":"summary_large_image","twitter_misc":{"Escrito por":"moacir","Est. tempo de leitura":"5 minutos"},"schema":{"@context":"https:\/\/schema.org","@graph":[{"@type":"WebSite","@id":"https:\/\/franciscanos.org.br\/noticias\/#website","url":"https:\/\/franciscanos.org.br\/noticias\/","name":"Not\u00edcias - Franciscanos","description":"Prov\u00edncia Franciscana da Imaculada Concei\u00e7\u00e3o do Brasil - Ordem dos Frades Menores - OFM","potentialAction":[{"@type":"SearchAction","target":{"@type":"EntryPoint","urlTemplate":"https:\/\/franciscanos.org.br\/noticias\/?s={search_term_string}"},"query-input":"required name=search_term_string"}],"inLanguage":"pt-BR"},{"@type":"ImageObject","inLanguage":"pt-BR","@id":"https:\/\/franciscanos.org.br\/noticias\/solenidade-da-epifania-do-senhor-marca-jubileu-dos-frades-da-paroquia-do-rosario.html#primaryimage","url":"https:\/\/franciscanos.org.br\/noticias\/wp-content\/uploads\/2021\/01\/vila_velha_01d.jpg","contentUrl":"https:\/\/franciscanos.org.br\/noticias\/wp-content\/uploads\/2021\/01\/vila_velha_01d.jpg","width":800,"height":600},{"@type":"WebPage","@id":"https:\/\/franciscanos.org.br\/noticias\/solenidade-da-epifania-do-senhor-marca-jubileu-dos-frades-da-paroquia-do-rosario.html#webpage","url":"https:\/\/franciscanos.org.br\/noticias\/solenidade-da-epifania-do-senhor-marca-jubileu-dos-frades-da-paroquia-do-rosario.html","name":"Solenidade da Epifania do Senhor marca Jubileu dos Frades da Par\u00f3quia do Ros\u00e1rio - Not\u00edcias - Franciscanos","isPartOf":{"@id":"https:\/\/franciscanos.org.br\/noticias\/#website"},"primaryImageOfPage":{"@id":"https:\/\/franciscanos.org.br\/noticias\/solenidade-da-epifania-do-senhor-marca-jubileu-dos-frades-da-paroquia-do-rosario.html#primaryimage"},"datePublished":"2021-01-04T12:00:35+00:00","dateModified":"2021-01-04T12:00:35+00:00","author":{"@id":"https:\/\/franciscanos.org.br\/noticias\/#\/schema\/person\/b5c8cba458c330ccff548b056e95a5d4"},"breadcrumb":{"@id":"https:\/\/franciscanos.org.br\/noticias\/solenidade-da-epifania-do-senhor-marca-jubileu-dos-frades-da-paroquia-do-rosario.html#breadcrumb"},"inLanguage":"pt-BR","potentialAction":[{"@type":"ReadAction","target":["https:\/\/franciscanos.org.br\/noticias\/solenidade-da-epifania-do-senhor-marca-jubileu-dos-frades-da-paroquia-do-rosario.html"]}]},{"@type":"BreadcrumbList","@id":"https:\/\/franciscanos.org.br\/noticias\/solenidade-da-epifania-do-senhor-marca-jubileu-dos-frades-da-paroquia-do-rosario.html#breadcrumb","itemListElement":[{"@type":"ListItem","position":1,"name":"Home","item":"https:\/\/franciscanos.org.br\/noticias"},{"@type":"ListItem","position":2,"name":"Solenidade da Epifania do Senhor marca Jubileu dos Frades da Par\u00f3quia do Ros\u00e1rio"}]},{"@type":"Person","@id":"https:\/\/franciscanos.org.br\/noticias\/#\/schema\/person\/b5c8cba458c330ccff548b056e95a5d4","name":"moacir","image":{"@type":"ImageObject","inLanguage":"pt-BR","@id":"https:\/\/franciscanos.org.br\/noticias\/#\/schema\/person\/image\/","url":"https:\/\/secure.gravatar.com\/avatar\/d08aa2ce4c8dd416d4479aa8536fcf64?s=96&d=mm&r=g","contentUrl":"https:\/\/secure.gravatar.com\/avatar\/d08aa2ce4c8dd416d4479aa8536fcf64?s=96&d=mm&r=g","caption":"moacir"},"url":"https:\/\/franciscanos.org.br\/noticias\/author\/moacir"}]}},"_links":{"self":[{"href":"https:\/\/franciscanos.org.br\/noticias\/wp-json\/wp\/v2\/posts\/230241"}],"collection":[{"href":"https:\/\/franciscanos.org.br\/noticias\/wp-json\/wp\/v2\/posts"}],"about":[{"href":"https:\/\/franciscanos.org.br\/noticias\/wp-json\/wp\/v2\/types\/post"}],"author":[{"embeddable":true,"href":"https:\/\/franciscanos.org.br\/noticias\/wp-json\/wp\/v2\/users\/3"}],"replies":[{"embeddable":true,"href":"https:\/\/franciscanos.org.br\/noticias\/wp-json\/wp\/v2\/comments?post=230241"}],"version-history":[{"count":1,"href":"https:\/\/franciscanos.org.br\/noticias\/wp-json\/wp\/v2\/posts\/230241\/revisions"}],"predecessor-version":[{"id":230249,"href":"https:\/\/franciscanos.org.br\/noticias\/wp-json\/wp\/v2\/posts\/230241\/revisions\/230249"}],"wp:featuredmedia":[{"embeddable":true,"href":"https:\/\/franciscanos.org.br\/noticias\/wp-json\/wp\/v2\/media\/230244"}],"wp:attachment":[{"href":"https:\/\/franciscanos.org.br\/noticias\/wp-json\/wp\/v2\/media?parent=230241"}],"wp:term":[{"taxonomy":"category","embeddable":true,"href":"https:\/\/franciscanos.org.br\/noticias\/wp-json\/wp\/v2\/categories?post=230241"},{"taxonomy":"post_tag","embeddable":true,"href":"https:\/\/franciscanos.org.br\/noticias\/wp-json\/wp\/v2\/tags?post=230241"}],"curies":[{"name":"wp","href":"https:\/\/api.w.org\/{rel}","templated":true}]}}