{"id":230231,"date":"2021-01-03T09:03:53","date_gmt":"2021-01-03T12:03:53","guid":{"rendered":"https:\/\/franciscanos.org.br\/noticias\/?p=230231"},"modified":"2021-01-03T09:05:11","modified_gmt":"2021-01-03T12:05:11","slug":"papa-vamos-convidar-jesus-para-que-veja-as-nossas-feridas-ele-vira-e-a-vida-vai-mudar","status":"publish","type":"post","link":"https:\/\/franciscanos.org.br\/noticias\/papa-vamos-convidar-jesus-para-que-veja-as-nossas-feridas-ele-vira-e-a-vida-vai-mudar.html","title":{"rendered":"Papa: &#8220;Vamos convidar Jesus para que veja as nossas feridas. Ele vir\u00e1 e a vida vai mudar\u201d"},"content":{"rendered":"<div id=\"attachment_230232\" style=\"width: 1290px\" class=\"wp-caption alignnone\"><img aria-describedby=\"caption-attachment-230232\" loading=\"lazy\" class=\"wp-image-230232 size-full\" src=\"https:\/\/franciscanos.org.br\/noticias\/wp-content\/uploads\/2021\/01\/angelus_03.jpg\" alt=\"\" width=\"1280\" height=\"720\" srcset=\"https:\/\/franciscanos.org.br\/noticias\/wp-content\/uploads\/2021\/01\/angelus_03.jpg 1280w, https:\/\/franciscanos.org.br\/noticias\/wp-content\/uploads\/2021\/01\/angelus_03-450x253.jpg 450w, https:\/\/franciscanos.org.br\/noticias\/wp-content\/uploads\/2021\/01\/angelus_03-1024x576.jpg 1024w, https:\/\/franciscanos.org.br\/noticias\/wp-content\/uploads\/2021\/01\/angelus_03-768x432.jpg 768w, https:\/\/franciscanos.org.br\/noticias\/wp-content\/uploads\/2021\/01\/angelus_03-150x84.jpg 150w\" sizes=\"(max-width: 1280px) 100vw, 1280px\" \/><p id=\"caption-attachment-230232\" class=\"wp-caption-text\">\u00a0 \u00a0 \u00a0 \u00a0 \u00a0 \u00a0 \u00a0 \u00a0 \u00a0 \u00a0 \u00a0 \u00a0 \u00a0 \u00a0 \u00a0 \u00a0 \u00a0 \u00a0 \u00a0 \u00a0 \u00a0 \u00a0 \u00a0 \u00a0 \u00a0 \u00a0 \u00a0 \u00a0 \u00a0 \u00a0 \u00a0 \u00a0 \u00a0 \u00a0 \u00a0 \u00a0 \u00a0 \u00a0 \u00a0 \u00a0 \u00a0 \u00a0 \u00a0 \u00a0 \u00a0 \u00a0 \u00a0 \u00a0 \u00a0 \u00a0 \u00a0 \u00a0 \u00a0 \u00a0 \u00a0 \u00a0 \u00a0 \u00a0 \u00a0 <em>\u00a0 \u00a0 \u00a0 \u00a0 \u00a0 \u00a0Imagem: Vatican Media<\/em><\/p><\/div>\n<p>O Papa Francisco rezou o<strong> Angelus<\/strong> neste domingo (3) novamente da biblioteca do Pal\u00e1cio Apost\u00f3lico, como medida de restri\u00e7\u00e3o por causa da pandemia. No Brasil, a Igreja celebra a Solenidade da Epifania do Senhor com o Evangelho (Mt 2,1-12) sobre os tr\u00eas Reis Magos que, do Oriente, vieram adorar o Menino Jesus em Bel\u00e9m. J\u00e1 o Pont\u00edfice, na alocu\u00e7\u00e3o que precedeu a ora\u00e7\u00e3o mariana no Vaticano, refletiu sobre o Evangelho de Jo\u00e3o (1,1-18) que n\u00e3o traz \u201cum epis\u00f3dio da vida de Jesus , mas nos fala d\u2019Ele antes nascer\u201d, revelando \u201calgo sobre Jesus antes que viesse entre n\u00f3s\u201d.<\/p>\n<p><strong>Desde o princ\u00edpio, a Palavra<\/strong><br \/>\nO Pont\u00edfice enaltece, atrav\u00e9s da liturgia do dia, que Jesus existia antes do aparecimento da vida, \u201cantes do in\u00edcio das coisas, antes do universo, antes de tudo. Ele existe antes do espa\u00e7o e do tempo\u201d. S\u00e3o Jo\u00e3o o chama de &#8220;Palavra&#8221;, recorda o Papa, que tem a for\u00e7a da \u201ccomunica\u00e7\u00e3o\u201d, que significa falar sobre algo com algu\u00e9m: \u201cO fato de Jesus ser desde o princ\u00edpio a Palavra significa que desde o in\u00edcio Deus quer se comunicar conosco, quer falar conosco.\u201d<\/p>\n<p>Uma comunica\u00e7\u00e3o que reflete \u201ca beleza de ser filho de Deus\u201d, de sermos amados. O Papa, ent\u00e3o, nos recorda que \u201cesta \u00e9 a maravilhosa mensagem de hoje: Jesus \u00e9 a Palavra, a Palavra eterna de Deus, que sempre pensou em n\u00f3s e quer se comunicar conosco\u201d.<\/p>\n<p><strong>Das palavras se fez carne<\/strong><br \/>\nPara fazer isso, afirma Francisco, \u201cEle foi al\u00e9m das palavras\u201d, como o pr\u00f3prio Evangelho nos diz que a Palavra &#8220;se fez carne e habitou entre n\u00f3s&#8221; (v. 14): \u201cSe fez carne: por que S\u00e3o Jo\u00e3o usa esta express\u00e3o, \u2018carne\u2019? N\u00e3o poderia dizer, de maneira mais elegante, que se fez homem? N\u00e3o, usa a palavra carne porque ela indica a nossa condi\u00e7\u00e3o humana em toda sua vulnerabilidade, em toda sua fragilidade. Ele nos diz que Deus se fez fragilidade para tocar de perto as nossas fragilidades. Portanto, desde que o Senhor se fez carne, nada em nossa vida \u00e9 estranho para Ele. N\u00e3o h\u00e1 nada que Ele desdenhe; tudo podemos compartilhar com Ele, tudo. Querido irm\u00e3o, querida irm\u00e3, Deus se fez carne para nos dizer, para dizer que lhe ama ali mesmo, que nos ama ali mesmo, nas nossas fragilidades, nas suas fragilidades; ali mesmo, onde a gente mais se envergonha, onde voc\u00ea mais se envergonha.\u201d<\/p>\n<p>O Papa afirma que essa \u00e9 uma decis\u00e3o \u201caudaz de Deus\u201d, de se fazer carne justamente onde n\u00f3s mais nos envergonhamos. Francisco recorda, assim, que ao se fazer carne Deus \u201cn\u00e3o voltou atr\u00e1s\u201d: \u201cN\u00e3o pegou a nossa humanidade como uma roupa, que se veste e se tira. N\u00e3o, nunca mais se desprendeu da nossa carne [\u2026]. E nunca mais vai se separar: agora e para sempre Ele est\u00e1 no c\u00e9u com o seu corpo de carne humana. Ele se uniu para sempre \u00e0 nossa humanidade; poder\u00edamos dizer que se \u2018casou\u2019 com ela. [..] O Evangelho diz, na verdade, que veio habitar entre n\u00f3s. Ele n\u00e3o veio nos fazer uma visita e depois foi embora, veio para habitar conosco, para estar conosco.\u201d<\/p>\n<p><strong>Acolher Jesus na nossa fragilidade<\/strong><br \/>\nFrancisco finaliza a ora\u00e7\u00e3o mariana do Angelus, pedindo justamente \u00e0 Santa M\u00e3e de Deus, \u201cem quem a Palavra se fez carne\u201d, que nos ajude a acolher Jesus, \u201cque bate \u00e0 porta do cora\u00e7\u00e3o para habitar conosco\u201d. O que Deus deseja de n\u00f3s realmente, acrescenta o Papa, \u00e9 uma grande intimidade: \u201cEle quer que compartilhemos com Ele alegrias e dores, desejos e medos, esperan\u00e7as e tristezas, pessoas e situa\u00e7\u00f5es. Fa\u00e7amos isso, com confian\u00e7a: abramos o cora\u00e7\u00e3o a Ele, vamos contar tudo a Ele. Fa\u00e7amos uma pausa em sil\u00eancio diante do pres\u00e9pio para saborear a ternura de Deus feito pr\u00f3ximo, feito carne. E, sem medo, convidemos Ele para a nossa casa, na nossa fam\u00edlia e tamb\u00e9m \u2013 cada um conhece bem \u2013 vamos convid\u00e1-Lo nas nossas fragilidades. Vamos convid\u00e1-Lo para que veja as nossas feridas. Ele vir\u00e1 e a vida vai mudar.\u201d<\/p>\n<hr \/>\n<p><em>Fonte: Vatican News (texto de Andressa Collet)<\/em><\/p>\n","protected":false},"excerpt":{"rendered":"<p>Angelus<\/p>\n","protected":false},"author":3,"featured_media":230233,"comment_status":"open","ping_status":"open","sticky":false,"template":"","format":"standard","meta":[],"categories":[1428],"tags":[403],"acf":[],"yoast_head":"<!-- This site is optimized with the Yoast SEO plugin v19.2 - https:\/\/yoast.com\/wordpress\/plugins\/seo\/ -->\n<title>Papa: &quot;Vamos convidar Jesus para que veja as nossas feridas. Ele vir\u00e1 e a vida vai mudar\u201d - Not\u00edcias - Franciscanos<\/title>\n<meta name=\"robots\" content=\"index, follow, max-snippet:-1, max-image-preview:large, max-video-preview:-1\" \/>\n<link rel=\"canonical\" href=\"https:\/\/franciscanos.org.br\/noticias\/papa-vamos-convidar-jesus-para-que-veja-as-nossas-feridas-ele-vira-e-a-vida-vai-mudar.html\" \/>\n<meta property=\"og:locale\" content=\"pt_BR\" \/>\n<meta property=\"og:type\" content=\"article\" \/>\n<meta property=\"og:title\" content=\"Papa: &quot;Vamos convidar Jesus para que veja as nossas feridas. Ele vir\u00e1 e a vida vai mudar\u201d - Not\u00edcias - Franciscanos\" \/>\n<meta property=\"og:description\" content=\"Angelus\" \/>\n<meta property=\"og:url\" content=\"https:\/\/franciscanos.org.br\/noticias\/papa-vamos-convidar-jesus-para-que-veja-as-nossas-feridas-ele-vira-e-a-vida-vai-mudar.html\" \/>\n<meta property=\"og:site_name\" content=\"Not\u00edcias - Franciscanos\" \/>\n<meta property=\"article:published_time\" content=\"2021-01-03T12:03:53+00:00\" \/>\n<meta property=\"article:modified_time\" content=\"2021-01-03T12:05:11+00:00\" \/>\n<meta property=\"og:image\" content=\"https:\/\/franciscanos.org.br\/noticias\/wp-content\/uploads\/2021\/01\/angelus_03d.jpg\" \/>\n\t<meta property=\"og:image:width\" content=\"800\" \/>\n\t<meta property=\"og:image:height\" content=\"600\" \/>\n\t<meta property=\"og:image:type\" content=\"image\/jpeg\" \/>\n<meta name=\"author\" content=\"moacir\" \/>\n<meta name=\"twitter:card\" content=\"summary_large_image\" \/>\n<meta name=\"twitter:label1\" content=\"Escrito por\" \/>\n\t<meta name=\"twitter:data1\" content=\"moacir\" \/>\n\t<meta name=\"twitter:label2\" content=\"Est. tempo de leitura\" \/>\n\t<meta name=\"twitter:data2\" content=\"4 minutos\" \/>\n<script type=\"application\/ld+json\" class=\"yoast-schema-graph\">{\"@context\":\"https:\/\/schema.org\",\"@graph\":[{\"@type\":\"WebSite\",\"@id\":\"https:\/\/franciscanos.org.br\/noticias\/#website\",\"url\":\"https:\/\/franciscanos.org.br\/noticias\/\",\"name\":\"Not\u00edcias - Franciscanos\",\"description\":\"Prov\u00edncia Franciscana da Imaculada Concei\u00e7\u00e3o do Brasil - Ordem dos Frades Menores - OFM\",\"potentialAction\":[{\"@type\":\"SearchAction\",\"target\":{\"@type\":\"EntryPoint\",\"urlTemplate\":\"https:\/\/franciscanos.org.br\/noticias\/?s={search_term_string}\"},\"query-input\":\"required name=search_term_string\"}],\"inLanguage\":\"pt-BR\"},{\"@type\":\"ImageObject\",\"inLanguage\":\"pt-BR\",\"@id\":\"https:\/\/franciscanos.org.br\/noticias\/papa-vamos-convidar-jesus-para-que-veja-as-nossas-feridas-ele-vira-e-a-vida-vai-mudar.html#primaryimage\",\"url\":\"https:\/\/franciscanos.org.br\/noticias\/wp-content\/uploads\/2021\/01\/angelus_03d.jpg\",\"contentUrl\":\"https:\/\/franciscanos.org.br\/noticias\/wp-content\/uploads\/2021\/01\/angelus_03d.jpg\",\"width\":800,\"height\":600},{\"@type\":\"WebPage\",\"@id\":\"https:\/\/franciscanos.org.br\/noticias\/papa-vamos-convidar-jesus-para-que-veja-as-nossas-feridas-ele-vira-e-a-vida-vai-mudar.html#webpage\",\"url\":\"https:\/\/franciscanos.org.br\/noticias\/papa-vamos-convidar-jesus-para-que-veja-as-nossas-feridas-ele-vira-e-a-vida-vai-mudar.html\",\"name\":\"Papa: \\\"Vamos convidar Jesus para que veja as nossas feridas. Ele vir\u00e1 e a vida vai mudar\u201d - Not\u00edcias - Franciscanos\",\"isPartOf\":{\"@id\":\"https:\/\/franciscanos.org.br\/noticias\/#website\"},\"primaryImageOfPage\":{\"@id\":\"https:\/\/franciscanos.org.br\/noticias\/papa-vamos-convidar-jesus-para-que-veja-as-nossas-feridas-ele-vira-e-a-vida-vai-mudar.html#primaryimage\"},\"datePublished\":\"2021-01-03T12:03:53+00:00\",\"dateModified\":\"2021-01-03T12:05:11+00:00\",\"author\":{\"@id\":\"https:\/\/franciscanos.org.br\/noticias\/#\/schema\/person\/b5c8cba458c330ccff548b056e95a5d4\"},\"breadcrumb\":{\"@id\":\"https:\/\/franciscanos.org.br\/noticias\/papa-vamos-convidar-jesus-para-que-veja-as-nossas-feridas-ele-vira-e-a-vida-vai-mudar.html#breadcrumb\"},\"inLanguage\":\"pt-BR\",\"potentialAction\":[{\"@type\":\"ReadAction\",\"target\":[\"https:\/\/franciscanos.org.br\/noticias\/papa-vamos-convidar-jesus-para-que-veja-as-nossas-feridas-ele-vira-e-a-vida-vai-mudar.html\"]}]},{\"@type\":\"BreadcrumbList\",\"@id\":\"https:\/\/franciscanos.org.br\/noticias\/papa-vamos-convidar-jesus-para-que-veja-as-nossas-feridas-ele-vira-e-a-vida-vai-mudar.html#breadcrumb\",\"itemListElement\":[{\"@type\":\"ListItem\",\"position\":1,\"name\":\"Home\",\"item\":\"https:\/\/franciscanos.org.br\/noticias\"},{\"@type\":\"ListItem\",\"position\":2,\"name\":\"Papa: &#8220;Vamos convidar Jesus para que veja as nossas feridas. Ele vir\u00e1 e a vida vai mudar\u201d\"}]},{\"@type\":\"Person\",\"@id\":\"https:\/\/franciscanos.org.br\/noticias\/#\/schema\/person\/b5c8cba458c330ccff548b056e95a5d4\",\"name\":\"moacir\",\"image\":{\"@type\":\"ImageObject\",\"inLanguage\":\"pt-BR\",\"@id\":\"https:\/\/franciscanos.org.br\/noticias\/#\/schema\/person\/image\/\",\"url\":\"https:\/\/secure.gravatar.com\/avatar\/d08aa2ce4c8dd416d4479aa8536fcf64?s=96&d=mm&r=g\",\"contentUrl\":\"https:\/\/secure.gravatar.com\/avatar\/d08aa2ce4c8dd416d4479aa8536fcf64?s=96&d=mm&r=g\",\"caption\":\"moacir\"},\"url\":\"https:\/\/franciscanos.org.br\/noticias\/author\/moacir\"}]}<\/script>\n<!-- \/ Yoast SEO plugin. -->","yoast_head_json":{"title":"Papa: \"Vamos convidar Jesus para que veja as nossas feridas. Ele vir\u00e1 e a vida vai mudar\u201d - Not\u00edcias - Franciscanos","robots":{"index":"index","follow":"follow","max-snippet":"max-snippet:-1","max-image-preview":"max-image-preview:large","max-video-preview":"max-video-preview:-1"},"canonical":"https:\/\/franciscanos.org.br\/noticias\/papa-vamos-convidar-jesus-para-que-veja-as-nossas-feridas-ele-vira-e-a-vida-vai-mudar.html","og_locale":"pt_BR","og_type":"article","og_title":"Papa: \"Vamos convidar Jesus para que veja as nossas feridas. Ele vir\u00e1 e a vida vai mudar\u201d - Not\u00edcias - Franciscanos","og_description":"Angelus","og_url":"https:\/\/franciscanos.org.br\/noticias\/papa-vamos-convidar-jesus-para-que-veja-as-nossas-feridas-ele-vira-e-a-vida-vai-mudar.html","og_site_name":"Not\u00edcias - Franciscanos","article_published_time":"2021-01-03T12:03:53+00:00","article_modified_time":"2021-01-03T12:05:11+00:00","og_image":[{"width":800,"height":600,"url":"https:\/\/franciscanos.org.br\/noticias\/wp-content\/uploads\/2021\/01\/angelus_03d.jpg","type":"image\/jpeg"}],"author":"moacir","twitter_card":"summary_large_image","twitter_misc":{"Escrito por":"moacir","Est. tempo de leitura":"4 minutos"},"schema":{"@context":"https:\/\/schema.org","@graph":[{"@type":"WebSite","@id":"https:\/\/franciscanos.org.br\/noticias\/#website","url":"https:\/\/franciscanos.org.br\/noticias\/","name":"Not\u00edcias - Franciscanos","description":"Prov\u00edncia Franciscana da Imaculada Concei\u00e7\u00e3o do Brasil - Ordem dos Frades Menores - OFM","potentialAction":[{"@type":"SearchAction","target":{"@type":"EntryPoint","urlTemplate":"https:\/\/franciscanos.org.br\/noticias\/?s={search_term_string}"},"query-input":"required name=search_term_string"}],"inLanguage":"pt-BR"},{"@type":"ImageObject","inLanguage":"pt-BR","@id":"https:\/\/franciscanos.org.br\/noticias\/papa-vamos-convidar-jesus-para-que-veja-as-nossas-feridas-ele-vira-e-a-vida-vai-mudar.html#primaryimage","url":"https:\/\/franciscanos.org.br\/noticias\/wp-content\/uploads\/2021\/01\/angelus_03d.jpg","contentUrl":"https:\/\/franciscanos.org.br\/noticias\/wp-content\/uploads\/2021\/01\/angelus_03d.jpg","width":800,"height":600},{"@type":"WebPage","@id":"https:\/\/franciscanos.org.br\/noticias\/papa-vamos-convidar-jesus-para-que-veja-as-nossas-feridas-ele-vira-e-a-vida-vai-mudar.html#webpage","url":"https:\/\/franciscanos.org.br\/noticias\/papa-vamos-convidar-jesus-para-que-veja-as-nossas-feridas-ele-vira-e-a-vida-vai-mudar.html","name":"Papa: \"Vamos convidar Jesus para que veja as nossas feridas. Ele vir\u00e1 e a vida vai mudar\u201d - Not\u00edcias - Franciscanos","isPartOf":{"@id":"https:\/\/franciscanos.org.br\/noticias\/#website"},"primaryImageOfPage":{"@id":"https:\/\/franciscanos.org.br\/noticias\/papa-vamos-convidar-jesus-para-que-veja-as-nossas-feridas-ele-vira-e-a-vida-vai-mudar.html#primaryimage"},"datePublished":"2021-01-03T12:03:53+00:00","dateModified":"2021-01-03T12:05:11+00:00","author":{"@id":"https:\/\/franciscanos.org.br\/noticias\/#\/schema\/person\/b5c8cba458c330ccff548b056e95a5d4"},"breadcrumb":{"@id":"https:\/\/franciscanos.org.br\/noticias\/papa-vamos-convidar-jesus-para-que-veja-as-nossas-feridas-ele-vira-e-a-vida-vai-mudar.html#breadcrumb"},"inLanguage":"pt-BR","potentialAction":[{"@type":"ReadAction","target":["https:\/\/franciscanos.org.br\/noticias\/papa-vamos-convidar-jesus-para-que-veja-as-nossas-feridas-ele-vira-e-a-vida-vai-mudar.html"]}]},{"@type":"BreadcrumbList","@id":"https:\/\/franciscanos.org.br\/noticias\/papa-vamos-convidar-jesus-para-que-veja-as-nossas-feridas-ele-vira-e-a-vida-vai-mudar.html#breadcrumb","itemListElement":[{"@type":"ListItem","position":1,"name":"Home","item":"https:\/\/franciscanos.org.br\/noticias"},{"@type":"ListItem","position":2,"name":"Papa: &#8220;Vamos convidar Jesus para que veja as nossas feridas. Ele vir\u00e1 e a vida vai mudar\u201d"}]},{"@type":"Person","@id":"https:\/\/franciscanos.org.br\/noticias\/#\/schema\/person\/b5c8cba458c330ccff548b056e95a5d4","name":"moacir","image":{"@type":"ImageObject","inLanguage":"pt-BR","@id":"https:\/\/franciscanos.org.br\/noticias\/#\/schema\/person\/image\/","url":"https:\/\/secure.gravatar.com\/avatar\/d08aa2ce4c8dd416d4479aa8536fcf64?s=96&d=mm&r=g","contentUrl":"https:\/\/secure.gravatar.com\/avatar\/d08aa2ce4c8dd416d4479aa8536fcf64?s=96&d=mm&r=g","caption":"moacir"},"url":"https:\/\/franciscanos.org.br\/noticias\/author\/moacir"}]}},"_links":{"self":[{"href":"https:\/\/franciscanos.org.br\/noticias\/wp-json\/wp\/v2\/posts\/230231"}],"collection":[{"href":"https:\/\/franciscanos.org.br\/noticias\/wp-json\/wp\/v2\/posts"}],"about":[{"href":"https:\/\/franciscanos.org.br\/noticias\/wp-json\/wp\/v2\/types\/post"}],"author":[{"embeddable":true,"href":"https:\/\/franciscanos.org.br\/noticias\/wp-json\/wp\/v2\/users\/3"}],"replies":[{"embeddable":true,"href":"https:\/\/franciscanos.org.br\/noticias\/wp-json\/wp\/v2\/comments?post=230231"}],"version-history":[{"count":3,"href":"https:\/\/franciscanos.org.br\/noticias\/wp-json\/wp\/v2\/posts\/230231\/revisions"}],"predecessor-version":[{"id":230236,"href":"https:\/\/franciscanos.org.br\/noticias\/wp-json\/wp\/v2\/posts\/230231\/revisions\/230236"}],"wp:featuredmedia":[{"embeddable":true,"href":"https:\/\/franciscanos.org.br\/noticias\/wp-json\/wp\/v2\/media\/230233"}],"wp:attachment":[{"href":"https:\/\/franciscanos.org.br\/noticias\/wp-json\/wp\/v2\/media?parent=230231"}],"wp:term":[{"taxonomy":"category","embeddable":true,"href":"https:\/\/franciscanos.org.br\/noticias\/wp-json\/wp\/v2\/categories?post=230231"},{"taxonomy":"post_tag","embeddable":true,"href":"https:\/\/franciscanos.org.br\/noticias\/wp-json\/wp\/v2\/tags?post=230231"}],"curies":[{"name":"wp","href":"https:\/\/api.w.org\/{rel}","templated":true}]}}