{"id":230220,"date":"2021-01-01T11:12:35","date_gmt":"2021-01-01T14:12:35","guid":{"rendered":"https:\/\/franciscanos.org.br\/noticias\/?p=230220"},"modified":"2021-01-01T11:13:53","modified_gmt":"2021-01-01T14:13:53","slug":"papa-que-2021-seja-um-ano-de-solidariedade-fraterna-e-de-paz-para-todos","status":"publish","type":"post","link":"https:\/\/franciscanos.org.br\/noticias\/papa-que-2021-seja-um-ano-de-solidariedade-fraterna-e-de-paz-para-todos.html","title":{"rendered":"Papa: que 2021 seja um ano de solidariedade fraterna e de paz para todos!"},"content":{"rendered":"<div id=\"attachment_230221\" style=\"width: 1290px\" class=\"wp-caption alignnone\"><img aria-describedby=\"caption-attachment-230221\" loading=\"lazy\" class=\"wp-image-230221 size-full\" src=\"https:\/\/franciscanos.org.br\/noticias\/wp-content\/uploads\/2021\/01\/angelus_01.jpg\" alt=\"\" width=\"1280\" height=\"720\" srcset=\"https:\/\/franciscanos.org.br\/noticias\/wp-content\/uploads\/2021\/01\/angelus_01.jpg 1280w, https:\/\/franciscanos.org.br\/noticias\/wp-content\/uploads\/2021\/01\/angelus_01-450x253.jpg 450w, https:\/\/franciscanos.org.br\/noticias\/wp-content\/uploads\/2021\/01\/angelus_01-1024x576.jpg 1024w, https:\/\/franciscanos.org.br\/noticias\/wp-content\/uploads\/2021\/01\/angelus_01-768x432.jpg 768w, https:\/\/franciscanos.org.br\/noticias\/wp-content\/uploads\/2021\/01\/angelus_01-150x84.jpg 150w\" sizes=\"(max-width: 1280px) 100vw, 1280px\" \/><p id=\"caption-attachment-230221\" class=\"wp-caption-text\"><em>\u00a0 \u00a0 \u00a0 \u00a0 \u00a0 \u00a0 \u00a0 \u00a0 \u00a0 \u00a0 \u00a0 \u00a0 \u00a0 \u00a0 \u00a0 \u00a0 \u00a0 \u00a0 \u00a0 \u00a0 \u00a0 \u00a0 \u00a0 \u00a0 \u00a0 \u00a0 \u00a0 \u00a0 \u00a0 \u00a0 \u00a0 \u00a0 \u00a0 \u00a0 \u00a0 \u00a0 \u00a0 \u00a0 \u00a0 \u00a0 \u00a0 \u00a0 \u00a0 \u00a0 \u00a0 \u00a0 \u00a0 \u00a0 \u00a0 \u00a0 \u00a0 \u00a0 \u00a0 \u00a0 \u00a0 \u00a0 \u00a0 \u00a0 \u00a0 \u00a0 \u00a0 \u00a0Imagem: Vatican Media<\/em><\/p><\/div>\n<p>O Papa Francisco conduziu a ora\u00e7\u00e3o mariana do Angelus, nesta sexta-feira (1\u00ba\/01), Solenidade de Santa Maria, M\u00e3e de Deus, e Dia Mundial da Paz, da Biblioteca do Pal\u00e1cio Apost\u00f3lico.<\/p>\n<p>Come\u00e7amos o Ano Novo colocando-nos sob o olhar materno e amoroso de Maria Sant\u00edssima, que a liturgia hoje celebra como a M\u00e3e de Deus. Desta forma retomamos nosso caminho pelas veredas do tempo, confiando nossas ang\u00fastias e nossos tormentos \u00c0quela que pode fazer todas as coisas. Maria nos olha com ternura materna, assim como olhava para seu Filho Jesus. Se olharmos para o Pres\u00e9pio, vemos que Jesus n\u00e3o est\u00e1 no ber\u00e7o. Me disseram que Nossa Senhora disse: &#8220;Mas, me deixem segurar um pouco no colo este meu filho?&#8221; Assim faz Nossa Senhora conosco: quer nos segurar em seus bra\u00e7os para nos proteger como ela protegeu e amou o seu Filho.<\/p>\n<p>Segundo o Pont\u00edfice, \u201co olhar assegurador e consolador da Virgem Santa \u00e9 um encorajamento para fazer de modo que este tempo, que nos \u00e9 dado pelo Senhor, seja gasto para o nosso crescimento humano e espiritual, que seja um tempo para remover os \u00f3dios e as divis\u00f5es, e existem muitas, que seja um tempo para sentir que somos todos mais irm\u00e3os e irm\u00e3s, que seja um tempo para construir e n\u00e3o para destruir, cuidando uns dos outros e da cria\u00e7\u00e3o. Um tempo para fazer crescer, um tempo de paz\u201d. A seguir, acrescentou:<\/p>\n<p>\u00c9 propriamente ao cuidado do pr\u00f3ximo e da cria\u00e7\u00e3o que \u00e9 dedicado o tema do Dia Mundial da Paz, que hoje celebramos: A cultura do cuidado como percurso de paz. Os dolorosos acontecimentos que marcaram o caminho da humanidade no ano transcorrido, especialmente a pandemia, nos ensinam como \u00e9 necess\u00e1rio interessar-se pelos problemas dos outros e compartilhar suas preocupa\u00e7\u00f5es. Esta atitude representa o caminho que leva \u00e0 paz, pois favorece a constru\u00e7\u00e3o de uma sociedade fundada em rela\u00e7\u00f5es fraternais. Cada um de n\u00f3s, homens e mulheres de nosso tempo, \u00e9 chamado a realizar a paz: cada um de n\u00f3s. N\u00e3o sejamos indiferentes a isso. Somos todos chamados a realizar a paz e a realiz\u00e1-la todos os dias e em todos os ambientes da vida, estendendo a m\u00e3o ao irm\u00e3o que precisa de uma palavra de conforto, de um gesto de ternura, de uma ajuda solid\u00e1ria. Para n\u00f3s, esta \u00e9 uma tarefa dada por Deus. O Senhor nos d\u00e1 a tarefa de sermos operadores de paz.<\/p>\n<p>O Papa ressaltou que \u201ca paz pode ser constru\u00edda se come\u00e7armos a estar em paz conosco mesmos, em paz por dentro, no cora\u00e7\u00e3o, e conosco, e com aqueles ao nosso redor, removendo os obst\u00e1culos que nos impedem de cuidar dos que se encontram necessitados e na indig\u00eancia\u201d.<\/p>\n<p>Trata-se de desenvolver uma mentalidade e uma cultura do &#8220;cuidar&#8221;, a fim de derrotar a indiferen\u00e7a, vencer o descarte e a rivalidade, indiferen\u00e7a, descarte e rivalidade que infelizmente prevalecem. Eliminar esses comportamentos. A paz n\u00e3o \u00e9 apenas a aus\u00eancia de guerra, paz nunca \u00e9 ass\u00e9ptica: n\u00e3o, a paz do quir\u00f3fano n\u00e3o existe. A paz est\u00e1 na vida: n\u00e3o \u00e9 apenas a aus\u00eancia de guerra, mas uma vida rica em sentido, impostada e vivida na realiza\u00e7\u00e3o pessoal e na partilha fraterna com os outros. Ent\u00e3o essa paz t\u00e3o almejada e sempre amea\u00e7ada pela viol\u00eancia, pelo ego\u00edsmo e pela maldade, aquela paz colocada em perigo, torna-se poss\u00edvel e realiz\u00e1vel se eu a pegar como uma tarefa que me foi doada por Deus.<\/p>\n<p>\u201cQue a Virgem Maria, que deu \u00e0 luz o &#8220;Pr\u00edncipe da Paz&#8221;, e que o mima com ternura em seus bra\u00e7os, obtenha para n\u00f3s do c\u00e9u o precioso bem da paz, que n\u00e3o podemos perseguir plenamente apenas com a for\u00e7a humana\u201d, disse ainda Francisco. Segundo o Papa, \u201csomente as for\u00e7as humanas n\u00e3o s\u00e3o suficientes, porque a paz \u00e9 sobretudo um dom, um dom de Deus; deve ser implorada com ora\u00e7\u00e3o incessante, sustentada por um di\u00e1logo paciente e respeitoso, constru\u00edda atrav\u00e9s de uma coopera\u00e7\u00e3o aberta \u00e0 verdade e \u00e0 justi\u00e7a e sempre atenta \u00e0s leg\u00edtimas aspira\u00e7\u00f5es dos indiv\u00edduos e dos povos. Meu ausp\u00edcio \u00e9 que a paz reine no cora\u00e7\u00e3o dos homens e nas fam\u00edlias; nos lugares de trabalho e de lazer; nas comunidades e nas na\u00e7\u00f5es. Nas fam\u00edlias, no trabalho, nas na\u00e7\u00f5es: paz. E agora que pensamos que a vida hoje \u00e9 resolvida com guerras, inimizades e muitas coisas que destroem&#8230; queremos a paz. E isso \u00e9 um dom\u201d.<\/p>\n<p>No limiar deste in\u00edcio, a todos estendo meus cordiais votos de um feliz e sereno 2021. Cada um de n\u00f3s procure fazer com que seja um ano de solidariedade fraterna e de paz para todos; um ano repleto de confian\u00e7a e de esperan\u00e7as, que confiamos \u00e0 prote\u00e7\u00e3o celestial de Maria, M\u00e3e de Deus e nossa M\u00e3e.<\/p>\n<hr \/>\n<p><em>Fonte: Vatican News (texto de Mariangela Jaguraba\/Raimundo Lima)<\/em><\/p>\n","protected":false},"excerpt":{"rendered":"<p>Angelus<\/p>\n","protected":false},"author":3,"featured_media":230222,"comment_status":"open","ping_status":"open","sticky":false,"template":"","format":"standard","meta":[],"categories":[1428],"tags":[403],"acf":[],"yoast_head":"<!-- This site is optimized with the Yoast SEO plugin v19.2 - https:\/\/yoast.com\/wordpress\/plugins\/seo\/ -->\n<title>Papa: que 2021 seja um ano de solidariedade fraterna e de paz para todos! - Not\u00edcias - Franciscanos<\/title>\n<meta name=\"robots\" content=\"index, follow, max-snippet:-1, max-image-preview:large, max-video-preview:-1\" \/>\n<link rel=\"canonical\" href=\"https:\/\/franciscanos.org.br\/noticias\/papa-que-2021-seja-um-ano-de-solidariedade-fraterna-e-de-paz-para-todos.html\" \/>\n<meta property=\"og:locale\" content=\"pt_BR\" \/>\n<meta property=\"og:type\" content=\"article\" \/>\n<meta property=\"og:title\" content=\"Papa: que 2021 seja um ano de solidariedade fraterna e de paz para todos! - Not\u00edcias - Franciscanos\" \/>\n<meta property=\"og:description\" content=\"Angelus\" \/>\n<meta property=\"og:url\" content=\"https:\/\/franciscanos.org.br\/noticias\/papa-que-2021-seja-um-ano-de-solidariedade-fraterna-e-de-paz-para-todos.html\" \/>\n<meta property=\"og:site_name\" content=\"Not\u00edcias - Franciscanos\" \/>\n<meta property=\"article:published_time\" content=\"2021-01-01T14:12:35+00:00\" \/>\n<meta property=\"article:modified_time\" content=\"2021-01-01T14:13:53+00:00\" \/>\n<meta property=\"og:image\" content=\"https:\/\/franciscanos.org.br\/noticias\/wp-content\/uploads\/2021\/01\/angelus_01d.jpg\" \/>\n\t<meta property=\"og:image:width\" content=\"800\" \/>\n\t<meta property=\"og:image:height\" content=\"600\" \/>\n\t<meta property=\"og:image:type\" content=\"image\/jpeg\" \/>\n<meta name=\"author\" content=\"moacir\" \/>\n<meta name=\"twitter:card\" content=\"summary_large_image\" \/>\n<meta name=\"twitter:label1\" content=\"Escrito por\" \/>\n\t<meta name=\"twitter:data1\" content=\"moacir\" \/>\n\t<meta name=\"twitter:label2\" content=\"Est. tempo de leitura\" \/>\n\t<meta name=\"twitter:data2\" content=\"4 minutos\" \/>\n<script type=\"application\/ld+json\" class=\"yoast-schema-graph\">{\"@context\":\"https:\/\/schema.org\",\"@graph\":[{\"@type\":\"WebSite\",\"@id\":\"https:\/\/franciscanos.org.br\/noticias\/#website\",\"url\":\"https:\/\/franciscanos.org.br\/noticias\/\",\"name\":\"Not\u00edcias - Franciscanos\",\"description\":\"Prov\u00edncia Franciscana da Imaculada Concei\u00e7\u00e3o do Brasil - Ordem dos Frades Menores - OFM\",\"potentialAction\":[{\"@type\":\"SearchAction\",\"target\":{\"@type\":\"EntryPoint\",\"urlTemplate\":\"https:\/\/franciscanos.org.br\/noticias\/?s={search_term_string}\"},\"query-input\":\"required name=search_term_string\"}],\"inLanguage\":\"pt-BR\"},{\"@type\":\"ImageObject\",\"inLanguage\":\"pt-BR\",\"@id\":\"https:\/\/franciscanos.org.br\/noticias\/papa-que-2021-seja-um-ano-de-solidariedade-fraterna-e-de-paz-para-todos.html#primaryimage\",\"url\":\"https:\/\/franciscanos.org.br\/noticias\/wp-content\/uploads\/2021\/01\/angelus_01d.jpg\",\"contentUrl\":\"https:\/\/franciscanos.org.br\/noticias\/wp-content\/uploads\/2021\/01\/angelus_01d.jpg\",\"width\":800,\"height\":600},{\"@type\":\"WebPage\",\"@id\":\"https:\/\/franciscanos.org.br\/noticias\/papa-que-2021-seja-um-ano-de-solidariedade-fraterna-e-de-paz-para-todos.html#webpage\",\"url\":\"https:\/\/franciscanos.org.br\/noticias\/papa-que-2021-seja-um-ano-de-solidariedade-fraterna-e-de-paz-para-todos.html\",\"name\":\"Papa: que 2021 seja um ano de solidariedade fraterna e de paz para todos! - Not\u00edcias - Franciscanos\",\"isPartOf\":{\"@id\":\"https:\/\/franciscanos.org.br\/noticias\/#website\"},\"primaryImageOfPage\":{\"@id\":\"https:\/\/franciscanos.org.br\/noticias\/papa-que-2021-seja-um-ano-de-solidariedade-fraterna-e-de-paz-para-todos.html#primaryimage\"},\"datePublished\":\"2021-01-01T14:12:35+00:00\",\"dateModified\":\"2021-01-01T14:13:53+00:00\",\"author\":{\"@id\":\"https:\/\/franciscanos.org.br\/noticias\/#\/schema\/person\/b5c8cba458c330ccff548b056e95a5d4\"},\"breadcrumb\":{\"@id\":\"https:\/\/franciscanos.org.br\/noticias\/papa-que-2021-seja-um-ano-de-solidariedade-fraterna-e-de-paz-para-todos.html#breadcrumb\"},\"inLanguage\":\"pt-BR\",\"potentialAction\":[{\"@type\":\"ReadAction\",\"target\":[\"https:\/\/franciscanos.org.br\/noticias\/papa-que-2021-seja-um-ano-de-solidariedade-fraterna-e-de-paz-para-todos.html\"]}]},{\"@type\":\"BreadcrumbList\",\"@id\":\"https:\/\/franciscanos.org.br\/noticias\/papa-que-2021-seja-um-ano-de-solidariedade-fraterna-e-de-paz-para-todos.html#breadcrumb\",\"itemListElement\":[{\"@type\":\"ListItem\",\"position\":1,\"name\":\"Home\",\"item\":\"https:\/\/franciscanos.org.br\/noticias\"},{\"@type\":\"ListItem\",\"position\":2,\"name\":\"Papa: que 2021 seja um ano de solidariedade fraterna e de paz para todos!\"}]},{\"@type\":\"Person\",\"@id\":\"https:\/\/franciscanos.org.br\/noticias\/#\/schema\/person\/b5c8cba458c330ccff548b056e95a5d4\",\"name\":\"moacir\",\"image\":{\"@type\":\"ImageObject\",\"inLanguage\":\"pt-BR\",\"@id\":\"https:\/\/franciscanos.org.br\/noticias\/#\/schema\/person\/image\/\",\"url\":\"https:\/\/secure.gravatar.com\/avatar\/d08aa2ce4c8dd416d4479aa8536fcf64?s=96&d=mm&r=g\",\"contentUrl\":\"https:\/\/secure.gravatar.com\/avatar\/d08aa2ce4c8dd416d4479aa8536fcf64?s=96&d=mm&r=g\",\"caption\":\"moacir\"},\"url\":\"https:\/\/franciscanos.org.br\/noticias\/author\/moacir\"}]}<\/script>\n<!-- \/ Yoast SEO plugin. -->","yoast_head_json":{"title":"Papa: que 2021 seja um ano de solidariedade fraterna e de paz para todos! - Not\u00edcias - Franciscanos","robots":{"index":"index","follow":"follow","max-snippet":"max-snippet:-1","max-image-preview":"max-image-preview:large","max-video-preview":"max-video-preview:-1"},"canonical":"https:\/\/franciscanos.org.br\/noticias\/papa-que-2021-seja-um-ano-de-solidariedade-fraterna-e-de-paz-para-todos.html","og_locale":"pt_BR","og_type":"article","og_title":"Papa: que 2021 seja um ano de solidariedade fraterna e de paz para todos! - Not\u00edcias - Franciscanos","og_description":"Angelus","og_url":"https:\/\/franciscanos.org.br\/noticias\/papa-que-2021-seja-um-ano-de-solidariedade-fraterna-e-de-paz-para-todos.html","og_site_name":"Not\u00edcias - Franciscanos","article_published_time":"2021-01-01T14:12:35+00:00","article_modified_time":"2021-01-01T14:13:53+00:00","og_image":[{"width":800,"height":600,"url":"https:\/\/franciscanos.org.br\/noticias\/wp-content\/uploads\/2021\/01\/angelus_01d.jpg","type":"image\/jpeg"}],"author":"moacir","twitter_card":"summary_large_image","twitter_misc":{"Escrito por":"moacir","Est. tempo de leitura":"4 minutos"},"schema":{"@context":"https:\/\/schema.org","@graph":[{"@type":"WebSite","@id":"https:\/\/franciscanos.org.br\/noticias\/#website","url":"https:\/\/franciscanos.org.br\/noticias\/","name":"Not\u00edcias - Franciscanos","description":"Prov\u00edncia Franciscana da Imaculada Concei\u00e7\u00e3o do Brasil - Ordem dos Frades Menores - OFM","potentialAction":[{"@type":"SearchAction","target":{"@type":"EntryPoint","urlTemplate":"https:\/\/franciscanos.org.br\/noticias\/?s={search_term_string}"},"query-input":"required name=search_term_string"}],"inLanguage":"pt-BR"},{"@type":"ImageObject","inLanguage":"pt-BR","@id":"https:\/\/franciscanos.org.br\/noticias\/papa-que-2021-seja-um-ano-de-solidariedade-fraterna-e-de-paz-para-todos.html#primaryimage","url":"https:\/\/franciscanos.org.br\/noticias\/wp-content\/uploads\/2021\/01\/angelus_01d.jpg","contentUrl":"https:\/\/franciscanos.org.br\/noticias\/wp-content\/uploads\/2021\/01\/angelus_01d.jpg","width":800,"height":600},{"@type":"WebPage","@id":"https:\/\/franciscanos.org.br\/noticias\/papa-que-2021-seja-um-ano-de-solidariedade-fraterna-e-de-paz-para-todos.html#webpage","url":"https:\/\/franciscanos.org.br\/noticias\/papa-que-2021-seja-um-ano-de-solidariedade-fraterna-e-de-paz-para-todos.html","name":"Papa: que 2021 seja um ano de solidariedade fraterna e de paz para todos! - Not\u00edcias - Franciscanos","isPartOf":{"@id":"https:\/\/franciscanos.org.br\/noticias\/#website"},"primaryImageOfPage":{"@id":"https:\/\/franciscanos.org.br\/noticias\/papa-que-2021-seja-um-ano-de-solidariedade-fraterna-e-de-paz-para-todos.html#primaryimage"},"datePublished":"2021-01-01T14:12:35+00:00","dateModified":"2021-01-01T14:13:53+00:00","author":{"@id":"https:\/\/franciscanos.org.br\/noticias\/#\/schema\/person\/b5c8cba458c330ccff548b056e95a5d4"},"breadcrumb":{"@id":"https:\/\/franciscanos.org.br\/noticias\/papa-que-2021-seja-um-ano-de-solidariedade-fraterna-e-de-paz-para-todos.html#breadcrumb"},"inLanguage":"pt-BR","potentialAction":[{"@type":"ReadAction","target":["https:\/\/franciscanos.org.br\/noticias\/papa-que-2021-seja-um-ano-de-solidariedade-fraterna-e-de-paz-para-todos.html"]}]},{"@type":"BreadcrumbList","@id":"https:\/\/franciscanos.org.br\/noticias\/papa-que-2021-seja-um-ano-de-solidariedade-fraterna-e-de-paz-para-todos.html#breadcrumb","itemListElement":[{"@type":"ListItem","position":1,"name":"Home","item":"https:\/\/franciscanos.org.br\/noticias"},{"@type":"ListItem","position":2,"name":"Papa: que 2021 seja um ano de solidariedade fraterna e de paz para todos!"}]},{"@type":"Person","@id":"https:\/\/franciscanos.org.br\/noticias\/#\/schema\/person\/b5c8cba458c330ccff548b056e95a5d4","name":"moacir","image":{"@type":"ImageObject","inLanguage":"pt-BR","@id":"https:\/\/franciscanos.org.br\/noticias\/#\/schema\/person\/image\/","url":"https:\/\/secure.gravatar.com\/avatar\/d08aa2ce4c8dd416d4479aa8536fcf64?s=96&d=mm&r=g","contentUrl":"https:\/\/secure.gravatar.com\/avatar\/d08aa2ce4c8dd416d4479aa8536fcf64?s=96&d=mm&r=g","caption":"moacir"},"url":"https:\/\/franciscanos.org.br\/noticias\/author\/moacir"}]}},"_links":{"self":[{"href":"https:\/\/franciscanos.org.br\/noticias\/wp-json\/wp\/v2\/posts\/230220"}],"collection":[{"href":"https:\/\/franciscanos.org.br\/noticias\/wp-json\/wp\/v2\/posts"}],"about":[{"href":"https:\/\/franciscanos.org.br\/noticias\/wp-json\/wp\/v2\/types\/post"}],"author":[{"embeddable":true,"href":"https:\/\/franciscanos.org.br\/noticias\/wp-json\/wp\/v2\/users\/3"}],"replies":[{"embeddable":true,"href":"https:\/\/franciscanos.org.br\/noticias\/wp-json\/wp\/v2\/comments?post=230220"}],"version-history":[{"count":3,"href":"https:\/\/franciscanos.org.br\/noticias\/wp-json\/wp\/v2\/posts\/230220\/revisions"}],"predecessor-version":[{"id":230225,"href":"https:\/\/franciscanos.org.br\/noticias\/wp-json\/wp\/v2\/posts\/230220\/revisions\/230225"}],"wp:featuredmedia":[{"embeddable":true,"href":"https:\/\/franciscanos.org.br\/noticias\/wp-json\/wp\/v2\/media\/230222"}],"wp:attachment":[{"href":"https:\/\/franciscanos.org.br\/noticias\/wp-json\/wp\/v2\/media?parent=230220"}],"wp:term":[{"taxonomy":"category","embeddable":true,"href":"https:\/\/franciscanos.org.br\/noticias\/wp-json\/wp\/v2\/categories?post=230220"},{"taxonomy":"post_tag","embeddable":true,"href":"https:\/\/franciscanos.org.br\/noticias\/wp-json\/wp\/v2\/tags?post=230220"}],"curies":[{"name":"wp","href":"https:\/\/api.w.org\/{rel}","templated":true}]}}