{"id":230208,"date":"2020-12-31T15:08:02","date_gmt":"2020-12-31T18:08:02","guid":{"rendered":"https:\/\/franciscanos.org.br\/noticias\/?p=230208"},"modified":"2020-12-31T15:08:02","modified_gmt":"2020-12-31T18:08:02","slug":"te-deum-a-forca-de-deus-e-mais-poderosa-que-os-nossos-egoismos","status":"publish","type":"post","link":"https:\/\/franciscanos.org.br\/noticias\/te-deum-a-forca-de-deus-e-mais-poderosa-que-os-nossos-egoismos.html","title":{"rendered":"Te Deum: \u201cA for\u00e7a de Deus \u00e9 mais poderosa que os nossos ego\u00edsmos&#8221;"},"content":{"rendered":"<div id=\"attachment_230209\" style=\"width: 1290px\" class=\"wp-caption alignnone\"><img aria-describedby=\"caption-attachment-230209\" loading=\"lazy\" class=\"wp-image-230209 size-full\" src=\"https:\/\/franciscanos.org.br\/noticias\/wp-content\/uploads\/2020\/12\/tedeum_01.jpg\" alt=\"\" width=\"1280\" height=\"720\" srcset=\"https:\/\/franciscanos.org.br\/noticias\/wp-content\/uploads\/2020\/12\/tedeum_01.jpg 1280w, https:\/\/franciscanos.org.br\/noticias\/wp-content\/uploads\/2020\/12\/tedeum_01-450x253.jpg 450w, https:\/\/franciscanos.org.br\/noticias\/wp-content\/uploads\/2020\/12\/tedeum_01-1024x576.jpg 1024w, https:\/\/franciscanos.org.br\/noticias\/wp-content\/uploads\/2020\/12\/tedeum_01-768x432.jpg 768w, https:\/\/franciscanos.org.br\/noticias\/wp-content\/uploads\/2020\/12\/tedeum_01-150x84.jpg 150w\" sizes=\"(max-width: 1280px) 100vw, 1280px\" \/><p id=\"caption-attachment-230209\" class=\"wp-caption-text\">\u00a0 \u00a0 \u00a0 \u00a0 \u00a0 \u00a0 \u00a0 \u00a0 \u00a0 \u00a0 \u00a0 \u00a0 \u00a0 \u00a0 \u00a0 \u00a0 \u00a0 \u00a0 \u00a0 \u00a0 \u00a0 \u00a0 \u00a0 \u00a0 \u00a0 \u00a0 \u00a0 \u00a0 \u00a0 \u00a0 \u00a0 \u00a0 \u00a0 \u00a0 \u00a0 \u00a0 \u00a0 \u00a0 \u00a0 \u00a0 \u00a0 \u00a0 \u00a0 \u00a0 \u00a0 \u00a0 \u00a0 \u00a0 \u00a0 \u00a0 \u00a0 \u00a0 \u00a0 \u00a0 \u00a0 \u00a0 \u00a0 \u00a0 \u00a0 \u00a0 \u00a0 \u00a0 \u00a0 \u00a0 \u00a0 <em>\u00a0 Imagem: Vatican Media<\/em><\/p><\/div>\n<p>Neste ano a tradicional cerim\u00f4nia das Primeiras V\u00e9speras da Solenidade de Maria M\u00e3e de Deus com o Te Deum na Bas\u00edlica de S\u00e3o Pedro, foi presidida pelo cardeal decano Giovanni Battista Re. Na ocasi\u00e3o o cardeal leu a homilia do Papa Francisco que devido a uma dolorosa ciatalgia n\u00e3o p\u00f4de estar presente.<\/p>\n<p>A homilia escrita pelo Papa inicia com um agradecimento:<\/p>\n<p>\u201cEsta tarde, gostaria de dar um breve espa\u00e7o de agradecimento pelo ano que est\u00e1 se encerrando\u201d. E Francisco pondera: \u201cPoderia parecer for\u00e7ado, quase chocante, agradecer a Deus no final de um ano como este, marcado pela pandemia\u201d, por\u00e9m, &#8211; continua -, algu\u00e9m pode perguntar: \u201cqual \u00e9 o sentido de um drama como este? N\u00e3o devemos ter pressa em responder a esta pergunta\u201d continua o Santo Padre porque: \u201ca resposta de Deus segue o caminho da Encarna\u00e7\u00e3o, como logo cantar\u00e1 a Ant\u00edfona do Magnificat: \u2018Pelo grande amor com que nos amou, Deus enviou o seu Filho em uma carne de pecado\u2019\u201d.<\/p>\n<p><strong>O Bom Samaritano<\/strong><br \/>\nO Papa sugere ent\u00e3o o gesto do Samaritano no qual podemos encontrar um \u201csentido\u201d para este drama:<\/p>\n<p>\u201cO bom samaritano, quando encontrou aquele pobre homem meio morto na beira da estrada, n\u00e3o lhe fez um discurso para explicar o significado do que lhe acontecera\u201d. E acrescenta: &#8220;O samaritano, movido pela compaix\u00e3o, inclinou-se sobre aquele estranho, tratando-o como um irm\u00e3o e cuidando dele, fazendo tudo o que estava ao seu alcance&#8221;, afirmando:<\/p>\n<p>\u201cAqui, sim talvez possamos encontrar um \u2018sentido\u2019 para esse drama que \u00e9 a pandemia, assim como de outros flagelos que atingem a humanidade: o de suscitar em n\u00f3s compaix\u00e3o e de provocar atitudes e gestos de proximidade, cuidado, solidariedade\u201d<\/p>\n<p>Em seguida, o Papa na sua homilia lida pelo cardeal Re agradece a Deus pelas coisas boas que aconteceram na cidade de Roma nos \u00faltimos meses de pandemia:<\/p>\n<p>\u201cMuitas pessoas tentaram, sem fazer alarde, tornar o peso da prova\u00e7\u00e3o mais suport\u00e1vel com seu empenho di\u00e1rio animado pelo amor ao pr\u00f3ximo. \u2018Porque a b\u00ean\u00e7\u00e3o e o louvor que mais agrada a Deus \u00e9 o amor fraterno&#8217;\u201d<\/p>\n<p>Al\u00e9m dos profissionais da sa\u00fade, sacerdotes e religiosos \u00e9 destacado um agradecimento especial:<\/p>\n<p>\u201cA todos os que se esfor\u00e7am a cada dia para levar em frente da melhor forma a pr\u00f3pria fam\u00edlia e o servi\u00e7o ao bem comum\u201d, ou seja os administradores de escolas, professores e administradores p\u00fablicos que colocam o bem comum acima de interesses privados ou partid\u00e1rios. Estes, apesar da situa\u00e7\u00e3o muito complexa \u201cprocuraram realmente o bem de todos a partir dos mais desfavorecidos\u201d.<\/p>\n<p><strong>A gra\u00e7a e a miseric\u00f3rdia de Deus<\/strong><br \/>\n\u201cTudo isto \u2013 continua Francisco na sua homilia lida pelo cardeal Re &#8211; n\u00e3o pode acontecer sem a gra\u00e7a, sem a miseric\u00f3rdia de Deus\u201d.<\/p>\n<p>\u201cComo pode ent\u00e3o que tantas pessoas, sem outra recompensa sen\u00e3o a de fazer o bem, encontrem for\u00e7as para se preocupar com os outros? O que as leva a renunciar a algo de si mesmos, do pr\u00f3prio conforto, de seu tempo, de seus bens, para dar aos outros?\u201d<\/p>\n<p>E conclui o pensamento: \u201cNo fundo, no fundo, mesmo que eles pr\u00f3prios n\u00e3o pensem nisso, \u00e9 a for\u00e7a de Deus os impele, que \u00e9 mais poderosa que os nossos ego\u00edsmos\u201d<\/p>\n<p>Por isso o louvamos, porque acreditamos e sabemos que todo o bem que se faz no dia a dia na terra vem, no final das contas, d\u2019Ele. E olhando para o futuro que nos espera, novamente imploramos: \u201cQue a tua miseric\u00f3rdia esteja sempre conosco, em ti esperamos\u201d.<\/p>\n<hr \/>\n<p><em>Fonte: Vatican News (texto de Jane Nogara)<\/em><\/p>\n","protected":false},"excerpt":{"rendered":"<p>Te Deum<\/p>\n","protected":false},"author":3,"featured_media":230210,"comment_status":"open","ping_status":"open","sticky":false,"template":"","format":"standard","meta":[],"categories":[1428],"tags":[1156],"acf":[],"yoast_head":"<!-- This site is optimized with the Yoast SEO plugin v19.2 - https:\/\/yoast.com\/wordpress\/plugins\/seo\/ -->\n<title>Te Deum: \u201cA for\u00e7a de Deus \u00e9 mais poderosa que os nossos ego\u00edsmos&quot; - Not\u00edcias - Franciscanos<\/title>\n<meta name=\"robots\" content=\"index, follow, max-snippet:-1, max-image-preview:large, max-video-preview:-1\" \/>\n<link rel=\"canonical\" href=\"https:\/\/franciscanos.org.br\/noticias\/te-deum-a-forca-de-deus-e-mais-poderosa-que-os-nossos-egoismos.html\" \/>\n<meta property=\"og:locale\" content=\"pt_BR\" \/>\n<meta property=\"og:type\" content=\"article\" \/>\n<meta property=\"og:title\" content=\"Te Deum: \u201cA for\u00e7a de Deus \u00e9 mais poderosa que os nossos ego\u00edsmos&quot; - Not\u00edcias - Franciscanos\" \/>\n<meta property=\"og:description\" content=\"Te Deum\" \/>\n<meta property=\"og:url\" content=\"https:\/\/franciscanos.org.br\/noticias\/te-deum-a-forca-de-deus-e-mais-poderosa-que-os-nossos-egoismos.html\" \/>\n<meta property=\"og:site_name\" content=\"Not\u00edcias - Franciscanos\" \/>\n<meta property=\"article:published_time\" content=\"2020-12-31T18:08:02+00:00\" \/>\n<meta property=\"og:image\" content=\"https:\/\/franciscanos.org.br\/noticias\/wp-content\/uploads\/2020\/12\/tedeum_01d.jpg\" \/>\n\t<meta property=\"og:image:width\" content=\"800\" \/>\n\t<meta property=\"og:image:height\" content=\"600\" \/>\n\t<meta property=\"og:image:type\" content=\"image\/jpeg\" \/>\n<meta name=\"author\" content=\"moacir\" \/>\n<meta name=\"twitter:card\" content=\"summary_large_image\" \/>\n<meta name=\"twitter:label1\" content=\"Escrito por\" \/>\n\t<meta name=\"twitter:data1\" content=\"moacir\" \/>\n\t<meta name=\"twitter:label2\" content=\"Est. tempo de leitura\" \/>\n\t<meta name=\"twitter:data2\" content=\"3 minutos\" \/>\n<script type=\"application\/ld+json\" class=\"yoast-schema-graph\">{\"@context\":\"https:\/\/schema.org\",\"@graph\":[{\"@type\":\"WebSite\",\"@id\":\"https:\/\/franciscanos.org.br\/noticias\/#website\",\"url\":\"https:\/\/franciscanos.org.br\/noticias\/\",\"name\":\"Not\u00edcias - Franciscanos\",\"description\":\"Prov\u00edncia Franciscana da Imaculada Concei\u00e7\u00e3o do Brasil - Ordem dos Frades Menores - OFM\",\"potentialAction\":[{\"@type\":\"SearchAction\",\"target\":{\"@type\":\"EntryPoint\",\"urlTemplate\":\"https:\/\/franciscanos.org.br\/noticias\/?s={search_term_string}\"},\"query-input\":\"required name=search_term_string\"}],\"inLanguage\":\"pt-BR\"},{\"@type\":\"ImageObject\",\"inLanguage\":\"pt-BR\",\"@id\":\"https:\/\/franciscanos.org.br\/noticias\/te-deum-a-forca-de-deus-e-mais-poderosa-que-os-nossos-egoismos.html#primaryimage\",\"url\":\"https:\/\/franciscanos.org.br\/noticias\/wp-content\/uploads\/2020\/12\/tedeum_01d.jpg\",\"contentUrl\":\"https:\/\/franciscanos.org.br\/noticias\/wp-content\/uploads\/2020\/12\/tedeum_01d.jpg\",\"width\":800,\"height\":600},{\"@type\":\"WebPage\",\"@id\":\"https:\/\/franciscanos.org.br\/noticias\/te-deum-a-forca-de-deus-e-mais-poderosa-que-os-nossos-egoismos.html#webpage\",\"url\":\"https:\/\/franciscanos.org.br\/noticias\/te-deum-a-forca-de-deus-e-mais-poderosa-que-os-nossos-egoismos.html\",\"name\":\"Te Deum: \u201cA for\u00e7a de Deus \u00e9 mais poderosa que os nossos ego\u00edsmos\\\" - Not\u00edcias - Franciscanos\",\"isPartOf\":{\"@id\":\"https:\/\/franciscanos.org.br\/noticias\/#website\"},\"primaryImageOfPage\":{\"@id\":\"https:\/\/franciscanos.org.br\/noticias\/te-deum-a-forca-de-deus-e-mais-poderosa-que-os-nossos-egoismos.html#primaryimage\"},\"datePublished\":\"2020-12-31T18:08:02+00:00\",\"dateModified\":\"2020-12-31T18:08:02+00:00\",\"author\":{\"@id\":\"https:\/\/franciscanos.org.br\/noticias\/#\/schema\/person\/b5c8cba458c330ccff548b056e95a5d4\"},\"breadcrumb\":{\"@id\":\"https:\/\/franciscanos.org.br\/noticias\/te-deum-a-forca-de-deus-e-mais-poderosa-que-os-nossos-egoismos.html#breadcrumb\"},\"inLanguage\":\"pt-BR\",\"potentialAction\":[{\"@type\":\"ReadAction\",\"target\":[\"https:\/\/franciscanos.org.br\/noticias\/te-deum-a-forca-de-deus-e-mais-poderosa-que-os-nossos-egoismos.html\"]}]},{\"@type\":\"BreadcrumbList\",\"@id\":\"https:\/\/franciscanos.org.br\/noticias\/te-deum-a-forca-de-deus-e-mais-poderosa-que-os-nossos-egoismos.html#breadcrumb\",\"itemListElement\":[{\"@type\":\"ListItem\",\"position\":1,\"name\":\"Home\",\"item\":\"https:\/\/franciscanos.org.br\/noticias\"},{\"@type\":\"ListItem\",\"position\":2,\"name\":\"Te Deum: \u201cA for\u00e7a de Deus \u00e9 mais poderosa que os nossos ego\u00edsmos&#8221;\"}]},{\"@type\":\"Person\",\"@id\":\"https:\/\/franciscanos.org.br\/noticias\/#\/schema\/person\/b5c8cba458c330ccff548b056e95a5d4\",\"name\":\"moacir\",\"image\":{\"@type\":\"ImageObject\",\"inLanguage\":\"pt-BR\",\"@id\":\"https:\/\/franciscanos.org.br\/noticias\/#\/schema\/person\/image\/\",\"url\":\"https:\/\/secure.gravatar.com\/avatar\/d08aa2ce4c8dd416d4479aa8536fcf64?s=96&d=mm&r=g\",\"contentUrl\":\"https:\/\/secure.gravatar.com\/avatar\/d08aa2ce4c8dd416d4479aa8536fcf64?s=96&d=mm&r=g\",\"caption\":\"moacir\"},\"url\":\"https:\/\/franciscanos.org.br\/noticias\/author\/moacir\"}]}<\/script>\n<!-- \/ Yoast SEO plugin. -->","yoast_head_json":{"title":"Te Deum: \u201cA for\u00e7a de Deus \u00e9 mais poderosa que os nossos ego\u00edsmos\" - Not\u00edcias - Franciscanos","robots":{"index":"index","follow":"follow","max-snippet":"max-snippet:-1","max-image-preview":"max-image-preview:large","max-video-preview":"max-video-preview:-1"},"canonical":"https:\/\/franciscanos.org.br\/noticias\/te-deum-a-forca-de-deus-e-mais-poderosa-que-os-nossos-egoismos.html","og_locale":"pt_BR","og_type":"article","og_title":"Te Deum: \u201cA for\u00e7a de Deus \u00e9 mais poderosa que os nossos ego\u00edsmos\" - Not\u00edcias - Franciscanos","og_description":"Te Deum","og_url":"https:\/\/franciscanos.org.br\/noticias\/te-deum-a-forca-de-deus-e-mais-poderosa-que-os-nossos-egoismos.html","og_site_name":"Not\u00edcias - Franciscanos","article_published_time":"2020-12-31T18:08:02+00:00","og_image":[{"width":800,"height":600,"url":"https:\/\/franciscanos.org.br\/noticias\/wp-content\/uploads\/2020\/12\/tedeum_01d.jpg","type":"image\/jpeg"}],"author":"moacir","twitter_card":"summary_large_image","twitter_misc":{"Escrito por":"moacir","Est. tempo de leitura":"3 minutos"},"schema":{"@context":"https:\/\/schema.org","@graph":[{"@type":"WebSite","@id":"https:\/\/franciscanos.org.br\/noticias\/#website","url":"https:\/\/franciscanos.org.br\/noticias\/","name":"Not\u00edcias - Franciscanos","description":"Prov\u00edncia Franciscana da Imaculada Concei\u00e7\u00e3o do Brasil - Ordem dos Frades Menores - OFM","potentialAction":[{"@type":"SearchAction","target":{"@type":"EntryPoint","urlTemplate":"https:\/\/franciscanos.org.br\/noticias\/?s={search_term_string}"},"query-input":"required name=search_term_string"}],"inLanguage":"pt-BR"},{"@type":"ImageObject","inLanguage":"pt-BR","@id":"https:\/\/franciscanos.org.br\/noticias\/te-deum-a-forca-de-deus-e-mais-poderosa-que-os-nossos-egoismos.html#primaryimage","url":"https:\/\/franciscanos.org.br\/noticias\/wp-content\/uploads\/2020\/12\/tedeum_01d.jpg","contentUrl":"https:\/\/franciscanos.org.br\/noticias\/wp-content\/uploads\/2020\/12\/tedeum_01d.jpg","width":800,"height":600},{"@type":"WebPage","@id":"https:\/\/franciscanos.org.br\/noticias\/te-deum-a-forca-de-deus-e-mais-poderosa-que-os-nossos-egoismos.html#webpage","url":"https:\/\/franciscanos.org.br\/noticias\/te-deum-a-forca-de-deus-e-mais-poderosa-que-os-nossos-egoismos.html","name":"Te Deum: \u201cA for\u00e7a de Deus \u00e9 mais poderosa que os nossos ego\u00edsmos\" - Not\u00edcias - Franciscanos","isPartOf":{"@id":"https:\/\/franciscanos.org.br\/noticias\/#website"},"primaryImageOfPage":{"@id":"https:\/\/franciscanos.org.br\/noticias\/te-deum-a-forca-de-deus-e-mais-poderosa-que-os-nossos-egoismos.html#primaryimage"},"datePublished":"2020-12-31T18:08:02+00:00","dateModified":"2020-12-31T18:08:02+00:00","author":{"@id":"https:\/\/franciscanos.org.br\/noticias\/#\/schema\/person\/b5c8cba458c330ccff548b056e95a5d4"},"breadcrumb":{"@id":"https:\/\/franciscanos.org.br\/noticias\/te-deum-a-forca-de-deus-e-mais-poderosa-que-os-nossos-egoismos.html#breadcrumb"},"inLanguage":"pt-BR","potentialAction":[{"@type":"ReadAction","target":["https:\/\/franciscanos.org.br\/noticias\/te-deum-a-forca-de-deus-e-mais-poderosa-que-os-nossos-egoismos.html"]}]},{"@type":"BreadcrumbList","@id":"https:\/\/franciscanos.org.br\/noticias\/te-deum-a-forca-de-deus-e-mais-poderosa-que-os-nossos-egoismos.html#breadcrumb","itemListElement":[{"@type":"ListItem","position":1,"name":"Home","item":"https:\/\/franciscanos.org.br\/noticias"},{"@type":"ListItem","position":2,"name":"Te Deum: \u201cA for\u00e7a de Deus \u00e9 mais poderosa que os nossos ego\u00edsmos&#8221;"}]},{"@type":"Person","@id":"https:\/\/franciscanos.org.br\/noticias\/#\/schema\/person\/b5c8cba458c330ccff548b056e95a5d4","name":"moacir","image":{"@type":"ImageObject","inLanguage":"pt-BR","@id":"https:\/\/franciscanos.org.br\/noticias\/#\/schema\/person\/image\/","url":"https:\/\/secure.gravatar.com\/avatar\/d08aa2ce4c8dd416d4479aa8536fcf64?s=96&d=mm&r=g","contentUrl":"https:\/\/secure.gravatar.com\/avatar\/d08aa2ce4c8dd416d4479aa8536fcf64?s=96&d=mm&r=g","caption":"moacir"},"url":"https:\/\/franciscanos.org.br\/noticias\/author\/moacir"}]}},"_links":{"self":[{"href":"https:\/\/franciscanos.org.br\/noticias\/wp-json\/wp\/v2\/posts\/230208"}],"collection":[{"href":"https:\/\/franciscanos.org.br\/noticias\/wp-json\/wp\/v2\/posts"}],"about":[{"href":"https:\/\/franciscanos.org.br\/noticias\/wp-json\/wp\/v2\/types\/post"}],"author":[{"embeddable":true,"href":"https:\/\/franciscanos.org.br\/noticias\/wp-json\/wp\/v2\/users\/3"}],"replies":[{"embeddable":true,"href":"https:\/\/franciscanos.org.br\/noticias\/wp-json\/wp\/v2\/comments?post=230208"}],"version-history":[{"count":1,"href":"https:\/\/franciscanos.org.br\/noticias\/wp-json\/wp\/v2\/posts\/230208\/revisions"}],"predecessor-version":[{"id":230211,"href":"https:\/\/franciscanos.org.br\/noticias\/wp-json\/wp\/v2\/posts\/230208\/revisions\/230211"}],"wp:featuredmedia":[{"embeddable":true,"href":"https:\/\/franciscanos.org.br\/noticias\/wp-json\/wp\/v2\/media\/230210"}],"wp:attachment":[{"href":"https:\/\/franciscanos.org.br\/noticias\/wp-json\/wp\/v2\/media?parent=230208"}],"wp:term":[{"taxonomy":"category","embeddable":true,"href":"https:\/\/franciscanos.org.br\/noticias\/wp-json\/wp\/v2\/categories?post=230208"},{"taxonomy":"post_tag","embeddable":true,"href":"https:\/\/franciscanos.org.br\/noticias\/wp-json\/wp\/v2\/tags?post=230208"}],"curies":[{"name":"wp","href":"https:\/\/api.w.org\/{rel}","templated":true}]}}