{"id":230155,"date":"2020-12-30T06:30:52","date_gmt":"2020-12-30T09:30:52","guid":{"rendered":"https:\/\/franciscanos.org.br\/noticias\/?p=230155"},"modified":"2020-12-30T06:32:02","modified_gmt":"2020-12-30T09:32:02","slug":"papa-se-formos-portadores-de-gratidao-o-mundo-tambem-se-tornara-melhor","status":"publish","type":"post","link":"https:\/\/franciscanos.org.br\/noticias\/papa-se-formos-portadores-de-gratidao-o-mundo-tambem-se-tornara-melhor.html","title":{"rendered":"Papa: &#8220;Se formos portadores de gratid\u00e3o, o mundo tamb\u00e9m se tornar\u00e1 melhor&#8221;"},"content":{"rendered":"<div id=\"attachment_230156\" style=\"width: 1290px\" class=\"wp-caption alignnone\"><img aria-describedby=\"caption-attachment-230156\" loading=\"lazy\" class=\"wp-image-230156 size-full\" src=\"https:\/\/franciscanos.org.br\/noticias\/wp-content\/uploads\/2020\/12\/audiencia_3012.jpg\" alt=\"\" width=\"1280\" height=\"720\" srcset=\"https:\/\/franciscanos.org.br\/noticias\/wp-content\/uploads\/2020\/12\/audiencia_3012.jpg 1280w, https:\/\/franciscanos.org.br\/noticias\/wp-content\/uploads\/2020\/12\/audiencia_3012-450x253.jpg 450w, https:\/\/franciscanos.org.br\/noticias\/wp-content\/uploads\/2020\/12\/audiencia_3012-1024x576.jpg 1024w, https:\/\/franciscanos.org.br\/noticias\/wp-content\/uploads\/2020\/12\/audiencia_3012-768x432.jpg 768w, https:\/\/franciscanos.org.br\/noticias\/wp-content\/uploads\/2020\/12\/audiencia_3012-150x84.jpg 150w\" sizes=\"(max-width: 1280px) 100vw, 1280px\" \/><p id=\"caption-attachment-230156\" class=\"wp-caption-text\"><em>\u00a0 \u00a0 \u00a0 \u00a0 \u00a0 \u00a0 \u00a0 \u00a0 \u00a0 \u00a0 \u00a0 \u00a0 \u00a0 \u00a0 \u00a0 \u00a0 \u00a0 \u00a0 \u00a0 \u00a0 \u00a0 \u00a0 \u00a0 \u00a0 \u00a0 \u00a0 \u00a0 \u00a0 \u00a0 \u00a0 \u00a0 \u00a0 \u00a0 \u00a0 \u00a0 \u00a0 \u00a0 \u00a0 \u00a0 \u00a0 \u00a0 \u00a0 \u00a0 \u00a0 \u00a0 \u00a0 \u00a0 \u00a0 \u00a0 \u00a0 \u00a0 \u00a0 \u00a0 \u00a0 \u00a0 \u00a0 \u00a0 \u00a0 \u00a0 \u00a0 \u00a0 \u00a0 \u00a0 \u00a0 \u00a0 \u00a0 \u00a0 \u00a0Imagem: Vatican Media<\/em><\/p><\/div>\n<p>\u201cA ora\u00e7\u00e3o de a\u00e7\u00e3o de gra\u00e7as\u201d foi o tema da catequese do Papa Francisco, realizada na Biblioteca do Pal\u00e1cio Apost\u00f3lico, nesta quarta-feira (30\/12), na \u00faltima Audi\u00eancia Geral deste ano.\u00a0Para falar sobre o tema, o Pont\u00edfice inspirou-se na passagem do Evangelho de Lucas em que dez leprosos v\u00e3o ao encontro de Jesus e o imploram a ter compaix\u00e3o deles.<\/p>\n<p>\u201cSabemos que para quantos sofrem de lepra, o sofrimento f\u00edsico era acompanhado de marginaliza\u00e7\u00e3o social e religiosa. Eram marginalizados. Jesus n\u00e3o evita um encontro com eles\u201d, mas \u201couve o seu pedido, o seu grito de piedade, e os envia imediatamente aos sacerdotes\u201d.<\/p>\n<p>Aqueles dez confiam n&#8217;Ele, partem imediatamente, e enquanto caminham, os dez s\u00e3o curados. Ent\u00e3o, os sacerdotes poderiam ter verificado a sua cura e readmiti-los na vida normal. Mas aqui est\u00e1 o ponto mais importante: daquele grupo, apenas um, antes de ir ter com os sacerdotes, volta para agradecer a Jesus e louvar a Deus pela gra\u00e7a recebida. Somente um. Os outros nove continuam a sua estrada. Jesus observa que aquele homem era samaritano, uma esp\u00e9cie de \u201cherege\u201d para os judeus daquela \u00e9poca. Jesus comenta: \u00abN\u00e3o houve quem voltasse para dar gl\u00f3ria a Deus, a n\u00e3o ser este estrangeiro?\u00bb \u00c9 comovente esta passagem!<\/p>\n<p>Esta narra\u00e7\u00e3o, por assim dizer, divide o mundo em dois: os que n\u00e3o agradecem e os que o fazem; os que tomam tudo como se lhes fosse devido, e os que aceitam tudo como dom, como gra\u00e7a. A ora\u00e7\u00e3o de a\u00e7\u00e3o de gra\u00e7as come\u00e7a sempre a partir do reconhecer-se precedido pela gra\u00e7a. Fomos pensados antes que aprend\u00eassemos a pensar; fomos amados antes que aprend\u00eassemos a amar; fomos desejados antes que brotasse um desejo no nosso cora\u00e7\u00e3o. Se olharmos para a vida desta forma, ent\u00e3o o \u201cagradecimento\u201d torna-se o motivo-guia dos nossos dias. Obrigado! Muitas vez nos esquecemos de dizer: obrigado!<\/p>\n<p>Segundo Francisco, \u201cpara n\u00f3s, crist\u00e3os, a a\u00e7\u00e3o de gra\u00e7as deu o nome ao Sacramento mais essencial que existe: a Eucaristia. Com efeito, a palavra grega significa exatamente isto: agradecimento\u201d.<\/p>\n<p>Como todos os fi\u00e9is os crist\u00e3os bendizem a Deus pelo dom da vida. Viver \u00e9, sobretudo, ter recebido. Receber a vida. Todos n\u00f3s nascemos porque algu\u00e9m desejou a vida para n\u00f3s. Esta \u00e9 apenas a primeira de uma longa s\u00e9rie de d\u00edvidas que contra\u00edmos vivendo. D\u00edvidas de gratid\u00e3o. Na nossa exist\u00eancia, mais de uma pessoa fitou-nos com um olhar puro, gratuitamente. Muitas vezes s\u00e3o educadores, catequistas, pessoas que desempenharam o seu papel al\u00e9m da medida exigida pelo dever. E eles fizeram surgir em n\u00f3s a gratid\u00e3o. A amizade \u00e9 tamb\u00e9m um dom pelo qual devemos estar sempre gratos.<\/p>\n<p>O Papa ressaltou que \u201ceste \u201cobrigado\u201d, que devemos dizer continuamente, este obrigado que o crist\u00e3o partilha com todos, dilata-se no encontro com Jesus. Os Evangelhos atestam que a passagem de Jesus suscitava frequentemente alegria e louvor a Deus naqueles que o encontravam\u201d.<\/p>\n<p>As hist\u00f3rias de Natal s\u00e3o povoadas de pessoas orantes, cujos cora\u00e7\u00f5es foram alargados pela vinda do Salvador. E tamb\u00e9m n\u00f3s fomos chamados a participar neste imenso j\u00fabilo. Isto tamb\u00e9m \u00e9 sugerido pelo epis\u00f3dio dos dez leprosos que foram curados. Naturalmente, todos eles ficaram felizes por ter recuperado a sa\u00fade, podendo assim sair daquela intermin\u00e1vel quarentena for\u00e7ada que os exclu\u00eda da comunidade. Mas entre eles havia um que acrescentou alegria \u00e0 alegria: al\u00e9m da cura, regozijou-se por ter encontrado Jesus. N\u00e3o s\u00f3 est\u00e1 livre do mal, mas agora tamb\u00e9m tem a certeza de ser amado. Este \u00e9 o centro: quando a pessoa agradece, d\u00e1 gra\u00e7as, expressa a certeza de ser amado. Este \u00e9 um grande passo. Ter a certeza de ser amado. \u00c9 a descoberta do amor como a for\u00e7a que governa o mundo. Somos filhos do amor, somos irm\u00e3o do amor, somos homens e mulheres de gra\u00e7a.<\/p>\n<p>Francisco concluiu a sua catequese, convidando-nos \u201ca estar na alegria do encontro com Jesus\u201d, a cultivar a alegria e n\u00e3o deixar de agradecer. \u201cSe formos portadores de gratid\u00e3o, o mundo tamb\u00e9m se tornar\u00e1 melhor, talvez s\u00f3 um pouco, mas \u00e9 suficiente para lhe transmitir um pouco de esperan\u00e7a. O mundo precisa de esperan\u00e7a e com a gratid\u00e3o, com o comportamento de a\u00e7\u00e3o de gra\u00e7as, n\u00f3s transmitimos um pouco de esperan\u00e7a. Tudo est\u00e1 unido e interligado, e cada um pode desempenhar a sua parte onde quer que esteja\u201d. N\u00e3o devemos \u201cextinguir o Esp\u00edrito que temos dentro e que nos leva \u00e0 gratid\u00e3o\u201d.<\/p>\n<hr \/>\n<p><em>Fonte: Vatican News<\/em><\/p>\n","protected":false},"excerpt":{"rendered":"<p>Audi\u00eancia Geral<\/p>\n","protected":false},"author":3,"featured_media":230157,"comment_status":"open","ping_status":"open","sticky":false,"template":"","format":"standard","meta":[],"categories":[1428],"tags":[487],"acf":[],"yoast_head":"<!-- This site is optimized with the Yoast SEO plugin v19.2 - https:\/\/yoast.com\/wordpress\/plugins\/seo\/ -->\n<title>Papa: &quot;Se formos portadores de gratid\u00e3o, o mundo tamb\u00e9m se tornar\u00e1 melhor&quot; - Not\u00edcias - Franciscanos<\/title>\n<meta name=\"robots\" content=\"index, follow, max-snippet:-1, max-image-preview:large, max-video-preview:-1\" \/>\n<link rel=\"canonical\" href=\"https:\/\/franciscanos.org.br\/noticias\/papa-se-formos-portadores-de-gratidao-o-mundo-tambem-se-tornara-melhor.html\" \/>\n<meta property=\"og:locale\" content=\"pt_BR\" \/>\n<meta property=\"og:type\" content=\"article\" \/>\n<meta property=\"og:title\" content=\"Papa: &quot;Se formos portadores de gratid\u00e3o, o mundo tamb\u00e9m se tornar\u00e1 melhor&quot; - Not\u00edcias - Franciscanos\" \/>\n<meta property=\"og:description\" content=\"Audi\u00eancia Geral\" \/>\n<meta property=\"og:url\" content=\"https:\/\/franciscanos.org.br\/noticias\/papa-se-formos-portadores-de-gratidao-o-mundo-tambem-se-tornara-melhor.html\" \/>\n<meta property=\"og:site_name\" content=\"Not\u00edcias - Franciscanos\" \/>\n<meta property=\"article:published_time\" content=\"2020-12-30T09:30:52+00:00\" \/>\n<meta property=\"article:modified_time\" content=\"2020-12-30T09:32:02+00:00\" \/>\n<meta property=\"og:image\" content=\"https:\/\/franciscanos.org.br\/noticias\/wp-content\/uploads\/2020\/12\/audiencia_3012d.jpg\" \/>\n\t<meta property=\"og:image:width\" content=\"800\" \/>\n\t<meta property=\"og:image:height\" content=\"600\" \/>\n\t<meta property=\"og:image:type\" content=\"image\/jpeg\" \/>\n<meta name=\"author\" content=\"moacir\" \/>\n<meta name=\"twitter:card\" content=\"summary_large_image\" \/>\n<meta name=\"twitter:label1\" content=\"Escrito por\" \/>\n\t<meta name=\"twitter:data1\" content=\"moacir\" \/>\n\t<meta name=\"twitter:label2\" content=\"Est. tempo de leitura\" \/>\n\t<meta name=\"twitter:data2\" content=\"4 minutos\" \/>\n<script type=\"application\/ld+json\" class=\"yoast-schema-graph\">{\"@context\":\"https:\/\/schema.org\",\"@graph\":[{\"@type\":\"WebSite\",\"@id\":\"https:\/\/franciscanos.org.br\/noticias\/#website\",\"url\":\"https:\/\/franciscanos.org.br\/noticias\/\",\"name\":\"Not\u00edcias - Franciscanos\",\"description\":\"Prov\u00edncia Franciscana da Imaculada Concei\u00e7\u00e3o do Brasil - Ordem dos Frades Menores - OFM\",\"potentialAction\":[{\"@type\":\"SearchAction\",\"target\":{\"@type\":\"EntryPoint\",\"urlTemplate\":\"https:\/\/franciscanos.org.br\/noticias\/?s={search_term_string}\"},\"query-input\":\"required name=search_term_string\"}],\"inLanguage\":\"pt-BR\"},{\"@type\":\"ImageObject\",\"inLanguage\":\"pt-BR\",\"@id\":\"https:\/\/franciscanos.org.br\/noticias\/papa-se-formos-portadores-de-gratidao-o-mundo-tambem-se-tornara-melhor.html#primaryimage\",\"url\":\"https:\/\/franciscanos.org.br\/noticias\/wp-content\/uploads\/2020\/12\/audiencia_3012d.jpg\",\"contentUrl\":\"https:\/\/franciscanos.org.br\/noticias\/wp-content\/uploads\/2020\/12\/audiencia_3012d.jpg\",\"width\":800,\"height\":600},{\"@type\":\"WebPage\",\"@id\":\"https:\/\/franciscanos.org.br\/noticias\/papa-se-formos-portadores-de-gratidao-o-mundo-tambem-se-tornara-melhor.html#webpage\",\"url\":\"https:\/\/franciscanos.org.br\/noticias\/papa-se-formos-portadores-de-gratidao-o-mundo-tambem-se-tornara-melhor.html\",\"name\":\"Papa: \\\"Se formos portadores de gratid\u00e3o, o mundo tamb\u00e9m se tornar\u00e1 melhor\\\" - Not\u00edcias - Franciscanos\",\"isPartOf\":{\"@id\":\"https:\/\/franciscanos.org.br\/noticias\/#website\"},\"primaryImageOfPage\":{\"@id\":\"https:\/\/franciscanos.org.br\/noticias\/papa-se-formos-portadores-de-gratidao-o-mundo-tambem-se-tornara-melhor.html#primaryimage\"},\"datePublished\":\"2020-12-30T09:30:52+00:00\",\"dateModified\":\"2020-12-30T09:32:02+00:00\",\"author\":{\"@id\":\"https:\/\/franciscanos.org.br\/noticias\/#\/schema\/person\/b5c8cba458c330ccff548b056e95a5d4\"},\"breadcrumb\":{\"@id\":\"https:\/\/franciscanos.org.br\/noticias\/papa-se-formos-portadores-de-gratidao-o-mundo-tambem-se-tornara-melhor.html#breadcrumb\"},\"inLanguage\":\"pt-BR\",\"potentialAction\":[{\"@type\":\"ReadAction\",\"target\":[\"https:\/\/franciscanos.org.br\/noticias\/papa-se-formos-portadores-de-gratidao-o-mundo-tambem-se-tornara-melhor.html\"]}]},{\"@type\":\"BreadcrumbList\",\"@id\":\"https:\/\/franciscanos.org.br\/noticias\/papa-se-formos-portadores-de-gratidao-o-mundo-tambem-se-tornara-melhor.html#breadcrumb\",\"itemListElement\":[{\"@type\":\"ListItem\",\"position\":1,\"name\":\"Home\",\"item\":\"https:\/\/franciscanos.org.br\/noticias\"},{\"@type\":\"ListItem\",\"position\":2,\"name\":\"Papa: &#8220;Se formos portadores de gratid\u00e3o, o mundo tamb\u00e9m se tornar\u00e1 melhor&#8221;\"}]},{\"@type\":\"Person\",\"@id\":\"https:\/\/franciscanos.org.br\/noticias\/#\/schema\/person\/b5c8cba458c330ccff548b056e95a5d4\",\"name\":\"moacir\",\"image\":{\"@type\":\"ImageObject\",\"inLanguage\":\"pt-BR\",\"@id\":\"https:\/\/franciscanos.org.br\/noticias\/#\/schema\/person\/image\/\",\"url\":\"https:\/\/secure.gravatar.com\/avatar\/d08aa2ce4c8dd416d4479aa8536fcf64?s=96&d=mm&r=g\",\"contentUrl\":\"https:\/\/secure.gravatar.com\/avatar\/d08aa2ce4c8dd416d4479aa8536fcf64?s=96&d=mm&r=g\",\"caption\":\"moacir\"},\"url\":\"https:\/\/franciscanos.org.br\/noticias\/author\/moacir\"}]}<\/script>\n<!-- \/ Yoast SEO plugin. -->","yoast_head_json":{"title":"Papa: \"Se formos portadores de gratid\u00e3o, o mundo tamb\u00e9m se tornar\u00e1 melhor\" - Not\u00edcias - Franciscanos","robots":{"index":"index","follow":"follow","max-snippet":"max-snippet:-1","max-image-preview":"max-image-preview:large","max-video-preview":"max-video-preview:-1"},"canonical":"https:\/\/franciscanos.org.br\/noticias\/papa-se-formos-portadores-de-gratidao-o-mundo-tambem-se-tornara-melhor.html","og_locale":"pt_BR","og_type":"article","og_title":"Papa: \"Se formos portadores de gratid\u00e3o, o mundo tamb\u00e9m se tornar\u00e1 melhor\" - Not\u00edcias - Franciscanos","og_description":"Audi\u00eancia Geral","og_url":"https:\/\/franciscanos.org.br\/noticias\/papa-se-formos-portadores-de-gratidao-o-mundo-tambem-se-tornara-melhor.html","og_site_name":"Not\u00edcias - Franciscanos","article_published_time":"2020-12-30T09:30:52+00:00","article_modified_time":"2020-12-30T09:32:02+00:00","og_image":[{"width":800,"height":600,"url":"https:\/\/franciscanos.org.br\/noticias\/wp-content\/uploads\/2020\/12\/audiencia_3012d.jpg","type":"image\/jpeg"}],"author":"moacir","twitter_card":"summary_large_image","twitter_misc":{"Escrito por":"moacir","Est. tempo de leitura":"4 minutos"},"schema":{"@context":"https:\/\/schema.org","@graph":[{"@type":"WebSite","@id":"https:\/\/franciscanos.org.br\/noticias\/#website","url":"https:\/\/franciscanos.org.br\/noticias\/","name":"Not\u00edcias - Franciscanos","description":"Prov\u00edncia Franciscana da Imaculada Concei\u00e7\u00e3o do Brasil - Ordem dos Frades Menores - OFM","potentialAction":[{"@type":"SearchAction","target":{"@type":"EntryPoint","urlTemplate":"https:\/\/franciscanos.org.br\/noticias\/?s={search_term_string}"},"query-input":"required name=search_term_string"}],"inLanguage":"pt-BR"},{"@type":"ImageObject","inLanguage":"pt-BR","@id":"https:\/\/franciscanos.org.br\/noticias\/papa-se-formos-portadores-de-gratidao-o-mundo-tambem-se-tornara-melhor.html#primaryimage","url":"https:\/\/franciscanos.org.br\/noticias\/wp-content\/uploads\/2020\/12\/audiencia_3012d.jpg","contentUrl":"https:\/\/franciscanos.org.br\/noticias\/wp-content\/uploads\/2020\/12\/audiencia_3012d.jpg","width":800,"height":600},{"@type":"WebPage","@id":"https:\/\/franciscanos.org.br\/noticias\/papa-se-formos-portadores-de-gratidao-o-mundo-tambem-se-tornara-melhor.html#webpage","url":"https:\/\/franciscanos.org.br\/noticias\/papa-se-formos-portadores-de-gratidao-o-mundo-tambem-se-tornara-melhor.html","name":"Papa: \"Se formos portadores de gratid\u00e3o, o mundo tamb\u00e9m se tornar\u00e1 melhor\" - Not\u00edcias - Franciscanos","isPartOf":{"@id":"https:\/\/franciscanos.org.br\/noticias\/#website"},"primaryImageOfPage":{"@id":"https:\/\/franciscanos.org.br\/noticias\/papa-se-formos-portadores-de-gratidao-o-mundo-tambem-se-tornara-melhor.html#primaryimage"},"datePublished":"2020-12-30T09:30:52+00:00","dateModified":"2020-12-30T09:32:02+00:00","author":{"@id":"https:\/\/franciscanos.org.br\/noticias\/#\/schema\/person\/b5c8cba458c330ccff548b056e95a5d4"},"breadcrumb":{"@id":"https:\/\/franciscanos.org.br\/noticias\/papa-se-formos-portadores-de-gratidao-o-mundo-tambem-se-tornara-melhor.html#breadcrumb"},"inLanguage":"pt-BR","potentialAction":[{"@type":"ReadAction","target":["https:\/\/franciscanos.org.br\/noticias\/papa-se-formos-portadores-de-gratidao-o-mundo-tambem-se-tornara-melhor.html"]}]},{"@type":"BreadcrumbList","@id":"https:\/\/franciscanos.org.br\/noticias\/papa-se-formos-portadores-de-gratidao-o-mundo-tambem-se-tornara-melhor.html#breadcrumb","itemListElement":[{"@type":"ListItem","position":1,"name":"Home","item":"https:\/\/franciscanos.org.br\/noticias"},{"@type":"ListItem","position":2,"name":"Papa: &#8220;Se formos portadores de gratid\u00e3o, o mundo tamb\u00e9m se tornar\u00e1 melhor&#8221;"}]},{"@type":"Person","@id":"https:\/\/franciscanos.org.br\/noticias\/#\/schema\/person\/b5c8cba458c330ccff548b056e95a5d4","name":"moacir","image":{"@type":"ImageObject","inLanguage":"pt-BR","@id":"https:\/\/franciscanos.org.br\/noticias\/#\/schema\/person\/image\/","url":"https:\/\/secure.gravatar.com\/avatar\/d08aa2ce4c8dd416d4479aa8536fcf64?s=96&d=mm&r=g","contentUrl":"https:\/\/secure.gravatar.com\/avatar\/d08aa2ce4c8dd416d4479aa8536fcf64?s=96&d=mm&r=g","caption":"moacir"},"url":"https:\/\/franciscanos.org.br\/noticias\/author\/moacir"}]}},"_links":{"self":[{"href":"https:\/\/franciscanos.org.br\/noticias\/wp-json\/wp\/v2\/posts\/230155"}],"collection":[{"href":"https:\/\/franciscanos.org.br\/noticias\/wp-json\/wp\/v2\/posts"}],"about":[{"href":"https:\/\/franciscanos.org.br\/noticias\/wp-json\/wp\/v2\/types\/post"}],"author":[{"embeddable":true,"href":"https:\/\/franciscanos.org.br\/noticias\/wp-json\/wp\/v2\/users\/3"}],"replies":[{"embeddable":true,"href":"https:\/\/franciscanos.org.br\/noticias\/wp-json\/wp\/v2\/comments?post=230155"}],"version-history":[{"count":3,"href":"https:\/\/franciscanos.org.br\/noticias\/wp-json\/wp\/v2\/posts\/230155\/revisions"}],"predecessor-version":[{"id":230160,"href":"https:\/\/franciscanos.org.br\/noticias\/wp-json\/wp\/v2\/posts\/230155\/revisions\/230160"}],"wp:featuredmedia":[{"embeddable":true,"href":"https:\/\/franciscanos.org.br\/noticias\/wp-json\/wp\/v2\/media\/230157"}],"wp:attachment":[{"href":"https:\/\/franciscanos.org.br\/noticias\/wp-json\/wp\/v2\/media?parent=230155"}],"wp:term":[{"taxonomy":"category","embeddable":true,"href":"https:\/\/franciscanos.org.br\/noticias\/wp-json\/wp\/v2\/categories?post=230155"},{"taxonomy":"post_tag","embeddable":true,"href":"https:\/\/franciscanos.org.br\/noticias\/wp-json\/wp\/v2\/tags?post=230155"}],"curies":[{"name":"wp","href":"https:\/\/api.w.org\/{rel}","templated":true}]}}