{"id":230144,"date":"2020-12-29T14:34:26","date_gmt":"2020-12-29T17:34:26","guid":{"rendered":"https:\/\/franciscanos.org.br\/noticias\/?p=230144"},"modified":"2020-12-29T19:40:09","modified_gmt":"2020-12-29T22:40:09","slug":"missa-de-natal-encerra-atividades-da-pastoral-universitaria-da-usf","status":"publish","type":"post","link":"https:\/\/franciscanos.org.br\/noticias\/missa-de-natal-encerra-atividades-da-pastoral-universitaria-da-usf.html","title":{"rendered":"Missa de Natal encerra atividades da Pastoral Universit\u00e1ria da USF"},"content":{"rendered":"<p><b><img loading=\"lazy\" class=\"alignnone wp-image-230145 size-full\" src=\"https:\/\/franciscanos.org.br\/noticias\/wp-content\/uploads\/2020\/12\/usf_29.jpg\" alt=\"\" width=\"1280\" height=\"720\" srcset=\"https:\/\/franciscanos.org.br\/noticias\/wp-content\/uploads\/2020\/12\/usf_29.jpg 1280w, https:\/\/franciscanos.org.br\/noticias\/wp-content\/uploads\/2020\/12\/usf_29-450x253.jpg 450w, https:\/\/franciscanos.org.br\/noticias\/wp-content\/uploads\/2020\/12\/usf_29-1024x576.jpg 1024w, https:\/\/franciscanos.org.br\/noticias\/wp-content\/uploads\/2020\/12\/usf_29-768x432.jpg 768w, https:\/\/franciscanos.org.br\/noticias\/wp-content\/uploads\/2020\/12\/usf_29-150x84.jpg 150w\" sizes=\"(max-width: 1280px) 100vw, 1280px\" \/><\/b><br \/>\n<strong>Bragan\u00e7a Paulista (SP)<\/strong> &#8211; Neste ano de 2020, a Pastoral Universit\u00e1ria da Universidade S\u00e3o Francisco se adequou \u00e0s novas realidades para continuar sua miss\u00e3o de guardi\u00e3 do carisma franciscano dentro do espa\u00e7o acad\u00eamico. Foram necess\u00e1rias algumas mudan\u00e7as e a mais significativa delas foi a transmiss\u00e3o <em>on-line<\/em> da Santa Missa, sempre rezada nas inten\u00e7\u00f5es da comunidade acad\u00eamica, dos discentes, docentes e demais colaboradores.<\/p>\n<p>Seguindo todos os cuidados necess\u00e1rios e sem participa\u00e7\u00e3o de p\u00fablico, haja vista a pouca presen\u00e7a de alunos no Campus Bragan\u00e7a Paulista de onde s\u00e3o transmitidas as missas (com exce\u00e7\u00e3o de alguns cursos na \u00e1rea da sa\u00fade), as celebra\u00e7\u00f5es seguiram e se tornaram um canal de contato entre a Pastoral, a comunidade acad\u00eamica e diversas outras pessoas que passaram a conhecer a universidade atrav\u00e9s deste meio de evangeliza\u00e7\u00e3o.<\/p>\n<p><img loading=\"lazy\" class=\"alignnone wp-image-230147 size-full\" src=\"https:\/\/franciscanos.org.br\/noticias\/wp-content\/uploads\/2020\/12\/02-3.jpg\" alt=\"\" width=\"1280\" height=\"622\" srcset=\"https:\/\/franciscanos.org.br\/noticias\/wp-content\/uploads\/2020\/12\/02-3.jpg 1280w, https:\/\/franciscanos.org.br\/noticias\/wp-content\/uploads\/2020\/12\/02-3-450x219.jpg 450w, https:\/\/franciscanos.org.br\/noticias\/wp-content\/uploads\/2020\/12\/02-3-1024x498.jpg 1024w, https:\/\/franciscanos.org.br\/noticias\/wp-content\/uploads\/2020\/12\/02-3-768x373.jpg 768w, https:\/\/franciscanos.org.br\/noticias\/wp-content\/uploads\/2020\/12\/02-3-150x73.jpg 150w\" sizes=\"(max-width: 1280px) 100vw, 1280px\" \/><\/p>\n<p>Celebradas pelos frades que trabalham diretamente na pastoral, Frei Alvaci Mendes da Luz e Frei Vit\u00f3rio Mazzuco, as celebra\u00e7\u00f5es foram transmitidas atrav\u00e9s da TV\/USF no canal da Universidade S\u00e3o Francisco no Youtube todas \u00e0s sextas-feiras \u00e0s 18 horas.<\/p>\n<p>Outras atividades ainda foram realizadas no decorrer do segundo semestre, como a ben\u00e7\u00e3o de alguns espa\u00e7os acad\u00eamicos, Grupo de Ora\u00e7\u00e3o<em> on-line<\/em>, a elabora\u00e7\u00e3o de materiais de divulga\u00e7\u00e3o, a ampla presen\u00e7a nas redes sociais, Live Musical no Dia dos Pais, montagem dos pres\u00e9pios nos Campus, entre outras.<\/p>\n<p><img loading=\"lazy\" class=\"alignnone wp-image-230148 size-full\" src=\"https:\/\/franciscanos.org.br\/noticias\/wp-content\/uploads\/2020\/12\/03-3.jpg\" alt=\"\" width=\"1280\" height=\"960\" srcset=\"https:\/\/franciscanos.org.br\/noticias\/wp-content\/uploads\/2020\/12\/03-3.jpg 1280w, https:\/\/franciscanos.org.br\/noticias\/wp-content\/uploads\/2020\/12\/03-3-450x338.jpg 450w, https:\/\/franciscanos.org.br\/noticias\/wp-content\/uploads\/2020\/12\/03-3-1024x768.jpg 1024w, https:\/\/franciscanos.org.br\/noticias\/wp-content\/uploads\/2020\/12\/03-3-768x576.jpg 768w, https:\/\/franciscanos.org.br\/noticias\/wp-content\/uploads\/2020\/12\/03-3-150x113.jpg 150w, https:\/\/franciscanos.org.br\/noticias\/wp-content\/uploads\/2020\/12\/03-3-600x450.jpg 600w\" sizes=\"(max-width: 1280px) 100vw, 1280px\" \/><\/p>\n<p>A \u00faltima celebra\u00e7\u00e3o do ano contou ainda com a presen\u00e7a de Frei Odorico Decker, que no alto de seus 92 anos tocou em sua harm\u00f4nica de boca, como ele costuma chamar, o conhecido \u201cNoite Feliz\u201d. Frei Odorico celebrou seu anivers\u00e1rio este ano no hospital se recuperando depois de ter contra\u00eddo o novo Corona v\u00edrus.<\/p>\n<p>As transmiss\u00f5es da Santa Missa retornam no dia 5 de fevereiro de 2021.<\/p>\n","protected":false},"excerpt":{"rendered":"<p>Universidade S\u00e3o Francisco<\/p>\n","protected":false},"author":3,"featured_media":230146,"comment_status":"open","ping_status":"open","sticky":false,"template":"","format":"standard","meta":[],"categories":[1],"tags":[354],"acf":[],"yoast_head":"<!-- This site is optimized with the Yoast SEO plugin v19.2 - https:\/\/yoast.com\/wordpress\/plugins\/seo\/ -->\n<title>Missa de Natal encerra atividades da Pastoral Universit\u00e1ria da USF - Not\u00edcias - Franciscanos<\/title>\n<meta name=\"robots\" content=\"index, follow, max-snippet:-1, max-image-preview:large, max-video-preview:-1\" \/>\n<link rel=\"canonical\" href=\"https:\/\/franciscanos.org.br\/noticias\/missa-de-natal-encerra-atividades-da-pastoral-universitaria-da-usf.html\" \/>\n<meta property=\"og:locale\" content=\"pt_BR\" \/>\n<meta property=\"og:type\" content=\"article\" \/>\n<meta property=\"og:title\" content=\"Missa de Natal encerra atividades da Pastoral Universit\u00e1ria da USF - Not\u00edcias - Franciscanos\" \/>\n<meta property=\"og:description\" content=\"Universidade S\u00e3o Francisco\" \/>\n<meta property=\"og:url\" content=\"https:\/\/franciscanos.org.br\/noticias\/missa-de-natal-encerra-atividades-da-pastoral-universitaria-da-usf.html\" \/>\n<meta property=\"og:site_name\" content=\"Not\u00edcias - Franciscanos\" \/>\n<meta property=\"article:published_time\" content=\"2020-12-29T17:34:26+00:00\" \/>\n<meta property=\"article:modified_time\" content=\"2020-12-29T22:40:09+00:00\" \/>\n<meta property=\"og:image\" content=\"https:\/\/franciscanos.org.br\/noticias\/wp-content\/uploads\/2020\/12\/usf_29d.jpg\" \/>\n\t<meta property=\"og:image:width\" content=\"800\" \/>\n\t<meta property=\"og:image:height\" content=\"600\" \/>\n\t<meta property=\"og:image:type\" content=\"image\/jpeg\" \/>\n<meta name=\"author\" content=\"moacir\" \/>\n<meta name=\"twitter:card\" content=\"summary_large_image\" \/>\n<meta name=\"twitter:label1\" content=\"Escrito por\" \/>\n\t<meta name=\"twitter:data1\" content=\"moacir\" \/>\n\t<meta name=\"twitter:label2\" content=\"Est. tempo de leitura\" \/>\n\t<meta name=\"twitter:data2\" content=\"2 minutos\" \/>\n<script type=\"application\/ld+json\" class=\"yoast-schema-graph\">{\"@context\":\"https:\/\/schema.org\",\"@graph\":[{\"@type\":\"WebSite\",\"@id\":\"https:\/\/franciscanos.org.br\/noticias\/#website\",\"url\":\"https:\/\/franciscanos.org.br\/noticias\/\",\"name\":\"Not\u00edcias - Franciscanos\",\"description\":\"Prov\u00edncia Franciscana da Imaculada Concei\u00e7\u00e3o do Brasil - Ordem dos Frades Menores - OFM\",\"potentialAction\":[{\"@type\":\"SearchAction\",\"target\":{\"@type\":\"EntryPoint\",\"urlTemplate\":\"https:\/\/franciscanos.org.br\/noticias\/?s={search_term_string}\"},\"query-input\":\"required name=search_term_string\"}],\"inLanguage\":\"pt-BR\"},{\"@type\":\"ImageObject\",\"inLanguage\":\"pt-BR\",\"@id\":\"https:\/\/franciscanos.org.br\/noticias\/missa-de-natal-encerra-atividades-da-pastoral-universitaria-da-usf.html#primaryimage\",\"url\":\"https:\/\/franciscanos.org.br\/noticias\/wp-content\/uploads\/2020\/12\/usf_29d.jpg\",\"contentUrl\":\"https:\/\/franciscanos.org.br\/noticias\/wp-content\/uploads\/2020\/12\/usf_29d.jpg\",\"width\":800,\"height\":600},{\"@type\":\"WebPage\",\"@id\":\"https:\/\/franciscanos.org.br\/noticias\/missa-de-natal-encerra-atividades-da-pastoral-universitaria-da-usf.html#webpage\",\"url\":\"https:\/\/franciscanos.org.br\/noticias\/missa-de-natal-encerra-atividades-da-pastoral-universitaria-da-usf.html\",\"name\":\"Missa de Natal encerra atividades da Pastoral Universit\u00e1ria da USF - Not\u00edcias - Franciscanos\",\"isPartOf\":{\"@id\":\"https:\/\/franciscanos.org.br\/noticias\/#website\"},\"primaryImageOfPage\":{\"@id\":\"https:\/\/franciscanos.org.br\/noticias\/missa-de-natal-encerra-atividades-da-pastoral-universitaria-da-usf.html#primaryimage\"},\"datePublished\":\"2020-12-29T17:34:26+00:00\",\"dateModified\":\"2020-12-29T22:40:09+00:00\",\"author\":{\"@id\":\"https:\/\/franciscanos.org.br\/noticias\/#\/schema\/person\/b5c8cba458c330ccff548b056e95a5d4\"},\"breadcrumb\":{\"@id\":\"https:\/\/franciscanos.org.br\/noticias\/missa-de-natal-encerra-atividades-da-pastoral-universitaria-da-usf.html#breadcrumb\"},\"inLanguage\":\"pt-BR\",\"potentialAction\":[{\"@type\":\"ReadAction\",\"target\":[\"https:\/\/franciscanos.org.br\/noticias\/missa-de-natal-encerra-atividades-da-pastoral-universitaria-da-usf.html\"]}]},{\"@type\":\"BreadcrumbList\",\"@id\":\"https:\/\/franciscanos.org.br\/noticias\/missa-de-natal-encerra-atividades-da-pastoral-universitaria-da-usf.html#breadcrumb\",\"itemListElement\":[{\"@type\":\"ListItem\",\"position\":1,\"name\":\"Home\",\"item\":\"https:\/\/franciscanos.org.br\/noticias\"},{\"@type\":\"ListItem\",\"position\":2,\"name\":\"Missa de Natal encerra atividades da Pastoral Universit\u00e1ria da USF\"}]},{\"@type\":\"Person\",\"@id\":\"https:\/\/franciscanos.org.br\/noticias\/#\/schema\/person\/b5c8cba458c330ccff548b056e95a5d4\",\"name\":\"moacir\",\"image\":{\"@type\":\"ImageObject\",\"inLanguage\":\"pt-BR\",\"@id\":\"https:\/\/franciscanos.org.br\/noticias\/#\/schema\/person\/image\/\",\"url\":\"https:\/\/secure.gravatar.com\/avatar\/d08aa2ce4c8dd416d4479aa8536fcf64?s=96&d=mm&r=g\",\"contentUrl\":\"https:\/\/secure.gravatar.com\/avatar\/d08aa2ce4c8dd416d4479aa8536fcf64?s=96&d=mm&r=g\",\"caption\":\"moacir\"},\"url\":\"https:\/\/franciscanos.org.br\/noticias\/author\/moacir\"}]}<\/script>\n<!-- \/ Yoast SEO plugin. -->","yoast_head_json":{"title":"Missa de Natal encerra atividades da Pastoral Universit\u00e1ria da USF - Not\u00edcias - Franciscanos","robots":{"index":"index","follow":"follow","max-snippet":"max-snippet:-1","max-image-preview":"max-image-preview:large","max-video-preview":"max-video-preview:-1"},"canonical":"https:\/\/franciscanos.org.br\/noticias\/missa-de-natal-encerra-atividades-da-pastoral-universitaria-da-usf.html","og_locale":"pt_BR","og_type":"article","og_title":"Missa de Natal encerra atividades da Pastoral Universit\u00e1ria da USF - Not\u00edcias - Franciscanos","og_description":"Universidade S\u00e3o Francisco","og_url":"https:\/\/franciscanos.org.br\/noticias\/missa-de-natal-encerra-atividades-da-pastoral-universitaria-da-usf.html","og_site_name":"Not\u00edcias - Franciscanos","article_published_time":"2020-12-29T17:34:26+00:00","article_modified_time":"2020-12-29T22:40:09+00:00","og_image":[{"width":800,"height":600,"url":"https:\/\/franciscanos.org.br\/noticias\/wp-content\/uploads\/2020\/12\/usf_29d.jpg","type":"image\/jpeg"}],"author":"moacir","twitter_card":"summary_large_image","twitter_misc":{"Escrito por":"moacir","Est. tempo de leitura":"2 minutos"},"schema":{"@context":"https:\/\/schema.org","@graph":[{"@type":"WebSite","@id":"https:\/\/franciscanos.org.br\/noticias\/#website","url":"https:\/\/franciscanos.org.br\/noticias\/","name":"Not\u00edcias - Franciscanos","description":"Prov\u00edncia Franciscana da Imaculada Concei\u00e7\u00e3o do Brasil - Ordem dos Frades Menores - OFM","potentialAction":[{"@type":"SearchAction","target":{"@type":"EntryPoint","urlTemplate":"https:\/\/franciscanos.org.br\/noticias\/?s={search_term_string}"},"query-input":"required name=search_term_string"}],"inLanguage":"pt-BR"},{"@type":"ImageObject","inLanguage":"pt-BR","@id":"https:\/\/franciscanos.org.br\/noticias\/missa-de-natal-encerra-atividades-da-pastoral-universitaria-da-usf.html#primaryimage","url":"https:\/\/franciscanos.org.br\/noticias\/wp-content\/uploads\/2020\/12\/usf_29d.jpg","contentUrl":"https:\/\/franciscanos.org.br\/noticias\/wp-content\/uploads\/2020\/12\/usf_29d.jpg","width":800,"height":600},{"@type":"WebPage","@id":"https:\/\/franciscanos.org.br\/noticias\/missa-de-natal-encerra-atividades-da-pastoral-universitaria-da-usf.html#webpage","url":"https:\/\/franciscanos.org.br\/noticias\/missa-de-natal-encerra-atividades-da-pastoral-universitaria-da-usf.html","name":"Missa de Natal encerra atividades da Pastoral Universit\u00e1ria da USF - Not\u00edcias - Franciscanos","isPartOf":{"@id":"https:\/\/franciscanos.org.br\/noticias\/#website"},"primaryImageOfPage":{"@id":"https:\/\/franciscanos.org.br\/noticias\/missa-de-natal-encerra-atividades-da-pastoral-universitaria-da-usf.html#primaryimage"},"datePublished":"2020-12-29T17:34:26+00:00","dateModified":"2020-12-29T22:40:09+00:00","author":{"@id":"https:\/\/franciscanos.org.br\/noticias\/#\/schema\/person\/b5c8cba458c330ccff548b056e95a5d4"},"breadcrumb":{"@id":"https:\/\/franciscanos.org.br\/noticias\/missa-de-natal-encerra-atividades-da-pastoral-universitaria-da-usf.html#breadcrumb"},"inLanguage":"pt-BR","potentialAction":[{"@type":"ReadAction","target":["https:\/\/franciscanos.org.br\/noticias\/missa-de-natal-encerra-atividades-da-pastoral-universitaria-da-usf.html"]}]},{"@type":"BreadcrumbList","@id":"https:\/\/franciscanos.org.br\/noticias\/missa-de-natal-encerra-atividades-da-pastoral-universitaria-da-usf.html#breadcrumb","itemListElement":[{"@type":"ListItem","position":1,"name":"Home","item":"https:\/\/franciscanos.org.br\/noticias"},{"@type":"ListItem","position":2,"name":"Missa de Natal encerra atividades da Pastoral Universit\u00e1ria da USF"}]},{"@type":"Person","@id":"https:\/\/franciscanos.org.br\/noticias\/#\/schema\/person\/b5c8cba458c330ccff548b056e95a5d4","name":"moacir","image":{"@type":"ImageObject","inLanguage":"pt-BR","@id":"https:\/\/franciscanos.org.br\/noticias\/#\/schema\/person\/image\/","url":"https:\/\/secure.gravatar.com\/avatar\/d08aa2ce4c8dd416d4479aa8536fcf64?s=96&d=mm&r=g","contentUrl":"https:\/\/secure.gravatar.com\/avatar\/d08aa2ce4c8dd416d4479aa8536fcf64?s=96&d=mm&r=g","caption":"moacir"},"url":"https:\/\/franciscanos.org.br\/noticias\/author\/moacir"}]}},"_links":{"self":[{"href":"https:\/\/franciscanos.org.br\/noticias\/wp-json\/wp\/v2\/posts\/230144"}],"collection":[{"href":"https:\/\/franciscanos.org.br\/noticias\/wp-json\/wp\/v2\/posts"}],"about":[{"href":"https:\/\/franciscanos.org.br\/noticias\/wp-json\/wp\/v2\/types\/post"}],"author":[{"embeddable":true,"href":"https:\/\/franciscanos.org.br\/noticias\/wp-json\/wp\/v2\/users\/3"}],"replies":[{"embeddable":true,"href":"https:\/\/franciscanos.org.br\/noticias\/wp-json\/wp\/v2\/comments?post=230144"}],"version-history":[{"count":2,"href":"https:\/\/franciscanos.org.br\/noticias\/wp-json\/wp\/v2\/posts\/230144\/revisions"}],"predecessor-version":[{"id":230153,"href":"https:\/\/franciscanos.org.br\/noticias\/wp-json\/wp\/v2\/posts\/230144\/revisions\/230153"}],"wp:featuredmedia":[{"embeddable":true,"href":"https:\/\/franciscanos.org.br\/noticias\/wp-json\/wp\/v2\/media\/230146"}],"wp:attachment":[{"href":"https:\/\/franciscanos.org.br\/noticias\/wp-json\/wp\/v2\/media?parent=230144"}],"wp:term":[{"taxonomy":"category","embeddable":true,"href":"https:\/\/franciscanos.org.br\/noticias\/wp-json\/wp\/v2\/categories?post=230144"},{"taxonomy":"post_tag","embeddable":true,"href":"https:\/\/franciscanos.org.br\/noticias\/wp-json\/wp\/v2\/tags?post=230144"}],"curies":[{"name":"wp","href":"https:\/\/api.w.org\/{rel}","templated":true}]}}