{"id":230123,"date":"2020-12-27T09:26:58","date_gmt":"2020-12-27T12:26:58","guid":{"rendered":"https:\/\/franciscanos.org.br\/noticias\/?p=230123"},"modified":"2020-12-27T09:26:58","modified_gmt":"2020-12-27T12:26:58","slug":"no-angelus-papa-anuncia-ano-familia-amoris-laetitia","status":"publish","type":"post","link":"https:\/\/franciscanos.org.br\/noticias\/no-angelus-papa-anuncia-ano-familia-amoris-laetitia.html","title":{"rendered":"No Angelus, Papa anuncia Ano \u201cFam\u00edlia Amoris Laetitia\u201d"},"content":{"rendered":"<p><img loading=\"lazy\" class=\"alignnone wp-image-230124 size-full\" src=\"https:\/\/franciscanos.org.br\/noticias\/wp-content\/uploads\/2020\/12\/angelus_27.jpg\" alt=\"\" width=\"1000\" height=\"563\" srcset=\"https:\/\/franciscanos.org.br\/noticias\/wp-content\/uploads\/2020\/12\/angelus_27.jpg 1000w, https:\/\/franciscanos.org.br\/noticias\/wp-content\/uploads\/2020\/12\/angelus_27-450x253.jpg 450w, https:\/\/franciscanos.org.br\/noticias\/wp-content\/uploads\/2020\/12\/angelus_27-768x432.jpg 768w, https:\/\/franciscanos.org.br\/noticias\/wp-content\/uploads\/2020\/12\/angelus_27-150x84.jpg 150w\" sizes=\"(max-width: 1000px) 100vw, 1000px\" \/><\/p>\n<p>No Angelus deste domingo, 27, dia em que a Igreja celebra a Sagrada Fam\u00edlia, o Papa Francisco anunciou a convoca\u00e7\u00e3o de um \u201cAno especial dedicado \u00e0 Fam\u00edlia Amoris laetitia\u201d, que ser\u00e1 inaugurado em 19 de mar\u00e7o de 2021, dia de S\u00e3o Jos\u00e9 e quinto anivers\u00e1rio de publica\u00e7\u00e3o da Exorta\u00e7\u00e3o Apost\u00f3lica. O encerramento est\u00e1 marcado para junho de 2022. Ser\u00e1 &#8220;um ano de reflex\u00e3o&#8221; e uma oportunidade para &#8220;aprofundar os conte\u00fados do documento&#8221;:<\/p>\n<p>\u201cEssas reflex\u00f5es ser\u00e3o colocados \u00e0 disposi\u00e7\u00e3o das comunidades eclesiais e das fam\u00edlias para acompanh\u00e1-las em seu caminho. Desde agora, convido todos a aderir \u00e0s iniciativas que ser\u00e3o promovidas ao longo do ano e que ser\u00e3o coordenadas pelo Dicast\u00e9rio para os Leigos, a Fam\u00edlia e a Vida. Confiemos \u00e0 Sagrada Fam\u00edlia de Nazar\u00e9, em particular \u00e0 S\u00e3o Jos\u00e9, esposo e pai sol\u00edcito, este caminho com as fam\u00edlias de todo o mundo \u00e0 Sagrada Fam\u00edlia de Nazar\u00e9, em particular a S\u00e3o Jos\u00e9, esposo e pai sol\u00edcito, este caminho com as fam\u00edlias de todo o mundo.\u201d<\/p>\n<p><strong>Fam\u00edlia de Nazar\u00e9, modelo para todas as fam\u00edlia do mundo<\/strong><\/p>\n<p>O Angelus deste domingo, tamb\u00e9m foi rezado na Biblioteca do Pal\u00e1cio Apost\u00f3lico, pois como Francisco havia explicado no Angelus na festa de Santo Est\u00eav\u00e3o, \u201cdevemos fazer assim, para evitar que as pessoas venham para a Pra\u00e7a\u201d e assim colaborar com as disposi\u00e7\u00f5es dadas pelas Autoridades, \u201cpara ajudar a todos n\u00f3s a escapar desta pandemia.\u201d<\/p>\n<p>Dirigindo-se a quem o acompanhava pelos meios de comunica\u00e7\u00e3o, o Papa chamou a aten\u00e7\u00e3o para o fato de que \u201co Filho de Deus quis ter necessidade, como todas as crian\u00e7as, do calor de uma fam\u00edlia\u201d, e precisamente por isso, \u201cporque \u00e9 a fam\u00edlia de Jesus, a de Nazar\u00e9 \u00e9 a fam\u00edlia modelo, em que todas as fam\u00edlias do mundo podem encontrar o seu ponto de refer\u00eancia seguro e uma inspira\u00e7\u00e3o segura. Em Nazar\u00e9 brotou a primavera da vida humana do Filho de Deus, no momento em que Ele foi concebido pela a\u00e7\u00e3o do Esp\u00edrito Santo no seio virginal de Maria.\u201d<\/p>\n<p><strong>Fam\u00edlia evangeliza com exemplo de vida<\/strong><\/p>\n<p>Jesus transcorreu sua inf\u00e2ncia com alegria na Casa de Nazar\u00e9, envolvido \u201cpela solicitude maternal de Maria e pela solicitude de Jos\u00e9, em quem Jesus p\u00f4de ver a ternura de Deus\u201d.<\/p>\n<p>Ao imitar a Sagrada Fam\u00edlia, somos chamados a redescobrir o valor educativo do n\u00facleo familiar: isso requer que seja fundado no amor que sempre regenera as rela\u00e7\u00f5es, abrindo horizontes de esperan\u00e7a. Em fam\u00edlia se poder\u00e1 experimentar uma comunh\u00e3o sincera quando ela \u00e9 casa de ora\u00e7\u00e3o, quando os afetos s\u00e3o s\u00e9rios, profundos, puros, quando o perd\u00e3o prevalece sobre a disc\u00f3rdia, quando a dureza cotidiana do viver \u00e9 amenizada pela ternura rec\u00edproca e pela serena ades\u00e3o \u00e0 vontade de Deus. Desta forma, a fam\u00edlia se abre \u00e0 alegria que Deus d\u00e1 a todos aqueles que sabem dar com alegria. Ao mesmo tempo, encontra energia espiritual para se abrir ao exterior, aos outros, ao servi\u00e7o dos irm\u00e3os, \u00e0 colabora\u00e7\u00e3o para a constru\u00e7\u00e3o de um mundo sempre novo e melhor; capaz, por isso, de ser portadora de est\u00edmulos positivos; a fam\u00edlia evangeliza com o exemplo de vida.<\/p>\n<p>\u201cEm fam\u00edlia se poder\u00e1 experimentar uma comunh\u00e3o sincera quando ela \u00e9 casa de ora\u00e7\u00e3o, quando os afetos s\u00e3o profundos e puros, quando o perd\u00e3o prevalece sobre a disc\u00f3rdia, quando a dureza cotidiana do viver \u00e9 amenizada pela ternura rec\u00edproca e pela serena ades\u00e3o \u00e0 vontade de Deus.\u201d<\/p>\n<p><strong>D\u00e1 licen\u00e7a, perd\u00e3o, obrigado<\/strong><\/p>\n<p>O Papa recordou que nas fam\u00edlias existem problemas, que \u00e0s vezes se briga, \u201cmas somos humanos, somos fracos, e todos temos \u00e0s vezes este fato que brigamos em fam\u00edlia\u201d. Mas a recomenda\u00e7\u00e3o, j\u00e1 feita em outras oportunidades, \u00e9 que n\u00e3o se acabe o dia sem fazer as pazes, pois \u201ca guerra fria no dia seguinte \u00e9 muito perigosa\u201d. E lembrou as tr\u00eas palavras fundamentais para que o ambiente em fam\u00edlia seja bom: d\u00e1 licen\u00e7a, perd\u00e3o, obrigado. \u201cN\u00e3o ser invasivos\u201d, agradecer sempre, pois \u201ca gratid\u00e3o \u00e9 o sangue da alma nobre\u201d, e depois pedir perd\u00e3o, das tr\u00eas, a palavra mais dif\u00edcil de dizer.<\/p>\n<p><strong>Fam\u00edlias, fermento de uma nova humanidade<\/strong><\/p>\n<p>E o exemplo de evangelizar com a fam\u00edlia, continuou ent\u00e3o Francisco, \u00e9 o chamado que nos \u00e9 feito pela festa de hoje, que nos reprop\u00f5e o ideal de amor conjugal e familiar, assim como foi enfatizado na Exorta\u00e7\u00e3o Apost\u00f3lica<em> Amoris laetitia.<\/em><\/p>\n<p>Ao concluir, o Papa pediu \u00e0 Virgem Maria, que\u201d fa\u00e7a com que as fam\u00edlias de todo o mundo fiquem cada vez mais fascinadas pelo ideal evang\u00e9lico da Sagrada Fam\u00edlia, para assim se tornar fermento de nova humanidade e de uma nova solidariedade concreta e universal.\u201d<\/p>\n<p>A ora\u00e7\u00e3o de Francisco pelas fam\u00edlias marcadas pelas feridas da incompreens\u00e3o e da divis\u00e3o.<\/p>\n<p>Ap\u00f3s rezar o Angelus, ao saudar as fam\u00edlias, grupos e fi\u00e9is que acompanham pelos meios de comunica\u00e7\u00e3o, o Santo Padre dirigiu seu pensamento em particular \u201c\u00e0s fam\u00edlias que nos \u00faltimos meses perderam um familiar ou foram provadas pelas consequ\u00eancias da pandemia. Penso tamb\u00e9m nos m\u00e9dicos, enfermeiras e todo o pessoal de sa\u00fade cujo grande empenho na linha de frente do combate \u00e0 propaga\u00e7\u00e3o do v\u00edrus teve repercuss\u00f5es significativas na vida familiar\u201d.<\/p>\n<p>O Papa tamb\u00e9m confiou ao Senhor \u201ctodas as fam\u00edlias, especialmente as mais provadas pelas dificuldades da vida e pelas feridas da incompreens\u00e3o e da divis\u00e3o. O Senhor, nascido em Bel\u00e9m, conceda a todos a serenidade e a for\u00e7a para caminharem unidos no caminho do bem\u201d.<\/p>\n<hr \/>\n<p><em>Fonte: Vatican News (texto de Jackson Erpen)<\/em><\/p>\n","protected":false},"excerpt":{"rendered":"<p>Angelus<\/p>\n","protected":false},"author":3,"featured_media":230125,"comment_status":"open","ping_status":"open","sticky":false,"template":"","format":"standard","meta":[],"categories":[1428],"tags":[403],"acf":[],"yoast_head":"<!-- This site is optimized with the Yoast SEO plugin v19.2 - https:\/\/yoast.com\/wordpress\/plugins\/seo\/ -->\n<title>No Angelus, Papa anuncia Ano \u201cFam\u00edlia Amoris Laetitia\u201d - Not\u00edcias - Franciscanos<\/title>\n<meta name=\"robots\" content=\"index, follow, max-snippet:-1, max-image-preview:large, max-video-preview:-1\" \/>\n<link rel=\"canonical\" href=\"https:\/\/franciscanos.org.br\/noticias\/no-angelus-papa-anuncia-ano-familia-amoris-laetitia.html\" \/>\n<meta property=\"og:locale\" content=\"pt_BR\" \/>\n<meta property=\"og:type\" content=\"article\" \/>\n<meta property=\"og:title\" content=\"No Angelus, Papa anuncia Ano \u201cFam\u00edlia Amoris Laetitia\u201d - Not\u00edcias - Franciscanos\" \/>\n<meta property=\"og:description\" content=\"Angelus\" \/>\n<meta property=\"og:url\" content=\"https:\/\/franciscanos.org.br\/noticias\/no-angelus-papa-anuncia-ano-familia-amoris-laetitia.html\" \/>\n<meta property=\"og:site_name\" content=\"Not\u00edcias - Franciscanos\" \/>\n<meta property=\"article:published_time\" content=\"2020-12-27T12:26:58+00:00\" \/>\n<meta property=\"og:image\" content=\"https:\/\/franciscanos.org.br\/noticias\/wp-content\/uploads\/2020\/12\/angelus_27d.jpg\" \/>\n\t<meta property=\"og:image:width\" content=\"800\" \/>\n\t<meta property=\"og:image:height\" content=\"600\" \/>\n\t<meta property=\"og:image:type\" content=\"image\/jpeg\" \/>\n<meta name=\"author\" content=\"moacir\" \/>\n<meta name=\"twitter:card\" content=\"summary_large_image\" \/>\n<meta name=\"twitter:label1\" content=\"Escrito por\" \/>\n\t<meta name=\"twitter:data1\" content=\"moacir\" \/>\n\t<meta name=\"twitter:label2\" content=\"Est. tempo de leitura\" \/>\n\t<meta name=\"twitter:data2\" content=\"5 minutos\" \/>\n<script type=\"application\/ld+json\" class=\"yoast-schema-graph\">{\"@context\":\"https:\/\/schema.org\",\"@graph\":[{\"@type\":\"WebSite\",\"@id\":\"https:\/\/franciscanos.org.br\/noticias\/#website\",\"url\":\"https:\/\/franciscanos.org.br\/noticias\/\",\"name\":\"Not\u00edcias - Franciscanos\",\"description\":\"Prov\u00edncia Franciscana da Imaculada Concei\u00e7\u00e3o do Brasil - Ordem dos Frades Menores - OFM\",\"potentialAction\":[{\"@type\":\"SearchAction\",\"target\":{\"@type\":\"EntryPoint\",\"urlTemplate\":\"https:\/\/franciscanos.org.br\/noticias\/?s={search_term_string}\"},\"query-input\":\"required name=search_term_string\"}],\"inLanguage\":\"pt-BR\"},{\"@type\":\"ImageObject\",\"inLanguage\":\"pt-BR\",\"@id\":\"https:\/\/franciscanos.org.br\/noticias\/no-angelus-papa-anuncia-ano-familia-amoris-laetitia.html#primaryimage\",\"url\":\"https:\/\/franciscanos.org.br\/noticias\/wp-content\/uploads\/2020\/12\/angelus_27d.jpg\",\"contentUrl\":\"https:\/\/franciscanos.org.br\/noticias\/wp-content\/uploads\/2020\/12\/angelus_27d.jpg\",\"width\":800,\"height\":600},{\"@type\":\"WebPage\",\"@id\":\"https:\/\/franciscanos.org.br\/noticias\/no-angelus-papa-anuncia-ano-familia-amoris-laetitia.html#webpage\",\"url\":\"https:\/\/franciscanos.org.br\/noticias\/no-angelus-papa-anuncia-ano-familia-amoris-laetitia.html\",\"name\":\"No Angelus, Papa anuncia Ano \u201cFam\u00edlia Amoris Laetitia\u201d - Not\u00edcias - Franciscanos\",\"isPartOf\":{\"@id\":\"https:\/\/franciscanos.org.br\/noticias\/#website\"},\"primaryImageOfPage\":{\"@id\":\"https:\/\/franciscanos.org.br\/noticias\/no-angelus-papa-anuncia-ano-familia-amoris-laetitia.html#primaryimage\"},\"datePublished\":\"2020-12-27T12:26:58+00:00\",\"dateModified\":\"2020-12-27T12:26:58+00:00\",\"author\":{\"@id\":\"https:\/\/franciscanos.org.br\/noticias\/#\/schema\/person\/b5c8cba458c330ccff548b056e95a5d4\"},\"breadcrumb\":{\"@id\":\"https:\/\/franciscanos.org.br\/noticias\/no-angelus-papa-anuncia-ano-familia-amoris-laetitia.html#breadcrumb\"},\"inLanguage\":\"pt-BR\",\"potentialAction\":[{\"@type\":\"ReadAction\",\"target\":[\"https:\/\/franciscanos.org.br\/noticias\/no-angelus-papa-anuncia-ano-familia-amoris-laetitia.html\"]}]},{\"@type\":\"BreadcrumbList\",\"@id\":\"https:\/\/franciscanos.org.br\/noticias\/no-angelus-papa-anuncia-ano-familia-amoris-laetitia.html#breadcrumb\",\"itemListElement\":[{\"@type\":\"ListItem\",\"position\":1,\"name\":\"Home\",\"item\":\"https:\/\/franciscanos.org.br\/noticias\"},{\"@type\":\"ListItem\",\"position\":2,\"name\":\"No Angelus, Papa anuncia Ano \u201cFam\u00edlia Amoris Laetitia\u201d\"}]},{\"@type\":\"Person\",\"@id\":\"https:\/\/franciscanos.org.br\/noticias\/#\/schema\/person\/b5c8cba458c330ccff548b056e95a5d4\",\"name\":\"moacir\",\"image\":{\"@type\":\"ImageObject\",\"inLanguage\":\"pt-BR\",\"@id\":\"https:\/\/franciscanos.org.br\/noticias\/#\/schema\/person\/image\/\",\"url\":\"https:\/\/secure.gravatar.com\/avatar\/d08aa2ce4c8dd416d4479aa8536fcf64?s=96&d=mm&r=g\",\"contentUrl\":\"https:\/\/secure.gravatar.com\/avatar\/d08aa2ce4c8dd416d4479aa8536fcf64?s=96&d=mm&r=g\",\"caption\":\"moacir\"},\"url\":\"https:\/\/franciscanos.org.br\/noticias\/author\/moacir\"}]}<\/script>\n<!-- \/ Yoast SEO plugin. -->","yoast_head_json":{"title":"No Angelus, Papa anuncia Ano \u201cFam\u00edlia Amoris Laetitia\u201d - Not\u00edcias - Franciscanos","robots":{"index":"index","follow":"follow","max-snippet":"max-snippet:-1","max-image-preview":"max-image-preview:large","max-video-preview":"max-video-preview:-1"},"canonical":"https:\/\/franciscanos.org.br\/noticias\/no-angelus-papa-anuncia-ano-familia-amoris-laetitia.html","og_locale":"pt_BR","og_type":"article","og_title":"No Angelus, Papa anuncia Ano \u201cFam\u00edlia Amoris Laetitia\u201d - Not\u00edcias - Franciscanos","og_description":"Angelus","og_url":"https:\/\/franciscanos.org.br\/noticias\/no-angelus-papa-anuncia-ano-familia-amoris-laetitia.html","og_site_name":"Not\u00edcias - Franciscanos","article_published_time":"2020-12-27T12:26:58+00:00","og_image":[{"width":800,"height":600,"url":"https:\/\/franciscanos.org.br\/noticias\/wp-content\/uploads\/2020\/12\/angelus_27d.jpg","type":"image\/jpeg"}],"author":"moacir","twitter_card":"summary_large_image","twitter_misc":{"Escrito por":"moacir","Est. tempo de leitura":"5 minutos"},"schema":{"@context":"https:\/\/schema.org","@graph":[{"@type":"WebSite","@id":"https:\/\/franciscanos.org.br\/noticias\/#website","url":"https:\/\/franciscanos.org.br\/noticias\/","name":"Not\u00edcias - Franciscanos","description":"Prov\u00edncia Franciscana da Imaculada Concei\u00e7\u00e3o do Brasil - Ordem dos Frades Menores - OFM","potentialAction":[{"@type":"SearchAction","target":{"@type":"EntryPoint","urlTemplate":"https:\/\/franciscanos.org.br\/noticias\/?s={search_term_string}"},"query-input":"required name=search_term_string"}],"inLanguage":"pt-BR"},{"@type":"ImageObject","inLanguage":"pt-BR","@id":"https:\/\/franciscanos.org.br\/noticias\/no-angelus-papa-anuncia-ano-familia-amoris-laetitia.html#primaryimage","url":"https:\/\/franciscanos.org.br\/noticias\/wp-content\/uploads\/2020\/12\/angelus_27d.jpg","contentUrl":"https:\/\/franciscanos.org.br\/noticias\/wp-content\/uploads\/2020\/12\/angelus_27d.jpg","width":800,"height":600},{"@type":"WebPage","@id":"https:\/\/franciscanos.org.br\/noticias\/no-angelus-papa-anuncia-ano-familia-amoris-laetitia.html#webpage","url":"https:\/\/franciscanos.org.br\/noticias\/no-angelus-papa-anuncia-ano-familia-amoris-laetitia.html","name":"No Angelus, Papa anuncia Ano \u201cFam\u00edlia Amoris Laetitia\u201d - Not\u00edcias - Franciscanos","isPartOf":{"@id":"https:\/\/franciscanos.org.br\/noticias\/#website"},"primaryImageOfPage":{"@id":"https:\/\/franciscanos.org.br\/noticias\/no-angelus-papa-anuncia-ano-familia-amoris-laetitia.html#primaryimage"},"datePublished":"2020-12-27T12:26:58+00:00","dateModified":"2020-12-27T12:26:58+00:00","author":{"@id":"https:\/\/franciscanos.org.br\/noticias\/#\/schema\/person\/b5c8cba458c330ccff548b056e95a5d4"},"breadcrumb":{"@id":"https:\/\/franciscanos.org.br\/noticias\/no-angelus-papa-anuncia-ano-familia-amoris-laetitia.html#breadcrumb"},"inLanguage":"pt-BR","potentialAction":[{"@type":"ReadAction","target":["https:\/\/franciscanos.org.br\/noticias\/no-angelus-papa-anuncia-ano-familia-amoris-laetitia.html"]}]},{"@type":"BreadcrumbList","@id":"https:\/\/franciscanos.org.br\/noticias\/no-angelus-papa-anuncia-ano-familia-amoris-laetitia.html#breadcrumb","itemListElement":[{"@type":"ListItem","position":1,"name":"Home","item":"https:\/\/franciscanos.org.br\/noticias"},{"@type":"ListItem","position":2,"name":"No Angelus, Papa anuncia Ano \u201cFam\u00edlia Amoris Laetitia\u201d"}]},{"@type":"Person","@id":"https:\/\/franciscanos.org.br\/noticias\/#\/schema\/person\/b5c8cba458c330ccff548b056e95a5d4","name":"moacir","image":{"@type":"ImageObject","inLanguage":"pt-BR","@id":"https:\/\/franciscanos.org.br\/noticias\/#\/schema\/person\/image\/","url":"https:\/\/secure.gravatar.com\/avatar\/d08aa2ce4c8dd416d4479aa8536fcf64?s=96&d=mm&r=g","contentUrl":"https:\/\/secure.gravatar.com\/avatar\/d08aa2ce4c8dd416d4479aa8536fcf64?s=96&d=mm&r=g","caption":"moacir"},"url":"https:\/\/franciscanos.org.br\/noticias\/author\/moacir"}]}},"_links":{"self":[{"href":"https:\/\/franciscanos.org.br\/noticias\/wp-json\/wp\/v2\/posts\/230123"}],"collection":[{"href":"https:\/\/franciscanos.org.br\/noticias\/wp-json\/wp\/v2\/posts"}],"about":[{"href":"https:\/\/franciscanos.org.br\/noticias\/wp-json\/wp\/v2\/types\/post"}],"author":[{"embeddable":true,"href":"https:\/\/franciscanos.org.br\/noticias\/wp-json\/wp\/v2\/users\/3"}],"replies":[{"embeddable":true,"href":"https:\/\/franciscanos.org.br\/noticias\/wp-json\/wp\/v2\/comments?post=230123"}],"version-history":[{"count":1,"href":"https:\/\/franciscanos.org.br\/noticias\/wp-json\/wp\/v2\/posts\/230123\/revisions"}],"predecessor-version":[{"id":230126,"href":"https:\/\/franciscanos.org.br\/noticias\/wp-json\/wp\/v2\/posts\/230123\/revisions\/230126"}],"wp:featuredmedia":[{"embeddable":true,"href":"https:\/\/franciscanos.org.br\/noticias\/wp-json\/wp\/v2\/media\/230125"}],"wp:attachment":[{"href":"https:\/\/franciscanos.org.br\/noticias\/wp-json\/wp\/v2\/media?parent=230123"}],"wp:term":[{"taxonomy":"category","embeddable":true,"href":"https:\/\/franciscanos.org.br\/noticias\/wp-json\/wp\/v2\/categories?post=230123"},{"taxonomy":"post_tag","embeddable":true,"href":"https:\/\/franciscanos.org.br\/noticias\/wp-json\/wp\/v2\/tags?post=230123"}],"curies":[{"name":"wp","href":"https:\/\/api.w.org\/{rel}","templated":true}]}}