{"id":230115,"date":"2020-12-27T08:09:01","date_gmt":"2020-12-27T11:09:01","guid":{"rendered":"https:\/\/franciscanos.org.br\/noticias\/?p=230115"},"modified":"2020-12-27T08:34:29","modified_gmt":"2020-12-27T11:34:29","slug":"frei-cesar-frei-jose-e-frei-jose-lino-celebram-seus-jubileus-em-ituporanga","status":"publish","type":"post","link":"https:\/\/franciscanos.org.br\/noticias\/frei-cesar-frei-jose-e-frei-jose-lino-celebram-seus-jubileus-em-ituporanga.html","title":{"rendered":"Frei C\u00e9sar, Frei Jos\u00e9 e Frei Jos\u00e9 Lino celebram seus jubileus em Ituporanga"},"content":{"rendered":"<p><img loading=\"lazy\" class=\"alignnone size-full wp-image-230116\" src=\"https:\/\/franciscanos.org.br\/noticias\/wp-content\/uploads\/2020\/12\/jubileus_27_1.jpg\" alt=\"\" width=\"1200\" height=\"676\" srcset=\"https:\/\/franciscanos.org.br\/noticias\/wp-content\/uploads\/2020\/12\/jubileus_27_1.jpg 1200w, https:\/\/franciscanos.org.br\/noticias\/wp-content\/uploads\/2020\/12\/jubileus_27_1-450x254.jpg 450w, https:\/\/franciscanos.org.br\/noticias\/wp-content\/uploads\/2020\/12\/jubileus_27_1-1024x577.jpg 1024w, https:\/\/franciscanos.org.br\/noticias\/wp-content\/uploads\/2020\/12\/jubileus_27_1-768x433.jpg 768w, https:\/\/franciscanos.org.br\/noticias\/wp-content\/uploads\/2020\/12\/jubileus_27_1-150x85.jpg 150w\" sizes=\"(max-width: 1200px) 100vw, 1200px\" \/><\/p>\n<p><strong>Ituporanga (SC)<\/strong> &#8211; Na festa de Santo Est\u00eav\u00e3o (26\/12), Padroeiro da Par\u00f3quia de Ituporanga, tr\u00eas frades se reuniram durante a Celebra\u00e7\u00e3o Eucar\u00edstica, \u00e0s 19 horas, para celebrar e agradecer a Deus pelos seus jubileus.<\/p>\n<p>Segundo o p\u00e1roco Frei Evandro Balestrin, foi um dia especial para a comunidade de f\u00e9, pela festa do Padroeiro Santo Est\u00eav\u00e3o, e especialmente pelos jubileus de tr\u00eas filhos dessa terra: Frei Jos\u00e9 Boeing, 60 anos de vida religiosa; Frei Jos\u00e9 Lino L\u00fcckmann, 50 anos de sacerd\u00f3cio; e Frei C\u00e9sar K\u00fclkamp, 25 anos de vida sacerdotal.<\/p>\n<p>A celebra\u00e7\u00e3o reuniu tamb\u00e9m muitos frades da Prov\u00edncia, que neste per\u00edodo natalino visitam seus familiares no munic\u00edpio. Segundo o p\u00e1roco, s\u00e3o 17 frades naturais da regi\u00e3o, conhecida como a &#8220;Capital da Cebola&#8221;. Guardadas as devidas normas sanit\u00e1rias, muitos paroquianos, amigos e familiares participaram da Celebra\u00e7\u00e3o.<\/p>\n<p>O Ministro Provincial, Frei C\u00e9sar K\u00fclkamp, que j\u00e1 havia celebrado (29 de novembro) na Sede Provincial, em S\u00e3o Paulo, onde reside, escolheu esse dia para render gra\u00e7as a Deus por sua ordena\u00e7\u00e3o presbiteral, nesta mesma Matriz de Santo Est\u00eav\u00e3o, realizada no dia 16 de dezembro de 1995. Frei C\u00e9sar nasceu em Ituporanga no dia 26 de maio de 1969.<\/p>\n<p><img loading=\"lazy\" class=\"alignnone size-full wp-image-230117\" src=\"https:\/\/franciscanos.org.br\/noticias\/wp-content\/uploads\/2020\/12\/jubileus_27.jpg\" alt=\"\" width=\"1200\" height=\"674\" srcset=\"https:\/\/franciscanos.org.br\/noticias\/wp-content\/uploads\/2020\/12\/jubileus_27.jpg 1200w, https:\/\/franciscanos.org.br\/noticias\/wp-content\/uploads\/2020\/12\/jubileus_27-450x253.jpg 450w, https:\/\/franciscanos.org.br\/noticias\/wp-content\/uploads\/2020\/12\/jubileus_27-1024x575.jpg 1024w, https:\/\/franciscanos.org.br\/noticias\/wp-content\/uploads\/2020\/12\/jubileus_27-768x431.jpg 768w, https:\/\/franciscanos.org.br\/noticias\/wp-content\/uploads\/2020\/12\/jubileus_27-150x84.jpg 150w\" sizes=\"(max-width: 1200px) 100vw, 1200px\" \/><\/p>\n<p>Os tr\u00eas renovaram, nesta Santa Missa, o compromisso como sacerdote. Segundo o Ministro Provincial, nesta profiss\u00e3o renovaram como fraternidade a servi\u00e7o da evangeliza\u00e7\u00e3o na viv\u00eancia do Evangelho, a servi\u00e7o dos irm\u00e3os e irm\u00e3s. &#8220;N\u00f3s, hoje, professamos tamb\u00e9m a nossa f\u00e9 em Deus, Aquele que nos chama, Aquele que nos prepara, nos consagra e envia&#8221;, explicou.<\/p>\n<p>Na celebra\u00e7\u00e3o que tomou a liturgia da Festa da Sagrada Fam\u00edlia, Frei C\u00e9sar disse: &#8220;Hoje queremos tamb\u00e9m celebrar, acima de tudo, esta voca\u00e7\u00e3o t\u00e3o espec\u00edfica da fam\u00edlia&#8221;. Referindo-se ao Evangelho do dia, exortou: &#8220;Que a exemplo de Sime\u00e3o n\u00f3s possamos agarrar esse Menino, que na sua pequenez de crian\u00e7a, na fragilidade do pres\u00e9pio, nos anuncia que o caminho \u00e9 simples, \u00e9 pequeno. Que possamos, ent\u00e3o, agarrar esse Menino e traz\u00ea-lo para dentro das nossas fam\u00edlias, para que Ele seja tamb\u00e9m esperan\u00e7a. Para que Ele seja ilumina\u00e7\u00e3o de todas as realidades e seja para n\u00f3s a esperan\u00e7a&#8221;.<\/p>\n<div id=\"attachment_230120\" style=\"width: 1034px\" class=\"wp-caption alignnone\"><img aria-describedby=\"caption-attachment-230120\" loading=\"lazy\" class=\"wp-image-230120 size-full\" src=\"https:\/\/franciscanos.org.br\/noticias\/wp-content\/uploads\/2020\/12\/jubileus_cesar_27.jpg\" alt=\"\" width=\"1024\" height=\"675\" srcset=\"https:\/\/franciscanos.org.br\/noticias\/wp-content\/uploads\/2020\/12\/jubileus_cesar_27.jpg 1024w, https:\/\/franciscanos.org.br\/noticias\/wp-content\/uploads\/2020\/12\/jubileus_cesar_27-450x297.jpg 450w, https:\/\/franciscanos.org.br\/noticias\/wp-content\/uploads\/2020\/12\/jubileus_cesar_27-768x506.jpg 768w, https:\/\/franciscanos.org.br\/noticias\/wp-content\/uploads\/2020\/12\/jubileus_cesar_27-150x99.jpg 150w\" sizes=\"(max-width: 1024px) 100vw, 1024px\" \/><p id=\"caption-attachment-230120\" class=\"wp-caption-text\"><em>O abra\u00e7o dos pais de Frei C\u00e9sar: Reinilda e Fredolino K\u00fclkamp<\/em><\/p><\/div>\n<p>&#8220;E hoje, celebrando os jubileus, n\u00f3s tamb\u00e9m queremos celebrar a gratid\u00e3o. At\u00e9 pedi que cada um deles falasse um pouquinho, mas eles deixaram essa tarefa para mim.<\/p>\n<p>Ent\u00e3o, em nome dos tr\u00eas que celebramos esses jubileus, no dia do Padroeiro da Par\u00f3quia, queremos pedir com o cora\u00e7\u00e3o de pobre, que ele nos fa\u00e7a pobres e agradecidos, nos torne tamb\u00e9m unidos na realidade que nos faz, como toda a Igreja, uma s\u00f3 e sagrada fam\u00edlia. E que nesta fam\u00edlia aben\u00e7oe generosamente e abundantemente as nossas fam\u00edlias, as fam\u00edlias dessa Par\u00f3quia, as fam\u00edlias aqui presentes, as fam\u00edlias que nos acompanham nessa transmiss\u00e3o. E assim, com esse cora\u00e7\u00e3o aberto, generoso, possamos celebrar com alegria o Natal do Senhor, que deve renascer todos os dias nos nossos cora\u00e7\u00f5es&#8221;, festejou o Ministro Provincial.<\/p>\n<p>Frei Evandro, no final, destacou que hoje seria um dia de grandiosa festa na cidade, mas que devido \u00e0 pandemia o importante era a Eucaristia celebrada. Frei C\u00e9sar, ao fazer seus agradecimentos, lembrou que Frei Jos\u00e9 foi quem o batizou nesta Matriz.\u00a0 Frei Jos\u00e9 Lino, segundo o Ministro Provincial, foi seu formador. Agradeceu a todos e especialmente aos seus familiares. Disse que muitas pessoas gostariam de estar presente, mas orientou: &#8220;\u00c9 tempo de cuidado&#8221;.<\/p>\n","protected":false},"excerpt":{"rendered":"<p>Jubileus da Prov\u00edncia<\/p>\n","protected":false},"author":3,"featured_media":230118,"comment_status":"open","ping_status":"open","sticky":false,"template":"","format":"standard","meta":[],"categories":[1],"tags":[332],"acf":[],"yoast_head":"<!-- This site is optimized with the Yoast SEO plugin v19.2 - https:\/\/yoast.com\/wordpress\/plugins\/seo\/ -->\n<title>Frei C\u00e9sar, Frei Jos\u00e9 e Frei Jos\u00e9 Lino celebram seus jubileus em Ituporanga - Not\u00edcias - Franciscanos<\/title>\n<meta name=\"robots\" content=\"index, follow, max-snippet:-1, max-image-preview:large, max-video-preview:-1\" \/>\n<link rel=\"canonical\" href=\"https:\/\/franciscanos.org.br\/noticias\/frei-cesar-frei-jose-e-frei-jose-lino-celebram-seus-jubileus-em-ituporanga.html\" \/>\n<meta property=\"og:locale\" content=\"pt_BR\" \/>\n<meta property=\"og:type\" content=\"article\" \/>\n<meta property=\"og:title\" content=\"Frei C\u00e9sar, Frei Jos\u00e9 e Frei Jos\u00e9 Lino celebram seus jubileus em Ituporanga - Not\u00edcias - Franciscanos\" \/>\n<meta property=\"og:description\" content=\"Jubileus da Prov\u00edncia\" \/>\n<meta property=\"og:url\" content=\"https:\/\/franciscanos.org.br\/noticias\/frei-cesar-frei-jose-e-frei-jose-lino-celebram-seus-jubileus-em-ituporanga.html\" \/>\n<meta property=\"og:site_name\" content=\"Not\u00edcias - Franciscanos\" \/>\n<meta property=\"article:published_time\" content=\"2020-12-27T11:09:01+00:00\" \/>\n<meta property=\"article:modified_time\" content=\"2020-12-27T11:34:29+00:00\" \/>\n<meta property=\"og:image\" content=\"https:\/\/franciscanos.org.br\/noticias\/wp-content\/uploads\/2020\/12\/jubileus_d.jpg\" \/>\n\t<meta property=\"og:image:width\" content=\"800\" \/>\n\t<meta property=\"og:image:height\" content=\"600\" \/>\n\t<meta property=\"og:image:type\" content=\"image\/jpeg\" \/>\n<meta name=\"author\" content=\"moacir\" \/>\n<meta name=\"twitter:card\" content=\"summary_large_image\" \/>\n<meta name=\"twitter:label1\" content=\"Escrito por\" \/>\n\t<meta name=\"twitter:data1\" content=\"moacir\" \/>\n\t<meta name=\"twitter:label2\" content=\"Est. tempo de leitura\" \/>\n\t<meta name=\"twitter:data2\" content=\"3 minutos\" \/>\n<script type=\"application\/ld+json\" class=\"yoast-schema-graph\">{\"@context\":\"https:\/\/schema.org\",\"@graph\":[{\"@type\":\"WebSite\",\"@id\":\"https:\/\/franciscanos.org.br\/noticias\/#website\",\"url\":\"https:\/\/franciscanos.org.br\/noticias\/\",\"name\":\"Not\u00edcias - Franciscanos\",\"description\":\"Prov\u00edncia Franciscana da Imaculada Concei\u00e7\u00e3o do Brasil - Ordem dos Frades Menores - OFM\",\"potentialAction\":[{\"@type\":\"SearchAction\",\"target\":{\"@type\":\"EntryPoint\",\"urlTemplate\":\"https:\/\/franciscanos.org.br\/noticias\/?s={search_term_string}\"},\"query-input\":\"required name=search_term_string\"}],\"inLanguage\":\"pt-BR\"},{\"@type\":\"ImageObject\",\"inLanguage\":\"pt-BR\",\"@id\":\"https:\/\/franciscanos.org.br\/noticias\/frei-cesar-frei-jose-e-frei-jose-lino-celebram-seus-jubileus-em-ituporanga.html#primaryimage\",\"url\":\"https:\/\/franciscanos.org.br\/noticias\/wp-content\/uploads\/2020\/12\/jubileus_d.jpg\",\"contentUrl\":\"https:\/\/franciscanos.org.br\/noticias\/wp-content\/uploads\/2020\/12\/jubileus_d.jpg\",\"width\":800,\"height\":600},{\"@type\":\"WebPage\",\"@id\":\"https:\/\/franciscanos.org.br\/noticias\/frei-cesar-frei-jose-e-frei-jose-lino-celebram-seus-jubileus-em-ituporanga.html#webpage\",\"url\":\"https:\/\/franciscanos.org.br\/noticias\/frei-cesar-frei-jose-e-frei-jose-lino-celebram-seus-jubileus-em-ituporanga.html\",\"name\":\"Frei C\u00e9sar, Frei Jos\u00e9 e Frei Jos\u00e9 Lino celebram seus jubileus em Ituporanga - Not\u00edcias - Franciscanos\",\"isPartOf\":{\"@id\":\"https:\/\/franciscanos.org.br\/noticias\/#website\"},\"primaryImageOfPage\":{\"@id\":\"https:\/\/franciscanos.org.br\/noticias\/frei-cesar-frei-jose-e-frei-jose-lino-celebram-seus-jubileus-em-ituporanga.html#primaryimage\"},\"datePublished\":\"2020-12-27T11:09:01+00:00\",\"dateModified\":\"2020-12-27T11:34:29+00:00\",\"author\":{\"@id\":\"https:\/\/franciscanos.org.br\/noticias\/#\/schema\/person\/b5c8cba458c330ccff548b056e95a5d4\"},\"breadcrumb\":{\"@id\":\"https:\/\/franciscanos.org.br\/noticias\/frei-cesar-frei-jose-e-frei-jose-lino-celebram-seus-jubileus-em-ituporanga.html#breadcrumb\"},\"inLanguage\":\"pt-BR\",\"potentialAction\":[{\"@type\":\"ReadAction\",\"target\":[\"https:\/\/franciscanos.org.br\/noticias\/frei-cesar-frei-jose-e-frei-jose-lino-celebram-seus-jubileus-em-ituporanga.html\"]}]},{\"@type\":\"BreadcrumbList\",\"@id\":\"https:\/\/franciscanos.org.br\/noticias\/frei-cesar-frei-jose-e-frei-jose-lino-celebram-seus-jubileus-em-ituporanga.html#breadcrumb\",\"itemListElement\":[{\"@type\":\"ListItem\",\"position\":1,\"name\":\"Home\",\"item\":\"https:\/\/franciscanos.org.br\/noticias\"},{\"@type\":\"ListItem\",\"position\":2,\"name\":\"Frei C\u00e9sar, Frei Jos\u00e9 e Frei Jos\u00e9 Lino celebram seus jubileus em Ituporanga\"}]},{\"@type\":\"Person\",\"@id\":\"https:\/\/franciscanos.org.br\/noticias\/#\/schema\/person\/b5c8cba458c330ccff548b056e95a5d4\",\"name\":\"moacir\",\"image\":{\"@type\":\"ImageObject\",\"inLanguage\":\"pt-BR\",\"@id\":\"https:\/\/franciscanos.org.br\/noticias\/#\/schema\/person\/image\/\",\"url\":\"https:\/\/secure.gravatar.com\/avatar\/d08aa2ce4c8dd416d4479aa8536fcf64?s=96&d=mm&r=g\",\"contentUrl\":\"https:\/\/secure.gravatar.com\/avatar\/d08aa2ce4c8dd416d4479aa8536fcf64?s=96&d=mm&r=g\",\"caption\":\"moacir\"},\"url\":\"https:\/\/franciscanos.org.br\/noticias\/author\/moacir\"}]}<\/script>\n<!-- \/ Yoast SEO plugin. -->","yoast_head_json":{"title":"Frei C\u00e9sar, Frei Jos\u00e9 e Frei Jos\u00e9 Lino celebram seus jubileus em Ituporanga - Not\u00edcias - Franciscanos","robots":{"index":"index","follow":"follow","max-snippet":"max-snippet:-1","max-image-preview":"max-image-preview:large","max-video-preview":"max-video-preview:-1"},"canonical":"https:\/\/franciscanos.org.br\/noticias\/frei-cesar-frei-jose-e-frei-jose-lino-celebram-seus-jubileus-em-ituporanga.html","og_locale":"pt_BR","og_type":"article","og_title":"Frei C\u00e9sar, Frei Jos\u00e9 e Frei Jos\u00e9 Lino celebram seus jubileus em Ituporanga - Not\u00edcias - Franciscanos","og_description":"Jubileus da Prov\u00edncia","og_url":"https:\/\/franciscanos.org.br\/noticias\/frei-cesar-frei-jose-e-frei-jose-lino-celebram-seus-jubileus-em-ituporanga.html","og_site_name":"Not\u00edcias - Franciscanos","article_published_time":"2020-12-27T11:09:01+00:00","article_modified_time":"2020-12-27T11:34:29+00:00","og_image":[{"width":800,"height":600,"url":"https:\/\/franciscanos.org.br\/noticias\/wp-content\/uploads\/2020\/12\/jubileus_d.jpg","type":"image\/jpeg"}],"author":"moacir","twitter_card":"summary_large_image","twitter_misc":{"Escrito por":"moacir","Est. tempo de leitura":"3 minutos"},"schema":{"@context":"https:\/\/schema.org","@graph":[{"@type":"WebSite","@id":"https:\/\/franciscanos.org.br\/noticias\/#website","url":"https:\/\/franciscanos.org.br\/noticias\/","name":"Not\u00edcias - Franciscanos","description":"Prov\u00edncia Franciscana da Imaculada Concei\u00e7\u00e3o do Brasil - Ordem dos Frades Menores - OFM","potentialAction":[{"@type":"SearchAction","target":{"@type":"EntryPoint","urlTemplate":"https:\/\/franciscanos.org.br\/noticias\/?s={search_term_string}"},"query-input":"required name=search_term_string"}],"inLanguage":"pt-BR"},{"@type":"ImageObject","inLanguage":"pt-BR","@id":"https:\/\/franciscanos.org.br\/noticias\/frei-cesar-frei-jose-e-frei-jose-lino-celebram-seus-jubileus-em-ituporanga.html#primaryimage","url":"https:\/\/franciscanos.org.br\/noticias\/wp-content\/uploads\/2020\/12\/jubileus_d.jpg","contentUrl":"https:\/\/franciscanos.org.br\/noticias\/wp-content\/uploads\/2020\/12\/jubileus_d.jpg","width":800,"height":600},{"@type":"WebPage","@id":"https:\/\/franciscanos.org.br\/noticias\/frei-cesar-frei-jose-e-frei-jose-lino-celebram-seus-jubileus-em-ituporanga.html#webpage","url":"https:\/\/franciscanos.org.br\/noticias\/frei-cesar-frei-jose-e-frei-jose-lino-celebram-seus-jubileus-em-ituporanga.html","name":"Frei C\u00e9sar, Frei Jos\u00e9 e Frei Jos\u00e9 Lino celebram seus jubileus em Ituporanga - Not\u00edcias - Franciscanos","isPartOf":{"@id":"https:\/\/franciscanos.org.br\/noticias\/#website"},"primaryImageOfPage":{"@id":"https:\/\/franciscanos.org.br\/noticias\/frei-cesar-frei-jose-e-frei-jose-lino-celebram-seus-jubileus-em-ituporanga.html#primaryimage"},"datePublished":"2020-12-27T11:09:01+00:00","dateModified":"2020-12-27T11:34:29+00:00","author":{"@id":"https:\/\/franciscanos.org.br\/noticias\/#\/schema\/person\/b5c8cba458c330ccff548b056e95a5d4"},"breadcrumb":{"@id":"https:\/\/franciscanos.org.br\/noticias\/frei-cesar-frei-jose-e-frei-jose-lino-celebram-seus-jubileus-em-ituporanga.html#breadcrumb"},"inLanguage":"pt-BR","potentialAction":[{"@type":"ReadAction","target":["https:\/\/franciscanos.org.br\/noticias\/frei-cesar-frei-jose-e-frei-jose-lino-celebram-seus-jubileus-em-ituporanga.html"]}]},{"@type":"BreadcrumbList","@id":"https:\/\/franciscanos.org.br\/noticias\/frei-cesar-frei-jose-e-frei-jose-lino-celebram-seus-jubileus-em-ituporanga.html#breadcrumb","itemListElement":[{"@type":"ListItem","position":1,"name":"Home","item":"https:\/\/franciscanos.org.br\/noticias"},{"@type":"ListItem","position":2,"name":"Frei C\u00e9sar, Frei Jos\u00e9 e Frei Jos\u00e9 Lino celebram seus jubileus em Ituporanga"}]},{"@type":"Person","@id":"https:\/\/franciscanos.org.br\/noticias\/#\/schema\/person\/b5c8cba458c330ccff548b056e95a5d4","name":"moacir","image":{"@type":"ImageObject","inLanguage":"pt-BR","@id":"https:\/\/franciscanos.org.br\/noticias\/#\/schema\/person\/image\/","url":"https:\/\/secure.gravatar.com\/avatar\/d08aa2ce4c8dd416d4479aa8536fcf64?s=96&d=mm&r=g","contentUrl":"https:\/\/secure.gravatar.com\/avatar\/d08aa2ce4c8dd416d4479aa8536fcf64?s=96&d=mm&r=g","caption":"moacir"},"url":"https:\/\/franciscanos.org.br\/noticias\/author\/moacir"}]}},"_links":{"self":[{"href":"https:\/\/franciscanos.org.br\/noticias\/wp-json\/wp\/v2\/posts\/230115"}],"collection":[{"href":"https:\/\/franciscanos.org.br\/noticias\/wp-json\/wp\/v2\/posts"}],"about":[{"href":"https:\/\/franciscanos.org.br\/noticias\/wp-json\/wp\/v2\/types\/post"}],"author":[{"embeddable":true,"href":"https:\/\/franciscanos.org.br\/noticias\/wp-json\/wp\/v2\/users\/3"}],"replies":[{"embeddable":true,"href":"https:\/\/franciscanos.org.br\/noticias\/wp-json\/wp\/v2\/comments?post=230115"}],"version-history":[{"count":3,"href":"https:\/\/franciscanos.org.br\/noticias\/wp-json\/wp\/v2\/posts\/230115\/revisions"}],"predecessor-version":[{"id":230122,"href":"https:\/\/franciscanos.org.br\/noticias\/wp-json\/wp\/v2\/posts\/230115\/revisions\/230122"}],"wp:featuredmedia":[{"embeddable":true,"href":"https:\/\/franciscanos.org.br\/noticias\/wp-json\/wp\/v2\/media\/230118"}],"wp:attachment":[{"href":"https:\/\/franciscanos.org.br\/noticias\/wp-json\/wp\/v2\/media?parent=230115"}],"wp:term":[{"taxonomy":"category","embeddable":true,"href":"https:\/\/franciscanos.org.br\/noticias\/wp-json\/wp\/v2\/categories?post=230115"},{"taxonomy":"post_tag","embeddable":true,"href":"https:\/\/franciscanos.org.br\/noticias\/wp-json\/wp\/v2\/tags?post=230115"}],"curies":[{"name":"wp","href":"https:\/\/api.w.org\/{rel}","templated":true}]}}