{"id":230110,"date":"2020-12-26T11:43:09","date_gmt":"2020-12-26T14:43:09","guid":{"rendered":"https:\/\/franciscanos.org.br\/noticias\/?p=230110"},"modified":"2020-12-26T11:43:42","modified_gmt":"2020-12-26T14:43:42","slug":"na-festa-de-santo-estevao-papa-pede-oracao-pelos-perseguidos-pela-fe-em-jesus","status":"publish","type":"post","link":"https:\/\/franciscanos.org.br\/noticias\/na-festa-de-santo-estevao-papa-pede-oracao-pelos-perseguidos-pela-fe-em-jesus.html","title":{"rendered":"Na festa de Santo Est\u00eav\u00e3o, Papa pede ora\u00e7\u00e3o pelos perseguidos pela f\u00e9 em Jesus"},"content":{"rendered":"<div id=\"attachment_230111\" style=\"width: 1210px\" class=\"wp-caption alignnone\"><img aria-describedby=\"caption-attachment-230111\" loading=\"lazy\" class=\"wp-image-230111 size-full\" src=\"https:\/\/franciscanos.org.br\/noticias\/wp-content\/uploads\/2020\/12\/estevao_01.jpg\" alt=\"\" width=\"1200\" height=\"651\" srcset=\"https:\/\/franciscanos.org.br\/noticias\/wp-content\/uploads\/2020\/12\/estevao_01.jpg 1200w, https:\/\/franciscanos.org.br\/noticias\/wp-content\/uploads\/2020\/12\/estevao_01-450x244.jpg 450w, https:\/\/franciscanos.org.br\/noticias\/wp-content\/uploads\/2020\/12\/estevao_01-1024x556.jpg 1024w, https:\/\/franciscanos.org.br\/noticias\/wp-content\/uploads\/2020\/12\/estevao_01-768x417.jpg 768w, https:\/\/franciscanos.org.br\/noticias\/wp-content\/uploads\/2020\/12\/estevao_01-150x81.jpg 150w\" sizes=\"(max-width: 1200px) 100vw, 1200px\" \/><p id=\"caption-attachment-230111\" class=\"wp-caption-text\"><em>\u00a0 \u00a0 \u00a0 \u00a0 \u00a0 \u00a0 \u00a0 \u00a0 \u00a0 \u00a0 \u00a0 \u00a0 \u00a0 \u00a0 \u00a0 \u00a0 \u00a0 \u00a0 \u00a0 \u00a0 \u00a0 \u00a0 \u00a0 \u00a0 \u00a0 \u00a0 \u00a0 \u00a0 \u00a0 \u00a0 \u00a0 \u00a0 \u00a0 \u00a0 \u00a0 \u00a0 \u00a0 \u00a0 \u00a0 \u00a0 \u00a0 \u00a0 \u00a0 \u00a0 \u00a0 \u00a0 \u00a0 \u00a0 \u00a0 \u00a0 \u00a0 \u00a0 \u00a0 \u00a0 \u00a0 \u00a0 \u00a0 \u00a0 \u00a0 \u00a0 \u00a0 \u00a0 \u00a0 \u00a0 \u00a0 \u00a0 Imagem: Vatican Media<\/em><\/p><\/div>\n<p>\u201cSanto Est\u00eav\u00e3o, enquanto recebia as pedras do \u00f3dio, retribu\u00eda com palavras de perd\u00e3o. Assim mudou a hist\u00f3ria. Tamb\u00e9m n\u00f3s podemos a cada dia transformar o mal em bem\u201d.<\/p>\n<p>No Angelus na festa de Santo Est\u00eav\u00e3o, o Papa Francisco prop\u00f4s como modelo o testemunho do primeiro m\u00e1rtir do cristianismo, enfatizando que \u201cgestos de amor mudam a hist\u00f3ria, mesmo aqueles pequenos\u201d, e que \u201cDeus guia a hist\u00f3ria pela coragem humilde de quem reza, ama e perdoa.\u201d<\/p>\n<p>Com a Pra\u00e7a S\u00e3o Pedro praticamente deserta devido \u00e0s medidas adotadas pelo governo italiano neste per\u00edodo festivo, para conter o cont\u00e1gio do coronav\u00edrus, a ora\u00e7\u00e3o do Angelus neste s\u00e1bado foi rezada na Biblioteca do Pal\u00e1cio Apost\u00f3lico, e n\u00e3o da janela do apartamento pontif\u00edcio.<\/p>\n<p><strong>A testemunha reflete a luz de Jesus<\/strong><\/p>\n<p>Dirigindo-se a quem o acompanhava pelos meios de comunica\u00e7\u00e3o, o Pont\u00edfice come\u00e7ou falando de Santo Est\u00eav\u00e3o, como a \u201ctestemunha de Jesus\u201d, \u201cque brilha na escurid\u00e3o&#8221;, mas n\u00e3o tem luz pr\u00f3pria:<\/p>\n<p>As testemunhas brilham com a luz de Jesus, n\u00e3o t\u00eam luz pr\u00f3pria. Tamb\u00e9m a Igreja n\u00e3o tem luz pr\u00f3pria. Por isso os antigos Padres chamavam a Igreja de &#8220;o mist\u00e9rio da lua&#8221;. Como a lua n\u00e3o tem luz pr\u00f3pria, as testemunhas n\u00e3o t\u00eam luz pr\u00f3pria, s\u00e3o capazes de pegar a luz de Jesus e refleti-la. Est\u00eav\u00e3o \u00e9 falsamente acusado e brutalmente apedrejado, mas na escurid\u00e3o do \u00f3dio, que havia naquele tormento da lapida\u00e7\u00e3o, faz resplandecer a luz de Jesus: reza por seus assassinos e os perdoa, como Jesus na Cruz. \u00c9 o primeiro m\u00e1rtir, isto \u00e9, a primeira testemunha, o primeiro de uma lista de irm\u00e3os e irm\u00e3s que, at\u00e9 hoje, continuam a iluminar nas trevas: pessoas que respondem ao mal com o bem, que n\u00e3o cedem \u00e0 viol\u00eancia e \u00e0 mentira, mas quebram a espiral do \u00f3dio com a mansid\u00e3o do amor.<\/p>\n<p><strong>\u201cEssas testemunhas iluminam a aurora de Deus nas noites do mundo.\u201d<\/strong><\/p>\n<p>\u201cMas &#8211; pergunta Francisco &#8211; como se torna uma testemunha?\u201d. \u201cImitando Jesus, pegando luz de Jesus&#8221;, responde. &#8220;Esse \u00e9 o caminho para todo crist\u00e3o: imitar Jesus, pegar a luz de Jesus. Santo Est\u00eav\u00e3o d\u00e1-nos o exemplo (&#8230;). Ele tenta imitar o Senhor todos os dias e o faz at\u00e9 o final: como Jesus, \u00e9 capturado, condenado e morto fora da cidade e, como Jesus, reza e perdoa. Enquanto est\u00e1 sendo apedrejado, diz: \u00abSenhor, n\u00e3o lhes leve em conta esse pecado\u00bb. Est\u00eav\u00e3o \u00e9 testemunha porque imita Jesus\u201d.<\/p>\n<p><strong>Testemunho de Est\u00eav\u00e3o, semente da convers\u00e3o de Paulo<\/strong><\/p>\n<p>O Papa observa ent\u00e3o, que diante da maldade difusa no mundo, poderiam surgir questionamentos sobre a serventia desses testemunhos de bondade: \u201cQue serventia tem rezar e perdoar? Somente para dar um belo exemplo?\u201d:<\/p>\n<p>N\u00e3o, h\u00e1 muito mais. Descobrimos isso por um detalhe. Entre aqueles por quem Est\u00eav\u00e3o rezava e perdoava, havia, diz o texto, &#8220;um jovem, chamado Saulo&#8221; que &#8220;aprovava a sua morte&#8221;. Pouco depois, por gra\u00e7a de Deus, Saulo se converte, recebe a luz de Jesus, aceita-a, se converte e se torna Paulo, o maior mission\u00e1rio da hist\u00f3ria. Paulo nasce precisamente da gra\u00e7a de Deus, mas por meio do perd\u00e3o de Estev\u00e3o, por meio do testemunho de Est\u00eav\u00e3o. Eis a semente de sua convers\u00e3o. \u00c9 a prova de que os gestos de amor mudam a hist\u00f3ria: mesmo aqueles pequenos, escondidos, cotidianos.<\/p>\n<p>\u201cPorque Deus guia a hist\u00f3ria pela coragem humilde de quem reza, ama e perdoa. Tantos santos escondidos, os santos da porta ao lado, testemunhos escondidos de vida, com pequenos gestos de amor mudam a vida\u201d<\/p>\n<p>Pequenos gestos que deixam a luz de Jesus entrar e mudam a hist\u00f3ria<\/p>\n<p>Ser testemunhas de Jesus, vale tamb\u00e9m para n\u00f3s ressalta o Papa:\u00a0<em>O Senhor deseja que fa\u00e7amos da vida uma obra extraordin\u00e1ria por meio de gestos ordin\u00e1rios, os gestos de cada dia. Ali onde vivemos, em fam\u00edlia, no trabalho, onde quer que seja, somos chamados a ser testemunhas de Jesus, ainda que apenas dando a luz de um sorriso, luz que n\u00e3o \u00e9 nossa, \u00e9 de Jesus e mesmo somente fugindo das sombras das fofocas e dos mexericos. E depois, quando vemos algo que n\u00e3o est\u00e1 certo, ao inv\u00e9s de criticar, falar pelas costas e reclamar, rezemos por quem errou e por aquela situa\u00e7\u00e3o dif\u00edcil. E quando surge uma discuss\u00e3o em casa, em vez de tentar prevalecer, procuremos desarmar; e recome\u00e7ar a cada vez, perdoando quem ofendeu. Pequenas coisas, mas mudam a hist\u00f3ria, porque abrem a porta, abrem a janela para a luz de Jesus.<\/em><\/p>\n<p>\u201cSanto Est\u00eav\u00e3o, enquanto recebia as pedras do \u00f3dio, retribu\u00eda com palavras de perd\u00e3o. Assim mudou a hist\u00f3ria.\u201d<\/p>\n<p>Tamb\u00e9m n\u00f3s podemos a cada dia transformar o mal em bem, como sugere um belo prov\u00e9rbio que diz: &#8220;Fa\u00e7a como a palmeira: atiram pedras nela e ela deixa cair t\u00e2maras&#8221;.<\/p>\n<p><strong>Ora\u00e7\u00e3o pelos crist\u00e3os perseguidos, em maior n\u00famero que nos primeiros tempos<\/strong><\/p>\n<p>O Pont\u00edfice concluiu sua reflex\u00e3o, pedindo ora\u00e7\u00f5es por todos aqueles que sofrem pela f\u00e9 professada em Jesus:<\/p>\n<p>Rezemos hoje por aqueles que sofrem persegui\u00e7\u00e3o por causa do nome de Jesus. S\u00e3o muitos, infelizmente. S\u00e3o mais do que nos primeiros tempos da Igreja. Confiemos \u00e0 Nossa Senhora esses nossos irm\u00e3os e irm\u00e3s, que respondem \u00e0 opress\u00e3o com a mansid\u00e3o e, como verdadeiras testemunhas de Jesus, vencem o mal com o bem.<\/p>\n<hr \/>\n<p><em>Fonte: Vatican News (texto de Jackson Erpen)<\/em><\/p>\n","protected":false},"excerpt":{"rendered":"<p>Angelus<\/p>\n","protected":false},"author":3,"featured_media":230112,"comment_status":"open","ping_status":"open","sticky":false,"template":"","format":"standard","meta":[],"categories":[1428],"tags":[403],"acf":[],"yoast_head":"<!-- This site is optimized with the Yoast SEO plugin v19.2 - https:\/\/yoast.com\/wordpress\/plugins\/seo\/ -->\n<title>Na festa de Santo Est\u00eav\u00e3o, Papa pede ora\u00e7\u00e3o pelos perseguidos pela f\u00e9 em Jesus - Not\u00edcias - Franciscanos<\/title>\n<meta name=\"robots\" content=\"index, follow, max-snippet:-1, max-image-preview:large, max-video-preview:-1\" \/>\n<link rel=\"canonical\" href=\"https:\/\/franciscanos.org.br\/noticias\/na-festa-de-santo-estevao-papa-pede-oracao-pelos-perseguidos-pela-fe-em-jesus.html\" \/>\n<meta property=\"og:locale\" content=\"pt_BR\" \/>\n<meta property=\"og:type\" content=\"article\" \/>\n<meta property=\"og:title\" content=\"Na festa de Santo Est\u00eav\u00e3o, Papa pede ora\u00e7\u00e3o pelos perseguidos pela f\u00e9 em Jesus - Not\u00edcias - Franciscanos\" \/>\n<meta property=\"og:description\" content=\"Angelus\" \/>\n<meta property=\"og:url\" content=\"https:\/\/franciscanos.org.br\/noticias\/na-festa-de-santo-estevao-papa-pede-oracao-pelos-perseguidos-pela-fe-em-jesus.html\" \/>\n<meta property=\"og:site_name\" content=\"Not\u00edcias - Franciscanos\" \/>\n<meta property=\"article:published_time\" content=\"2020-12-26T14:43:09+00:00\" \/>\n<meta property=\"article:modified_time\" content=\"2020-12-26T14:43:42+00:00\" \/>\n<meta property=\"og:image\" content=\"https:\/\/franciscanos.org.br\/noticias\/wp-content\/uploads\/2020\/12\/estevao_d.jpg\" \/>\n\t<meta property=\"og:image:width\" content=\"800\" \/>\n\t<meta property=\"og:image:height\" content=\"599\" \/>\n\t<meta property=\"og:image:type\" content=\"image\/jpeg\" \/>\n<meta name=\"author\" content=\"moacir\" \/>\n<meta name=\"twitter:card\" content=\"summary_large_image\" \/>\n<meta name=\"twitter:label1\" content=\"Escrito por\" \/>\n\t<meta name=\"twitter:data1\" content=\"moacir\" \/>\n\t<meta name=\"twitter:label2\" content=\"Est. tempo de leitura\" \/>\n\t<meta name=\"twitter:data2\" content=\"5 minutos\" \/>\n<script type=\"application\/ld+json\" class=\"yoast-schema-graph\">{\"@context\":\"https:\/\/schema.org\",\"@graph\":[{\"@type\":\"WebSite\",\"@id\":\"https:\/\/franciscanos.org.br\/noticias\/#website\",\"url\":\"https:\/\/franciscanos.org.br\/noticias\/\",\"name\":\"Not\u00edcias - Franciscanos\",\"description\":\"Prov\u00edncia Franciscana da Imaculada Concei\u00e7\u00e3o do Brasil - Ordem dos Frades Menores - OFM\",\"potentialAction\":[{\"@type\":\"SearchAction\",\"target\":{\"@type\":\"EntryPoint\",\"urlTemplate\":\"https:\/\/franciscanos.org.br\/noticias\/?s={search_term_string}\"},\"query-input\":\"required name=search_term_string\"}],\"inLanguage\":\"pt-BR\"},{\"@type\":\"ImageObject\",\"inLanguage\":\"pt-BR\",\"@id\":\"https:\/\/franciscanos.org.br\/noticias\/na-festa-de-santo-estevao-papa-pede-oracao-pelos-perseguidos-pela-fe-em-jesus.html#primaryimage\",\"url\":\"https:\/\/franciscanos.org.br\/noticias\/wp-content\/uploads\/2020\/12\/estevao_d.jpg\",\"contentUrl\":\"https:\/\/franciscanos.org.br\/noticias\/wp-content\/uploads\/2020\/12\/estevao_d.jpg\",\"width\":800,\"height\":599},{\"@type\":\"WebPage\",\"@id\":\"https:\/\/franciscanos.org.br\/noticias\/na-festa-de-santo-estevao-papa-pede-oracao-pelos-perseguidos-pela-fe-em-jesus.html#webpage\",\"url\":\"https:\/\/franciscanos.org.br\/noticias\/na-festa-de-santo-estevao-papa-pede-oracao-pelos-perseguidos-pela-fe-em-jesus.html\",\"name\":\"Na festa de Santo Est\u00eav\u00e3o, Papa pede ora\u00e7\u00e3o pelos perseguidos pela f\u00e9 em Jesus - Not\u00edcias - Franciscanos\",\"isPartOf\":{\"@id\":\"https:\/\/franciscanos.org.br\/noticias\/#website\"},\"primaryImageOfPage\":{\"@id\":\"https:\/\/franciscanos.org.br\/noticias\/na-festa-de-santo-estevao-papa-pede-oracao-pelos-perseguidos-pela-fe-em-jesus.html#primaryimage\"},\"datePublished\":\"2020-12-26T14:43:09+00:00\",\"dateModified\":\"2020-12-26T14:43:42+00:00\",\"author\":{\"@id\":\"https:\/\/franciscanos.org.br\/noticias\/#\/schema\/person\/b5c8cba458c330ccff548b056e95a5d4\"},\"breadcrumb\":{\"@id\":\"https:\/\/franciscanos.org.br\/noticias\/na-festa-de-santo-estevao-papa-pede-oracao-pelos-perseguidos-pela-fe-em-jesus.html#breadcrumb\"},\"inLanguage\":\"pt-BR\",\"potentialAction\":[{\"@type\":\"ReadAction\",\"target\":[\"https:\/\/franciscanos.org.br\/noticias\/na-festa-de-santo-estevao-papa-pede-oracao-pelos-perseguidos-pela-fe-em-jesus.html\"]}]},{\"@type\":\"BreadcrumbList\",\"@id\":\"https:\/\/franciscanos.org.br\/noticias\/na-festa-de-santo-estevao-papa-pede-oracao-pelos-perseguidos-pela-fe-em-jesus.html#breadcrumb\",\"itemListElement\":[{\"@type\":\"ListItem\",\"position\":1,\"name\":\"Home\",\"item\":\"https:\/\/franciscanos.org.br\/noticias\"},{\"@type\":\"ListItem\",\"position\":2,\"name\":\"Na festa de Santo Est\u00eav\u00e3o, Papa pede ora\u00e7\u00e3o pelos perseguidos pela f\u00e9 em Jesus\"}]},{\"@type\":\"Person\",\"@id\":\"https:\/\/franciscanos.org.br\/noticias\/#\/schema\/person\/b5c8cba458c330ccff548b056e95a5d4\",\"name\":\"moacir\",\"image\":{\"@type\":\"ImageObject\",\"inLanguage\":\"pt-BR\",\"@id\":\"https:\/\/franciscanos.org.br\/noticias\/#\/schema\/person\/image\/\",\"url\":\"https:\/\/secure.gravatar.com\/avatar\/d08aa2ce4c8dd416d4479aa8536fcf64?s=96&d=mm&r=g\",\"contentUrl\":\"https:\/\/secure.gravatar.com\/avatar\/d08aa2ce4c8dd416d4479aa8536fcf64?s=96&d=mm&r=g\",\"caption\":\"moacir\"},\"url\":\"https:\/\/franciscanos.org.br\/noticias\/author\/moacir\"}]}<\/script>\n<!-- \/ Yoast SEO plugin. -->","yoast_head_json":{"title":"Na festa de Santo Est\u00eav\u00e3o, Papa pede ora\u00e7\u00e3o pelos perseguidos pela f\u00e9 em Jesus - Not\u00edcias - Franciscanos","robots":{"index":"index","follow":"follow","max-snippet":"max-snippet:-1","max-image-preview":"max-image-preview:large","max-video-preview":"max-video-preview:-1"},"canonical":"https:\/\/franciscanos.org.br\/noticias\/na-festa-de-santo-estevao-papa-pede-oracao-pelos-perseguidos-pela-fe-em-jesus.html","og_locale":"pt_BR","og_type":"article","og_title":"Na festa de Santo Est\u00eav\u00e3o, Papa pede ora\u00e7\u00e3o pelos perseguidos pela f\u00e9 em Jesus - Not\u00edcias - Franciscanos","og_description":"Angelus","og_url":"https:\/\/franciscanos.org.br\/noticias\/na-festa-de-santo-estevao-papa-pede-oracao-pelos-perseguidos-pela-fe-em-jesus.html","og_site_name":"Not\u00edcias - Franciscanos","article_published_time":"2020-12-26T14:43:09+00:00","article_modified_time":"2020-12-26T14:43:42+00:00","og_image":[{"width":800,"height":599,"url":"https:\/\/franciscanos.org.br\/noticias\/wp-content\/uploads\/2020\/12\/estevao_d.jpg","type":"image\/jpeg"}],"author":"moacir","twitter_card":"summary_large_image","twitter_misc":{"Escrito por":"moacir","Est. tempo de leitura":"5 minutos"},"schema":{"@context":"https:\/\/schema.org","@graph":[{"@type":"WebSite","@id":"https:\/\/franciscanos.org.br\/noticias\/#website","url":"https:\/\/franciscanos.org.br\/noticias\/","name":"Not\u00edcias - Franciscanos","description":"Prov\u00edncia Franciscana da Imaculada Concei\u00e7\u00e3o do Brasil - Ordem dos Frades Menores - OFM","potentialAction":[{"@type":"SearchAction","target":{"@type":"EntryPoint","urlTemplate":"https:\/\/franciscanos.org.br\/noticias\/?s={search_term_string}"},"query-input":"required name=search_term_string"}],"inLanguage":"pt-BR"},{"@type":"ImageObject","inLanguage":"pt-BR","@id":"https:\/\/franciscanos.org.br\/noticias\/na-festa-de-santo-estevao-papa-pede-oracao-pelos-perseguidos-pela-fe-em-jesus.html#primaryimage","url":"https:\/\/franciscanos.org.br\/noticias\/wp-content\/uploads\/2020\/12\/estevao_d.jpg","contentUrl":"https:\/\/franciscanos.org.br\/noticias\/wp-content\/uploads\/2020\/12\/estevao_d.jpg","width":800,"height":599},{"@type":"WebPage","@id":"https:\/\/franciscanos.org.br\/noticias\/na-festa-de-santo-estevao-papa-pede-oracao-pelos-perseguidos-pela-fe-em-jesus.html#webpage","url":"https:\/\/franciscanos.org.br\/noticias\/na-festa-de-santo-estevao-papa-pede-oracao-pelos-perseguidos-pela-fe-em-jesus.html","name":"Na festa de Santo Est\u00eav\u00e3o, Papa pede ora\u00e7\u00e3o pelos perseguidos pela f\u00e9 em Jesus - Not\u00edcias - Franciscanos","isPartOf":{"@id":"https:\/\/franciscanos.org.br\/noticias\/#website"},"primaryImageOfPage":{"@id":"https:\/\/franciscanos.org.br\/noticias\/na-festa-de-santo-estevao-papa-pede-oracao-pelos-perseguidos-pela-fe-em-jesus.html#primaryimage"},"datePublished":"2020-12-26T14:43:09+00:00","dateModified":"2020-12-26T14:43:42+00:00","author":{"@id":"https:\/\/franciscanos.org.br\/noticias\/#\/schema\/person\/b5c8cba458c330ccff548b056e95a5d4"},"breadcrumb":{"@id":"https:\/\/franciscanos.org.br\/noticias\/na-festa-de-santo-estevao-papa-pede-oracao-pelos-perseguidos-pela-fe-em-jesus.html#breadcrumb"},"inLanguage":"pt-BR","potentialAction":[{"@type":"ReadAction","target":["https:\/\/franciscanos.org.br\/noticias\/na-festa-de-santo-estevao-papa-pede-oracao-pelos-perseguidos-pela-fe-em-jesus.html"]}]},{"@type":"BreadcrumbList","@id":"https:\/\/franciscanos.org.br\/noticias\/na-festa-de-santo-estevao-papa-pede-oracao-pelos-perseguidos-pela-fe-em-jesus.html#breadcrumb","itemListElement":[{"@type":"ListItem","position":1,"name":"Home","item":"https:\/\/franciscanos.org.br\/noticias"},{"@type":"ListItem","position":2,"name":"Na festa de Santo Est\u00eav\u00e3o, Papa pede ora\u00e7\u00e3o pelos perseguidos pela f\u00e9 em Jesus"}]},{"@type":"Person","@id":"https:\/\/franciscanos.org.br\/noticias\/#\/schema\/person\/b5c8cba458c330ccff548b056e95a5d4","name":"moacir","image":{"@type":"ImageObject","inLanguage":"pt-BR","@id":"https:\/\/franciscanos.org.br\/noticias\/#\/schema\/person\/image\/","url":"https:\/\/secure.gravatar.com\/avatar\/d08aa2ce4c8dd416d4479aa8536fcf64?s=96&d=mm&r=g","contentUrl":"https:\/\/secure.gravatar.com\/avatar\/d08aa2ce4c8dd416d4479aa8536fcf64?s=96&d=mm&r=g","caption":"moacir"},"url":"https:\/\/franciscanos.org.br\/noticias\/author\/moacir"}]}},"_links":{"self":[{"href":"https:\/\/franciscanos.org.br\/noticias\/wp-json\/wp\/v2\/posts\/230110"}],"collection":[{"href":"https:\/\/franciscanos.org.br\/noticias\/wp-json\/wp\/v2\/posts"}],"about":[{"href":"https:\/\/franciscanos.org.br\/noticias\/wp-json\/wp\/v2\/types\/post"}],"author":[{"embeddable":true,"href":"https:\/\/franciscanos.org.br\/noticias\/wp-json\/wp\/v2\/users\/3"}],"replies":[{"embeddable":true,"href":"https:\/\/franciscanos.org.br\/noticias\/wp-json\/wp\/v2\/comments?post=230110"}],"version-history":[{"count":2,"href":"https:\/\/franciscanos.org.br\/noticias\/wp-json\/wp\/v2\/posts\/230110\/revisions"}],"predecessor-version":[{"id":230114,"href":"https:\/\/franciscanos.org.br\/noticias\/wp-json\/wp\/v2\/posts\/230110\/revisions\/230114"}],"wp:featuredmedia":[{"embeddable":true,"href":"https:\/\/franciscanos.org.br\/noticias\/wp-json\/wp\/v2\/media\/230112"}],"wp:attachment":[{"href":"https:\/\/franciscanos.org.br\/noticias\/wp-json\/wp\/v2\/media?parent=230110"}],"wp:term":[{"taxonomy":"category","embeddable":true,"href":"https:\/\/franciscanos.org.br\/noticias\/wp-json\/wp\/v2\/categories?post=230110"},{"taxonomy":"post_tag","embeddable":true,"href":"https:\/\/franciscanos.org.br\/noticias\/wp-json\/wp\/v2\/tags?post=230110"}],"curies":[{"name":"wp","href":"https:\/\/api.w.org\/{rel}","templated":true}]}}