{"id":230095,"date":"2020-12-25T09:10:24","date_gmt":"2020-12-25T12:10:24","guid":{"rendered":"https:\/\/franciscanos.org.br\/noticias\/?p=230095"},"modified":"2020-12-25T09:11:13","modified_gmt":"2020-12-25T12:11:13","slug":"papa-jesus-nasce-para-todos-nao-so-para-alguns","status":"publish","type":"post","link":"https:\/\/franciscanos.org.br\/noticias\/papa-jesus-nasce-para-todos-nao-so-para-alguns.html","title":{"rendered":"Papa: Jesus nasce para todos, n\u00e3o s\u00f3 para alguns"},"content":{"rendered":"<div id=\"attachment_230096\" style=\"width: 1290px\" class=\"wp-caption alignnone\"><img aria-describedby=\"caption-attachment-230096\" loading=\"lazy\" class=\"wp-image-230096 size-full\" src=\"https:\/\/franciscanos.org.br\/noticias\/wp-content\/uploads\/2020\/12\/urbi3.jpg\" alt=\"\" width=\"1280\" height=\"720\" srcset=\"https:\/\/franciscanos.org.br\/noticias\/wp-content\/uploads\/2020\/12\/urbi3.jpg 1280w, https:\/\/franciscanos.org.br\/noticias\/wp-content\/uploads\/2020\/12\/urbi3-450x253.jpg 450w, https:\/\/franciscanos.org.br\/noticias\/wp-content\/uploads\/2020\/12\/urbi3-1024x576.jpg 1024w, https:\/\/franciscanos.org.br\/noticias\/wp-content\/uploads\/2020\/12\/urbi3-768x432.jpg 768w, https:\/\/franciscanos.org.br\/noticias\/wp-content\/uploads\/2020\/12\/urbi3-150x84.jpg 150w\" sizes=\"(max-width: 1280px) 100vw, 1280px\" \/><p id=\"caption-attachment-230096\" class=\"wp-caption-text\"><em>\u00a0 \u00a0 \u00a0 \u00a0 \u00a0 \u00a0 \u00a0 \u00a0 \u00a0 \u00a0 \u00a0 \u00a0 \u00a0 \u00a0 \u00a0 \u00a0 \u00a0 \u00a0 \u00a0 \u00a0 \u00a0 \u00a0 \u00a0 \u00a0 \u00a0 \u00a0 \u00a0 \u00a0 \u00a0 \u00a0 \u00a0 \u00a0 \u00a0 \u00a0 \u00a0 \u00a0 \u00a0 \u00a0 \u00a0 \u00a0 \u00a0 \u00a0 \u00a0 \u00a0 \u00a0 \u00a0 \u00a0 \u00a0 \u00a0 \u00a0 \u00a0 \u00a0 \u00a0 \u00a0 \u00a0 \u00a0 \u00a0 \u00a0 \u00a0 \u00a0 \u00a0 \u00a0 \u00a0 \u00a0 \u00a0 \u00a0 \u00a0 \u00a0 \u00a0 \u00a0 \u00a0 \u00a0 Imagem: Vatican Media<\/em><\/p><\/div>\n<p>No dia de Natal, o Papa Francisco concedeu a tradicional b\u00ean\u00e7\u00e3o <strong>Urbi et Orbi<\/strong>, desta vez n\u00e3o da sacada central da Bas\u00edlica de S\u00e3o Pedro, mas a poucos metros do local, na Sala das B\u00ean\u00e7\u00e3os.<\/p>\n<p>A Pra\u00e7a S\u00e3o Pedro n\u00e3o est\u00e1 fechada, mas as pessoas n\u00e3o podem circular devido ao <em>lockdown<\/em> decretado pelo governo italiano nos dias de festas.<\/p>\n<p>Como sempre, a b\u00ean\u00e7\u00e3o \u00e9 antecedida por uma longa mensagem em que o Pont\u00edfice faz seus votos de Feliz Natal a todos os pa\u00edses e regi\u00f5es que vivem per\u00edodos conturbados.<\/p>\n<p><strong>Fraternidade mais necess\u00e1ria do que nunca<\/strong><br \/>\nDesta vez, a mensagem teve como fio condutor a \u00faltima Enc\u00edclica publicada pelo Papa Francisco, \u201cFratelli tutti\u201d.<\/p>\n<p>\u201cO nascimento \u00e9 sempre fonte de esperan\u00e7a, \u00e9 vida que desabrocha, \u00e9 promessa de futuro. E este Menino \u2013 Jesus \u2013 \u00abnasceu para n\u00f3s\u00bb: um \u00abn\u00f3s\u00bb sem fronteiras, sem privil\u00e9gios nem exclus\u00f5es.\u201d<\/p>\n<p>Gra\u00e7as a este Ele, todos podemos nos dirigir a Deus e cham\u00e1-lo de \u00abPai\u00bb. Assim, e todos podemos ser realmente irm\u00e3os: \u201cde continentes diversos, de qualquer l\u00edngua e cultura, com as nossas identidades e diferen\u00e7as, mas todos irm\u00e3os e irm\u00e3s\u201d.<\/p>\n<p>Neste momento hist\u00f3rico marcado pela crise ecol\u00f3gica e por graves desequil\u00edbrios econ\u00f4micos e sociais, agravados pela pandemia, o Papa considera a fraternidade como valor mais necess\u00e1rio do que nunca. N\u00e3o uma fraternidade feita de ideais abstratos mas baseada no amor real, capaz de compadecer-me dos sofrimentos alheios, mesmo que o outro n\u00e3o seja da minha fam\u00edlia, da minha etnia, da minha religi\u00e3o.<\/p>\n<p><strong>Vacina para todos<\/strong><br \/>\nO primeiro pensamento do Papa foi \u00e0s pessoas mais fr\u00e1geis, os doentes e quantos neste tempo se encontram desempregados ou em graves dificuldades pelas consequ\u00eancias econ\u00f4micas da pandemia, \u201cbem como as mulheres que nestes meses de confinamento sofreram viol\u00eancias dom\u00e9sticas\u201d.<\/p>\n<p>Francisco renovou seu apelo aos governantes para que a todos seja garantido o acesso \u00e0s vacinas e aos tratamentos.<\/p>\n<p>\u201cNo Natal, celebramos a luz de Cristo que vem hoje ao mundo e Ele vem para todos: n\u00e3o s\u00f3 para alguns. Hoje, neste tempo de escurid\u00e3o e incertezas pela pandemia, aparecem v\u00e1rias luzes de esperan\u00e7a, como a descoberta das vacinas.\u201d<\/p>\n<p><strong>A dor da guerra<\/strong><br \/>\nO Papa fez um apelo tamb\u00e9m em prol de tantas crian\u00e7as que em todo o mundo, especialmente na S\u00edria, Iraque e I\u00e9men, ainda pagam o alto pre\u00e7o da guerra.<\/p>\n<p>A S\u00edria foi novamente citada junto aos pa\u00edses que no Oriente M\u00e9dio e no Mediterr\u00e2neo oriental sofrem com tens\u00f5es, como o Iraque, em particular os<em> yazidis<\/em>, a L\u00edbia, Israel, Palestina e o L\u00edbano.<\/p>\n<p>O Pont\u00edfice mencionou ainda Nagorno-Karabakh, bem como as regi\u00f5es orientais da Ucr\u00e2nia. Na \u00c1frica, o apelo de paz foi feito em prol de Burkina Faso, Mali, N\u00edger e Eti\u00f3pia.<\/p>\n<p>O Papa dirigiu um pensamento especial aos habitantes da regi\u00e3o de Cabo Delgado, no norte de Mo\u00e7ambique, v\u00edtimas da viol\u00eancia do terrorismo internacional. Sud\u00e3o do Sul, Nig\u00e9ria e Camar\u00f5es tamb\u00e9m foram exortados a continuar pelo caminho da fraternidade e do di\u00e1logo.<\/p>\n<p><strong>Esperan\u00e7a para o continente americano<\/strong><br \/>\nQuanto \u00e0 Am\u00e9rica, Francisco fez votos de esperan\u00e7a, j\u00e1 que o continente foi particularmente afetado pelo coronav\u00edrus, \u201cque exacerbou os in\u00fameros sofrimentos que o oprimem, muitas vezes agravados pelas consequ\u00eancias da corrup\u00e7\u00e3o e do narcotr\u00e1fico\u201d.<\/p>\n<p>Nomeadamente, citou o Chile, para que supere as recentes tens\u00f5es sociais, e a Venezuela, para que ponha fim ao sofrimento.<\/p>\n<p>Na \u00c1sia, pediu a prote\u00e7\u00e3o de Deus \u00e0s popula\u00e7\u00f5es flageladas por calamidades naturais, sobretudo nas Filipinas e Vietn\u00e3, e n\u00e3o esqueceu do povo <em>Rohingya<\/em>: \u201cJesus, nascido pobre entre os pobres, leve esperan\u00e7a \u00e0s suas tribula\u00e7\u00f5es\u201d.<\/p>\n<p>Redescobrir a fam\u00edlia como ber\u00e7o de vida<br \/>\nQueridos irm\u00e3os e irm\u00e3s, concluiu Francisco, \u201cresignar-se \u00e0 viol\u00eancia e \u00e0 injusti\u00e7a significaria recusar a alegria e a esperan\u00e7a do Natal\u201d.<\/p>\n<p>\u201cNeste dia de festa, dirijo uma sauda\u00e7\u00e3o particular a todas as pessoas que n\u00e3o se deixam subjugar pelas circunst\u00e2ncias adversas, mas esfor\u00e7am-se por levar esperan\u00e7a, consola\u00e7\u00e3o e ajuda, socorrendo quem sofre e acompanhando quem est\u00e1 sozinho.\u201d<\/p>\n<p>Por fim, o \u00faltimo pensamento do Papa foi \u00e0s fam\u00edlias que hoje n\u00e3o podem se reunir. \u201cPara todos, seja o Natal a ocasi\u00e3o prop\u00edcia para redescobrirem a fam\u00edlia como ber\u00e7o de vida e de f\u00e9. Feliz Natal para todos!\u201d<\/p>\n<hr \/>\n<p><em>Fonte: Vatican News (texto de Bianca Fraccalvieri )<\/em><\/p>\n","protected":false},"excerpt":{"rendered":"<p>B\u00ean\u00e7\u00e3o Urbi et Orbi<\/p>\n","protected":false},"author":3,"featured_media":230097,"comment_status":"open","ping_status":"open","sticky":false,"template":"","format":"standard","meta":[],"categories":[1428],"tags":[1544],"acf":[],"yoast_head":"<!-- This site is optimized with the Yoast SEO plugin v19.2 - https:\/\/yoast.com\/wordpress\/plugins\/seo\/ -->\n<title>Papa: Jesus nasce para todos, n\u00e3o s\u00f3 para alguns - Not\u00edcias - Franciscanos<\/title>\n<meta name=\"robots\" content=\"index, follow, max-snippet:-1, max-image-preview:large, max-video-preview:-1\" \/>\n<link rel=\"canonical\" href=\"https:\/\/franciscanos.org.br\/noticias\/papa-jesus-nasce-para-todos-nao-so-para-alguns.html\" \/>\n<meta property=\"og:locale\" content=\"pt_BR\" \/>\n<meta property=\"og:type\" content=\"article\" \/>\n<meta property=\"og:title\" content=\"Papa: Jesus nasce para todos, n\u00e3o s\u00f3 para alguns - Not\u00edcias - Franciscanos\" \/>\n<meta property=\"og:description\" content=\"B\u00ean\u00e7\u00e3o Urbi et Orbi\" \/>\n<meta property=\"og:url\" content=\"https:\/\/franciscanos.org.br\/noticias\/papa-jesus-nasce-para-todos-nao-so-para-alguns.html\" \/>\n<meta property=\"og:site_name\" content=\"Not\u00edcias - Franciscanos\" \/>\n<meta property=\"article:published_time\" content=\"2020-12-25T12:10:24+00:00\" \/>\n<meta property=\"article:modified_time\" content=\"2020-12-25T12:11:13+00:00\" \/>\n<meta property=\"og:image\" content=\"https:\/\/franciscanos.org.br\/noticias\/wp-content\/uploads\/2020\/12\/urbi3d.jpg\" \/>\n\t<meta property=\"og:image:width\" content=\"800\" \/>\n\t<meta property=\"og:image:height\" content=\"600\" \/>\n\t<meta property=\"og:image:type\" content=\"image\/jpeg\" \/>\n<meta name=\"author\" content=\"moacir\" \/>\n<meta name=\"twitter:card\" content=\"summary_large_image\" \/>\n<meta name=\"twitter:label1\" content=\"Escrito por\" \/>\n\t<meta name=\"twitter:data1\" content=\"moacir\" \/>\n\t<meta name=\"twitter:label2\" content=\"Est. tempo de leitura\" \/>\n\t<meta name=\"twitter:data2\" content=\"4 minutos\" \/>\n<script type=\"application\/ld+json\" class=\"yoast-schema-graph\">{\"@context\":\"https:\/\/schema.org\",\"@graph\":[{\"@type\":\"WebSite\",\"@id\":\"https:\/\/franciscanos.org.br\/noticias\/#website\",\"url\":\"https:\/\/franciscanos.org.br\/noticias\/\",\"name\":\"Not\u00edcias - Franciscanos\",\"description\":\"Prov\u00edncia Franciscana da Imaculada Concei\u00e7\u00e3o do Brasil - Ordem dos Frades Menores - OFM\",\"potentialAction\":[{\"@type\":\"SearchAction\",\"target\":{\"@type\":\"EntryPoint\",\"urlTemplate\":\"https:\/\/franciscanos.org.br\/noticias\/?s={search_term_string}\"},\"query-input\":\"required name=search_term_string\"}],\"inLanguage\":\"pt-BR\"},{\"@type\":\"ImageObject\",\"inLanguage\":\"pt-BR\",\"@id\":\"https:\/\/franciscanos.org.br\/noticias\/papa-jesus-nasce-para-todos-nao-so-para-alguns.html#primaryimage\",\"url\":\"https:\/\/franciscanos.org.br\/noticias\/wp-content\/uploads\/2020\/12\/urbi3d.jpg\",\"contentUrl\":\"https:\/\/franciscanos.org.br\/noticias\/wp-content\/uploads\/2020\/12\/urbi3d.jpg\",\"width\":800,\"height\":600},{\"@type\":\"WebPage\",\"@id\":\"https:\/\/franciscanos.org.br\/noticias\/papa-jesus-nasce-para-todos-nao-so-para-alguns.html#webpage\",\"url\":\"https:\/\/franciscanos.org.br\/noticias\/papa-jesus-nasce-para-todos-nao-so-para-alguns.html\",\"name\":\"Papa: Jesus nasce para todos, n\u00e3o s\u00f3 para alguns - Not\u00edcias - Franciscanos\",\"isPartOf\":{\"@id\":\"https:\/\/franciscanos.org.br\/noticias\/#website\"},\"primaryImageOfPage\":{\"@id\":\"https:\/\/franciscanos.org.br\/noticias\/papa-jesus-nasce-para-todos-nao-so-para-alguns.html#primaryimage\"},\"datePublished\":\"2020-12-25T12:10:24+00:00\",\"dateModified\":\"2020-12-25T12:11:13+00:00\",\"author\":{\"@id\":\"https:\/\/franciscanos.org.br\/noticias\/#\/schema\/person\/b5c8cba458c330ccff548b056e95a5d4\"},\"breadcrumb\":{\"@id\":\"https:\/\/franciscanos.org.br\/noticias\/papa-jesus-nasce-para-todos-nao-so-para-alguns.html#breadcrumb\"},\"inLanguage\":\"pt-BR\",\"potentialAction\":[{\"@type\":\"ReadAction\",\"target\":[\"https:\/\/franciscanos.org.br\/noticias\/papa-jesus-nasce-para-todos-nao-so-para-alguns.html\"]}]},{\"@type\":\"BreadcrumbList\",\"@id\":\"https:\/\/franciscanos.org.br\/noticias\/papa-jesus-nasce-para-todos-nao-so-para-alguns.html#breadcrumb\",\"itemListElement\":[{\"@type\":\"ListItem\",\"position\":1,\"name\":\"Home\",\"item\":\"https:\/\/franciscanos.org.br\/noticias\"},{\"@type\":\"ListItem\",\"position\":2,\"name\":\"Papa: Jesus nasce para todos, n\u00e3o s\u00f3 para alguns\"}]},{\"@type\":\"Person\",\"@id\":\"https:\/\/franciscanos.org.br\/noticias\/#\/schema\/person\/b5c8cba458c330ccff548b056e95a5d4\",\"name\":\"moacir\",\"image\":{\"@type\":\"ImageObject\",\"inLanguage\":\"pt-BR\",\"@id\":\"https:\/\/franciscanos.org.br\/noticias\/#\/schema\/person\/image\/\",\"url\":\"https:\/\/secure.gravatar.com\/avatar\/d08aa2ce4c8dd416d4479aa8536fcf64?s=96&d=mm&r=g\",\"contentUrl\":\"https:\/\/secure.gravatar.com\/avatar\/d08aa2ce4c8dd416d4479aa8536fcf64?s=96&d=mm&r=g\",\"caption\":\"moacir\"},\"url\":\"https:\/\/franciscanos.org.br\/noticias\/author\/moacir\"}]}<\/script>\n<!-- \/ Yoast SEO plugin. -->","yoast_head_json":{"title":"Papa: Jesus nasce para todos, n\u00e3o s\u00f3 para alguns - Not\u00edcias - Franciscanos","robots":{"index":"index","follow":"follow","max-snippet":"max-snippet:-1","max-image-preview":"max-image-preview:large","max-video-preview":"max-video-preview:-1"},"canonical":"https:\/\/franciscanos.org.br\/noticias\/papa-jesus-nasce-para-todos-nao-so-para-alguns.html","og_locale":"pt_BR","og_type":"article","og_title":"Papa: Jesus nasce para todos, n\u00e3o s\u00f3 para alguns - Not\u00edcias - Franciscanos","og_description":"B\u00ean\u00e7\u00e3o Urbi et Orbi","og_url":"https:\/\/franciscanos.org.br\/noticias\/papa-jesus-nasce-para-todos-nao-so-para-alguns.html","og_site_name":"Not\u00edcias - Franciscanos","article_published_time":"2020-12-25T12:10:24+00:00","article_modified_time":"2020-12-25T12:11:13+00:00","og_image":[{"width":800,"height":600,"url":"https:\/\/franciscanos.org.br\/noticias\/wp-content\/uploads\/2020\/12\/urbi3d.jpg","type":"image\/jpeg"}],"author":"moacir","twitter_card":"summary_large_image","twitter_misc":{"Escrito por":"moacir","Est. tempo de leitura":"4 minutos"},"schema":{"@context":"https:\/\/schema.org","@graph":[{"@type":"WebSite","@id":"https:\/\/franciscanos.org.br\/noticias\/#website","url":"https:\/\/franciscanos.org.br\/noticias\/","name":"Not\u00edcias - Franciscanos","description":"Prov\u00edncia Franciscana da Imaculada Concei\u00e7\u00e3o do Brasil - Ordem dos Frades Menores - OFM","potentialAction":[{"@type":"SearchAction","target":{"@type":"EntryPoint","urlTemplate":"https:\/\/franciscanos.org.br\/noticias\/?s={search_term_string}"},"query-input":"required name=search_term_string"}],"inLanguage":"pt-BR"},{"@type":"ImageObject","inLanguage":"pt-BR","@id":"https:\/\/franciscanos.org.br\/noticias\/papa-jesus-nasce-para-todos-nao-so-para-alguns.html#primaryimage","url":"https:\/\/franciscanos.org.br\/noticias\/wp-content\/uploads\/2020\/12\/urbi3d.jpg","contentUrl":"https:\/\/franciscanos.org.br\/noticias\/wp-content\/uploads\/2020\/12\/urbi3d.jpg","width":800,"height":600},{"@type":"WebPage","@id":"https:\/\/franciscanos.org.br\/noticias\/papa-jesus-nasce-para-todos-nao-so-para-alguns.html#webpage","url":"https:\/\/franciscanos.org.br\/noticias\/papa-jesus-nasce-para-todos-nao-so-para-alguns.html","name":"Papa: Jesus nasce para todos, n\u00e3o s\u00f3 para alguns - Not\u00edcias - Franciscanos","isPartOf":{"@id":"https:\/\/franciscanos.org.br\/noticias\/#website"},"primaryImageOfPage":{"@id":"https:\/\/franciscanos.org.br\/noticias\/papa-jesus-nasce-para-todos-nao-so-para-alguns.html#primaryimage"},"datePublished":"2020-12-25T12:10:24+00:00","dateModified":"2020-12-25T12:11:13+00:00","author":{"@id":"https:\/\/franciscanos.org.br\/noticias\/#\/schema\/person\/b5c8cba458c330ccff548b056e95a5d4"},"breadcrumb":{"@id":"https:\/\/franciscanos.org.br\/noticias\/papa-jesus-nasce-para-todos-nao-so-para-alguns.html#breadcrumb"},"inLanguage":"pt-BR","potentialAction":[{"@type":"ReadAction","target":["https:\/\/franciscanos.org.br\/noticias\/papa-jesus-nasce-para-todos-nao-so-para-alguns.html"]}]},{"@type":"BreadcrumbList","@id":"https:\/\/franciscanos.org.br\/noticias\/papa-jesus-nasce-para-todos-nao-so-para-alguns.html#breadcrumb","itemListElement":[{"@type":"ListItem","position":1,"name":"Home","item":"https:\/\/franciscanos.org.br\/noticias"},{"@type":"ListItem","position":2,"name":"Papa: Jesus nasce para todos, n\u00e3o s\u00f3 para alguns"}]},{"@type":"Person","@id":"https:\/\/franciscanos.org.br\/noticias\/#\/schema\/person\/b5c8cba458c330ccff548b056e95a5d4","name":"moacir","image":{"@type":"ImageObject","inLanguage":"pt-BR","@id":"https:\/\/franciscanos.org.br\/noticias\/#\/schema\/person\/image\/","url":"https:\/\/secure.gravatar.com\/avatar\/d08aa2ce4c8dd416d4479aa8536fcf64?s=96&d=mm&r=g","contentUrl":"https:\/\/secure.gravatar.com\/avatar\/d08aa2ce4c8dd416d4479aa8536fcf64?s=96&d=mm&r=g","caption":"moacir"},"url":"https:\/\/franciscanos.org.br\/noticias\/author\/moacir"}]}},"_links":{"self":[{"href":"https:\/\/franciscanos.org.br\/noticias\/wp-json\/wp\/v2\/posts\/230095"}],"collection":[{"href":"https:\/\/franciscanos.org.br\/noticias\/wp-json\/wp\/v2\/posts"}],"about":[{"href":"https:\/\/franciscanos.org.br\/noticias\/wp-json\/wp\/v2\/types\/post"}],"author":[{"embeddable":true,"href":"https:\/\/franciscanos.org.br\/noticias\/wp-json\/wp\/v2\/users\/3"}],"replies":[{"embeddable":true,"href":"https:\/\/franciscanos.org.br\/noticias\/wp-json\/wp\/v2\/comments?post=230095"}],"version-history":[{"count":2,"href":"https:\/\/franciscanos.org.br\/noticias\/wp-json\/wp\/v2\/posts\/230095\/revisions"}],"predecessor-version":[{"id":230099,"href":"https:\/\/franciscanos.org.br\/noticias\/wp-json\/wp\/v2\/posts\/230095\/revisions\/230099"}],"wp:featuredmedia":[{"embeddable":true,"href":"https:\/\/franciscanos.org.br\/noticias\/wp-json\/wp\/v2\/media\/230097"}],"wp:attachment":[{"href":"https:\/\/franciscanos.org.br\/noticias\/wp-json\/wp\/v2\/media?parent=230095"}],"wp:term":[{"taxonomy":"category","embeddable":true,"href":"https:\/\/franciscanos.org.br\/noticias\/wp-json\/wp\/v2\/categories?post=230095"},{"taxonomy":"post_tag","embeddable":true,"href":"https:\/\/franciscanos.org.br\/noticias\/wp-json\/wp\/v2\/tags?post=230095"}],"curies":[{"name":"wp","href":"https:\/\/api.w.org\/{rel}","templated":true}]}}