{"id":230071,"date":"2020-12-21T09:45:31","date_gmt":"2020-12-21T12:45:31","guid":{"rendered":"https:\/\/franciscanos.org.br\/noticias\/?p=230071"},"modified":"2020-12-21T14:23:48","modified_gmt":"2020-12-21T17:23:48","slug":"mensagem-do-ministro-provincial-por-ocasiao-do-natal","status":"publish","type":"post","link":"https:\/\/franciscanos.org.br\/noticias\/mensagem-do-ministro-provincial-por-ocasiao-do-natal.html","title":{"rendered":"Mensagem do Ministro Provincial por ocasi\u00e3o do Natal"},"content":{"rendered":"<p><img loading=\"lazy\" class=\"alignnone wp-image-230072 size-full\" src=\"https:\/\/franciscanos.org.br\/noticias\/wp-content\/uploads\/2020\/12\/1280x720.png\" alt=\"\" width=\"1280\" height=\"720\" srcset=\"https:\/\/franciscanos.org.br\/noticias\/wp-content\/uploads\/2020\/12\/1280x720.png 1280w, https:\/\/franciscanos.org.br\/noticias\/wp-content\/uploads\/2020\/12\/1280x720-450x253.png 450w, https:\/\/franciscanos.org.br\/noticias\/wp-content\/uploads\/2020\/12\/1280x720-1024x576.png 1024w, https:\/\/franciscanos.org.br\/noticias\/wp-content\/uploads\/2020\/12\/1280x720-768x432.png 768w, https:\/\/franciscanos.org.br\/noticias\/wp-content\/uploads\/2020\/12\/1280x720-150x84.png 150w\" sizes=\"(max-width: 1280px) 100vw, 1280px\" \/><\/p>\n<p>Caros confrades de todas as Fraternidades da Prov\u00edncia da Imaculada Concei\u00e7\u00e3o, confrades das outras entidades da nossa Confer\u00eancia dos Ministros Provinciais do Brasil e do Cone Sul, das demais obedi\u00eancias franciscanas, queridas Irm\u00e3s Clarissas e Concepcionistas, religiosas e religiosos franciscanos, irm\u00e3s e irm\u00e3os da Ordem Franciscana Secular, juventude franciscana, nossos queridos benfeitores e os tantos irm\u00e3os e irm\u00e3s que participam de nossa vida e de nossa miss\u00e3o nas cinco Frentes de Evangeliza\u00e7\u00e3o da Prov\u00edncia, na proximidade com o carisma franciscano ou com nossas fraternidades,<\/p>\n<p>a todos voc\u00eas,<\/p>\n<p>Paz e Bem!<\/p>\n<p>Mais um Natal se aproxima. Certamente, bastante diferente de outros que vivemos at\u00e9 aqui. Afinal, seguimos preocupados e inseguros por conta do longo tempo de pandemia que estamos atravessando. A situa\u00e7\u00e3o permanece preocupante e grave, e por isso devemos seguir tomando todos os cuidados necess\u00e1rios.<\/p>\n<p>Se o v\u00edrus nos assusta, por outro lado ele pode tamb\u00e9m nos tornar mais sens\u00edveis e humildes, capazes de compreender melhor a proposta do Natal. Afinal, o Menino envolto em panos e depositado sobre as palhas \u00e9 presen\u00e7a de Deus \u201ctodo poderoso\u201d que decidiu se fazer \u201ctodo fragilidade\u201d entre n\u00f3s.<\/p>\n<p>A cena do pres\u00e9pio, que a todos n\u00f3s encanta e emociona, deve tamb\u00e9m despertar em nosso cora\u00e7\u00e3o o sentido de cuidado m\u00fatuo e aten\u00e7\u00e3o rec\u00edproca. Mais do que em ocasi\u00f5es de normalidade, torna-se maior o compromisso de estarmos atentos \u00e0s necessidades uns dos outros, socorrendo e amparando nossos irm\u00e3os e irm\u00e3s que t\u00eam vivido duras experi\u00eancias de perda e de dor.<\/p>\n<p>Na dureza da pandemia, fazer brilhar a esperan\u00e7a do Natal \u00e9 tarefa de todos n\u00f3s. No Natal de 2020, Jesus pode nascer em cada telefonema ou mensagem de consolo a quem perdeu um ente querido pr\u00f3ximo. O Menino de Bel\u00e9m tamb\u00e9m se faz presen\u00e7a na partilha dos dons e alimentos com aqueles que est\u00e3o em dificuldade de atender \u00e0s pr\u00f3prias necessidades mais fundamentais. O cuidado atento e amoroso de Maria e Jos\u00e9 se atualizam na postura \u00e9tica, solid\u00e1ria e respons\u00e1vel de mantermos o respeito \u00e0s normas do distanciamento social.<\/p>\n<p>Olhando para o ano que passou e iluminados pelo sentido do Natal do Senhor que est\u00e1 bem perto, rendamos gra\u00e7as a Deus por caminhar ao nosso lado nas duras experi\u00eancias que vivemos em 2020. Desejamos tamb\u00e9m lan\u00e7ar nosso olhar de esperan\u00e7a para o ano de 2021. O momento ainda \u00e9 de grande cuidado e aten\u00e7\u00e3o pela vida. Queremos nos manter cuidadosos, mas firmes e esperan\u00e7osos.<\/p>\n<p><em>Como mensagem de alento e esperan\u00e7a, partilho um belo pensamento do Papa Francisco sobre o mist\u00e9rio do Natal:<\/em><\/p>\n<p><strong><em>\u201cNesta noite, do ventre da m\u00e3e Igreja, nasceu de novo o Filho de Deus feito homem. O seu nome \u00e9 Jesus, que significa Deus salva. O Pai, Amor eterno e infinito, enviou-O ao mundo, n\u00e3o para condenar o mundo, mas para o salvar (cf.\u00a0Jo\u00a03, 17). O Pai no-Lo deu, com imensa miseric\u00f3rdia; deu-O para todos; deu-O para sempre. E Ele nasceu como uma chamazinha acesa na escurid\u00e3o e no frio da noite\u201d.<\/em><\/strong><\/p>\n<p>Desejo, de todo cora\u00e7\u00e3o, a voc\u00ea e \u00e0 sua fam\u00edlia, fraternidade e comunidade, um Santo Natal e um ano novo repleto das mais generosas b\u00ean\u00e7\u00e3os de Deus.<\/p>\n<h3>Feliz Natal! Aben\u00e7oado 2021! Paz e Bem!<\/h3>\n<p><iframe loading=\"lazy\" src=\"https:\/\/www.youtube.com\/embed\/NW8HhuD6HIk\" width=\"100%\" height=\"480\" frameborder=\"0\" allowfullscreen=\"allowfullscreen\"><\/iframe><\/p>\n","protected":false},"excerpt":{"rendered":"<p>Mensagem de Natal<\/p>\n","protected":false},"author":3,"featured_media":230073,"comment_status":"open","ping_status":"open","sticky":false,"template":"","format":"standard","meta":[],"categories":[1],"tags":[1179],"acf":[],"yoast_head":"<!-- This site is optimized with the Yoast SEO plugin v19.2 - https:\/\/yoast.com\/wordpress\/plugins\/seo\/ -->\n<title>Mensagem do Ministro Provincial por ocasi\u00e3o do Natal - Not\u00edcias - Franciscanos<\/title>\n<meta name=\"robots\" content=\"index, follow, max-snippet:-1, max-image-preview:large, max-video-preview:-1\" \/>\n<link rel=\"canonical\" href=\"https:\/\/franciscanos.org.br\/noticias\/mensagem-do-ministro-provincial-por-ocasiao-do-natal.html\" \/>\n<meta property=\"og:locale\" content=\"pt_BR\" \/>\n<meta property=\"og:type\" content=\"article\" \/>\n<meta property=\"og:title\" content=\"Mensagem do Ministro Provincial por ocasi\u00e3o do Natal - Not\u00edcias - Franciscanos\" \/>\n<meta property=\"og:description\" content=\"Mensagem de Natal\" \/>\n<meta property=\"og:url\" content=\"https:\/\/franciscanos.org.br\/noticias\/mensagem-do-ministro-provincial-por-ocasiao-do-natal.html\" \/>\n<meta property=\"og:site_name\" content=\"Not\u00edcias - Franciscanos\" \/>\n<meta property=\"article:published_time\" content=\"2020-12-21T12:45:31+00:00\" \/>\n<meta property=\"article:modified_time\" content=\"2020-12-21T17:23:48+00:00\" \/>\n<meta property=\"og:image\" content=\"https:\/\/franciscanos.org.br\/noticias\/wp-content\/uploads\/2020\/12\/800x600.png\" \/>\n\t<meta property=\"og:image:width\" content=\"800\" \/>\n\t<meta property=\"og:image:height\" content=\"600\" \/>\n\t<meta property=\"og:image:type\" content=\"image\/png\" \/>\n<meta name=\"author\" content=\"moacir\" \/>\n<meta name=\"twitter:card\" content=\"summary_large_image\" \/>\n<meta name=\"twitter:label1\" content=\"Escrito por\" \/>\n\t<meta name=\"twitter:data1\" content=\"moacir\" \/>\n\t<meta name=\"twitter:label2\" content=\"Est. tempo de leitura\" \/>\n\t<meta name=\"twitter:data2\" content=\"3 minutos\" \/>\n<script type=\"application\/ld+json\" class=\"yoast-schema-graph\">{\"@context\":\"https:\/\/schema.org\",\"@graph\":[{\"@type\":\"WebSite\",\"@id\":\"https:\/\/franciscanos.org.br\/noticias\/#website\",\"url\":\"https:\/\/franciscanos.org.br\/noticias\/\",\"name\":\"Not\u00edcias - Franciscanos\",\"description\":\"Prov\u00edncia Franciscana da Imaculada Concei\u00e7\u00e3o do Brasil - Ordem dos Frades Menores - OFM\",\"potentialAction\":[{\"@type\":\"SearchAction\",\"target\":{\"@type\":\"EntryPoint\",\"urlTemplate\":\"https:\/\/franciscanos.org.br\/noticias\/?s={search_term_string}\"},\"query-input\":\"required name=search_term_string\"}],\"inLanguage\":\"pt-BR\"},{\"@type\":\"ImageObject\",\"inLanguage\":\"pt-BR\",\"@id\":\"https:\/\/franciscanos.org.br\/noticias\/mensagem-do-ministro-provincial-por-ocasiao-do-natal.html#primaryimage\",\"url\":\"https:\/\/franciscanos.org.br\/noticias\/wp-content\/uploads\/2020\/12\/800x600.png\",\"contentUrl\":\"https:\/\/franciscanos.org.br\/noticias\/wp-content\/uploads\/2020\/12\/800x600.png\",\"width\":800,\"height\":600},{\"@type\":\"WebPage\",\"@id\":\"https:\/\/franciscanos.org.br\/noticias\/mensagem-do-ministro-provincial-por-ocasiao-do-natal.html#webpage\",\"url\":\"https:\/\/franciscanos.org.br\/noticias\/mensagem-do-ministro-provincial-por-ocasiao-do-natal.html\",\"name\":\"Mensagem do Ministro Provincial por ocasi\u00e3o do Natal - Not\u00edcias - Franciscanos\",\"isPartOf\":{\"@id\":\"https:\/\/franciscanos.org.br\/noticias\/#website\"},\"primaryImageOfPage\":{\"@id\":\"https:\/\/franciscanos.org.br\/noticias\/mensagem-do-ministro-provincial-por-ocasiao-do-natal.html#primaryimage\"},\"datePublished\":\"2020-12-21T12:45:31+00:00\",\"dateModified\":\"2020-12-21T17:23:48+00:00\",\"author\":{\"@id\":\"https:\/\/franciscanos.org.br\/noticias\/#\/schema\/person\/b5c8cba458c330ccff548b056e95a5d4\"},\"breadcrumb\":{\"@id\":\"https:\/\/franciscanos.org.br\/noticias\/mensagem-do-ministro-provincial-por-ocasiao-do-natal.html#breadcrumb\"},\"inLanguage\":\"pt-BR\",\"potentialAction\":[{\"@type\":\"ReadAction\",\"target\":[\"https:\/\/franciscanos.org.br\/noticias\/mensagem-do-ministro-provincial-por-ocasiao-do-natal.html\"]}]},{\"@type\":\"BreadcrumbList\",\"@id\":\"https:\/\/franciscanos.org.br\/noticias\/mensagem-do-ministro-provincial-por-ocasiao-do-natal.html#breadcrumb\",\"itemListElement\":[{\"@type\":\"ListItem\",\"position\":1,\"name\":\"Home\",\"item\":\"https:\/\/franciscanos.org.br\/noticias\"},{\"@type\":\"ListItem\",\"position\":2,\"name\":\"Mensagem do Ministro Provincial por ocasi\u00e3o do Natal\"}]},{\"@type\":\"Person\",\"@id\":\"https:\/\/franciscanos.org.br\/noticias\/#\/schema\/person\/b5c8cba458c330ccff548b056e95a5d4\",\"name\":\"moacir\",\"image\":{\"@type\":\"ImageObject\",\"inLanguage\":\"pt-BR\",\"@id\":\"https:\/\/franciscanos.org.br\/noticias\/#\/schema\/person\/image\/\",\"url\":\"https:\/\/secure.gravatar.com\/avatar\/d08aa2ce4c8dd416d4479aa8536fcf64?s=96&d=mm&r=g\",\"contentUrl\":\"https:\/\/secure.gravatar.com\/avatar\/d08aa2ce4c8dd416d4479aa8536fcf64?s=96&d=mm&r=g\",\"caption\":\"moacir\"},\"url\":\"https:\/\/franciscanos.org.br\/noticias\/author\/moacir\"}]}<\/script>\n<!-- \/ Yoast SEO plugin. -->","yoast_head_json":{"title":"Mensagem do Ministro Provincial por ocasi\u00e3o do Natal - Not\u00edcias - Franciscanos","robots":{"index":"index","follow":"follow","max-snippet":"max-snippet:-1","max-image-preview":"max-image-preview:large","max-video-preview":"max-video-preview:-1"},"canonical":"https:\/\/franciscanos.org.br\/noticias\/mensagem-do-ministro-provincial-por-ocasiao-do-natal.html","og_locale":"pt_BR","og_type":"article","og_title":"Mensagem do Ministro Provincial por ocasi\u00e3o do Natal - Not\u00edcias - Franciscanos","og_description":"Mensagem de Natal","og_url":"https:\/\/franciscanos.org.br\/noticias\/mensagem-do-ministro-provincial-por-ocasiao-do-natal.html","og_site_name":"Not\u00edcias - Franciscanos","article_published_time":"2020-12-21T12:45:31+00:00","article_modified_time":"2020-12-21T17:23:48+00:00","og_image":[{"width":800,"height":600,"url":"https:\/\/franciscanos.org.br\/noticias\/wp-content\/uploads\/2020\/12\/800x600.png","type":"image\/png"}],"author":"moacir","twitter_card":"summary_large_image","twitter_misc":{"Escrito por":"moacir","Est. tempo de leitura":"3 minutos"},"schema":{"@context":"https:\/\/schema.org","@graph":[{"@type":"WebSite","@id":"https:\/\/franciscanos.org.br\/noticias\/#website","url":"https:\/\/franciscanos.org.br\/noticias\/","name":"Not\u00edcias - Franciscanos","description":"Prov\u00edncia Franciscana da Imaculada Concei\u00e7\u00e3o do Brasil - Ordem dos Frades Menores - OFM","potentialAction":[{"@type":"SearchAction","target":{"@type":"EntryPoint","urlTemplate":"https:\/\/franciscanos.org.br\/noticias\/?s={search_term_string}"},"query-input":"required name=search_term_string"}],"inLanguage":"pt-BR"},{"@type":"ImageObject","inLanguage":"pt-BR","@id":"https:\/\/franciscanos.org.br\/noticias\/mensagem-do-ministro-provincial-por-ocasiao-do-natal.html#primaryimage","url":"https:\/\/franciscanos.org.br\/noticias\/wp-content\/uploads\/2020\/12\/800x600.png","contentUrl":"https:\/\/franciscanos.org.br\/noticias\/wp-content\/uploads\/2020\/12\/800x600.png","width":800,"height":600},{"@type":"WebPage","@id":"https:\/\/franciscanos.org.br\/noticias\/mensagem-do-ministro-provincial-por-ocasiao-do-natal.html#webpage","url":"https:\/\/franciscanos.org.br\/noticias\/mensagem-do-ministro-provincial-por-ocasiao-do-natal.html","name":"Mensagem do Ministro Provincial por ocasi\u00e3o do Natal - Not\u00edcias - Franciscanos","isPartOf":{"@id":"https:\/\/franciscanos.org.br\/noticias\/#website"},"primaryImageOfPage":{"@id":"https:\/\/franciscanos.org.br\/noticias\/mensagem-do-ministro-provincial-por-ocasiao-do-natal.html#primaryimage"},"datePublished":"2020-12-21T12:45:31+00:00","dateModified":"2020-12-21T17:23:48+00:00","author":{"@id":"https:\/\/franciscanos.org.br\/noticias\/#\/schema\/person\/b5c8cba458c330ccff548b056e95a5d4"},"breadcrumb":{"@id":"https:\/\/franciscanos.org.br\/noticias\/mensagem-do-ministro-provincial-por-ocasiao-do-natal.html#breadcrumb"},"inLanguage":"pt-BR","potentialAction":[{"@type":"ReadAction","target":["https:\/\/franciscanos.org.br\/noticias\/mensagem-do-ministro-provincial-por-ocasiao-do-natal.html"]}]},{"@type":"BreadcrumbList","@id":"https:\/\/franciscanos.org.br\/noticias\/mensagem-do-ministro-provincial-por-ocasiao-do-natal.html#breadcrumb","itemListElement":[{"@type":"ListItem","position":1,"name":"Home","item":"https:\/\/franciscanos.org.br\/noticias"},{"@type":"ListItem","position":2,"name":"Mensagem do Ministro Provincial por ocasi\u00e3o do Natal"}]},{"@type":"Person","@id":"https:\/\/franciscanos.org.br\/noticias\/#\/schema\/person\/b5c8cba458c330ccff548b056e95a5d4","name":"moacir","image":{"@type":"ImageObject","inLanguage":"pt-BR","@id":"https:\/\/franciscanos.org.br\/noticias\/#\/schema\/person\/image\/","url":"https:\/\/secure.gravatar.com\/avatar\/d08aa2ce4c8dd416d4479aa8536fcf64?s=96&d=mm&r=g","contentUrl":"https:\/\/secure.gravatar.com\/avatar\/d08aa2ce4c8dd416d4479aa8536fcf64?s=96&d=mm&r=g","caption":"moacir"},"url":"https:\/\/franciscanos.org.br\/noticias\/author\/moacir"}]}},"_links":{"self":[{"href":"https:\/\/franciscanos.org.br\/noticias\/wp-json\/wp\/v2\/posts\/230071"}],"collection":[{"href":"https:\/\/franciscanos.org.br\/noticias\/wp-json\/wp\/v2\/posts"}],"about":[{"href":"https:\/\/franciscanos.org.br\/noticias\/wp-json\/wp\/v2\/types\/post"}],"author":[{"embeddable":true,"href":"https:\/\/franciscanos.org.br\/noticias\/wp-json\/wp\/v2\/users\/3"}],"replies":[{"embeddable":true,"href":"https:\/\/franciscanos.org.br\/noticias\/wp-json\/wp\/v2\/comments?post=230071"}],"version-history":[{"count":4,"href":"https:\/\/franciscanos.org.br\/noticias\/wp-json\/wp\/v2\/posts\/230071\/revisions"}],"predecessor-version":[{"id":230083,"href":"https:\/\/franciscanos.org.br\/noticias\/wp-json\/wp\/v2\/posts\/230071\/revisions\/230083"}],"wp:featuredmedia":[{"embeddable":true,"href":"https:\/\/franciscanos.org.br\/noticias\/wp-json\/wp\/v2\/media\/230073"}],"wp:attachment":[{"href":"https:\/\/franciscanos.org.br\/noticias\/wp-json\/wp\/v2\/media?parent=230071"}],"wp:term":[{"taxonomy":"category","embeddable":true,"href":"https:\/\/franciscanos.org.br\/noticias\/wp-json\/wp\/v2\/categories?post=230071"},{"taxonomy":"post_tag","embeddable":true,"href":"https:\/\/franciscanos.org.br\/noticias\/wp-json\/wp\/v2\/tags?post=230071"}],"curies":[{"name":"wp","href":"https:\/\/api.w.org\/{rel}","templated":true}]}}