{"id":230067,"date":"2020-12-21T08:48:15","date_gmt":"2020-12-21T11:48:15","guid":{"rendered":"https:\/\/franciscanos.org.br\/noticias\/?p=230067"},"modified":"2021-04-19T22:34:21","modified_gmt":"2021-04-20T01:34:21","slug":"canarinhos-apresentam-especial-de-natal-na-quarta-feira","status":"publish","type":"post","link":"https:\/\/franciscanos.org.br\/noticias\/canarinhos-apresentam-especial-de-natal-na-quarta-feira.html","title":{"rendered":"Canarinhos: veja o \u201cEspecial de Natal\u201d"},"content":{"rendered":"<p><strong> <img loading=\"lazy\" class=\"alignnone wp-image-230068 size-full\" src=\"https:\/\/franciscanos.org.br\/noticias\/wp-content\/uploads\/2020\/12\/canarinhos_21.jpg\" alt=\"\" width=\"1280\" height=\"720\" srcset=\"https:\/\/franciscanos.org.br\/noticias\/wp-content\/uploads\/2020\/12\/canarinhos_21.jpg 1280w, https:\/\/franciscanos.org.br\/noticias\/wp-content\/uploads\/2020\/12\/canarinhos_21-450x253.jpg 450w, https:\/\/franciscanos.org.br\/noticias\/wp-content\/uploads\/2020\/12\/canarinhos_21-1024x576.jpg 1024w, https:\/\/franciscanos.org.br\/noticias\/wp-content\/uploads\/2020\/12\/canarinhos_21-768x432.jpg 768w, https:\/\/franciscanos.org.br\/noticias\/wp-content\/uploads\/2020\/12\/canarinhos_21-150x84.jpg 150w\" sizes=\"(max-width: 1280px) 100vw, 1280px\" \/><\/strong><\/p>\n<p><strong>Frei Augusto Luiz Gabriel e Daniela Moreira<\/strong><\/p>\n<p><strong>Petr\u00f3polis (RJ) &#8211;<\/strong> A tradi\u00e7\u00e3o de levar a mensagem de amor, f\u00e9 e esperan\u00e7a de Jesus Cristo por meio das vozes dos corais do Instituto dos Meninos Cantores de Petr\u00f3polis (IMCP) ser\u00e1 mantida. Um trabalho que reuniu cantores, maestros, equipe de filmagem, editores e publicit\u00e1rios, ao longo dos \u00faltimos dois meses, vai garantir um Concerto de Natal in\u00e9dito. A apresenta\u00e7\u00e3o ser\u00e1 transmitida no pr\u00f3ximo dia 23 de dezembro, \u00e0s 19 horas, na p\u00e1gina dos Canarinhos no Facebook e no canal da TV Franciscanos no YouTube.<\/p>\n<p>\u201cOs concertos de Natal fazem parte da hist\u00f3ria do IMCP. S\u00e3o as apresenta\u00e7\u00f5es mais esperadas por todos e n\u00e3o pod\u00edamos deixar de preparar algo muito especial neste ano t\u00e3o dif\u00edcil para todos n\u00f3s. As can\u00e7\u00f5es de Natal tocam o cora\u00e7\u00e3o das fam\u00edlias que nesta \u00e9poca se voltam para as mensagens de f\u00e9, amor e esperan\u00e7a que Cristo nos trouxe durante a sua vida\u201d, declarou o maestro Marco Aur\u00e9lio Lischt, explicando que os ensaios e as grava\u00e7\u00f5es das vozes que far\u00e3o parte do concerto foram feitas pela internet, com o objetivo de garantir toda a seguran\u00e7a aos integrantes dos corais dos Canarinhos de Petr\u00f3polis, das Meninas dos Canarinhos de Petr\u00f3polis e dos Aprendizes.<\/p>\n<p>Para Frei Marcos Ant\u00f4nio de Andrade, diretor-presidente do IMCP, o \u201cEspecial de Natal\u201d deste ano \u00e9 um sinal de esperan\u00e7a e de luz: \u201cAs grava\u00e7\u00f5es foram resultado de um empenho muito grande para tornar tudo isso poss\u00edvel sem causar riscos. Que o Menino Jesus possa trazer muita paz e muita luz neste fim de ano t\u00e3o dram\u00e1tico e que possamos contribuir com essa mensagem de esperan\u00e7a no lar de todas as fam\u00edlias que assistirem o especial\u201d.<\/p>\n<p>Al\u00e9m das grava\u00e7\u00f5es em casa, pequenos grupos fizeram tomadas externas seguindo protocolos r\u00edgidos de seguran\u00e7a, obedecendo ao distanciamento, uso de \u00e1lcool em gel e m\u00e1scaras. \u201cTivemos muita preocupa\u00e7\u00e3o para garantir a seguran\u00e7a dos meninos e meninas para que n\u00e3o corressem risco de contamina\u00e7\u00e3o, por isso, ficamos alertas o tempo todo, mantendo os pequenos grupos que participaram das grava\u00e7\u00f5es com distanciamento, cuidando da higiene das m\u00e3os e do uso de m\u00e1scaras. Nosso intuito foi sempre preserv\u00e1-los\u201d, contou frei Felipe Medeiros Carretta, um dos respons\u00e1veis pela produ\u00e7\u00e3o do Especial. Segundo ele, um grande desafio para o projeto foi fazer com que todos cantassem de m\u00e1scaras.<\/p>\n<p>Tr\u00eas m\u00fasicas foram selecionadas para o Concerto in\u00e9dito: o canto gregoriano \u201cRorate Coeli\u201d, \u201cCantiga de Nossa Senhora\u201d, de Hekel Tavares, e \u201cNoite Feliz\u201d, de Franz Gruber.<\/p>\n<p>\u201cOs meninos gravaram o canto gregoriano, dividido em quatro versos, que ser\u00e1 a primeira m\u00fasica apresentada. Em seguida, ser\u00e1 apresentada a m\u00fasica brasileira \u201cCantiga de Nossa Senhora\u201d pelo Coral das Meninas dos Canarinhos e encerraremos o concerto com os tr\u00eas grupos vocais cantando \u201cNoite Feliz\u201d, que \u00e9 a can\u00e7\u00e3o de Natal mais tradicional e conhecida\u201d, adiantou o maestro Marco Aur\u00e9lio Lischt.<\/p>\n<p>O \u201cEspecial de Natal\u201d reserva outras surpresas, como a montagem de um pres\u00e9pio vivo. \u201cAs m\u00fasicas escolhidas trazem alento e esperan\u00e7a por meio da pureza das crian\u00e7as. Foi muito bonito de ver a alegria deles ao representarem Maria, Jos\u00e9 e o anjo. Deus est\u00e1 conosco em todas as tempestades vividas neste ano. N\u00e3o nos deixou na escurid\u00e3o. Queremos levar a esperan\u00e7a, atrav\u00e9s da m\u00fasica\u201d, revelou Frei Felipe.<\/p>\n<p>Programe-se e celebre o nascimento do \u2018Menino das Palhas\u2019, como definiu S\u00e3o Francisco de Assis ao criar o primeiro pres\u00e9pio da hist\u00f3ria, em Greccio, na It\u00e1lia.<\/p>\n<p><iframe loading=\"lazy\" src=\"https:\/\/www.youtube.com\/embed\/QDSxMCp3bLI\" width=\"100%\" height=\"480\" frameborder=\"0\" allowfullscreen=\"allowfullscreen\"><span data-mce-type=\"bookmark\" style=\"display: inline-block; width: 0px; overflow: hidden; line-height: 0;\" class=\"mce_SELRES_start\">\ufeff<\/span><\/iframe><\/p>\n","protected":false},"excerpt":{"rendered":"<p>Instituto dos Meninos Cantores de Petr\u00f3polis (IMCP)<\/p>\n","protected":false},"author":3,"featured_media":230069,"comment_status":"open","ping_status":"open","sticky":false,"template":"","format":"standard","meta":[],"categories":[1],"tags":[1378,190],"acf":[],"yoast_head":"<!-- This site is optimized with the Yoast SEO plugin v19.2 - https:\/\/yoast.com\/wordpress\/plugins\/seo\/ -->\n<title>Canarinhos: veja o \u201cEspecial de Natal\u201d - Not\u00edcias - Franciscanos<\/title>\n<meta name=\"robots\" content=\"index, follow, max-snippet:-1, max-image-preview:large, max-video-preview:-1\" \/>\n<link rel=\"canonical\" href=\"https:\/\/franciscanos.org.br\/noticias\/canarinhos-apresentam-especial-de-natal-na-quarta-feira.html\" \/>\n<meta property=\"og:locale\" content=\"pt_BR\" \/>\n<meta property=\"og:type\" content=\"article\" \/>\n<meta property=\"og:title\" content=\"Canarinhos: veja o \u201cEspecial de Natal\u201d - Not\u00edcias - Franciscanos\" \/>\n<meta property=\"og:description\" content=\"Instituto dos Meninos Cantores de Petr\u00f3polis (IMCP)\" \/>\n<meta property=\"og:url\" content=\"https:\/\/franciscanos.org.br\/noticias\/canarinhos-apresentam-especial-de-natal-na-quarta-feira.html\" \/>\n<meta property=\"og:site_name\" content=\"Not\u00edcias - Franciscanos\" \/>\n<meta property=\"article:published_time\" content=\"2020-12-21T11:48:15+00:00\" \/>\n<meta property=\"article:modified_time\" content=\"2021-04-20T01:34:21+00:00\" \/>\n<meta property=\"og:image\" content=\"https:\/\/franciscanos.org.br\/noticias\/wp-content\/uploads\/2020\/12\/canarinhos_21d.jpg\" \/>\n\t<meta property=\"og:image:width\" content=\"800\" \/>\n\t<meta property=\"og:image:height\" content=\"600\" \/>\n\t<meta property=\"og:image:type\" content=\"image\/jpeg\" \/>\n<meta name=\"author\" content=\"moacir\" \/>\n<meta name=\"twitter:card\" content=\"summary_large_image\" \/>\n<meta name=\"twitter:label1\" content=\"Escrito por\" \/>\n\t<meta name=\"twitter:data1\" content=\"moacir\" \/>\n\t<meta name=\"twitter:label2\" content=\"Est. tempo de leitura\" \/>\n\t<meta name=\"twitter:data2\" content=\"3 minutos\" \/>\n<script type=\"application\/ld+json\" class=\"yoast-schema-graph\">{\"@context\":\"https:\/\/schema.org\",\"@graph\":[{\"@type\":\"WebSite\",\"@id\":\"https:\/\/franciscanos.org.br\/noticias\/#website\",\"url\":\"https:\/\/franciscanos.org.br\/noticias\/\",\"name\":\"Not\u00edcias - Franciscanos\",\"description\":\"Prov\u00edncia Franciscana da Imaculada Concei\u00e7\u00e3o do Brasil - Ordem dos Frades Menores - OFM\",\"potentialAction\":[{\"@type\":\"SearchAction\",\"target\":{\"@type\":\"EntryPoint\",\"urlTemplate\":\"https:\/\/franciscanos.org.br\/noticias\/?s={search_term_string}\"},\"query-input\":\"required name=search_term_string\"}],\"inLanguage\":\"pt-BR\"},{\"@type\":\"ImageObject\",\"inLanguage\":\"pt-BR\",\"@id\":\"https:\/\/franciscanos.org.br\/noticias\/canarinhos-apresentam-especial-de-natal-na-quarta-feira.html#primaryimage\",\"url\":\"https:\/\/franciscanos.org.br\/noticias\/wp-content\/uploads\/2020\/12\/canarinhos_21d.jpg\",\"contentUrl\":\"https:\/\/franciscanos.org.br\/noticias\/wp-content\/uploads\/2020\/12\/canarinhos_21d.jpg\",\"width\":800,\"height\":600},{\"@type\":\"WebPage\",\"@id\":\"https:\/\/franciscanos.org.br\/noticias\/canarinhos-apresentam-especial-de-natal-na-quarta-feira.html#webpage\",\"url\":\"https:\/\/franciscanos.org.br\/noticias\/canarinhos-apresentam-especial-de-natal-na-quarta-feira.html\",\"name\":\"Canarinhos: veja o \u201cEspecial de Natal\u201d - Not\u00edcias - Franciscanos\",\"isPartOf\":{\"@id\":\"https:\/\/franciscanos.org.br\/noticias\/#website\"},\"primaryImageOfPage\":{\"@id\":\"https:\/\/franciscanos.org.br\/noticias\/canarinhos-apresentam-especial-de-natal-na-quarta-feira.html#primaryimage\"},\"datePublished\":\"2020-12-21T11:48:15+00:00\",\"dateModified\":\"2021-04-20T01:34:21+00:00\",\"author\":{\"@id\":\"https:\/\/franciscanos.org.br\/noticias\/#\/schema\/person\/b5c8cba458c330ccff548b056e95a5d4\"},\"breadcrumb\":{\"@id\":\"https:\/\/franciscanos.org.br\/noticias\/canarinhos-apresentam-especial-de-natal-na-quarta-feira.html#breadcrumb\"},\"inLanguage\":\"pt-BR\",\"potentialAction\":[{\"@type\":\"ReadAction\",\"target\":[\"https:\/\/franciscanos.org.br\/noticias\/canarinhos-apresentam-especial-de-natal-na-quarta-feira.html\"]}]},{\"@type\":\"BreadcrumbList\",\"@id\":\"https:\/\/franciscanos.org.br\/noticias\/canarinhos-apresentam-especial-de-natal-na-quarta-feira.html#breadcrumb\",\"itemListElement\":[{\"@type\":\"ListItem\",\"position\":1,\"name\":\"Home\",\"item\":\"https:\/\/franciscanos.org.br\/noticias\"},{\"@type\":\"ListItem\",\"position\":2,\"name\":\"Canarinhos: veja o \u201cEspecial de Natal\u201d\"}]},{\"@type\":\"Person\",\"@id\":\"https:\/\/franciscanos.org.br\/noticias\/#\/schema\/person\/b5c8cba458c330ccff548b056e95a5d4\",\"name\":\"moacir\",\"image\":{\"@type\":\"ImageObject\",\"inLanguage\":\"pt-BR\",\"@id\":\"https:\/\/franciscanos.org.br\/noticias\/#\/schema\/person\/image\/\",\"url\":\"https:\/\/secure.gravatar.com\/avatar\/d08aa2ce4c8dd416d4479aa8536fcf64?s=96&d=mm&r=g\",\"contentUrl\":\"https:\/\/secure.gravatar.com\/avatar\/d08aa2ce4c8dd416d4479aa8536fcf64?s=96&d=mm&r=g\",\"caption\":\"moacir\"},\"url\":\"https:\/\/franciscanos.org.br\/noticias\/author\/moacir\"}]}<\/script>\n<!-- \/ Yoast SEO plugin. -->","yoast_head_json":{"title":"Canarinhos: veja o \u201cEspecial de Natal\u201d - Not\u00edcias - Franciscanos","robots":{"index":"index","follow":"follow","max-snippet":"max-snippet:-1","max-image-preview":"max-image-preview:large","max-video-preview":"max-video-preview:-1"},"canonical":"https:\/\/franciscanos.org.br\/noticias\/canarinhos-apresentam-especial-de-natal-na-quarta-feira.html","og_locale":"pt_BR","og_type":"article","og_title":"Canarinhos: veja o \u201cEspecial de Natal\u201d - Not\u00edcias - Franciscanos","og_description":"Instituto dos Meninos Cantores de Petr\u00f3polis (IMCP)","og_url":"https:\/\/franciscanos.org.br\/noticias\/canarinhos-apresentam-especial-de-natal-na-quarta-feira.html","og_site_name":"Not\u00edcias - Franciscanos","article_published_time":"2020-12-21T11:48:15+00:00","article_modified_time":"2021-04-20T01:34:21+00:00","og_image":[{"width":800,"height":600,"url":"https:\/\/franciscanos.org.br\/noticias\/wp-content\/uploads\/2020\/12\/canarinhos_21d.jpg","type":"image\/jpeg"}],"author":"moacir","twitter_card":"summary_large_image","twitter_misc":{"Escrito por":"moacir","Est. tempo de leitura":"3 minutos"},"schema":{"@context":"https:\/\/schema.org","@graph":[{"@type":"WebSite","@id":"https:\/\/franciscanos.org.br\/noticias\/#website","url":"https:\/\/franciscanos.org.br\/noticias\/","name":"Not\u00edcias - Franciscanos","description":"Prov\u00edncia Franciscana da Imaculada Concei\u00e7\u00e3o do Brasil - Ordem dos Frades Menores - OFM","potentialAction":[{"@type":"SearchAction","target":{"@type":"EntryPoint","urlTemplate":"https:\/\/franciscanos.org.br\/noticias\/?s={search_term_string}"},"query-input":"required name=search_term_string"}],"inLanguage":"pt-BR"},{"@type":"ImageObject","inLanguage":"pt-BR","@id":"https:\/\/franciscanos.org.br\/noticias\/canarinhos-apresentam-especial-de-natal-na-quarta-feira.html#primaryimage","url":"https:\/\/franciscanos.org.br\/noticias\/wp-content\/uploads\/2020\/12\/canarinhos_21d.jpg","contentUrl":"https:\/\/franciscanos.org.br\/noticias\/wp-content\/uploads\/2020\/12\/canarinhos_21d.jpg","width":800,"height":600},{"@type":"WebPage","@id":"https:\/\/franciscanos.org.br\/noticias\/canarinhos-apresentam-especial-de-natal-na-quarta-feira.html#webpage","url":"https:\/\/franciscanos.org.br\/noticias\/canarinhos-apresentam-especial-de-natal-na-quarta-feira.html","name":"Canarinhos: veja o \u201cEspecial de Natal\u201d - Not\u00edcias - Franciscanos","isPartOf":{"@id":"https:\/\/franciscanos.org.br\/noticias\/#website"},"primaryImageOfPage":{"@id":"https:\/\/franciscanos.org.br\/noticias\/canarinhos-apresentam-especial-de-natal-na-quarta-feira.html#primaryimage"},"datePublished":"2020-12-21T11:48:15+00:00","dateModified":"2021-04-20T01:34:21+00:00","author":{"@id":"https:\/\/franciscanos.org.br\/noticias\/#\/schema\/person\/b5c8cba458c330ccff548b056e95a5d4"},"breadcrumb":{"@id":"https:\/\/franciscanos.org.br\/noticias\/canarinhos-apresentam-especial-de-natal-na-quarta-feira.html#breadcrumb"},"inLanguage":"pt-BR","potentialAction":[{"@type":"ReadAction","target":["https:\/\/franciscanos.org.br\/noticias\/canarinhos-apresentam-especial-de-natal-na-quarta-feira.html"]}]},{"@type":"BreadcrumbList","@id":"https:\/\/franciscanos.org.br\/noticias\/canarinhos-apresentam-especial-de-natal-na-quarta-feira.html#breadcrumb","itemListElement":[{"@type":"ListItem","position":1,"name":"Home","item":"https:\/\/franciscanos.org.br\/noticias"},{"@type":"ListItem","position":2,"name":"Canarinhos: veja o \u201cEspecial de Natal\u201d"}]},{"@type":"Person","@id":"https:\/\/franciscanos.org.br\/noticias\/#\/schema\/person\/b5c8cba458c330ccff548b056e95a5d4","name":"moacir","image":{"@type":"ImageObject","inLanguage":"pt-BR","@id":"https:\/\/franciscanos.org.br\/noticias\/#\/schema\/person\/image\/","url":"https:\/\/secure.gravatar.com\/avatar\/d08aa2ce4c8dd416d4479aa8536fcf64?s=96&d=mm&r=g","contentUrl":"https:\/\/secure.gravatar.com\/avatar\/d08aa2ce4c8dd416d4479aa8536fcf64?s=96&d=mm&r=g","caption":"moacir"},"url":"https:\/\/franciscanos.org.br\/noticias\/author\/moacir"}]}},"_links":{"self":[{"href":"https:\/\/franciscanos.org.br\/noticias\/wp-json\/wp\/v2\/posts\/230067"}],"collection":[{"href":"https:\/\/franciscanos.org.br\/noticias\/wp-json\/wp\/v2\/posts"}],"about":[{"href":"https:\/\/franciscanos.org.br\/noticias\/wp-json\/wp\/v2\/types\/post"}],"author":[{"embeddable":true,"href":"https:\/\/franciscanos.org.br\/noticias\/wp-json\/wp\/v2\/users\/3"}],"replies":[{"embeddable":true,"href":"https:\/\/franciscanos.org.br\/noticias\/wp-json\/wp\/v2\/comments?post=230067"}],"version-history":[{"count":4,"href":"https:\/\/franciscanos.org.br\/noticias\/wp-json\/wp\/v2\/posts\/230067\/revisions"}],"predecessor-version":[{"id":230108,"href":"https:\/\/franciscanos.org.br\/noticias\/wp-json\/wp\/v2\/posts\/230067\/revisions\/230108"}],"wp:featuredmedia":[{"embeddable":true,"href":"https:\/\/franciscanos.org.br\/noticias\/wp-json\/wp\/v2\/media\/230069"}],"wp:attachment":[{"href":"https:\/\/franciscanos.org.br\/noticias\/wp-json\/wp\/v2\/media?parent=230067"}],"wp:term":[{"taxonomy":"category","embeddable":true,"href":"https:\/\/franciscanos.org.br\/noticias\/wp-json\/wp\/v2\/categories?post=230067"},{"taxonomy":"post_tag","embeddable":true,"href":"https:\/\/franciscanos.org.br\/noticias\/wp-json\/wp\/v2\/tags?post=230067"}],"curies":[{"name":"wp","href":"https:\/\/api.w.org\/{rel}","templated":true}]}}