{"id":230059,"date":"2020-12-21T08:28:20","date_gmt":"2020-12-21T11:28:20","guid":{"rendered":"https:\/\/franciscanos.org.br\/noticias\/?p=230059"},"modified":"2020-12-21T08:28:20","modified_gmt":"2020-12-21T11:28:20","slug":"em-florianopolis-frei-jose-lino-celebra-50-anos-de-sacerdocio","status":"publish","type":"post","link":"https:\/\/franciscanos.org.br\/noticias\/em-florianopolis-frei-jose-lino-celebra-50-anos-de-sacerdocio.html","title":{"rendered":"Em Florian\u00f3polis, Frei Jos\u00e9 Lino celebra 50 anos de sacerd\u00f3cio"},"content":{"rendered":"<p><img loading=\"lazy\" class=\"alignnone wp-image-230060 size-full\" src=\"https:\/\/franciscanos.org.br\/noticias\/wp-content\/uploads\/2020\/12\/lino_21.jpg\" alt=\"\" width=\"1280\" height=\"754\" srcset=\"https:\/\/franciscanos.org.br\/noticias\/wp-content\/uploads\/2020\/12\/lino_21.jpg 1280w, https:\/\/franciscanos.org.br\/noticias\/wp-content\/uploads\/2020\/12\/lino_21-450x265.jpg 450w, https:\/\/franciscanos.org.br\/noticias\/wp-content\/uploads\/2020\/12\/lino_21-1024x603.jpg 1024w, https:\/\/franciscanos.org.br\/noticias\/wp-content\/uploads\/2020\/12\/lino_21-768x452.jpg 768w, https:\/\/franciscanos.org.br\/noticias\/wp-content\/uploads\/2020\/12\/lino_21-150x88.jpg 150w\" sizes=\"(max-width: 1280px) 100vw, 1280px\" \/><\/p>\n<p>&#8220;Hoje a nossa Prov\u00edncia Franciscana est\u00e1 duplamente em festa. Al\u00e9m dessa celebra\u00e7\u00e3o dos seus 50 anos de vida sacerdotal, na manh\u00e3 de hoje, 19 de dezembro, nove jovens frades ofereceram o seu &#8216;sim&#8217; ao servi\u00e7o a Deus como di\u00e1conos da Igreja. Com certeza, eles olham para voc\u00ea, Frei Jos\u00e9 Lino, como uma inspira\u00e7\u00e3o de que \u00e9 poss\u00edvel, sim, realizar-se nessa voca\u00e7\u00e3o. E n\u00f3s, que j\u00e1 estamos vivenciando o minist\u00e9rio sacerdotal, ao olharmos para eles, podemos nos reanimar com a alegria e a esperan\u00e7a com que se lan\u00e7am ao servi\u00e7o do Reino de Deus&#8221;. Foi assim que o Definidor Frei Daniel Delandrea rendeu gra\u00e7as a dois momentos importantes na Prov\u00edncia: o jubileu de 50 anos de vida sacerdotal de Frei Jos\u00e9 Lino L\u00fcckmann e o &#8216;sim&#8217; de nove jovens frades ao diaconato.<\/p>\n<p>Frei Jos\u00e9 presidiu este momento hist\u00f3rico em sua vida, tendo como concelebrantes seus confrades Frei Daniel, o guardi\u00e3o e p\u00e1roco Frei Germano Guesser, Frei Diego de Melo, Frei Clauzemir Makximovitz, o p\u00e1roco da Catedral de Florian\u00f3polis, Pe. David Ant\u00f4nio Coelho, e o Reitor do Semin\u00e1rio de Teologia de Florian\u00f3polis, Pe. V\u00e2nio da Silva. Animaram os cantos Mateus Hofmann e sua m\u00e3e Ana. Amigos, familiares e o povo guardaram o distanciamento necess\u00e1rio durante Celebra\u00e7\u00e3o, seguindo as normas sanit\u00e1rias catarinenses.<\/p>\n<p><img loading=\"lazy\" class=\"alignnone wp-image-230061 size-full\" src=\"https:\/\/franciscanos.org.br\/noticias\/wp-content\/uploads\/2020\/12\/lino_05.jpg\" alt=\"\" width=\"1024\" height=\"812\" srcset=\"https:\/\/franciscanos.org.br\/noticias\/wp-content\/uploads\/2020\/12\/lino_05.jpg 1024w, https:\/\/franciscanos.org.br\/noticias\/wp-content\/uploads\/2020\/12\/lino_05-450x357.jpg 450w, https:\/\/franciscanos.org.br\/noticias\/wp-content\/uploads\/2020\/12\/lino_05-768x609.jpg 768w, https:\/\/franciscanos.org.br\/noticias\/wp-content\/uploads\/2020\/12\/lino_05-150x119.jpg 150w\" sizes=\"(max-width: 1024px) 100vw, 1024px\" \/><\/p>\n<p>Frei Daniel falou da alegria de celebrar os 50 anos de minist\u00e9rio sacerdotal de Frei Jos\u00e9 e lembrou que ele escolheu como lema para sua ordena\u00e7\u00e3o, &#8216;Eu vim para servir&#8217;, que coincidiu com a liturgia do quarto domingo do Advento, &#8220;onde nos \u00e9 apresentada aquela que se fez modelo de servi\u00e7o aos planos de Deus: a Virgem Maria. \u00c9 Maria, t\u00e3o jovem, humilde e cheia de f\u00e9, que nos inspira na vida sacerdotal a tamb\u00e9m a acolher o chamado de Deus e oferecer nosso sim para o an\u00fancio da Boa Nova&#8221;, lembrou o Definidor.<\/p>\n<p>&#8220;Na vida sacerdotal temos duas maravilhas a agradecer a Deus. A primeira, assim como Maria, temos a gra\u00e7a de tamb\u00e9m recebermos o an\u00fancio, o convite de Deus. \u00c9 a nossa experi\u00eancia t\u00e3o pr\u00f3pria e \u00edntima da anuncia\u00e7\u00e3o. Atrav\u00e9s de um mensageiro de Deus (que pode ser uma pessoa, um fato ou alguma outra experi\u00eancia da vida), recebemos um convite, um toque de Deus, que nos levou a buscar conhecer mais intensamente a Jesus Cristo e futuramente dar o nosso Sim a servi\u00e7o da Igreja como sacerdotes. Outra maravilha, \u00e9 fruto desse servi\u00e7o, do nosso Minist\u00e9rio. Como sacerdotes muitas vezes somos n\u00f3s os instrumentos de Deus, seus mensageiros. Quantas vezes levamos o an\u00fancio de Jesus Cristo aos cora\u00e7\u00f5es das pessoas! Quantas experi\u00eancias de Deus proporcionamos \u00e0queles e \u00e0quelas que nos procuram em busca de uma b\u00ean\u00e7\u00e3o, no aconselhamento, na compaix\u00e3o e na miseric\u00f3rdia. \u00c9 isto que hoje nos faz recordar e agradecer o quanto a vida religiosa e sacerdotal nos realiza, nos torna felizes&#8221;, ressaltou o frade.<\/p>\n<p><img loading=\"lazy\" class=\"alignnone wp-image-230062 size-full\" src=\"https:\/\/franciscanos.org.br\/noticias\/wp-content\/uploads\/2020\/12\/lino_07.jpg\" alt=\"\" width=\"1024\" height=\"645\" srcset=\"https:\/\/franciscanos.org.br\/noticias\/wp-content\/uploads\/2020\/12\/lino_07.jpg 1024w, https:\/\/franciscanos.org.br\/noticias\/wp-content\/uploads\/2020\/12\/lino_07-450x283.jpg 450w, https:\/\/franciscanos.org.br\/noticias\/wp-content\/uploads\/2020\/12\/lino_07-768x484.jpg 768w, https:\/\/franciscanos.org.br\/noticias\/wp-content\/uploads\/2020\/12\/lino_07-150x94.jpg 150w\" sizes=\"(max-width: 1024px) 100vw, 1024px\" \/><\/p>\n<p>&#8220;Hoje \u00e9 o dia do sim. Com Maria somos convidados a olhar hoje as maravilhas que o Senhor Deus realizou nos seus 50 anos de sacerd\u00f3cio. E unir nossa prece e ora\u00e7\u00e3o para que voc\u00ea, Frei Joselino, possa novamente oferecer o seu sim, permanecendo fiel ao prop\u00f3sito do lema de sua ordena\u00e7\u00e3o: Servir!&#8221;, concluiu.<\/p>\n<p>O p\u00e1roco Frei Germano falou em nome da comunidade e come\u00e7ou lembrando o salmista: &#8220;Como \u00e9 importante saber agradecer, saber louvar por tudo aquilo que o Senhor faz por n\u00f3s!&#8221;<\/p>\n<p>&nbsp;<\/p>\n<p>&#8220;Frei Jos\u00e9 Lino, quem poderia imaginar que hoje &#8211; Frei Jos\u00e9 foi o meu professor de Portugu\u00eas no Semin\u00e1rio de Agudos, em 1982 &#8211; estar\u00edamos juntos celebrando o seu jubileu de ouro?! J\u00e1 desde aquela \u00e9poca sua presen\u00e7a era muito marcante em nosso meio: na sala de aula, no esporte sempre presente, no basquete e at\u00e9 no polo aqu\u00e1tico&#8230; Da forma\u00e7\u00e3o, o sr. seguiu para o trabalho pastoral ao assumir uma par\u00f3quia, com uma realidade muito dif\u00edcil. Com seu jeito acolhedor e fraterno, conquistou o povo e at\u00e9 hoje lembram com carinho e saudades do sr.&#8221;, recordou Frei Germano.<\/p>\n<p><img loading=\"lazy\" class=\"alignnone wp-image-230063 size-full\" src=\"https:\/\/franciscanos.org.br\/noticias\/wp-content\/uploads\/2020\/12\/lino_06.jpg\" alt=\"\" width=\"1024\" height=\"654\" srcset=\"https:\/\/franciscanos.org.br\/noticias\/wp-content\/uploads\/2020\/12\/lino_06.jpg 1024w, https:\/\/franciscanos.org.br\/noticias\/wp-content\/uploads\/2020\/12\/lino_06-450x287.jpg 450w, https:\/\/franciscanos.org.br\/noticias\/wp-content\/uploads\/2020\/12\/lino_06-768x491.jpg 768w, https:\/\/franciscanos.org.br\/noticias\/wp-content\/uploads\/2020\/12\/lino_06-150x96.jpg 150w\" sizes=\"(max-width: 1024px) 100vw, 1024px\" \/><\/p>\n<p>Essa caracter\u00edstica fraternal foi destacada pelo p\u00e1roco em outros lugares, segundo ele, como um leg\u00edtimo filho de S\u00e3o Francisco. &#8220;Que o digam o povo de Agudos, Cabr\u00e1lia Paulista, Luzerna, Ibicar\u00e9, Gaspar, Forquilhinha, Angelina, Lages, e agora Florian\u00f3polis!&#8221;, acrescentou.<\/p>\n<p>&#8220;Inclusive, a minha fam\u00edlia nutre um grande carinho pelo sr. Minha irm\u00e3 n\u00e3o esquece do sr. quando presidiu a sua cerim\u00f4nia de casamento. Ela lembra com gratid\u00e3o&#8221;, contou Frei Germano. Logo no in\u00edcio do seu Pontificado, o Papa Francisco disse que o sacerdote deveria ter o cheiro de suas ovelhas. &#8220;O senhor traz consigo o cheiro das ovelhas que nutriu com um carinho muito especial em todos os lugares por onde passou e onde perdeu a conta dos amigos que fez. Este cheiro das ovelhas lhe faz lembrar sempre que, no dia 19 de dezembro de 1970, deitado no ch\u00e3o da igreja de Santo Est\u00eav\u00e3o de Ituporanga (SC), ali n\u00e3o teve d\u00favidas que sua vida era ao lado do Bom Pastor. &#8216;Eu vim para servir&#8217; n\u00e3o foi s\u00f3 um lema, mas uma pr\u00e1tica nestes seus 50 anos de sacerd\u00f3cio&#8221;, completou Frei Germano.<\/p>\n<p>Antes da b\u00ean\u00e7\u00e3o final, Frei Jos\u00e9 Lino disse que estava muito feliz pelos 50 anos, por todos os lugares por onde passou e disse ser muito grato a seus pais, que tiveram\u00a013 filhos, sendo ele o s\u00e9timo. E brincou: &#8220;Se tivessem parado nos seis filhos, eu n\u00e3o teria nascido&#8221;.<\/p>\n<p><img loading=\"lazy\" class=\"alignnone wp-image-230064 size-full\" src=\"https:\/\/franciscanos.org.br\/noticias\/wp-content\/uploads\/2020\/12\/lino_04.jpg\" alt=\"\" width=\"1024\" height=\"566\" srcset=\"https:\/\/franciscanos.org.br\/noticias\/wp-content\/uploads\/2020\/12\/lino_04.jpg 1024w, https:\/\/franciscanos.org.br\/noticias\/wp-content\/uploads\/2020\/12\/lino_04-450x249.jpg 450w, https:\/\/franciscanos.org.br\/noticias\/wp-content\/uploads\/2020\/12\/lino_04-768x425.jpg 768w, https:\/\/franciscanos.org.br\/noticias\/wp-content\/uploads\/2020\/12\/lino_04-150x83.jpg 150w\" sizes=\"(max-width: 1024px) 100vw, 1024px\" \/><\/p>\n","protected":false},"excerpt":{"rendered":"<p>Jubileu Sacerdotal de Frei Jos\u00e9 Lino L\u00fcckmann<\/p>\n","protected":false},"author":3,"featured_media":230065,"comment_status":"open","ping_status":"open","sticky":false,"template":"","format":"standard","meta":[],"categories":[1],"tags":[1792],"acf":[],"yoast_head":"<!-- This site is optimized with the Yoast SEO plugin v19.2 - https:\/\/yoast.com\/wordpress\/plugins\/seo\/ -->\n<title>Em Florian\u00f3polis, Frei Jos\u00e9 Lino celebra 50 anos de sacerd\u00f3cio - Not\u00edcias - Franciscanos<\/title>\n<meta name=\"robots\" content=\"index, follow, max-snippet:-1, max-image-preview:large, max-video-preview:-1\" \/>\n<link rel=\"canonical\" href=\"https:\/\/franciscanos.org.br\/noticias\/em-florianopolis-frei-jose-lino-celebra-50-anos-de-sacerdocio.html\" \/>\n<meta property=\"og:locale\" content=\"pt_BR\" \/>\n<meta property=\"og:type\" content=\"article\" \/>\n<meta property=\"og:title\" content=\"Em Florian\u00f3polis, Frei Jos\u00e9 Lino celebra 50 anos de sacerd\u00f3cio - Not\u00edcias - Franciscanos\" \/>\n<meta property=\"og:description\" content=\"Jubileu Sacerdotal de Frei Jos\u00e9 Lino L\u00fcckmann\" \/>\n<meta property=\"og:url\" content=\"https:\/\/franciscanos.org.br\/noticias\/em-florianopolis-frei-jose-lino-celebra-50-anos-de-sacerdocio.html\" \/>\n<meta property=\"og:site_name\" content=\"Not\u00edcias - Franciscanos\" \/>\n<meta property=\"article:published_time\" content=\"2020-12-21T11:28:20+00:00\" \/>\n<meta property=\"og:image\" content=\"https:\/\/franciscanos.org.br\/noticias\/wp-content\/uploads\/2020\/12\/lino_21d.jpg\" \/>\n\t<meta property=\"og:image:width\" content=\"800\" \/>\n\t<meta property=\"og:image:height\" content=\"600\" \/>\n\t<meta property=\"og:image:type\" content=\"image\/jpeg\" \/>\n<meta name=\"author\" content=\"moacir\" \/>\n<meta name=\"twitter:card\" content=\"summary_large_image\" \/>\n<meta name=\"twitter:label1\" content=\"Escrito por\" \/>\n\t<meta name=\"twitter:data1\" content=\"moacir\" \/>\n\t<meta name=\"twitter:label2\" content=\"Est. tempo de leitura\" \/>\n\t<meta name=\"twitter:data2\" content=\"5 minutos\" \/>\n<script type=\"application\/ld+json\" class=\"yoast-schema-graph\">{\"@context\":\"https:\/\/schema.org\",\"@graph\":[{\"@type\":\"WebSite\",\"@id\":\"https:\/\/franciscanos.org.br\/noticias\/#website\",\"url\":\"https:\/\/franciscanos.org.br\/noticias\/\",\"name\":\"Not\u00edcias - Franciscanos\",\"description\":\"Prov\u00edncia Franciscana da Imaculada Concei\u00e7\u00e3o do Brasil - Ordem dos Frades Menores - OFM\",\"potentialAction\":[{\"@type\":\"SearchAction\",\"target\":{\"@type\":\"EntryPoint\",\"urlTemplate\":\"https:\/\/franciscanos.org.br\/noticias\/?s={search_term_string}\"},\"query-input\":\"required name=search_term_string\"}],\"inLanguage\":\"pt-BR\"},{\"@type\":\"ImageObject\",\"inLanguage\":\"pt-BR\",\"@id\":\"https:\/\/franciscanos.org.br\/noticias\/em-florianopolis-frei-jose-lino-celebra-50-anos-de-sacerdocio.html#primaryimage\",\"url\":\"https:\/\/franciscanos.org.br\/noticias\/wp-content\/uploads\/2020\/12\/lino_21d.jpg\",\"contentUrl\":\"https:\/\/franciscanos.org.br\/noticias\/wp-content\/uploads\/2020\/12\/lino_21d.jpg\",\"width\":800,\"height\":600},{\"@type\":\"WebPage\",\"@id\":\"https:\/\/franciscanos.org.br\/noticias\/em-florianopolis-frei-jose-lino-celebra-50-anos-de-sacerdocio.html#webpage\",\"url\":\"https:\/\/franciscanos.org.br\/noticias\/em-florianopolis-frei-jose-lino-celebra-50-anos-de-sacerdocio.html\",\"name\":\"Em Florian\u00f3polis, Frei Jos\u00e9 Lino celebra 50 anos de sacerd\u00f3cio - Not\u00edcias - Franciscanos\",\"isPartOf\":{\"@id\":\"https:\/\/franciscanos.org.br\/noticias\/#website\"},\"primaryImageOfPage\":{\"@id\":\"https:\/\/franciscanos.org.br\/noticias\/em-florianopolis-frei-jose-lino-celebra-50-anos-de-sacerdocio.html#primaryimage\"},\"datePublished\":\"2020-12-21T11:28:20+00:00\",\"dateModified\":\"2020-12-21T11:28:20+00:00\",\"author\":{\"@id\":\"https:\/\/franciscanos.org.br\/noticias\/#\/schema\/person\/b5c8cba458c330ccff548b056e95a5d4\"},\"breadcrumb\":{\"@id\":\"https:\/\/franciscanos.org.br\/noticias\/em-florianopolis-frei-jose-lino-celebra-50-anos-de-sacerdocio.html#breadcrumb\"},\"inLanguage\":\"pt-BR\",\"potentialAction\":[{\"@type\":\"ReadAction\",\"target\":[\"https:\/\/franciscanos.org.br\/noticias\/em-florianopolis-frei-jose-lino-celebra-50-anos-de-sacerdocio.html\"]}]},{\"@type\":\"BreadcrumbList\",\"@id\":\"https:\/\/franciscanos.org.br\/noticias\/em-florianopolis-frei-jose-lino-celebra-50-anos-de-sacerdocio.html#breadcrumb\",\"itemListElement\":[{\"@type\":\"ListItem\",\"position\":1,\"name\":\"Home\",\"item\":\"https:\/\/franciscanos.org.br\/noticias\"},{\"@type\":\"ListItem\",\"position\":2,\"name\":\"Em Florian\u00f3polis, Frei Jos\u00e9 Lino celebra 50 anos de sacerd\u00f3cio\"}]},{\"@type\":\"Person\",\"@id\":\"https:\/\/franciscanos.org.br\/noticias\/#\/schema\/person\/b5c8cba458c330ccff548b056e95a5d4\",\"name\":\"moacir\",\"image\":{\"@type\":\"ImageObject\",\"inLanguage\":\"pt-BR\",\"@id\":\"https:\/\/franciscanos.org.br\/noticias\/#\/schema\/person\/image\/\",\"url\":\"https:\/\/secure.gravatar.com\/avatar\/d08aa2ce4c8dd416d4479aa8536fcf64?s=96&d=mm&r=g\",\"contentUrl\":\"https:\/\/secure.gravatar.com\/avatar\/d08aa2ce4c8dd416d4479aa8536fcf64?s=96&d=mm&r=g\",\"caption\":\"moacir\"},\"url\":\"https:\/\/franciscanos.org.br\/noticias\/author\/moacir\"}]}<\/script>\n<!-- \/ Yoast SEO plugin. -->","yoast_head_json":{"title":"Em Florian\u00f3polis, Frei Jos\u00e9 Lino celebra 50 anos de sacerd\u00f3cio - Not\u00edcias - Franciscanos","robots":{"index":"index","follow":"follow","max-snippet":"max-snippet:-1","max-image-preview":"max-image-preview:large","max-video-preview":"max-video-preview:-1"},"canonical":"https:\/\/franciscanos.org.br\/noticias\/em-florianopolis-frei-jose-lino-celebra-50-anos-de-sacerdocio.html","og_locale":"pt_BR","og_type":"article","og_title":"Em Florian\u00f3polis, Frei Jos\u00e9 Lino celebra 50 anos de sacerd\u00f3cio - Not\u00edcias - Franciscanos","og_description":"Jubileu Sacerdotal de Frei Jos\u00e9 Lino L\u00fcckmann","og_url":"https:\/\/franciscanos.org.br\/noticias\/em-florianopolis-frei-jose-lino-celebra-50-anos-de-sacerdocio.html","og_site_name":"Not\u00edcias - Franciscanos","article_published_time":"2020-12-21T11:28:20+00:00","og_image":[{"width":800,"height":600,"url":"https:\/\/franciscanos.org.br\/noticias\/wp-content\/uploads\/2020\/12\/lino_21d.jpg","type":"image\/jpeg"}],"author":"moacir","twitter_card":"summary_large_image","twitter_misc":{"Escrito por":"moacir","Est. tempo de leitura":"5 minutos"},"schema":{"@context":"https:\/\/schema.org","@graph":[{"@type":"WebSite","@id":"https:\/\/franciscanos.org.br\/noticias\/#website","url":"https:\/\/franciscanos.org.br\/noticias\/","name":"Not\u00edcias - Franciscanos","description":"Prov\u00edncia Franciscana da Imaculada Concei\u00e7\u00e3o do Brasil - Ordem dos Frades Menores - OFM","potentialAction":[{"@type":"SearchAction","target":{"@type":"EntryPoint","urlTemplate":"https:\/\/franciscanos.org.br\/noticias\/?s={search_term_string}"},"query-input":"required name=search_term_string"}],"inLanguage":"pt-BR"},{"@type":"ImageObject","inLanguage":"pt-BR","@id":"https:\/\/franciscanos.org.br\/noticias\/em-florianopolis-frei-jose-lino-celebra-50-anos-de-sacerdocio.html#primaryimage","url":"https:\/\/franciscanos.org.br\/noticias\/wp-content\/uploads\/2020\/12\/lino_21d.jpg","contentUrl":"https:\/\/franciscanos.org.br\/noticias\/wp-content\/uploads\/2020\/12\/lino_21d.jpg","width":800,"height":600},{"@type":"WebPage","@id":"https:\/\/franciscanos.org.br\/noticias\/em-florianopolis-frei-jose-lino-celebra-50-anos-de-sacerdocio.html#webpage","url":"https:\/\/franciscanos.org.br\/noticias\/em-florianopolis-frei-jose-lino-celebra-50-anos-de-sacerdocio.html","name":"Em Florian\u00f3polis, Frei Jos\u00e9 Lino celebra 50 anos de sacerd\u00f3cio - Not\u00edcias - Franciscanos","isPartOf":{"@id":"https:\/\/franciscanos.org.br\/noticias\/#website"},"primaryImageOfPage":{"@id":"https:\/\/franciscanos.org.br\/noticias\/em-florianopolis-frei-jose-lino-celebra-50-anos-de-sacerdocio.html#primaryimage"},"datePublished":"2020-12-21T11:28:20+00:00","dateModified":"2020-12-21T11:28:20+00:00","author":{"@id":"https:\/\/franciscanos.org.br\/noticias\/#\/schema\/person\/b5c8cba458c330ccff548b056e95a5d4"},"breadcrumb":{"@id":"https:\/\/franciscanos.org.br\/noticias\/em-florianopolis-frei-jose-lino-celebra-50-anos-de-sacerdocio.html#breadcrumb"},"inLanguage":"pt-BR","potentialAction":[{"@type":"ReadAction","target":["https:\/\/franciscanos.org.br\/noticias\/em-florianopolis-frei-jose-lino-celebra-50-anos-de-sacerdocio.html"]}]},{"@type":"BreadcrumbList","@id":"https:\/\/franciscanos.org.br\/noticias\/em-florianopolis-frei-jose-lino-celebra-50-anos-de-sacerdocio.html#breadcrumb","itemListElement":[{"@type":"ListItem","position":1,"name":"Home","item":"https:\/\/franciscanos.org.br\/noticias"},{"@type":"ListItem","position":2,"name":"Em Florian\u00f3polis, Frei Jos\u00e9 Lino celebra 50 anos de sacerd\u00f3cio"}]},{"@type":"Person","@id":"https:\/\/franciscanos.org.br\/noticias\/#\/schema\/person\/b5c8cba458c330ccff548b056e95a5d4","name":"moacir","image":{"@type":"ImageObject","inLanguage":"pt-BR","@id":"https:\/\/franciscanos.org.br\/noticias\/#\/schema\/person\/image\/","url":"https:\/\/secure.gravatar.com\/avatar\/d08aa2ce4c8dd416d4479aa8536fcf64?s=96&d=mm&r=g","contentUrl":"https:\/\/secure.gravatar.com\/avatar\/d08aa2ce4c8dd416d4479aa8536fcf64?s=96&d=mm&r=g","caption":"moacir"},"url":"https:\/\/franciscanos.org.br\/noticias\/author\/moacir"}]}},"_links":{"self":[{"href":"https:\/\/franciscanos.org.br\/noticias\/wp-json\/wp\/v2\/posts\/230059"}],"collection":[{"href":"https:\/\/franciscanos.org.br\/noticias\/wp-json\/wp\/v2\/posts"}],"about":[{"href":"https:\/\/franciscanos.org.br\/noticias\/wp-json\/wp\/v2\/types\/post"}],"author":[{"embeddable":true,"href":"https:\/\/franciscanos.org.br\/noticias\/wp-json\/wp\/v2\/users\/3"}],"replies":[{"embeddable":true,"href":"https:\/\/franciscanos.org.br\/noticias\/wp-json\/wp\/v2\/comments?post=230059"}],"version-history":[{"count":1,"href":"https:\/\/franciscanos.org.br\/noticias\/wp-json\/wp\/v2\/posts\/230059\/revisions"}],"predecessor-version":[{"id":230066,"href":"https:\/\/franciscanos.org.br\/noticias\/wp-json\/wp\/v2\/posts\/230059\/revisions\/230066"}],"wp:featuredmedia":[{"embeddable":true,"href":"https:\/\/franciscanos.org.br\/noticias\/wp-json\/wp\/v2\/media\/230065"}],"wp:attachment":[{"href":"https:\/\/franciscanos.org.br\/noticias\/wp-json\/wp\/v2\/media?parent=230059"}],"wp:term":[{"taxonomy":"category","embeddable":true,"href":"https:\/\/franciscanos.org.br\/noticias\/wp-json\/wp\/v2\/categories?post=230059"},{"taxonomy":"post_tag","embeddable":true,"href":"https:\/\/franciscanos.org.br\/noticias\/wp-json\/wp\/v2\/tags?post=230059"}],"curies":[{"name":"wp","href":"https:\/\/api.w.org\/{rel}","templated":true}]}}