{"id":230037,"date":"2020-12-20T09:33:49","date_gmt":"2020-12-20T12:33:49","guid":{"rendered":"https:\/\/franciscanos.org.br\/noticias\/?p=230037"},"modified":"2020-12-20T09:33:49","modified_gmt":"2020-12-20T12:33:49","slug":"papa-consumismo-nos-sequestrou-o-natal-o-importante-e-jesus","status":"publish","type":"post","link":"https:\/\/franciscanos.org.br\/noticias\/papa-consumismo-nos-sequestrou-o-natal-o-importante-e-jesus.html","title":{"rendered":"Papa: consumismo nos sequestrou o Natal, o importante \u00e9 Jesus"},"content":{"rendered":"<div id=\"attachment_230038\" style=\"width: 1290px\" class=\"wp-caption alignnone\"><img aria-describedby=\"caption-attachment-230038\" loading=\"lazy\" class=\"wp-image-230038 size-full\" src=\"https:\/\/franciscanos.org.br\/noticias\/wp-content\/uploads\/2020\/12\/angelus_01.jpg\" alt=\"\" width=\"1280\" height=\"720\" srcset=\"https:\/\/franciscanos.org.br\/noticias\/wp-content\/uploads\/2020\/12\/angelus_01.jpg 1280w, https:\/\/franciscanos.org.br\/noticias\/wp-content\/uploads\/2020\/12\/angelus_01-450x253.jpg 450w, https:\/\/franciscanos.org.br\/noticias\/wp-content\/uploads\/2020\/12\/angelus_01-1024x576.jpg 1024w, https:\/\/franciscanos.org.br\/noticias\/wp-content\/uploads\/2020\/12\/angelus_01-768x432.jpg 768w, https:\/\/franciscanos.org.br\/noticias\/wp-content\/uploads\/2020\/12\/angelus_01-150x84.jpg 150w\" sizes=\"(max-width: 1280px) 100vw, 1280px\" \/><p id=\"caption-attachment-230038\" class=\"wp-caption-text\">\u00a0 \u00a0 \u00a0 \u00a0 \u00a0 \u00a0 \u00a0 \u00a0 \u00a0 \u00a0 \u00a0 \u00a0 \u00a0 \u00a0 \u00a0 \u00a0 \u00a0 \u00a0 \u00a0 \u00a0 \u00a0 \u00a0 \u00a0 \u00a0 \u00a0 \u00a0 \u00a0 \u00a0 \u00a0 \u00a0 \u00a0 \u00a0 \u00a0 \u00a0 \u00a0 \u00a0 \u00a0 \u00a0 \u00a0 \u00a0 \u00a0 \u00a0 \u00a0 \u00a0 \u00a0 \u00a0 \u00a0 \u00a0 \u00a0 \u00a0 \u00a0 \u00a0 \u00a0 \u00a0 \u00a0 \u00a0 \u00a0 \u00a0 \u00a0 \u00a0 \u00a0 \u00a0<em> \u00a0 \u00a0 Imagem: Vatican Media<\/em><\/p><\/div>\n<p>\u201cHoje, \u00e0s portas do Natal, Maria nos convida a n\u00e3o adiar, a dizer \u2018sim\u2019. Cada \u2018sim\u2019 custa, mas \u00e9 sempre menos que o custo para ela daquele corajoso e pronto \u2018sim\u2019, aquele \u2018fa\u00e7a-se em mim segundo a tua palavra\u2019 que nos trouxe a salva\u00e7\u00e3o.\u201d Foi o que disse o Papa no Angelus ao meio-dia deste IV Domingo do Advento, em que o Evangelho nos reprop\u00f5e a narra\u00e7\u00e3o da Anuncia\u00e7\u00e3o, que nos traz o \u201csim\u201d de Maria a Deus.<\/p>\n<p>&#8220;Alegra-te&#8221;, diz o anjo a Maria, &#8220;conceber\u00e1s um filho, o dar\u00e1s \u00e0 luz e o chamar\u00e1s Jesus&#8221; (Lc 1,28.31). \u201cParece ser um an\u00fancio de pura alegria, destinado a fazer a Virgem feliz: quem entre as mulheres da \u00e9poca n\u00e3o sonhava em se tornar a m\u00e3e do Messias?\u201d, perguntou Francisco na alocu\u00e7\u00e3o que precedeu a ora\u00e7\u00e3o mariana.<\/p>\n<p>\u201cMas, junto com a alegria, essas palavras predizem a Maria uma grande prova\u00e7\u00e3o. Por qu\u00ea? Porque naquele momento ela estava \u2018prometida em casamento\u2019 com Jos\u00e9. Em tal situa\u00e7\u00e3o explicou o Pont\u00edfice \u2013 a Lei de Mois\u00e9s estabelecia que n\u00e3o deveriam haver rela\u00e7\u00f5es e coabita\u00e7\u00e3o.<\/p>\n<p>Tendo um filho, prosseguiu o Santo Padre, Maria teria transgredido a Lei, e as penalidades para as mulheres eram terr\u00edveis: era previsto o apedrejamento. Certamente a mensagem divina encheu o cora\u00e7\u00e3o de Maria de luz e for\u00e7a; contudo, ela se viu diante de uma escolha crucial: dizer &#8220;sim&#8221; a Deus, arriscando tudo, inclusive sua vida, ou recusar o convite e seguir seu caminho comum.<\/p>\n<p>\u201cO que ela fez? Responde assim: \u2018Fa\u00e7a-se em mim segundo a tua palavra\u2019 (Lc 1,38). Fa\u00e7a-se: \u00e9 o famoso fiat de Maria. Mas na l\u00edngua em que o Evangelho \u00e9 escrito, h\u00e1 mais que isso. A express\u00e3o verbal indica um forte desejo, a vontade firme de que algo se torne realidade.\u201d<\/p>\n<p>Em outras palavras, Maria n\u00e3o diz: &#8220;Se deve acontecer, que aconte\u00e7a&#8230;, se n\u00e3o pode ser feito de outra forma&#8230;&#8221;. N\u00e3o, n\u00e3o expressa uma aceita\u00e7\u00e3o fraca e remissiva, mas um desejo forte e vivo. N\u00e3o \u00e9 passiva, mas ativa. N\u00e3o \u00e9 subjugada por Deus, adere a Deus.<\/p>\n<p>\u201c\u00c9 uma enamorada disposta a servir a seu Senhor em tudo e imediatamente. Poderia ter pedido um pouco de tempo para pensar sobre isso, ou maiores explica\u00e7\u00f5es sobre o que aconteceria; talvez estabelecer alguma condi\u00e7\u00e3o&#8230; Ao inv\u00e9s, n\u00e3o toma tempo, n\u00e3o faz Deus esperar, n\u00e3o adia.\u201d<\/p>\n<p>Quantas vezes nossa vida \u00e9 feita de adiamentos, inclusive na vida espiritual! \u201cSei que \u00e9 bom para mim rezar, mas hoje n\u00e3o tenho tempo; sei que ajudar algu\u00e9m \u00e9 importante, mas hoje n\u00e3o posso. Amanh\u00e3 o farei, isto \u00e9, nunca\u201d, observou Francisco.<\/p>\n<p>Tendo ressaltado o \u201csim\u201d incondicional de Maria que nos trouxe a salva\u00e7\u00e3o, o Santo Padre perguntou:<\/p>\n<p>\u201cE n\u00f3s, quais \u2018sim\u2019 podemos dizer? Neste tempo dif\u00edcil, em vez de nos lamentarmos do que a pandemia nos impede de fazer, fa\u00e7amos algo por aqueles que t\u00eam menos: n\u00e3o o en\u00e9simo presente para n\u00f3s e para nossos amigos, mas para um necessitado em quem ningu\u00e9m pensa!\u201d<\/p>\n<p>E antes da ora\u00e7\u00e3o mariana o Papa deixou-nos outro conselho: \u201cpara que Jesus nas\u00e7a em n\u00f3s, preparemos o cora\u00e7\u00e3o, rezemos, n\u00e3o nos deixamos levar pelo consumismo. \u2018Ah, tenho que comprar presentes, tenho que fazer isto, isto&#8230;\u2019 Aquele frenesi de fazer coisas, coisas, coisas&#8230; o importante \u00e9 Jesus. Consumismo: o consumismo, irm\u00e3os e irm\u00e3s, nos sequestrou o Natal. O consumismo n\u00e3o est\u00e1 na manjedoura de Bel\u00e9m: ali est\u00e1 a realidade, a pobreza, o amor. Preparemos o cora\u00e7\u00e3o como o de Maria: livre do mal, acolhedor, pronto para receber Deus&#8221;.<\/p>\n<p>&#8220;Fa\u00e7a-se em mim segundo a tua palavra&#8221;. \u00c9 a \u00faltima frase da Virgem neste \u00faltimo domingo do Advento, e \u00e9 o convite para dar um passo concreto em dire\u00e7\u00e3o ao Natal. \u201cPorque se o nascimento de Jesus n\u00e3o toca a vida, passa em v\u00e3o.\u201d No Angelus n\u00f3s tamb\u00e9m diremos agora: &#8220;realize-se em mim a tua palavra&#8221;: que Nossa Senhora nos ajude a diz\u00ea-lo com a vida, disse o Papa, concluindo, antes da ora\u00e7\u00e3o mariana.<\/p>\n<hr \/>\n<p><em>Fonte: Vatican News<\/em><\/p>\n","protected":false},"excerpt":{"rendered":"<p>Angelus<\/p>\n","protected":false},"author":3,"featured_media":230039,"comment_status":"open","ping_status":"open","sticky":false,"template":"","format":"standard","meta":[],"categories":[1428],"tags":[403],"acf":[],"yoast_head":"<!-- This site is optimized with the Yoast SEO plugin v19.2 - https:\/\/yoast.com\/wordpress\/plugins\/seo\/ -->\n<title>Papa: consumismo nos sequestrou o Natal, o importante \u00e9 Jesus - Not\u00edcias - Franciscanos<\/title>\n<meta name=\"robots\" content=\"index, follow, max-snippet:-1, max-image-preview:large, max-video-preview:-1\" \/>\n<link rel=\"canonical\" href=\"https:\/\/franciscanos.org.br\/noticias\/papa-consumismo-nos-sequestrou-o-natal-o-importante-e-jesus.html\" \/>\n<meta property=\"og:locale\" content=\"pt_BR\" \/>\n<meta property=\"og:type\" content=\"article\" \/>\n<meta property=\"og:title\" content=\"Papa: consumismo nos sequestrou o Natal, o importante \u00e9 Jesus - Not\u00edcias - Franciscanos\" \/>\n<meta property=\"og:description\" content=\"Angelus\" \/>\n<meta property=\"og:url\" content=\"https:\/\/franciscanos.org.br\/noticias\/papa-consumismo-nos-sequestrou-o-natal-o-importante-e-jesus.html\" \/>\n<meta property=\"og:site_name\" content=\"Not\u00edcias - Franciscanos\" \/>\n<meta property=\"article:published_time\" content=\"2020-12-20T12:33:49+00:00\" \/>\n<meta property=\"og:image\" content=\"https:\/\/franciscanos.org.br\/noticias\/wp-content\/uploads\/2020\/12\/angelus_01d.jpg\" \/>\n\t<meta property=\"og:image:width\" content=\"800\" \/>\n\t<meta property=\"og:image:height\" content=\"600\" \/>\n\t<meta property=\"og:image:type\" content=\"image\/jpeg\" \/>\n<meta name=\"author\" content=\"moacir\" \/>\n<meta name=\"twitter:card\" content=\"summary_large_image\" \/>\n<meta name=\"twitter:label1\" content=\"Escrito por\" \/>\n\t<meta name=\"twitter:data1\" content=\"moacir\" \/>\n\t<meta name=\"twitter:label2\" content=\"Est. tempo de leitura\" \/>\n\t<meta name=\"twitter:data2\" content=\"4 minutos\" \/>\n<script type=\"application\/ld+json\" class=\"yoast-schema-graph\">{\"@context\":\"https:\/\/schema.org\",\"@graph\":[{\"@type\":\"WebSite\",\"@id\":\"https:\/\/franciscanos.org.br\/noticias\/#website\",\"url\":\"https:\/\/franciscanos.org.br\/noticias\/\",\"name\":\"Not\u00edcias - Franciscanos\",\"description\":\"Prov\u00edncia Franciscana da Imaculada Concei\u00e7\u00e3o do Brasil - Ordem dos Frades Menores - OFM\",\"potentialAction\":[{\"@type\":\"SearchAction\",\"target\":{\"@type\":\"EntryPoint\",\"urlTemplate\":\"https:\/\/franciscanos.org.br\/noticias\/?s={search_term_string}\"},\"query-input\":\"required name=search_term_string\"}],\"inLanguage\":\"pt-BR\"},{\"@type\":\"ImageObject\",\"inLanguage\":\"pt-BR\",\"@id\":\"https:\/\/franciscanos.org.br\/noticias\/papa-consumismo-nos-sequestrou-o-natal-o-importante-e-jesus.html#primaryimage\",\"url\":\"https:\/\/franciscanos.org.br\/noticias\/wp-content\/uploads\/2020\/12\/angelus_01d.jpg\",\"contentUrl\":\"https:\/\/franciscanos.org.br\/noticias\/wp-content\/uploads\/2020\/12\/angelus_01d.jpg\",\"width\":800,\"height\":600},{\"@type\":\"WebPage\",\"@id\":\"https:\/\/franciscanos.org.br\/noticias\/papa-consumismo-nos-sequestrou-o-natal-o-importante-e-jesus.html#webpage\",\"url\":\"https:\/\/franciscanos.org.br\/noticias\/papa-consumismo-nos-sequestrou-o-natal-o-importante-e-jesus.html\",\"name\":\"Papa: consumismo nos sequestrou o Natal, o importante \u00e9 Jesus - Not\u00edcias - Franciscanos\",\"isPartOf\":{\"@id\":\"https:\/\/franciscanos.org.br\/noticias\/#website\"},\"primaryImageOfPage\":{\"@id\":\"https:\/\/franciscanos.org.br\/noticias\/papa-consumismo-nos-sequestrou-o-natal-o-importante-e-jesus.html#primaryimage\"},\"datePublished\":\"2020-12-20T12:33:49+00:00\",\"dateModified\":\"2020-12-20T12:33:49+00:00\",\"author\":{\"@id\":\"https:\/\/franciscanos.org.br\/noticias\/#\/schema\/person\/b5c8cba458c330ccff548b056e95a5d4\"},\"breadcrumb\":{\"@id\":\"https:\/\/franciscanos.org.br\/noticias\/papa-consumismo-nos-sequestrou-o-natal-o-importante-e-jesus.html#breadcrumb\"},\"inLanguage\":\"pt-BR\",\"potentialAction\":[{\"@type\":\"ReadAction\",\"target\":[\"https:\/\/franciscanos.org.br\/noticias\/papa-consumismo-nos-sequestrou-o-natal-o-importante-e-jesus.html\"]}]},{\"@type\":\"BreadcrumbList\",\"@id\":\"https:\/\/franciscanos.org.br\/noticias\/papa-consumismo-nos-sequestrou-o-natal-o-importante-e-jesus.html#breadcrumb\",\"itemListElement\":[{\"@type\":\"ListItem\",\"position\":1,\"name\":\"Home\",\"item\":\"https:\/\/franciscanos.org.br\/noticias\"},{\"@type\":\"ListItem\",\"position\":2,\"name\":\"Papa: consumismo nos sequestrou o Natal, o importante \u00e9 Jesus\"}]},{\"@type\":\"Person\",\"@id\":\"https:\/\/franciscanos.org.br\/noticias\/#\/schema\/person\/b5c8cba458c330ccff548b056e95a5d4\",\"name\":\"moacir\",\"image\":{\"@type\":\"ImageObject\",\"inLanguage\":\"pt-BR\",\"@id\":\"https:\/\/franciscanos.org.br\/noticias\/#\/schema\/person\/image\/\",\"url\":\"https:\/\/secure.gravatar.com\/avatar\/d08aa2ce4c8dd416d4479aa8536fcf64?s=96&d=mm&r=g\",\"contentUrl\":\"https:\/\/secure.gravatar.com\/avatar\/d08aa2ce4c8dd416d4479aa8536fcf64?s=96&d=mm&r=g\",\"caption\":\"moacir\"},\"url\":\"https:\/\/franciscanos.org.br\/noticias\/author\/moacir\"}]}<\/script>\n<!-- \/ Yoast SEO plugin. -->","yoast_head_json":{"title":"Papa: consumismo nos sequestrou o Natal, o importante \u00e9 Jesus - Not\u00edcias - Franciscanos","robots":{"index":"index","follow":"follow","max-snippet":"max-snippet:-1","max-image-preview":"max-image-preview:large","max-video-preview":"max-video-preview:-1"},"canonical":"https:\/\/franciscanos.org.br\/noticias\/papa-consumismo-nos-sequestrou-o-natal-o-importante-e-jesus.html","og_locale":"pt_BR","og_type":"article","og_title":"Papa: consumismo nos sequestrou o Natal, o importante \u00e9 Jesus - Not\u00edcias - Franciscanos","og_description":"Angelus","og_url":"https:\/\/franciscanos.org.br\/noticias\/papa-consumismo-nos-sequestrou-o-natal-o-importante-e-jesus.html","og_site_name":"Not\u00edcias - Franciscanos","article_published_time":"2020-12-20T12:33:49+00:00","og_image":[{"width":800,"height":600,"url":"https:\/\/franciscanos.org.br\/noticias\/wp-content\/uploads\/2020\/12\/angelus_01d.jpg","type":"image\/jpeg"}],"author":"moacir","twitter_card":"summary_large_image","twitter_misc":{"Escrito por":"moacir","Est. tempo de leitura":"4 minutos"},"schema":{"@context":"https:\/\/schema.org","@graph":[{"@type":"WebSite","@id":"https:\/\/franciscanos.org.br\/noticias\/#website","url":"https:\/\/franciscanos.org.br\/noticias\/","name":"Not\u00edcias - Franciscanos","description":"Prov\u00edncia Franciscana da Imaculada Concei\u00e7\u00e3o do Brasil - Ordem dos Frades Menores - OFM","potentialAction":[{"@type":"SearchAction","target":{"@type":"EntryPoint","urlTemplate":"https:\/\/franciscanos.org.br\/noticias\/?s={search_term_string}"},"query-input":"required name=search_term_string"}],"inLanguage":"pt-BR"},{"@type":"ImageObject","inLanguage":"pt-BR","@id":"https:\/\/franciscanos.org.br\/noticias\/papa-consumismo-nos-sequestrou-o-natal-o-importante-e-jesus.html#primaryimage","url":"https:\/\/franciscanos.org.br\/noticias\/wp-content\/uploads\/2020\/12\/angelus_01d.jpg","contentUrl":"https:\/\/franciscanos.org.br\/noticias\/wp-content\/uploads\/2020\/12\/angelus_01d.jpg","width":800,"height":600},{"@type":"WebPage","@id":"https:\/\/franciscanos.org.br\/noticias\/papa-consumismo-nos-sequestrou-o-natal-o-importante-e-jesus.html#webpage","url":"https:\/\/franciscanos.org.br\/noticias\/papa-consumismo-nos-sequestrou-o-natal-o-importante-e-jesus.html","name":"Papa: consumismo nos sequestrou o Natal, o importante \u00e9 Jesus - Not\u00edcias - Franciscanos","isPartOf":{"@id":"https:\/\/franciscanos.org.br\/noticias\/#website"},"primaryImageOfPage":{"@id":"https:\/\/franciscanos.org.br\/noticias\/papa-consumismo-nos-sequestrou-o-natal-o-importante-e-jesus.html#primaryimage"},"datePublished":"2020-12-20T12:33:49+00:00","dateModified":"2020-12-20T12:33:49+00:00","author":{"@id":"https:\/\/franciscanos.org.br\/noticias\/#\/schema\/person\/b5c8cba458c330ccff548b056e95a5d4"},"breadcrumb":{"@id":"https:\/\/franciscanos.org.br\/noticias\/papa-consumismo-nos-sequestrou-o-natal-o-importante-e-jesus.html#breadcrumb"},"inLanguage":"pt-BR","potentialAction":[{"@type":"ReadAction","target":["https:\/\/franciscanos.org.br\/noticias\/papa-consumismo-nos-sequestrou-o-natal-o-importante-e-jesus.html"]}]},{"@type":"BreadcrumbList","@id":"https:\/\/franciscanos.org.br\/noticias\/papa-consumismo-nos-sequestrou-o-natal-o-importante-e-jesus.html#breadcrumb","itemListElement":[{"@type":"ListItem","position":1,"name":"Home","item":"https:\/\/franciscanos.org.br\/noticias"},{"@type":"ListItem","position":2,"name":"Papa: consumismo nos sequestrou o Natal, o importante \u00e9 Jesus"}]},{"@type":"Person","@id":"https:\/\/franciscanos.org.br\/noticias\/#\/schema\/person\/b5c8cba458c330ccff548b056e95a5d4","name":"moacir","image":{"@type":"ImageObject","inLanguage":"pt-BR","@id":"https:\/\/franciscanos.org.br\/noticias\/#\/schema\/person\/image\/","url":"https:\/\/secure.gravatar.com\/avatar\/d08aa2ce4c8dd416d4479aa8536fcf64?s=96&d=mm&r=g","contentUrl":"https:\/\/secure.gravatar.com\/avatar\/d08aa2ce4c8dd416d4479aa8536fcf64?s=96&d=mm&r=g","caption":"moacir"},"url":"https:\/\/franciscanos.org.br\/noticias\/author\/moacir"}]}},"_links":{"self":[{"href":"https:\/\/franciscanos.org.br\/noticias\/wp-json\/wp\/v2\/posts\/230037"}],"collection":[{"href":"https:\/\/franciscanos.org.br\/noticias\/wp-json\/wp\/v2\/posts"}],"about":[{"href":"https:\/\/franciscanos.org.br\/noticias\/wp-json\/wp\/v2\/types\/post"}],"author":[{"embeddable":true,"href":"https:\/\/franciscanos.org.br\/noticias\/wp-json\/wp\/v2\/users\/3"}],"replies":[{"embeddable":true,"href":"https:\/\/franciscanos.org.br\/noticias\/wp-json\/wp\/v2\/comments?post=230037"}],"version-history":[{"count":1,"href":"https:\/\/franciscanos.org.br\/noticias\/wp-json\/wp\/v2\/posts\/230037\/revisions"}],"predecessor-version":[{"id":230040,"href":"https:\/\/franciscanos.org.br\/noticias\/wp-json\/wp\/v2\/posts\/230037\/revisions\/230040"}],"wp:featuredmedia":[{"embeddable":true,"href":"https:\/\/franciscanos.org.br\/noticias\/wp-json\/wp\/v2\/media\/230039"}],"wp:attachment":[{"href":"https:\/\/franciscanos.org.br\/noticias\/wp-json\/wp\/v2\/media?parent=230037"}],"wp:term":[{"taxonomy":"category","embeddable":true,"href":"https:\/\/franciscanos.org.br\/noticias\/wp-json\/wp\/v2\/categories?post=230037"},{"taxonomy":"post_tag","embeddable":true,"href":"https:\/\/franciscanos.org.br\/noticias\/wp-json\/wp\/v2\/tags?post=230037"}],"curies":[{"name":"wp","href":"https:\/\/api.w.org\/{rel}","templated":true}]}}