{"id":229954,"date":"2020-12-26T07:50:09","date_gmt":"2020-12-26T10:50:09","guid":{"rendered":"https:\/\/franciscanos.org.br\/noticias\/?p=229954"},"modified":"2021-07-05T19:48:08","modified_gmt":"2021-07-05T22:48:08","slug":"sete-novicos-serao-acolhidos-no-dia-5-de-janeiro","status":"publish","type":"post","link":"https:\/\/franciscanos.org.br\/noticias\/sete-novicos-serao-acolhidos-no-dia-5-de-janeiro.html","title":{"rendered":"Sete novi\u00e7os ser\u00e3o acolhidos no dia 5 de janeiro"},"content":{"rendered":"<p><img loading=\"lazy\" class=\"alignnone size-full wp-image-230106\" src=\"https:\/\/franciscanos.org.br\/noticias\/wp-content\/uploads\/2020\/12\/vesticao_26.jpg\" alt=\"\" width=\"1270\" height=\"714\" srcset=\"https:\/\/franciscanos.org.br\/noticias\/wp-content\/uploads\/2020\/12\/vesticao_26.jpg 1270w, https:\/\/franciscanos.org.br\/noticias\/wp-content\/uploads\/2020\/12\/vesticao_26-450x253.jpg 450w, https:\/\/franciscanos.org.br\/noticias\/wp-content\/uploads\/2020\/12\/vesticao_26-1024x576.jpg 1024w, https:\/\/franciscanos.org.br\/noticias\/wp-content\/uploads\/2020\/12\/vesticao_26-768x432.jpg 768w, https:\/\/franciscanos.org.br\/noticias\/wp-content\/uploads\/2020\/12\/vesticao_26-150x84.jpg 150w\" sizes=\"(max-width: 1270px) 100vw, 1270px\" \/><\/p>\n<p>A turma do Noviciado de 2021 da Prov\u00edncia da Imaculada Concei\u00e7\u00e3o do Brasil ser\u00e1 formada por sete postulantes, que ser\u00e3o acolhidos na ter\u00e7a-feira, dia 5 de janeiro, pelo Ministro Provincial Frei C\u00e9sar K\u00fclkamp durante a Celebra\u00e7\u00e3o Eucar\u00edstica, \u00e0s 6h30, no Noviciado S\u00e3o Jos\u00e9, em Rodeio (SC). S\u00e3o eles: Caio Santos da Silva, Felipe Luiz Mendon\u00e7a, Raphael de Faria Costa, Ruan Ramiro Martins, Samuel Corr\u00eaa Ribeiro, Sandro Francisco Bedim da Silva e Thiago de Carvalho Pereira.<\/p>\n<p>Um dos momentos mais simb\u00f3licos e emocionantes da admiss\u00e3o dos novi\u00e7os \u00e9 a veste do h\u00e1bito franciscano, que o candidato recebe das m\u00e3os do Ministro Provincial e do mestre Frei Rodrigo da Silva Santos. Ali mesmo, durante a celebra\u00e7\u00e3o, ele se veste e passa a ser chamado de Frei. Durante o ano de Noviciado, este h\u00e1bito \u00e9 provis\u00f3rio, j\u00e1 que o definitivo o novi\u00e7o receber\u00e1 quando fizer a Primeira Profiss\u00e3o, no t\u00e9rmino deste ano de prova\u00e7\u00e3o.<\/p>\n<p>Durante o ano, os novi\u00e7os intensificam a vida em comum, entre eles e com a Fraternidade Formadora da casa, e participam tamb\u00e9m de algumas atividades na pr\u00f3pria comunidade eclesial e de celebra\u00e7\u00f5es das outras casas franciscanas da regi\u00e3o.<\/p>\n<p style=\"text-align: center;\"><strong>CONHE\u00c7A OS NOVI\u00c7OS EM 2021<\/strong><\/p>\n<p><img loading=\"lazy\" class=\"alignnone size-full wp-image-229956\" src=\"https:\/\/franciscanos.org.br\/noticias\/wp-content\/uploads\/2020\/12\/7-novicos.png\" alt=\"\" width=\"1200\" height=\"706\" srcset=\"https:\/\/franciscanos.org.br\/noticias\/wp-content\/uploads\/2020\/12\/7-novicos.png 1200w, https:\/\/franciscanos.org.br\/noticias\/wp-content\/uploads\/2020\/12\/7-novicos-450x265.png 450w, https:\/\/franciscanos.org.br\/noticias\/wp-content\/uploads\/2020\/12\/7-novicos-1024x602.png 1024w, https:\/\/franciscanos.org.br\/noticias\/wp-content\/uploads\/2020\/12\/7-novicos-768x452.png 768w, https:\/\/franciscanos.org.br\/noticias\/wp-content\/uploads\/2020\/12\/7-novicos-150x88.png 150w\" sizes=\"(max-width: 1200px) 100vw, 1200px\" \/><\/p>\n<hr \/>\n<h3>\u201cA Vida Franciscana precisa colocar-se no mundo\u201d<\/h3>\n<p>Sete Postulantes concluem o ano aqui em Guaratinguet\u00e1. Pouco mais da metade dos que foram admitidos em janeiro. A quest\u00e3o vocacional do jovem de hoje e o nosso modo de acompanh\u00e1-los requer uma aten\u00e7\u00e3o muito maior. A configura\u00e7\u00e3o das fam\u00edlias mudou, o mundo acelerou-se em tantos sentidos. Multiplicou-se em oportunidades, em apelos e propostas. O mundo virtual \u00e9 uma faca de dois gumes, e ele seduz al\u00e9m da conta. A Vida Franciscana precisa colocar-se no mundo, valorizar o que ele traz de novo e bom, mas ela \u00e9 tamb\u00e9m, por natureza e a partir do Evangelho, um contraponto aos desvalores vividos e propagados nas sociedades. At\u00e9 que ponto ela consegue encarnar essa postura e at\u00e9 que ponto os jovens s\u00e3o capazes de assumir uma via diversa, que vai, em grande parte, na contram\u00e3o do fluxo de certas correntes ideol\u00f3gicas atuais s\u00e3o quest\u00f5es que nos deveriam ocupar mais ainda.<\/p>\n<p>A prioridade vocacional eleita j\u00e1 em mais de um Cap\u00edtulo Provincial falta encontrar mais efetividade na nossa vida e das nossas fraternidades. J\u00e1 h\u00e1 tempos entramos no ritmo de encolhimento num\u00e9rico experimentado em quase todo o mundo. E, \u00e0s vezes, parece que assistimos \u201cmeio de camarote\u201d a esse processo. Por que a vida na Prov\u00edncia n\u00e3o atrai mais tanto? Temos alguma contribui\u00e7\u00e3o no fato de que o \u201cvinde e vede\u201d, em muitos casos, desanime mais do que encante?<\/p>\n<p>O Postulantado (de <em>postulare<\/em>, latim) \u00e9 um grande pedido. A Deus, para o caminho a seguir. \u00c0 fraternidade provincial, para a acolhida. E a si mesmo, para ver as condi\u00e7\u00f5es humanas e espirituais para empreender o caminho. \u00c9 uma etapa, embora toda a vida do frade menor seja um cont\u00ednuo postular. Neste ano, os postulantes experimentaram um programa de vida afetado pela pandemia. N\u00e3o puderam participar dos c\u00edrculos b\u00edblicos e de outras iniciativas evangelizadoras e tiveram pouco contato com os romeiros, mas, por outro lado, puderam estar mais juntos todos os dias e crescer como turma na quest\u00e3o da conviv\u00eancia e do conhecimento m\u00fatuo. E n\u00e3o houve grandes altera\u00e7\u00f5es na nossa rotina. N\u00e3o podemos reclamar. Vivemos numa casa ampla, com espa\u00e7os para trabalho e lazer que n\u00e3o nos deixaram \u201centocados\u201d, como grande parte dos brasileiros desfavorecidos, que, de fato, sofreram com o distanciamento social. E mesmo assim, acabamos fazendo v\u00e1rios passeios. Neste ano tamb\u00e9m os postulantes tiveram forma\u00e7\u00f5es semanais com a psic\u00f3loga Raquel, na linha do autoconhecimento, e tamb\u00e9m acompanhamento individualizado por algumas semanas. O professor Marcelo ajudou na \u00e1rea da inicia\u00e7\u00e3o musical.<\/p>\n<p>Os sete jovens que seguem para o Noviciado mostram-se animados e contentes. O clima de conv\u00edvio no segundo semestre arejou-se bem. A presen\u00e7a dos frades em Ano Mission\u00e1rio, Frei Jo\u00e3o Zechinatto e Frei Lucas Moura, fez diferen\u00e7a. Al\u00e9m de trabalhos diversos da casa, eles contribu\u00edram significativamente na forma\u00e7\u00e3o.<\/p>\n<p>Que o Senhor confirme nossos futuros novi\u00e7os no caminho franciscano. D\u00ea-lhes perseveran\u00e7a e entusiasmo! Obrigado a todos eles e aos confrades que doam sua vida nesta casa de Forma\u00e7\u00e3o! Paz e bem!<\/p>\n<hr \/>\n<p><em><strong>Frei Walter de Carvalho J\u00fanior<\/strong><\/em><\/p>\n<p>&nbsp;<\/p>\n","protected":false},"excerpt":{"rendered":"<p>Admiss\u00e3o ao Noviciado em 2021<\/p>\n","protected":false},"author":7,"featured_media":230105,"comment_status":"open","ping_status":"open","sticky":false,"template":"","format":"standard","meta":[],"categories":[1],"tags":[1270,135],"acf":[],"yoast_head":"<!-- This site is optimized with the Yoast SEO plugin v19.2 - https:\/\/yoast.com\/wordpress\/plugins\/seo\/ -->\n<title>Sete novi\u00e7os ser\u00e3o acolhidos no dia 5 de janeiro - Not\u00edcias - Franciscanos<\/title>\n<meta name=\"robots\" content=\"index, follow, max-snippet:-1, max-image-preview:large, max-video-preview:-1\" \/>\n<link rel=\"canonical\" href=\"https:\/\/franciscanos.org.br\/noticias\/sete-novicos-serao-acolhidos-no-dia-5-de-janeiro.html\" \/>\n<meta property=\"og:locale\" content=\"pt_BR\" \/>\n<meta property=\"og:type\" content=\"article\" \/>\n<meta property=\"og:title\" content=\"Sete novi\u00e7os ser\u00e3o acolhidos no dia 5 de janeiro - Not\u00edcias - Franciscanos\" \/>\n<meta property=\"og:description\" content=\"Admiss\u00e3o ao Noviciado em 2021\" \/>\n<meta property=\"og:url\" content=\"https:\/\/franciscanos.org.br\/noticias\/sete-novicos-serao-acolhidos-no-dia-5-de-janeiro.html\" \/>\n<meta property=\"og:site_name\" content=\"Not\u00edcias - Franciscanos\" \/>\n<meta property=\"article:published_time\" content=\"2020-12-26T10:50:09+00:00\" \/>\n<meta property=\"article:modified_time\" content=\"2021-07-05T22:48:08+00:00\" \/>\n<meta property=\"og:image\" content=\"https:\/\/franciscanos.org.br\/noticias\/wp-content\/uploads\/2020\/12\/vesticao_d.jpg\" \/>\n\t<meta property=\"og:image:width\" content=\"800\" \/>\n\t<meta property=\"og:image:height\" content=\"600\" \/>\n\t<meta property=\"og:image:type\" content=\"image\/jpeg\" \/>\n<meta name=\"author\" content=\"jovenal\" \/>\n<meta name=\"twitter:card\" content=\"summary_large_image\" \/>\n<meta name=\"twitter:label1\" content=\"Escrito por\" \/>\n\t<meta name=\"twitter:data1\" content=\"jovenal\" \/>\n\t<meta name=\"twitter:label2\" content=\"Est. tempo de leitura\" \/>\n\t<meta name=\"twitter:data2\" content=\"4 minutos\" \/>\n<script type=\"application\/ld+json\" class=\"yoast-schema-graph\">{\"@context\":\"https:\/\/schema.org\",\"@graph\":[{\"@type\":\"WebSite\",\"@id\":\"https:\/\/franciscanos.org.br\/noticias\/#website\",\"url\":\"https:\/\/franciscanos.org.br\/noticias\/\",\"name\":\"Not\u00edcias - Franciscanos\",\"description\":\"Prov\u00edncia Franciscana da Imaculada Concei\u00e7\u00e3o do Brasil - Ordem dos Frades Menores - OFM\",\"potentialAction\":[{\"@type\":\"SearchAction\",\"target\":{\"@type\":\"EntryPoint\",\"urlTemplate\":\"https:\/\/franciscanos.org.br\/noticias\/?s={search_term_string}\"},\"query-input\":\"required name=search_term_string\"}],\"inLanguage\":\"pt-BR\"},{\"@type\":\"ImageObject\",\"inLanguage\":\"pt-BR\",\"@id\":\"https:\/\/franciscanos.org.br\/noticias\/sete-novicos-serao-acolhidos-no-dia-5-de-janeiro.html#primaryimage\",\"url\":\"https:\/\/franciscanos.org.br\/noticias\/wp-content\/uploads\/2020\/12\/vesticao_d.jpg\",\"contentUrl\":\"https:\/\/franciscanos.org.br\/noticias\/wp-content\/uploads\/2020\/12\/vesticao_d.jpg\",\"width\":800,\"height\":600},{\"@type\":\"WebPage\",\"@id\":\"https:\/\/franciscanos.org.br\/noticias\/sete-novicos-serao-acolhidos-no-dia-5-de-janeiro.html#webpage\",\"url\":\"https:\/\/franciscanos.org.br\/noticias\/sete-novicos-serao-acolhidos-no-dia-5-de-janeiro.html\",\"name\":\"Sete novi\u00e7os ser\u00e3o acolhidos no dia 5 de janeiro - Not\u00edcias - Franciscanos\",\"isPartOf\":{\"@id\":\"https:\/\/franciscanos.org.br\/noticias\/#website\"},\"primaryImageOfPage\":{\"@id\":\"https:\/\/franciscanos.org.br\/noticias\/sete-novicos-serao-acolhidos-no-dia-5-de-janeiro.html#primaryimage\"},\"datePublished\":\"2020-12-26T10:50:09+00:00\",\"dateModified\":\"2021-07-05T22:48:08+00:00\",\"author\":{\"@id\":\"https:\/\/franciscanos.org.br\/noticias\/#\/schema\/person\/c3a26b08313dd1772495ce300ab257cc\"},\"breadcrumb\":{\"@id\":\"https:\/\/franciscanos.org.br\/noticias\/sete-novicos-serao-acolhidos-no-dia-5-de-janeiro.html#breadcrumb\"},\"inLanguage\":\"pt-BR\",\"potentialAction\":[{\"@type\":\"ReadAction\",\"target\":[\"https:\/\/franciscanos.org.br\/noticias\/sete-novicos-serao-acolhidos-no-dia-5-de-janeiro.html\"]}]},{\"@type\":\"BreadcrumbList\",\"@id\":\"https:\/\/franciscanos.org.br\/noticias\/sete-novicos-serao-acolhidos-no-dia-5-de-janeiro.html#breadcrumb\",\"itemListElement\":[{\"@type\":\"ListItem\",\"position\":1,\"name\":\"Home\",\"item\":\"https:\/\/franciscanos.org.br\/noticias\"},{\"@type\":\"ListItem\",\"position\":2,\"name\":\"Sete novi\u00e7os ser\u00e3o acolhidos no dia 5 de janeiro\"}]},{\"@type\":\"Person\",\"@id\":\"https:\/\/franciscanos.org.br\/noticias\/#\/schema\/person\/c3a26b08313dd1772495ce300ab257cc\",\"name\":\"jovenal\",\"image\":{\"@type\":\"ImageObject\",\"inLanguage\":\"pt-BR\",\"@id\":\"https:\/\/franciscanos.org.br\/noticias\/#\/schema\/person\/image\/\",\"url\":\"https:\/\/secure.gravatar.com\/avatar\/e94509f531086e2eaf97e72f29ea00f9?s=96&d=mm&r=g\",\"contentUrl\":\"https:\/\/secure.gravatar.com\/avatar\/e94509f531086e2eaf97e72f29ea00f9?s=96&d=mm&r=g\",\"caption\":\"jovenal\"},\"url\":\"https:\/\/franciscanos.org.br\/noticias\/author\/jovenal\"}]}<\/script>\n<!-- \/ Yoast SEO plugin. -->","yoast_head_json":{"title":"Sete novi\u00e7os ser\u00e3o acolhidos no dia 5 de janeiro - Not\u00edcias - Franciscanos","robots":{"index":"index","follow":"follow","max-snippet":"max-snippet:-1","max-image-preview":"max-image-preview:large","max-video-preview":"max-video-preview:-1"},"canonical":"https:\/\/franciscanos.org.br\/noticias\/sete-novicos-serao-acolhidos-no-dia-5-de-janeiro.html","og_locale":"pt_BR","og_type":"article","og_title":"Sete novi\u00e7os ser\u00e3o acolhidos no dia 5 de janeiro - Not\u00edcias - Franciscanos","og_description":"Admiss\u00e3o ao Noviciado em 2021","og_url":"https:\/\/franciscanos.org.br\/noticias\/sete-novicos-serao-acolhidos-no-dia-5-de-janeiro.html","og_site_name":"Not\u00edcias - Franciscanos","article_published_time":"2020-12-26T10:50:09+00:00","article_modified_time":"2021-07-05T22:48:08+00:00","og_image":[{"width":800,"height":600,"url":"https:\/\/franciscanos.org.br\/noticias\/wp-content\/uploads\/2020\/12\/vesticao_d.jpg","type":"image\/jpeg"}],"author":"jovenal","twitter_card":"summary_large_image","twitter_misc":{"Escrito por":"jovenal","Est. tempo de leitura":"4 minutos"},"schema":{"@context":"https:\/\/schema.org","@graph":[{"@type":"WebSite","@id":"https:\/\/franciscanos.org.br\/noticias\/#website","url":"https:\/\/franciscanos.org.br\/noticias\/","name":"Not\u00edcias - Franciscanos","description":"Prov\u00edncia Franciscana da Imaculada Concei\u00e7\u00e3o do Brasil - Ordem dos Frades Menores - OFM","potentialAction":[{"@type":"SearchAction","target":{"@type":"EntryPoint","urlTemplate":"https:\/\/franciscanos.org.br\/noticias\/?s={search_term_string}"},"query-input":"required name=search_term_string"}],"inLanguage":"pt-BR"},{"@type":"ImageObject","inLanguage":"pt-BR","@id":"https:\/\/franciscanos.org.br\/noticias\/sete-novicos-serao-acolhidos-no-dia-5-de-janeiro.html#primaryimage","url":"https:\/\/franciscanos.org.br\/noticias\/wp-content\/uploads\/2020\/12\/vesticao_d.jpg","contentUrl":"https:\/\/franciscanos.org.br\/noticias\/wp-content\/uploads\/2020\/12\/vesticao_d.jpg","width":800,"height":600},{"@type":"WebPage","@id":"https:\/\/franciscanos.org.br\/noticias\/sete-novicos-serao-acolhidos-no-dia-5-de-janeiro.html#webpage","url":"https:\/\/franciscanos.org.br\/noticias\/sete-novicos-serao-acolhidos-no-dia-5-de-janeiro.html","name":"Sete novi\u00e7os ser\u00e3o acolhidos no dia 5 de janeiro - Not\u00edcias - Franciscanos","isPartOf":{"@id":"https:\/\/franciscanos.org.br\/noticias\/#website"},"primaryImageOfPage":{"@id":"https:\/\/franciscanos.org.br\/noticias\/sete-novicos-serao-acolhidos-no-dia-5-de-janeiro.html#primaryimage"},"datePublished":"2020-12-26T10:50:09+00:00","dateModified":"2021-07-05T22:48:08+00:00","author":{"@id":"https:\/\/franciscanos.org.br\/noticias\/#\/schema\/person\/c3a26b08313dd1772495ce300ab257cc"},"breadcrumb":{"@id":"https:\/\/franciscanos.org.br\/noticias\/sete-novicos-serao-acolhidos-no-dia-5-de-janeiro.html#breadcrumb"},"inLanguage":"pt-BR","potentialAction":[{"@type":"ReadAction","target":["https:\/\/franciscanos.org.br\/noticias\/sete-novicos-serao-acolhidos-no-dia-5-de-janeiro.html"]}]},{"@type":"BreadcrumbList","@id":"https:\/\/franciscanos.org.br\/noticias\/sete-novicos-serao-acolhidos-no-dia-5-de-janeiro.html#breadcrumb","itemListElement":[{"@type":"ListItem","position":1,"name":"Home","item":"https:\/\/franciscanos.org.br\/noticias"},{"@type":"ListItem","position":2,"name":"Sete novi\u00e7os ser\u00e3o acolhidos no dia 5 de janeiro"}]},{"@type":"Person","@id":"https:\/\/franciscanos.org.br\/noticias\/#\/schema\/person\/c3a26b08313dd1772495ce300ab257cc","name":"jovenal","image":{"@type":"ImageObject","inLanguage":"pt-BR","@id":"https:\/\/franciscanos.org.br\/noticias\/#\/schema\/person\/image\/","url":"https:\/\/secure.gravatar.com\/avatar\/e94509f531086e2eaf97e72f29ea00f9?s=96&d=mm&r=g","contentUrl":"https:\/\/secure.gravatar.com\/avatar\/e94509f531086e2eaf97e72f29ea00f9?s=96&d=mm&r=g","caption":"jovenal"},"url":"https:\/\/franciscanos.org.br\/noticias\/author\/jovenal"}]}},"_links":{"self":[{"href":"https:\/\/franciscanos.org.br\/noticias\/wp-json\/wp\/v2\/posts\/229954"}],"collection":[{"href":"https:\/\/franciscanos.org.br\/noticias\/wp-json\/wp\/v2\/posts"}],"about":[{"href":"https:\/\/franciscanos.org.br\/noticias\/wp-json\/wp\/v2\/types\/post"}],"author":[{"embeddable":true,"href":"https:\/\/franciscanos.org.br\/noticias\/wp-json\/wp\/v2\/users\/7"}],"replies":[{"embeddable":true,"href":"https:\/\/franciscanos.org.br\/noticias\/wp-json\/wp\/v2\/comments?post=229954"}],"version-history":[{"count":3,"href":"https:\/\/franciscanos.org.br\/noticias\/wp-json\/wp\/v2\/posts\/229954\/revisions"}],"predecessor-version":[{"id":230107,"href":"https:\/\/franciscanos.org.br\/noticias\/wp-json\/wp\/v2\/posts\/229954\/revisions\/230107"}],"wp:featuredmedia":[{"embeddable":true,"href":"https:\/\/franciscanos.org.br\/noticias\/wp-json\/wp\/v2\/media\/230105"}],"wp:attachment":[{"href":"https:\/\/franciscanos.org.br\/noticias\/wp-json\/wp\/v2\/media?parent=229954"}],"wp:term":[{"taxonomy":"category","embeddable":true,"href":"https:\/\/franciscanos.org.br\/noticias\/wp-json\/wp\/v2\/categories?post=229954"},{"taxonomy":"post_tag","embeddable":true,"href":"https:\/\/franciscanos.org.br\/noticias\/wp-json\/wp\/v2\/tags?post=229954"}],"curies":[{"name":"wp","href":"https:\/\/api.w.org\/{rel}","templated":true}]}}