{"id":229942,"date":"2021-01-02T07:01:54","date_gmt":"2021-01-02T10:01:54","guid":{"rendered":"https:\/\/franciscanos.org.br\/noticias\/?p=229942"},"modified":"2021-01-05T09:25:48","modified_gmt":"2021-01-05T12:25:48","slug":"angola-primeira-profissao-e-admissao-dos-novicos-no-dia-9-de-janeiro","status":"publish","type":"post","link":"https:\/\/franciscanos.org.br\/noticias\/angola-primeira-profissao-e-admissao-dos-novicos-no-dia-9-de-janeiro.html","title":{"rendered":"Angola: Primeira Profiss\u00e3o e Admiss\u00e3o dos Novi\u00e7os no dia 10 de janeiro"},"content":{"rendered":"<p><img loading=\"lazy\" src=\"https:\/\/franciscanos.org.br\/noticias\/wp-content\/uploads\/2020\/12\/NOVIC-ANGOLA-840.png\" alt=\"\" width=\"1200\" height=\"874\" \/><\/p>\n<p><strong>Quibala (Angola)<\/strong> &#8211; Os 23 novi\u00e7os da Funda\u00e7\u00e3o Imaculada M\u00e3e de Deus de Angola (FIMDA) v\u00e3o fazer a Primeira Profiss\u00e3o no dia 10 de janeiro no Noviciado Santo Ant\u00f4nio, em Quibala. Neste mesmo dia, ser\u00e3o acolhidos 16 novi\u00e7os no ano 2021.<\/p>\n<p>Esta ser\u00e1 a maior turma do Noviciado de Angola, que come\u00e7ou a ser feito em Quibala em 2019.<\/p>\n<p>Os professandos s\u00e3o: Frei Abel Ernesto Nen\u00e9; Frei Alberto Joaquim Manuel Gamba; Frei Borracha Raimundo Eduardo; Frei Dion\u00edsio Kapitango Uyombo Muhele; Frei Escovalo Gabriel Domingos; Frei Fernando Camaxilo Victor; Frei Gualter Filipe Jo\u00e3o Pascoal; Frei Hil\u00e1rio Kaleka Gon\u00e7alves Barros; Frei Janu\u00e1rio Mendon\u00e7a Barreto de Carvalho; Frei Jos\u00e9 Kapundi Rodrigues; Frei Lu\u00eds Jos\u00e9 Fernandes; Frei Manuel Coloi Armando Camongua; Frei Manuel Katchingangu Singue; Frei M\u00e1rio Catimba Dumbo Baptista; Frei Paulino Salamba Candondo;. Frei Paulo Camuanguina Alexandre; Frei Paulo Kapindali; Frei Paulo Ngungu Ngumbe Gabriel; Frei Silva Kawia Ngueve Tchimo; Frei Sim\u00e3o Albino Katenha Kaquinta; Frei Sime\u00e3o Kapi\u00f1gala Jamba; Frei Tom\u00e1s Gaspar Joaquim; e Frei Vicente Chocolate Barros.<\/p>\n<h3><strong>Novi\u00e7os 2021<\/strong><\/h3>\n<p><img loading=\"lazy\" class=\"alignnone size-full wp-image-229949\" src=\"https:\/\/franciscanos.org.br\/noticias\/wp-content\/uploads\/2020\/12\/POSTUL-ANGOLA-840B.png\" alt=\"\" width=\"1200\" height=\"1200\" srcset=\"https:\/\/franciscanos.org.br\/noticias\/wp-content\/uploads\/2020\/12\/POSTUL-ANGOLA-840B.png 1200w, https:\/\/franciscanos.org.br\/noticias\/wp-content\/uploads\/2020\/12\/POSTUL-ANGOLA-840B-450x450.png 450w, https:\/\/franciscanos.org.br\/noticias\/wp-content\/uploads\/2020\/12\/POSTUL-ANGOLA-840B-1024x1024.png 1024w, https:\/\/franciscanos.org.br\/noticias\/wp-content\/uploads\/2020\/12\/POSTUL-ANGOLA-840B-300x300.png 300w, https:\/\/franciscanos.org.br\/noticias\/wp-content\/uploads\/2020\/12\/POSTUL-ANGOLA-840B-768x768.png 768w, https:\/\/franciscanos.org.br\/noticias\/wp-content\/uploads\/2020\/12\/POSTUL-ANGOLA-840B-150x150.png 150w, https:\/\/franciscanos.org.br\/noticias\/wp-content\/uploads\/2020\/12\/POSTUL-ANGOLA-840B-100x100.png 100w\" sizes=\"(max-width: 1200px) 100vw, 1200px\" \/><\/p>\n<p>O <strong>Noviciado de 2021<\/strong>, que come\u00e7a com a Admiss\u00e3o dos Novi\u00e7os no dia 10\u00a0 de janeiro, ter\u00e1 a seguinte turma:<\/p>\n<p>Benedito Cassoma, Benjamim Njle Songa, Bernardino Quessongo, Castro Domingos Gaspar, D\u00e2maso Tchembeka Muhepe, David Avelino Dami\u00e3o Vicente, Francisco Fernando Kanhanga Tchingandu, Francisco Mulimba Lino Tom\u00e1s, Jos\u00e9 Cambanda Catimba; Jos\u00e9 Greg\u00f3rio Severino; Levi Lubaki Joaquim Afonso; Manuel Mbuta Chicunho; Manuel Sabino Anapaz Kassindula; Miguel Armindo Caquarta; Pio Cutopa Chongolola; e Valter Muhongo Quimbundo.<\/p>\n<hr \/>\n<h3><strong>&#8220;UM ANO AT\u00cdPICO MAS INTENSO&#8221;<\/strong><\/h3>\n<p>Identidade, fraternidade e apostolado s\u00e3o tr\u00eas fundamentos que formam a nossa vida de Frades Menores.<\/p>\n<p>Movidos por esta esperan\u00e7a estamos quase concluindo mais um ano formativo em nossa Funda\u00e7\u00e3o. Diz-se \u2018quase concluindo\u2019, pelo fato de que, com a Covid-19, tivemos altera\u00e7\u00f5es no programa escolar, pois os que est\u00e3o fazendo os estudos no Ensino M\u00e9dio e os da Filosofia tiveram alterados o seu programa curricular que agora se inicia no m\u00eas de setembro e se conclui no m\u00eas de julho.<\/p>\n<p>Por\u00e9m, os aspirantes com Ensino M\u00e9dio conclu\u00eddo, que s\u00e3o oito (8), j\u00e1 est\u00e3o de f\u00e9rias e se preparando para no pr\u00f3ximo ano iniciarem o seu Postulantado. De igual modo, os postulantes que s\u00e3o 16, j\u00e1 est\u00e3o de f\u00e9rias e, no pr\u00f3ximo ano, iniciar\u00e3o sua experi\u00eancia de Noviciado. J\u00e1 os novi\u00e7os, que s\u00e3o 23, por sua vez, est\u00e3o em fase de conclus\u00e3o e se preparando para a Profiss\u00e3o, como tamb\u00e9m para as f\u00e9rias e a nova etapa formativa, sendo que nove (9) ir\u00e3o para o Bairro do Palanca e 14 para Rondinha (PR). Os confrades professos tempor\u00e1rios do 1\u00ba a 3\u00ba ano concluir\u00e3o, portanto, em 2021 seus estudos e, os que estavam no 4\u00ba ano, mesmo sem ter conclu\u00eddo o curso, ir\u00e3o para a Teologia em Petr\u00f3polis.<\/p>\n<p>Tivemos um ano at\u00edpico, mas intenso e pleno de desafios em nosso processo formativo. O recolhimento social provocou-nos em nosso recolhimento espiritual e, desta forma, abriu-nos \u00e0 possibilidade de uma simples e profunda reflex\u00e3o a respeito do nosso modo de vida, do nosso ser religioso.<\/p>\n<p>Como frade menor, nos vimos de um jeito, se podemos dizer assim, diferentemente provocados em rela\u00e7\u00e3o \u00e0 nossa identidade, pois, tivemos que nos voltar para n\u00f3s mesmos, dialogarmos mais, nos compreendermos melhor. Nas etapas do Aspirantado, Postulantado e Noviciado, este caminho \u00e9 mais evidente no seu processo natural, contudo, torna-se cada vez mais exigente esta experi\u00eancia, sobretudo, porque na forma\u00e7\u00e3o permanente, como refletimos e respondemos quest\u00f5es a respeito dos egressos, a clericaliza\u00e7\u00e3o est\u00e1 forjando um modo de ser que n\u00e3o \u00e9 o do frade e, com isto, se nossa identidade n\u00e3o firmar car\u00e1ter na fase inicial da forma\u00e7\u00e3o, dificilmente depois tomar\u00e1 corpo em nossas Fraternidades. E este \u00e9 um grande desafio para n\u00f3s.<\/p>\n<p>Na Fraternidade nos vimos dentro de um reaprendizado, tendo que nos assentar, nos vermos mais como fam\u00edlia, abrir-nos para trabalhar juntos, pois o \u201cter que ficar em casa\u201d desestabilizou as nossas \u201cfun\u00e7\u00f5es\u201d e, assim, nos vimos um olhando para o outro e, tendo que, reaprender a usar o nosso tempo. Nas etapas do Aspirantado, Postulantado e Noviciado, esta dimens\u00e3o de nossa vida franciscana \u00e9 mais assentada e o nosso minist\u00e9rio formativo deve acentu\u00e1-la como vital em nossa vida fraterna, tendo sido este um percurso que juntos constru\u00edmos com nossos formandos.<\/p>\n<p>Em nosso apostolado, buscou-se participar dos momentos fortes de nossa Igreja local, testemunhando pela nossa presen\u00e7a simples e discreta a comunh\u00e3o eclesial. Na responsabilidade junto \u00e0s nossas comunidades de f\u00e9, nos vimos limitados, o que trouxe, como dito acima, um confronto interior e, consequentemente, fraterno. Nas etapas do Aspirantado, Postulantado e Noviciado nos vimos tamb\u00e9m limitados e sentimos n\u00e3o ter participado um pouco mais da realidade do povo local juntamente com nossos formandos.<\/p>\n<p>Nisso tudo, o importante \u00e9 que nos vimos na possibilidade de crescimento, de firmar o nosso car\u00e1ter religioso como frade e, os que assim acolheram esta experi\u00eancia, certamente, amadureceram como disc\u00edpulos de Nosso Senhor Jesus Cristo.<\/p>\n<p>Nesta partilha, entenda-se tamb\u00e9m, os confrades de Profiss\u00e3o Tempor\u00e1ria e os da Forma\u00e7\u00e3o Permanente.<\/p>\n<p>Em S\u00e3o Francisco e Santa Clara: Paz e Bem!<\/p>\n<p style=\"padding-left: 40px;\"><em>Frei Marco Antonio dos Santos<\/em><\/p>\n<hr \/>\n<h3><strong>O POSTULANTADO EM VIANA<\/strong><\/h3>\n<p><img loading=\"lazy\" class=\"size-full wp-image-229950 aligncenter\" src=\"https:\/\/franciscanos.org.br\/noticias\/wp-content\/uploads\/2020\/12\/POSTUL-ANGOLA-840.png\" alt=\"\" width=\"840\" height=\"450\" srcset=\"https:\/\/franciscanos.org.br\/noticias\/wp-content\/uploads\/2020\/12\/POSTUL-ANGOLA-840.png 840w, https:\/\/franciscanos.org.br\/noticias\/wp-content\/uploads\/2020\/12\/POSTUL-ANGOLA-840-450x241.png 450w, https:\/\/franciscanos.org.br\/noticias\/wp-content\/uploads\/2020\/12\/POSTUL-ANGOLA-840-768x411.png 768w, https:\/\/franciscanos.org.br\/noticias\/wp-content\/uploads\/2020\/12\/POSTUL-ANGOLA-840-150x80.png 150w\" sizes=\"(max-width: 840px) 100vw, 840px\" \/><\/p>\n<p>Postulantado da Funda\u00e7\u00e3o Imaculada M\u00e3e de Deus de Angola situa-se no mun\u00edcipio de Viana, regi\u00e3o metropolitana da capital do pa\u00eds, Luanda, na Fraternidade da Porci\u00fancula. Essa Fraternidade est\u00e1 a mais ou menos 10 km da sede da Funda\u00e7\u00e3o, a Fraternidade S\u00e3o Francisco, que localiza-se em Luanda, bairro do Palanca. Comp\u00f5em o corpo formativo do Postulantado Frei Laurindo Lauro da Silva Junior, guardi\u00e3o e mestre; e Frei Jo\u00e3o Baptista Canjenjenga, p\u00e1roco e vig\u00e1rio da casa. Devido \u00e0 pandemia, Frei Jo\u00e3o Manoel Zechinatto, que faria seu Ano Mission\u00e1rio junto ao Postulantado em 2020, s\u00f3 chegou em Angola no m\u00eas de outubro.<\/p>\n<p>A Miss\u00e3o Franciscana em terras angolanas vive uma bela primavera em termos vocacionais. O postulantado iniciou o ano com 21 formandos. Destes, 16 seguem para o Noviciado a ser iniciado em janeiro na Fraternidade de Quibala, na Prov\u00edncia do Kwanza-Sul. Nos \u00faltimos anos, as Casas da Funda\u00e7\u00e3o, cada vez mais, est\u00e3o se compondo de frades angolanos, frutos dos 30 anos de Miss\u00e3o. O grande n\u00famero de voca\u00e7\u00f5es em todas as etapas da forma\u00e7\u00e3o inicial \u00e9 motivo de muita alegria e esperan\u00e7a. \u00c9 uma realidade vocacional bem adversa daquela que vive hoje o territ\u00f3rio da Prov\u00edncia no Brasil. No pr\u00f3ximo ano s\u00e3o esperados 8 postulantes, o n\u00famero menor \u00e9 reflexo da pandemia que alterou o calend\u00e1rio escolar de Angola: agora passa a valer o sistema europeu que inicia o ano letivo em setembro.<\/p>\n<p>Al\u00e9m da forma\u00e7\u00e3o, uma das miss\u00f5es da Fraternidade Local \u00e9 o cuidado da Par\u00f3quia Nossa Senhora de F\u00e1tima, cuja Matriz paroquial dista 2 km do Postulantado. Outra a\u00e7\u00e3o dos frades em Vianna \u00e9 o projeto social \u201cBola da Paz\u201d, um servi\u00e7o que oferece lazer e forma\u00e7\u00e3o aos jovens do bairro a partir do futebol e do conv\u00edvio fraterno.<\/p>\n<p>Neste ano, assim como em todos os lugares, o Postulantado foi afetado pela pandemia. O ritmo pr\u00f3prio da casa n\u00e3o sofreu grandes altera\u00e7\u00f5es. Uma mudan\u00e7a mais significativa foi o afastamento dos colaboradores a fim de evitar contato com pessoas de ambientes externos. Diante dessa situa\u00e7\u00e3o, os postulantes assumiram todos os trabalhos da casa: cozinha, lavanderia, manuten\u00e7\u00e3o, limpeza, jardins, horta, animais\u2026 todos puderam doar um pouco mais de si no cuidado e no servi\u00e7o \u00e0 Fraternidade. Os trabalhos pastorais foram mais restritos devido ao distanciamento social, em especial, o projeto Bola da Paz foi interrompido para evitar aglomera\u00e7\u00f5es em uma atividade f\u00edsica que poderia gerar risco \u00e0s crian\u00e7as.<\/p>\n<p>O entorno do Postulantado, o Bairro da Estalagem, \u00e9 uma regi\u00e3o simples, a maioria da popula\u00e7\u00e3o vive de trabalho informal, principalmente com a venda de produtos nas ruas e centros de com\u00e9rcio da regi\u00e3o. Foi, portanto, dif\u00edcil que o cuidado com o distanciamento social, assim como orientam as medidas de seguran\u00e7a, fossem observados \u00e0 risca. H\u00e1 muitos pontos de aglomera\u00e7\u00f5es nas imedia\u00e7\u00f5es da Fraternidade. Por gra\u00e7a de Deus, a pandemia n\u00e3o tem, por hora, crescido de maneira desordenada e causado os n\u00fameros de doentes e mortes em escala assustadora como ocorre no Brasil. A crise econ\u00f4mica que afeta o planeta, no entanto, n\u00e3o deixou de ser fortemente sentida tamb\u00e9m em Angola. Uma alta infla\u00e7\u00e3o, sobretudo no setor dos alimentos, recai sobre todos. In\u00fameras fam\u00edlias acorrem aos frades em busca de ajuda com alimentos e medicamentos.<\/p>\n<p>O conv\u00edvio fraterno mais estreito e intenso foi a marca do Postulantado nesse ano de 2020. Os postulantes que se preparam para cada vez mais adentrarem na vida franciscana puderam, no decorrer dessa etapa, sentirem-se provocados pelo \u201cnovo\u201d da vida, que exigiu criatividade, paci\u00eancia e dedica\u00e7\u00e3o. Puderam, sobretudo, viver a gra\u00e7a do Senhor manifestada nos pequenos gestos de doa\u00e7\u00e3o e servi\u00e7o aos irm\u00e3os que s\u00e3o instrumentos de Deus no chamado de serem aut\u00eanticos frades menores, pequenos e servos de todos.<\/p>\n<hr \/>\n<p style=\"padding-left: 40px;\"><em>Frei Laurindo Lauro da Silva Junior e Frei Jo\u00e3o Manoel Zechinatto<\/em><\/p>\n","protected":false},"excerpt":{"rendered":"<p>Noviciado em Angola<\/p>\n","protected":false},"author":7,"featured_media":230230,"comment_status":"open","ping_status":"open","sticky":false,"template":"","format":"standard","meta":[],"categories":[1],"tags":[361],"acf":[],"yoast_head":"<!-- This site is optimized with the Yoast SEO plugin v19.2 - https:\/\/yoast.com\/wordpress\/plugins\/seo\/ -->\n<title>Angola: Primeira Profiss\u00e3o e Admiss\u00e3o dos Novi\u00e7os no dia 10 de janeiro - Not\u00edcias - Franciscanos<\/title>\n<meta name=\"robots\" content=\"index, follow, max-snippet:-1, max-image-preview:large, max-video-preview:-1\" \/>\n<link rel=\"canonical\" href=\"https:\/\/franciscanos.org.br\/noticias\/angola-primeira-profissao-e-admissao-dos-novicos-no-dia-9-de-janeiro.html\" \/>\n<meta property=\"og:locale\" content=\"pt_BR\" \/>\n<meta property=\"og:type\" content=\"article\" \/>\n<meta property=\"og:title\" content=\"Angola: Primeira Profiss\u00e3o e Admiss\u00e3o dos Novi\u00e7os no dia 10 de janeiro - Not\u00edcias - Franciscanos\" \/>\n<meta property=\"og:description\" content=\"Noviciado em Angola\" \/>\n<meta property=\"og:url\" content=\"https:\/\/franciscanos.org.br\/noticias\/angola-primeira-profissao-e-admissao-dos-novicos-no-dia-9-de-janeiro.html\" \/>\n<meta property=\"og:site_name\" content=\"Not\u00edcias - Franciscanos\" \/>\n<meta property=\"article:published_time\" content=\"2021-01-02T10:01:54+00:00\" \/>\n<meta property=\"article:modified_time\" content=\"2021-01-05T12:25:48+00:00\" \/>\n<meta property=\"og:image\" content=\"https:\/\/franciscanos.org.br\/noticias\/wp-content\/uploads\/2021\/01\/quibala_d.jpg\" \/>\n\t<meta property=\"og:image:width\" content=\"800\" \/>\n\t<meta property=\"og:image:height\" content=\"600\" \/>\n\t<meta property=\"og:image:type\" content=\"image\/jpeg\" \/>\n<meta name=\"author\" content=\"jovenal\" \/>\n<meta name=\"twitter:card\" content=\"summary_large_image\" \/>\n<meta name=\"twitter:label1\" content=\"Escrito por\" \/>\n\t<meta name=\"twitter:data1\" content=\"jovenal\" \/>\n\t<meta name=\"twitter:label2\" content=\"Est. tempo de leitura\" \/>\n\t<meta name=\"twitter:data2\" content=\"8 minutos\" \/>\n<script type=\"application\/ld+json\" class=\"yoast-schema-graph\">{\"@context\":\"https:\/\/schema.org\",\"@graph\":[{\"@type\":\"WebSite\",\"@id\":\"https:\/\/franciscanos.org.br\/noticias\/#website\",\"url\":\"https:\/\/franciscanos.org.br\/noticias\/\",\"name\":\"Not\u00edcias - Franciscanos\",\"description\":\"Prov\u00edncia Franciscana da Imaculada Concei\u00e7\u00e3o do Brasil - Ordem dos Frades Menores - OFM\",\"potentialAction\":[{\"@type\":\"SearchAction\",\"target\":{\"@type\":\"EntryPoint\",\"urlTemplate\":\"https:\/\/franciscanos.org.br\/noticias\/?s={search_term_string}\"},\"query-input\":\"required name=search_term_string\"}],\"inLanguage\":\"pt-BR\"},{\"@type\":\"ImageObject\",\"inLanguage\":\"pt-BR\",\"@id\":\"https:\/\/franciscanos.org.br\/noticias\/angola-primeira-profissao-e-admissao-dos-novicos-no-dia-9-de-janeiro.html#primaryimage\",\"url\":\"https:\/\/franciscanos.org.br\/noticias\/wp-content\/uploads\/2021\/01\/quibala_d.jpg\",\"contentUrl\":\"https:\/\/franciscanos.org.br\/noticias\/wp-content\/uploads\/2021\/01\/quibala_d.jpg\",\"width\":800,\"height\":600},{\"@type\":\"WebPage\",\"@id\":\"https:\/\/franciscanos.org.br\/noticias\/angola-primeira-profissao-e-admissao-dos-novicos-no-dia-9-de-janeiro.html#webpage\",\"url\":\"https:\/\/franciscanos.org.br\/noticias\/angola-primeira-profissao-e-admissao-dos-novicos-no-dia-9-de-janeiro.html\",\"name\":\"Angola: Primeira Profiss\u00e3o e Admiss\u00e3o dos Novi\u00e7os no dia 10 de janeiro - Not\u00edcias - Franciscanos\",\"isPartOf\":{\"@id\":\"https:\/\/franciscanos.org.br\/noticias\/#website\"},\"primaryImageOfPage\":{\"@id\":\"https:\/\/franciscanos.org.br\/noticias\/angola-primeira-profissao-e-admissao-dos-novicos-no-dia-9-de-janeiro.html#primaryimage\"},\"datePublished\":\"2021-01-02T10:01:54+00:00\",\"dateModified\":\"2021-01-05T12:25:48+00:00\",\"author\":{\"@id\":\"https:\/\/franciscanos.org.br\/noticias\/#\/schema\/person\/c3a26b08313dd1772495ce300ab257cc\"},\"breadcrumb\":{\"@id\":\"https:\/\/franciscanos.org.br\/noticias\/angola-primeira-profissao-e-admissao-dos-novicos-no-dia-9-de-janeiro.html#breadcrumb\"},\"inLanguage\":\"pt-BR\",\"potentialAction\":[{\"@type\":\"ReadAction\",\"target\":[\"https:\/\/franciscanos.org.br\/noticias\/angola-primeira-profissao-e-admissao-dos-novicos-no-dia-9-de-janeiro.html\"]}]},{\"@type\":\"BreadcrumbList\",\"@id\":\"https:\/\/franciscanos.org.br\/noticias\/angola-primeira-profissao-e-admissao-dos-novicos-no-dia-9-de-janeiro.html#breadcrumb\",\"itemListElement\":[{\"@type\":\"ListItem\",\"position\":1,\"name\":\"Home\",\"item\":\"https:\/\/franciscanos.org.br\/noticias\"},{\"@type\":\"ListItem\",\"position\":2,\"name\":\"Angola: Primeira Profiss\u00e3o e Admiss\u00e3o dos Novi\u00e7os no dia 10 de janeiro\"}]},{\"@type\":\"Person\",\"@id\":\"https:\/\/franciscanos.org.br\/noticias\/#\/schema\/person\/c3a26b08313dd1772495ce300ab257cc\",\"name\":\"jovenal\",\"image\":{\"@type\":\"ImageObject\",\"inLanguage\":\"pt-BR\",\"@id\":\"https:\/\/franciscanos.org.br\/noticias\/#\/schema\/person\/image\/\",\"url\":\"https:\/\/secure.gravatar.com\/avatar\/e94509f531086e2eaf97e72f29ea00f9?s=96&d=mm&r=g\",\"contentUrl\":\"https:\/\/secure.gravatar.com\/avatar\/e94509f531086e2eaf97e72f29ea00f9?s=96&d=mm&r=g\",\"caption\":\"jovenal\"},\"url\":\"https:\/\/franciscanos.org.br\/noticias\/author\/jovenal\"}]}<\/script>\n<!-- \/ Yoast SEO plugin. -->","yoast_head_json":{"title":"Angola: Primeira Profiss\u00e3o e Admiss\u00e3o dos Novi\u00e7os no dia 10 de janeiro - Not\u00edcias - Franciscanos","robots":{"index":"index","follow":"follow","max-snippet":"max-snippet:-1","max-image-preview":"max-image-preview:large","max-video-preview":"max-video-preview:-1"},"canonical":"https:\/\/franciscanos.org.br\/noticias\/angola-primeira-profissao-e-admissao-dos-novicos-no-dia-9-de-janeiro.html","og_locale":"pt_BR","og_type":"article","og_title":"Angola: Primeira Profiss\u00e3o e Admiss\u00e3o dos Novi\u00e7os no dia 10 de janeiro - Not\u00edcias - Franciscanos","og_description":"Noviciado em Angola","og_url":"https:\/\/franciscanos.org.br\/noticias\/angola-primeira-profissao-e-admissao-dos-novicos-no-dia-9-de-janeiro.html","og_site_name":"Not\u00edcias - Franciscanos","article_published_time":"2021-01-02T10:01:54+00:00","article_modified_time":"2021-01-05T12:25:48+00:00","og_image":[{"width":800,"height":600,"url":"https:\/\/franciscanos.org.br\/noticias\/wp-content\/uploads\/2021\/01\/quibala_d.jpg","type":"image\/jpeg"}],"author":"jovenal","twitter_card":"summary_large_image","twitter_misc":{"Escrito por":"jovenal","Est. tempo de leitura":"8 minutos"},"schema":{"@context":"https:\/\/schema.org","@graph":[{"@type":"WebSite","@id":"https:\/\/franciscanos.org.br\/noticias\/#website","url":"https:\/\/franciscanos.org.br\/noticias\/","name":"Not\u00edcias - Franciscanos","description":"Prov\u00edncia Franciscana da Imaculada Concei\u00e7\u00e3o do Brasil - Ordem dos Frades Menores - OFM","potentialAction":[{"@type":"SearchAction","target":{"@type":"EntryPoint","urlTemplate":"https:\/\/franciscanos.org.br\/noticias\/?s={search_term_string}"},"query-input":"required name=search_term_string"}],"inLanguage":"pt-BR"},{"@type":"ImageObject","inLanguage":"pt-BR","@id":"https:\/\/franciscanos.org.br\/noticias\/angola-primeira-profissao-e-admissao-dos-novicos-no-dia-9-de-janeiro.html#primaryimage","url":"https:\/\/franciscanos.org.br\/noticias\/wp-content\/uploads\/2021\/01\/quibala_d.jpg","contentUrl":"https:\/\/franciscanos.org.br\/noticias\/wp-content\/uploads\/2021\/01\/quibala_d.jpg","width":800,"height":600},{"@type":"WebPage","@id":"https:\/\/franciscanos.org.br\/noticias\/angola-primeira-profissao-e-admissao-dos-novicos-no-dia-9-de-janeiro.html#webpage","url":"https:\/\/franciscanos.org.br\/noticias\/angola-primeira-profissao-e-admissao-dos-novicos-no-dia-9-de-janeiro.html","name":"Angola: Primeira Profiss\u00e3o e Admiss\u00e3o dos Novi\u00e7os no dia 10 de janeiro - Not\u00edcias - Franciscanos","isPartOf":{"@id":"https:\/\/franciscanos.org.br\/noticias\/#website"},"primaryImageOfPage":{"@id":"https:\/\/franciscanos.org.br\/noticias\/angola-primeira-profissao-e-admissao-dos-novicos-no-dia-9-de-janeiro.html#primaryimage"},"datePublished":"2021-01-02T10:01:54+00:00","dateModified":"2021-01-05T12:25:48+00:00","author":{"@id":"https:\/\/franciscanos.org.br\/noticias\/#\/schema\/person\/c3a26b08313dd1772495ce300ab257cc"},"breadcrumb":{"@id":"https:\/\/franciscanos.org.br\/noticias\/angola-primeira-profissao-e-admissao-dos-novicos-no-dia-9-de-janeiro.html#breadcrumb"},"inLanguage":"pt-BR","potentialAction":[{"@type":"ReadAction","target":["https:\/\/franciscanos.org.br\/noticias\/angola-primeira-profissao-e-admissao-dos-novicos-no-dia-9-de-janeiro.html"]}]},{"@type":"BreadcrumbList","@id":"https:\/\/franciscanos.org.br\/noticias\/angola-primeira-profissao-e-admissao-dos-novicos-no-dia-9-de-janeiro.html#breadcrumb","itemListElement":[{"@type":"ListItem","position":1,"name":"Home","item":"https:\/\/franciscanos.org.br\/noticias"},{"@type":"ListItem","position":2,"name":"Angola: Primeira Profiss\u00e3o e Admiss\u00e3o dos Novi\u00e7os no dia 10 de janeiro"}]},{"@type":"Person","@id":"https:\/\/franciscanos.org.br\/noticias\/#\/schema\/person\/c3a26b08313dd1772495ce300ab257cc","name":"jovenal","image":{"@type":"ImageObject","inLanguage":"pt-BR","@id":"https:\/\/franciscanos.org.br\/noticias\/#\/schema\/person\/image\/","url":"https:\/\/secure.gravatar.com\/avatar\/e94509f531086e2eaf97e72f29ea00f9?s=96&d=mm&r=g","contentUrl":"https:\/\/secure.gravatar.com\/avatar\/e94509f531086e2eaf97e72f29ea00f9?s=96&d=mm&r=g","caption":"jovenal"},"url":"https:\/\/franciscanos.org.br\/noticias\/author\/jovenal"}]}},"_links":{"self":[{"href":"https:\/\/franciscanos.org.br\/noticias\/wp-json\/wp\/v2\/posts\/229942"}],"collection":[{"href":"https:\/\/franciscanos.org.br\/noticias\/wp-json\/wp\/v2\/posts"}],"about":[{"href":"https:\/\/franciscanos.org.br\/noticias\/wp-json\/wp\/v2\/types\/post"}],"author":[{"embeddable":true,"href":"https:\/\/franciscanos.org.br\/noticias\/wp-json\/wp\/v2\/users\/7"}],"replies":[{"embeddable":true,"href":"https:\/\/franciscanos.org.br\/noticias\/wp-json\/wp\/v2\/comments?post=229942"}],"version-history":[{"count":6,"href":"https:\/\/franciscanos.org.br\/noticias\/wp-json\/wp\/v2\/posts\/229942\/revisions"}],"predecessor-version":[{"id":230251,"href":"https:\/\/franciscanos.org.br\/noticias\/wp-json\/wp\/v2\/posts\/229942\/revisions\/230251"}],"wp:featuredmedia":[{"embeddable":true,"href":"https:\/\/franciscanos.org.br\/noticias\/wp-json\/wp\/v2\/media\/230230"}],"wp:attachment":[{"href":"https:\/\/franciscanos.org.br\/noticias\/wp-json\/wp\/v2\/media?parent=229942"}],"wp:term":[{"taxonomy":"category","embeddable":true,"href":"https:\/\/franciscanos.org.br\/noticias\/wp-json\/wp\/v2\/categories?post=229942"},{"taxonomy":"post_tag","embeddable":true,"href":"https:\/\/franciscanos.org.br\/noticias\/wp-json\/wp\/v2\/tags?post=229942"}],"curies":[{"name":"wp","href":"https:\/\/api.w.org\/{rel}","templated":true}]}}